{"id":65038,"date":"2023-05-22T16:13:28","date_gmt":"2023-05-22T14:13:28","guid":{"rendered":"https:\/\/vosgesinfo.fr\/saintdieinfo\/2023\/05\/finale-departementale-concours-deloquence-colleges-carton-plein-vautrin-lud\/"},"modified":"2023-05-22T16:13:28","modified_gmt":"2023-05-22T14:13:28","slug":"finale-departementale-concours-deloquence-colleges-carton-plein-vautrin-lud","status":"publish","type":"post","link":"https:\/\/vosgesinfo.fr\/saintdieinfo\/2023\/05\/finale-departementale-concours-deloquence-colleges-carton-plein-vautrin-lud\/","title":{"rendered":"Finale d\u00e9partementale du concours d&rsquo;\u00e9loquence\u00a0des coll\u00e8ges : carton plein pour Vautrin-Lud"},"content":{"rendered":"\n<h2><strong><span style=\"font-size: 14pt;\">L&rsquo;Espace Georges-Sadoul de Saint-Di\u00e9-des-Vosges accueillait ce lundi finale d\u00e9partementale du concours d&rsquo;\u00e9loquence \u00e0 destination des \u00e9l\u00e8ves de 4e des coll\u00e8ges situ\u00e9s en Education Prioritaire \u2013 REP et REP+. 14 classes des \u00e9tablissements Maurice-Barr\u00e8s de Charmes, Saint-Exup\u00e9ry d&rsquo;Epinal, Alphone-Cyt\u00e8re de Rambervillers, Andr\u00e9-Malraux de Senones et Vautrin-Lud de Saint-Di\u00e9-des-Vosges y ont particip\u00e9.<\/span><\/strong><\/h2>\n<p><!--more--><\/p>\n<p>Autour du th\u00e8me du \u00ab\u00a0Rire\u00a0\u00bb, les coll\u00e9giens ont mesur\u00e9 leur \u00e9loquence respective lors de 4 \u00e9preuves\u00a0: l&rsquo;\u00e9preuve de langue\u00a0; l&rsquo;\u00e9preuve de r\u00e9quisitoire\/plaidoirie, qui portait sur un personnage non vivant en lien avec la th\u00e9matique du concours\u00a0; l&rsquo;\u00e9preuve sur la toile, durant laquelle les \u00e9l\u00e8ves devaient faire vivre un tableau existant\u00a0; l&rsquo;\u00e9preuve de lecture d&rsquo;un texte patrimonial, avec parmi les \u0153uvres s\u00e9lectionn\u00e9es le chapitre 1 de \u00ab\u00a0Candide\u00a0\u00bb de Voltaire. Le tout sous l&rsquo;oeil des membres du jury, qui ont rendu leur verdict au fil des \u00e9preuves.<\/p>\n<p>En s&rsquo;imposant dans toutes les \u00e9preuves, le coll\u00e8ge Vautrin-Lud s&rsquo;est tout particuli\u00e8rement illustr\u00e9 lors de ce concours d&rsquo;\u00e9loquence en r\u00e9alisant un carton plein. La classe de 4\u00b04 a ainsi remport\u00e9 l&rsquo;\u00e9preuve de langue, la 4\u00b05 celle de lecture et la 4\u00b07 celles de plaidoirie\/r\u00e9quisitoire et sur la toile. Une r\u00e9ussite qui n&rsquo;est cependant pas due au hasard, comme le souligne a proviseure Anne Martins. \u00ab\u00a0Nous avons donc gagn\u00e9 la finale d\u00e9partementale du concours de l&rsquo;\u00e9loquence et allons en finale acad\u00e9mique, qui se d\u00e9roulera \u00e0 Metz le 13 juin prochain. Cet excellent parcours est le fruit d&rsquo;un engagement total de la part des \u00e9quipes et des \u00e9l\u00e8ves, qui pr\u00e9paraient le concours depuis octobre. C&rsquo;est une vraie course de fond.<\/p>\n<p>A noter que le D\u00e9partement des Vosges a dot\u00e9 le concours d\u00e9partemental de lots et <em>goodies<\/em>, tout en offrant aux vainqueurs du jour un bon cadeau d&rsquo;une valeur de 500\u20ac pour l&rsquo;achat d&rsquo;\u00e9quipements p\u00e9dagogiques via la dotation aux coll\u00e8ges.<\/p>\n<p>J.J.<\/p>\n","protected":false},"excerpt":{"rendered":"<p>L&rsquo;Espace Georges-Sadoul de Saint-Di\u00e9-des-Vosges accueillait ce lundi finale d\u00e9partementale du concours d&rsquo;\u00e9loquence \u00e0 destination des \u00e9l\u00e8ves de 4e des coll\u00e8ges [&hellip;]<\/p>\n","protected":false},"author":44,"featured_media":65039,"comment_status":"open","ping_status":"open","sticky":false,"template":"","format":"standard","meta":{"footnotes":""},"categories":[460,6,2915],"tags":[3169,1453,3559,14415],"class_list":["post-65038","post","type-post","status-publish","format-standard","has-post-thumbnail","hentry","category-a-la-une","category-education","category-saint-die-son-canton","tag-college-vautrin-lud","tag-departement-des-vosges","tag-espace-georges-sadoul","tag-finale-departementale-du-concours-deloquence-des-colleges-rep"],"acf":[],"yoast_head":"<!-- This site is optimized with the Yoast SEO plugin v22.5 - https:\/\/yoast.com\/wordpress\/plugins\/seo\/ -->\n<title>Finale d\u00e9partementale du concours d&#039;\u00e9loquence\u00a0des coll\u00e8ges : carton plein pour Vautrin-Lud - Saint Die Info<\/title>\n<meta name=\"robots\" content=\"index, follow, max-snippet:-1, max-image-preview:large, max-video-preview:-1\" \/>\n<link rel=\"canonical\" href=\"https:\/\/vosgesinfo.fr\/saintdieinfo\/2023\/05\/finale-departementale-concours-deloquence-colleges-carton-plein-vautrin-lud\/\" \/>\n<meta name=\"twitter:card\" content=\"summary_large_image\" \/>\n<meta name=\"twitter:title\" content=\"Finale d\u00e9partementale du concours d&#039;\u00e9loquence\u00a0des coll\u00e8ges : carton plein pour Vautrin-Lud - Saint Die Info\" \/>\n<meta name=\"twitter:description\" content=\"L&rsquo;Espace Georges-Sadoul de Saint-Di\u00e9-des-Vosges accueillait ce lundi finale d\u00e9partementale du concours d&rsquo;\u00e9loquence \u00e0 destination des \u00e9l\u00e8ves de 4e des coll\u00e8ges [&hellip;]\" \/>\n<meta name=\"twitter:image\" content=\"https:\/\/vosgesinfo.fr\/app\/uploads\/sites\/4\/2024\/08\/202305demi-finale-concours-eloquence-egs-1.jpg\" \/>\n<meta name=\"twitter:creator\" content=\"@VosgesInfo88\" \/>\n<meta name=\"twitter:site\" content=\"@VosgesInfo88\" \/>\n<meta name=\"twitter:label1\" content=\"\u00c9crit par\" \/>\n\t<meta name=\"twitter:data1\" content=\"la r\u00e9daction\" \/>\n\t<meta name=\"twitter:label2\" content=\"Dur\u00e9e de lecture estim\u00e9e\" \/>\n\t<meta name=\"twitter:data2\" content=\"2 minutes\" \/>\n<script type=\"application\/ld+json\" class=\"yoast-schema-graph\">{\"@context\":\"https:\/\/schema.org\",\"@graph\":[{\"@type\":\"Article\",\"@id\":\"https:\/\/vosgesinfo.fr\/saintdieinfo\/2023\/05\/finale-departementale-concours-deloquence-colleges-carton-plein-vautrin-lud\/#article\",\"isPartOf\":{\"@id\":\"https:\/\/vosgesinfo.fr\/saintdieinfo\/2023\/05\/finale-departementale-concours-deloquence-colleges-carton-plein-vautrin-lud\/\"},\"author\":{\"name\":\"la r\u00e9daction\",\"@id\":\"https:\/\/vosgesinfo.fr\/saintdieinfo\/#\/schema\/person\/faee6704a21f3977511db84bd1cd450f\"},\"headline\":\"Finale d\u00e9partementale du concours d&rsquo;\u00e9loquence\u00a0des coll\u00e8ges : carton plein pour Vautrin-Lud\",\"datePublished\":\"2023-05-22T14:13:28+00:00\",\"dateModified\":\"2023-05-22T14:13:28+00:00\",\"mainEntityOfPage\":{\"@id\":\"https:\/\/vosgesinfo.fr\/saintdieinfo\/2023\/05\/finale-departementale-concours-deloquence-colleges-carton-plein-vautrin-lud\/\"},\"wordCount\":356,\"commentCount\":0,\"publisher\":{\"@id\":\"https:\/\/vosgesinfo.fr\/saintdieinfo\/#organization\"},\"image\":{\"@id\":\"https:\/\/vosgesinfo.fr\/saintdieinfo\/2023\/05\/finale-departementale-concours-deloquence-colleges-carton-plein-vautrin-lud\/#primaryimage\"},\"thumbnailUrl\":\"https:\/\/vosgesinfo.fr\/app\/uploads\/sites\/4\/2024\/08\/202305demi-finale-concours-eloquence-egs-1.jpg\",\"keywords\":[\"Coll\u00e8ge Vautrin-Lud\",\"d\u00e9partement des Vosges\",\"Espace Georges-Sadoul\",\"Finale d\u00e9partementale du concours d'\u00e9loquence des coll\u00e8ges REP\"],\"articleSection\":[\"A la Une\",\"\u00c9ducation\",\"Saint-Di\u00e9-des-Vosges et son Agglom\u00e9ration\"],\"inLanguage\":\"fr-FR\",\"potentialAction\":[{\"@type\":\"CommentAction\",\"name\":\"Comment\",\"target\":[\"https:\/\/vosgesinfo.fr\/saintdieinfo\/2023\/05\/finale-departementale-concours-deloquence-colleges-carton-plein-vautrin-lud\/#respond\"]}]},{\"@type\":\"WebPage\",\"@id\":\"https:\/\/vosgesinfo.fr\/saintdieinfo\/2023\/05\/finale-departementale-concours-deloquence-colleges-carton-plein-vautrin-lud\/\",\"url\":\"https:\/\/vosgesinfo.fr\/saintdieinfo\/2023\/05\/finale-departementale-concours-deloquence-colleges-carton-plein-vautrin-lud\/\",\"name\":\"Finale d\u00e9partementale du concours d'\u00e9loquence\u00a0des coll\u00e8ges : carton plein pour Vautrin-Lud - Saint Die Info\",\"isPartOf\":{\"@id\":\"https:\/\/vosgesinfo.fr\/saintdieinfo\/#website\"},\"primaryImageOfPage\":{\"@id\":\"https:\/\/vosgesinfo.fr\/saintdieinfo\/2023\/05\/finale-departementale-concours-deloquence-colleges-carton-plein-vautrin-lud\/#primaryimage\"},\"image\":{\"@id\":\"https:\/\/vosgesinfo.fr\/saintdieinfo\/2023\/05\/finale-departementale-concours-deloquence-colleges-carton-plein-vautrin-lud\/#primaryimage\"},\"thumbnailUrl\":\"https:\/\/vosgesinfo.fr\/app\/uploads\/sites\/4\/2024\/08\/202305demi-finale-concours-eloquence-egs-1.jpg\",\"datePublished\":\"2023-05-22T14:13:28+00:00\",\"dateModified\":\"2023-05-22T14:13:28+00:00\",\"breadcrumb\":{\"@id\":\"https:\/\/vosgesinfo.fr\/saintdieinfo\/2023\/05\/finale-departementale-concours-deloquence-colleges-carton-plein-vautrin-lud\/#breadcrumb\"},\"inLanguage\":\"fr-FR\",\"potentialAction\":[{\"@type\":\"ReadAction\",\"target\":[\"https:\/\/vosgesinfo.fr\/saintdieinfo\/2023\/05\/finale-departementale-concours-deloquence-colleges-carton-plein-vautrin-lud\/\"]}]},{\"@type\":\"ImageObject\",\"inLanguage\":\"fr-FR\",\"@id\":\"https:\/\/vosgesinfo.fr\/saintdieinfo\/2023\/05\/finale-departementale-concours-deloquence-colleges-carton-plein-vautrin-lud\/#primaryimage\",\"url\":\"https:\/\/vosgesinfo.fr\/app\/uploads\/sites\/4\/2024\/08\/202305demi-finale-concours-eloquence-egs-1.jpg\",\"contentUrl\":\"https:\/\/vosgesinfo.fr\/app\/uploads\/sites\/4\/2024\/08\/202305demi-finale-concours-eloquence-egs-1.jpg\",\"width\":1600,\"height\":1200},{\"@type\":\"BreadcrumbList\",\"@id\":\"https:\/\/vosgesinfo.fr\/saintdieinfo\/2023\/05\/finale-departementale-concours-deloquence-colleges-carton-plein-vautrin-lud\/#breadcrumb\",\"itemListElement\":[{\"@type\":\"ListItem\",\"position\":1,\"name\":\"Home\",\"item\":\"https:\/\/vosgesinfo.fr\/saintdieinfo\/\"},{\"@type\":\"ListItem\",\"position\":2,\"name\":\"Finale d\u00e9partementale du concours d&rsquo;\u00e9loquence\u00a0des coll\u00e8ges : carton plein pour Vautrin-Lud\"}]},{\"@type\":\"WebSite\",\"@id\":\"https:\/\/vosgesinfo.fr\/saintdieinfo\/#website\",\"url\":\"https:\/\/vosgesinfo.fr\/saintdieinfo\/\",\"name\":\"Saint Die Info\",\"description\":\"Toute l&#039;actualit\u00e9 de Saint-Di\u00e9-Des-Vosges\",\"publisher\":{\"@id\":\"https:\/\/vosgesinfo.fr\/saintdieinfo\/#organization\"},\"alternateName\":\"Toute l'actualit\u00e9 de Saint-Di\u00e9-Des-Vosges\",\"potentialAction\":[{\"@type\":\"SearchAction\",\"target\":{\"@type\":\"EntryPoint\",\"urlTemplate\":\"https:\/\/vosgesinfo.fr\/saintdieinfo\/?s={search_term_string}\"},\"query-input\":\"required name=search_term_string\"}],\"inLanguage\":\"fr-FR\"},{\"@type\":\"Organization\",\"@id\":\"https:\/\/vosgesinfo.fr\/saintdieinfo\/#organization\",\"name\":\"Saint Die Info\",\"url\":\"https:\/\/vosgesinfo.fr\/saintdieinfo\/\",\"logo\":{\"@type\":\"ImageObject\",\"inLanguage\":\"fr-FR\",\"@id\":\"https:\/\/vosgesinfo.fr\/saintdieinfo\/#\/schema\/logo\/image\/\",\"url\":\"https:\/\/vosgesinfo.fr\/app\/uploads\/sites\/4\/2024\/02\/logo-sdi.jpg\",\"contentUrl\":\"https:\/\/vosgesinfo.fr\/app\/uploads\/sites\/4\/2024\/02\/logo-sdi.jpg\",\"width\":600,\"height\":600,\"caption\":\"Saint Die Info\"},\"image\":{\"@id\":\"https:\/\/vosgesinfo.fr\/saintdieinfo\/#\/schema\/logo\/image\/\"},\"sameAs\":[\"https:\/\/www.facebook.com\/Saintdieinfofr\",\"https:\/\/x.com\/VosgesInfo88\",\"https:\/\/www.youtube.com\/@vosgesinfo\"]},{\"@type\":\"Person\",\"@id\":\"https:\/\/vosgesinfo.fr\/saintdieinfo\/#\/schema\/person\/faee6704a21f3977511db84bd1cd450f\",\"name\":\"la r\u00e9daction\",\"image\":{\"@type\":\"ImageObject\",\"inLanguage\":\"fr-FR\",\"@id\":\"https:\/\/vosgesinfo.fr\/saintdieinfo\/#\/schema\/person\/image\/\",\"url\":\"https:\/\/secure.gravatar.com\/avatar\/6673d8bc6a9c17fa9a453eaa3448de834fa308c2ec9635b7aa99441a7c8d2cf6?s=96&d=mm&r=g\",\"contentUrl\":\"https:\/\/secure.gravatar.com\/avatar\/6673d8bc6a9c17fa9a453eaa3448de834fa308c2ec9635b7aa99441a7c8d2cf6?s=96&d=mm&r=g\",\"caption\":\"la r\u00e9daction\"},\"url\":\"https:\/\/vosgesinfo.fr\/saintdieinfo\/author\/redac\/\"}]}<\/script>\n<!-- \/ Yoast SEO plugin. -->","yoast_head_json":{"title":"Finale d\u00e9partementale du concours d'\u00e9loquence\u00a0des coll\u00e8ges : carton plein pour Vautrin-Lud - Saint Die Info","robots":{"index":"index","follow":"follow","max-snippet":"max-snippet:-1","max-image-preview":"max-image-preview:large","max-video-preview":"max-video-preview:-1"},"canonical":"https:\/\/vosgesinfo.fr\/saintdieinfo\/2023\/05\/finale-departementale-concours-deloquence-colleges-carton-plein-vautrin-lud\/","twitter_card":"summary_large_image","twitter_title":"Finale d\u00e9partementale du concours d'\u00e9loquence\u00a0des coll\u00e8ges : carton plein pour Vautrin-Lud - Saint Die Info","twitter_description":"L&rsquo;Espace Georges-Sadoul de Saint-Di\u00e9-des-Vosges accueillait ce lundi finale d\u00e9partementale du concours d&rsquo;\u00e9loquence \u00e0 destination des \u00e9l\u00e8ves de 4e des coll\u00e8ges [&hellip;]","twitter_image":"https:\/\/vosgesinfo.fr\/app\/uploads\/sites\/4\/2024\/08\/202305demi-finale-concours-eloquence-egs-1.jpg","twitter_creator":"@VosgesInfo88","twitter_site":"@VosgesInfo88","twitter_misc":{"\u00c9crit par":"la r\u00e9daction","Dur\u00e9e de lecture estim\u00e9e":"2 minutes"},"schema":{"@context":"https:\/\/schema.org","@graph":[{"@type":"Article","@id":"https:\/\/vosgesinfo.fr\/saintdieinfo\/2023\/05\/finale-departementale-concours-deloquence-colleges-carton-plein-vautrin-lud\/#article","isPartOf":{"@id":"https:\/\/vosgesinfo.fr\/saintdieinfo\/2023\/05\/finale-departementale-concours-deloquence-colleges-carton-plein-vautrin-lud\/"},"author":{"name":"la r\u00e9daction","@id":"https:\/\/vosgesinfo.fr\/saintdieinfo\/#\/schema\/person\/faee6704a21f3977511db84bd1cd450f"},"headline":"Finale d\u00e9partementale du concours d&rsquo;\u00e9loquence\u00a0des coll\u00e8ges : carton plein pour Vautrin-Lud","datePublished":"2023-05-22T14:13:28+00:00","dateModified":"2023-05-22T14:13:28+00:00","mainEntityOfPage":{"@id":"https:\/\/vosgesinfo.fr\/saintdieinfo\/2023\/05\/finale-departementale-concours-deloquence-colleges-carton-plein-vautrin-lud\/"},"wordCount":356,"commentCount":0,"publisher":{"@id":"https:\/\/vosgesinfo.fr\/saintdieinfo\/#organization"},"image":{"@id":"https:\/\/vosgesinfo.fr\/saintdieinfo\/2023\/05\/finale-departementale-concours-deloquence-colleges-carton-plein-vautrin-lud\/#primaryimage"},"thumbnailUrl":"https:\/\/vosgesinfo.fr\/app\/uploads\/sites\/4\/2024\/08\/202305demi-finale-concours-eloquence-egs-1.jpg","keywords":["Coll\u00e8ge Vautrin-Lud","d\u00e9partement des Vosges","Espace Georges-Sadoul","Finale d\u00e9partementale du concours d'\u00e9loquence des coll\u00e8ges REP"],"articleSection":["A la Une","\u00c9ducation","Saint-Di\u00e9-des-Vosges et son Agglom\u00e9ration"],"inLanguage":"fr-FR","potentialAction":[{"@type":"CommentAction","name":"Comment","target":["https:\/\/vosgesinfo.fr\/saintdieinfo\/2023\/05\/finale-departementale-concours-deloquence-colleges-carton-plein-vautrin-lud\/#respond"]}]},{"@type":"WebPage","@id":"https:\/\/vosgesinfo.fr\/saintdieinfo\/2023\/05\/finale-departementale-concours-deloquence-colleges-carton-plein-vautrin-lud\/","url":"https:\/\/vosgesinfo.fr\/saintdieinfo\/2023\/05\/finale-departementale-concours-deloquence-colleges-carton-plein-vautrin-lud\/","name":"Finale d\u00e9partementale du concours d'\u00e9loquence\u00a0des coll\u00e8ges : carton plein pour Vautrin-Lud - Saint Die Info","isPartOf":{"@id":"https:\/\/vosgesinfo.fr\/saintdieinfo\/#website"},"primaryImageOfPage":{"@id":"https:\/\/vosgesinfo.fr\/saintdieinfo\/2023\/05\/finale-departementale-concours-deloquence-colleges-carton-plein-vautrin-lud\/#primaryimage"},"image":{"@id":"https:\/\/vosgesinfo.fr\/saintdieinfo\/2023\/05\/finale-departementale-concours-deloquence-colleges-carton-plein-vautrin-lud\/#primaryimage"},"thumbnailUrl":"https:\/\/vosgesinfo.fr\/app\/uploads\/sites\/4\/2024\/08\/202305demi-finale-concours-eloquence-egs-1.jpg","datePublished":"2023-05-22T14:13:28+00:00","dateModified":"2023-05-22T14:13:28+00:00","breadcrumb":{"@id":"https:\/\/vosgesinfo.fr\/saintdieinfo\/2023\/05\/finale-departementale-concours-deloquence-colleges-carton-plein-vautrin-lud\/#breadcrumb"},"inLanguage":"fr-FR","potentialAction":[{"@type":"ReadAction","target":["https:\/\/vosgesinfo.fr\/saintdieinfo\/2023\/05\/finale-departementale-concours-deloquence-colleges-carton-plein-vautrin-lud\/"]}]},{"@type":"ImageObject","inLanguage":"fr-FR","@id":"https:\/\/vosgesinfo.fr\/saintdieinfo\/2023\/05\/finale-departementale-concours-deloquence-colleges-carton-plein-vautrin-lud\/#primaryimage","url":"https:\/\/vosgesinfo.fr\/app\/uploads\/sites\/4\/2024\/08\/202305demi-finale-concours-eloquence-egs-1.jpg","contentUrl":"https:\/\/vosgesinfo.fr\/app\/uploads\/sites\/4\/2024\/08\/202305demi-finale-concours-eloquence-egs-1.jpg","width":1600,"height":1200},{"@type":"BreadcrumbList","@id":"https:\/\/vosgesinfo.fr\/saintdieinfo\/2023\/05\/finale-departementale-concours-deloquence-colleges-carton-plein-vautrin-lud\/#breadcrumb","itemListElement":[{"@type":"ListItem","position":1,"name":"Home","item":"https:\/\/vosgesinfo.fr\/saintdieinfo\/"},{"@type":"ListItem","position":2,"name":"Finale d\u00e9partementale du concours d&rsquo;\u00e9loquence\u00a0des coll\u00e8ges : carton plein pour Vautrin-Lud"}]},{"@type":"WebSite","@id":"https:\/\/vosgesinfo.fr\/saintdieinfo\/#website","url":"https:\/\/vosgesinfo.fr\/saintdieinfo\/","name":"Saint Die Info","description":"Toute l&#039;actualit\u00e9 de Saint-Di\u00e9-Des-Vosges","publisher":{"@id":"https:\/\/vosgesinfo.fr\/saintdieinfo\/#organization"},"alternateName":"Toute l'actualit\u00e9 de Saint-Di\u00e9-Des-Vosges","potentialAction":[{"@type":"SearchAction","target":{"@type":"EntryPoint","urlTemplate":"https:\/\/vosgesinfo.fr\/saintdieinfo\/?s={search_term_string}"},"query-input":"required name=search_term_string"}],"inLanguage":"fr-FR"},{"@type":"Organization","@id":"https:\/\/vosgesinfo.fr\/saintdieinfo\/#organization","name":"Saint Die Info","url":"https:\/\/vosgesinfo.fr\/saintdieinfo\/","logo":{"@type":"ImageObject","inLanguage":"fr-FR","@id":"https:\/\/vosgesinfo.fr\/saintdieinfo\/#\/schema\/logo\/image\/","url":"https:\/\/vosgesinfo.fr\/app\/uploads\/sites\/4\/2024\/02\/logo-sdi.jpg","contentUrl":"https:\/\/vosgesinfo.fr\/app\/uploads\/sites\/4\/2024\/02\/logo-sdi.jpg","width":600,"height":600,"caption":"Saint Die Info"},"image":{"@id":"https:\/\/vosgesinfo.fr\/saintdieinfo\/#\/schema\/logo\/image\/"},"sameAs":["https:\/\/www.facebook.com\/Saintdieinfofr","https:\/\/x.com\/VosgesInfo88","https:\/\/www.youtube.com\/@vosgesinfo"]},{"@type":"Person","@id":"https:\/\/vosgesinfo.fr\/saintdieinfo\/#\/schema\/person\/faee6704a21f3977511db84bd1cd450f","name":"la r\u00e9daction","image":{"@type":"ImageObject","inLanguage":"fr-FR","@id":"https:\/\/vosgesinfo.fr\/saintdieinfo\/#\/schema\/person\/image\/","url":"https:\/\/secure.gravatar.com\/avatar\/6673d8bc6a9c17fa9a453eaa3448de834fa308c2ec9635b7aa99441a7c8d2cf6?s=96&d=mm&r=g","contentUrl":"https:\/\/secure.gravatar.com\/avatar\/6673d8bc6a9c17fa9a453eaa3448de834fa308c2ec9635b7aa99441a7c8d2cf6?s=96&d=mm&r=g","caption":"la r\u00e9daction"},"url":"https:\/\/vosgesinfo.fr\/saintdieinfo\/author\/redac\/"}]}},"_links":{"self":[{"href":"https:\/\/vosgesinfo.fr\/saintdieinfo\/wp-json\/wp\/v2\/posts\/65038","targetHints":{"allow":["GET"]}}],"collection":[{"href":"https:\/\/vosgesinfo.fr\/saintdieinfo\/wp-json\/wp\/v2\/posts"}],"about":[{"href":"https:\/\/vosgesinfo.fr\/saintdieinfo\/wp-json\/wp\/v2\/types\/post"}],"author":[{"embeddable":true,"href":"https:\/\/vosgesinfo.fr\/saintdieinfo\/wp-json\/wp\/v2\/users\/44"}],"replies":[{"embeddable":true,"href":"https:\/\/vosgesinfo.fr\/saintdieinfo\/wp-json\/wp\/v2\/comments?post=65038"}],"version-history":[{"count":0,"href":"https:\/\/vosgesinfo.fr\/saintdieinfo\/wp-json\/wp\/v2\/posts\/65038\/revisions"}],"wp:featuredmedia":[{"embeddable":true,"href":"https:\/\/vosgesinfo.fr\/saintdieinfo\/wp-json\/wp\/v2\/media\/65039"}],"wp:attachment":[{"href":"https:\/\/vosgesinfo.fr\/saintdieinfo\/wp-json\/wp\/v2\/media?parent=65038"}],"wp:term":[{"taxonomy":"category","embeddable":true,"href":"https:\/\/vosgesinfo.fr\/saintdieinfo\/wp-json\/wp\/v2\/categories?post=65038"},{"taxonomy":"post_tag","embeddable":true,"href":"https:\/\/vosgesinfo.fr\/saintdieinfo\/wp-json\/wp\/v2\/tags?post=65038"}],"curies":[{"name":"wp","href":"https:\/\/api.w.org\/{rel}","templated":true}]}}