{"id":65043,"date":"2023-05-23T07:01:46","date_gmt":"2023-05-23T05:01:46","guid":{"rendered":"https:\/\/vosgesinfo.fr\/saintdieinfo\/2023\/05\/budget-participatif-plus-quelques-jours-deposer-projet\/"},"modified":"2023-05-23T07:01:46","modified_gmt":"2023-05-23T05:01:46","slug":"budget-participatif-plus-quelques-jours-deposer-projet","status":"publish","type":"post","link":"https:\/\/vosgesinfo.fr\/saintdieinfo\/2023\/05\/budget-participatif-plus-quelques-jours-deposer-projet\/","title":{"rendered":"Budget participatif\u00a0: plus que quelques jours pour d\u00e9poser un projet"},"content":{"rendered":"<div id=\"attachment_197312\" style=\"width: 970px\" class=\"wp-caption aligncenter\"><a href=\"\/2023\/02\/Pr\u00e9sentation_3e_Budget_Participatif.jpg\" target=\"_blank\" rel=\"noopener\"><img decoding=\"async\" aria-describedby=\"caption-attachment-197312\" class=\"wp-image-197312 size-large\" src=\"\/2023\/02\/Pr\u00e9sentation_3e_Budget_Participatif-1024x771.jpg\" alt=\"Pr\u00e9sentation_3e_Budget_Participatif\" width=\"960\" height=\"723\" \/><\/a><p id=\"caption-attachment-197312\" class=\"wp-caption-text\">(Archive\u00e0<\/p><\/div>\n<h2><span style=\"color: #3366ff;\"><strong><span style=\"font-size: 14pt;\"><a style=\"color: #3366ff;\" href=\"https:\/\/saintdieinfo.fr\/2023\/02\/budget-participatif-de-saint-die-vosges-evolue-troisieme-edition\/\" target=\"_blank\" rel=\"noopener\">La troisi\u00e8me it\u00e9ration du budget participatif de Saint-Di\u00e9-des-Vosges a quelque peu \u00e9volu\u00e9 par rapport \u00e0 2021 et 2022.<\/a><\/span><\/strong><\/span><\/h2>\n<p><!--more--><\/p>\n<p>Le budget maximal consacr\u00e9 \u00e0 un projet augmente, passant de 24 000\u20ac \u00e0 30 000\u20ac. De plus, un projet doit maintenant r\u00e9colter au minimum 100 votes pour \u00eatre ensuite r\u00e9alis\u00e9, et le nombre de projets qui se mat\u00e9rialiseront \u00e0 l&rsquo;issue du budget participatif sont d\u00e9sormais de 3. Et non plus 5 comme auparavant. Enfin, les jeunes D\u00e9odatiens d\u00e8s 10 ans peuvent proposer un projet. L&rsquo;enveloppe globale allou\u00e9e \u00e0 la r\u00e9alisation de projets ne change cependant pas, puisque son montant est toujours de 100 000\u20ac.<\/p>\n<p>En cette fin de mois de mai, il ne reste plus que quelques jours pour d\u00e9poser un projet, car la date limite de d\u00e9p\u00f4t est fix\u00e9e au mercredi 31 mai. Pour se faire, rendez-vous sur <a href=\"https:\/\/jeparticipe.saint-die-des-vosges.fr\/\" target=\"_blank\" rel=\"noopener\">https:\/\/jeparticipe.saint-die-des-vosges.fr\/dialog\/budget-participatif-2023<\/a>. Parmi les projets d\u00e9pos\u00e9s pour le budget participatif 2023, on citera par exemple l&rsquo;installation de \u00ab\u00a0bancs de l&rsquo;amiti\u00e9\u00a0\u00bb dans les \u00e9coles, la remise en \u00e9tat du terrain de p\u00e9tanque de la rue Yvan-Goll, la r\u00e9alisation d&rsquo;une fresque du \u00ab\u00a0bien vivre ensemble\u00a0\u00bb \u00e0 Kellermann ou l&rsquo;ajout de bancs au Jardin Simone-Veil.<\/p>\n<p>J.J.<\/p>\n","protected":false},"excerpt":{"rendered":"<p>La troisi\u00e8me it\u00e9ration du budget participatif de Saint-Di\u00e9-des-Vosges a quelque peu \u00e9volu\u00e9 par rapport \u00e0 2021 et 2022.<\/p>\n","protected":false},"author":44,"featured_media":65044,"comment_status":"open","ping_status":"open","sticky":false,"template":"","format":"standard","meta":{"footnotes":""},"categories":[460,2915],"tags":[4223,3184],"class_list":["post-65043","post","type-post","status-publish","format-standard","has-post-thumbnail","hentry","category-a-la-une","category-saint-die-son-canton","tag-3e-budget-participatif-de-saint-die-des-vosges","tag-budget-participatif-de-saint-die-des-vosges"],"acf":[],"yoast_head":"<!-- This site is optimized with the Yoast SEO plugin v22.5 - https:\/\/yoast.com\/wordpress\/plugins\/seo\/ -->\n<title>Budget participatif\u00a0: plus que quelques jours pour d\u00e9poser un projet - Saint Die Info<\/title>\n<meta name=\"robots\" content=\"index, follow, max-snippet:-1, max-image-preview:large, max-video-preview:-1\" \/>\n<link rel=\"canonical\" href=\"https:\/\/vosgesinfo.fr\/saintdieinfo\/2023\/05\/budget-participatif-plus-quelques-jours-deposer-projet\/\" \/>\n<meta name=\"twitter:card\" content=\"summary_large_image\" \/>\n<meta name=\"twitter:title\" content=\"Budget participatif\u00a0: plus que quelques jours pour d\u00e9poser un projet - Saint Die Info\" \/>\n<meta name=\"twitter:description\" content=\"La troisi\u00e8me it\u00e9ration du budget participatif de Saint-Di\u00e9-des-Vosges a quelque peu \u00e9volu\u00e9 par rapport \u00e0 2021 et 2022.\" \/>\n<meta name=\"twitter:image\" content=\"https:\/\/vosgesinfo.fr\/app\/uploads\/sites\/4\/2024\/08\/202302presentation-3e-budget-participatif-1.jpg\" \/>\n<meta name=\"twitter:creator\" content=\"@VosgesInfo88\" \/>\n<meta name=\"twitter:site\" content=\"@VosgesInfo88\" \/>\n<meta name=\"twitter:label1\" content=\"\u00c9crit par\" \/>\n\t<meta name=\"twitter:data1\" content=\"la r\u00e9daction\" \/>\n\t<meta name=\"twitter:label2\" content=\"Dur\u00e9e de lecture estim\u00e9e\" \/>\n\t<meta name=\"twitter:data2\" content=\"1 minute\" \/>\n<script type=\"application\/ld+json\" class=\"yoast-schema-graph\">{\"@context\":\"https:\/\/schema.org\",\"@graph\":[{\"@type\":\"Article\",\"@id\":\"https:\/\/vosgesinfo.fr\/saintdieinfo\/2023\/05\/budget-participatif-plus-quelques-jours-deposer-projet\/#article\",\"isPartOf\":{\"@id\":\"https:\/\/vosgesinfo.fr\/saintdieinfo\/2023\/05\/budget-participatif-plus-quelques-jours-deposer-projet\/\"},\"author\":{\"name\":\"la r\u00e9daction\",\"@id\":\"https:\/\/vosgesinfo.fr\/saintdieinfo\/#\/schema\/person\/faee6704a21f3977511db84bd1cd450f\"},\"headline\":\"Budget participatif\u00a0: plus que quelques jours pour d\u00e9poser un projet\",\"datePublished\":\"2023-05-23T05:01:46+00:00\",\"dateModified\":\"2023-05-23T05:01:46+00:00\",\"mainEntityOfPage\":{\"@id\":\"https:\/\/vosgesinfo.fr\/saintdieinfo\/2023\/05\/budget-participatif-plus-quelques-jours-deposer-projet\/\"},\"wordCount\":219,\"commentCount\":0,\"publisher\":{\"@id\":\"https:\/\/vosgesinfo.fr\/saintdieinfo\/#organization\"},\"image\":{\"@id\":\"https:\/\/vosgesinfo.fr\/saintdieinfo\/2023\/05\/budget-participatif-plus-quelques-jours-deposer-projet\/#primaryimage\"},\"thumbnailUrl\":\"https:\/\/vosgesinfo.fr\/app\/uploads\/sites\/4\/2024\/08\/202302presentation-3e-budget-participatif-1.jpg\",\"keywords\":[\"3e budget participatif de Saint-Di\u00e9-des-Vosges\",\"Budget participatif de Saint-Di\u00e9-des-Vosges\"],\"articleSection\":[\"A la Une\",\"Saint-Di\u00e9-des-Vosges et son Agglom\u00e9ration\"],\"inLanguage\":\"fr-FR\",\"potentialAction\":[{\"@type\":\"CommentAction\",\"name\":\"Comment\",\"target\":[\"https:\/\/vosgesinfo.fr\/saintdieinfo\/2023\/05\/budget-participatif-plus-quelques-jours-deposer-projet\/#respond\"]}]},{\"@type\":\"WebPage\",\"@id\":\"https:\/\/vosgesinfo.fr\/saintdieinfo\/2023\/05\/budget-participatif-plus-quelques-jours-deposer-projet\/\",\"url\":\"https:\/\/vosgesinfo.fr\/saintdieinfo\/2023\/05\/budget-participatif-plus-quelques-jours-deposer-projet\/\",\"name\":\"Budget participatif\u00a0: plus que quelques jours pour d\u00e9poser un projet - Saint Die Info\",\"isPartOf\":{\"@id\":\"https:\/\/vosgesinfo.fr\/saintdieinfo\/#website\"},\"primaryImageOfPage\":{\"@id\":\"https:\/\/vosgesinfo.fr\/saintdieinfo\/2023\/05\/budget-participatif-plus-quelques-jours-deposer-projet\/#primaryimage\"},\"image\":{\"@id\":\"https:\/\/vosgesinfo.fr\/saintdieinfo\/2023\/05\/budget-participatif-plus-quelques-jours-deposer-projet\/#primaryimage\"},\"thumbnailUrl\":\"https:\/\/vosgesinfo.fr\/app\/uploads\/sites\/4\/2024\/08\/202302presentation-3e-budget-participatif-1.jpg\",\"datePublished\":\"2023-05-23T05:01:46+00:00\",\"dateModified\":\"2023-05-23T05:01:46+00:00\",\"breadcrumb\":{\"@id\":\"https:\/\/vosgesinfo.fr\/saintdieinfo\/2023\/05\/budget-participatif-plus-quelques-jours-deposer-projet\/#breadcrumb\"},\"inLanguage\":\"fr-FR\",\"potentialAction\":[{\"@type\":\"ReadAction\",\"target\":[\"https:\/\/vosgesinfo.fr\/saintdieinfo\/2023\/05\/budget-participatif-plus-quelques-jours-deposer-projet\/\"]}]},{\"@type\":\"ImageObject\",\"inLanguage\":\"fr-FR\",\"@id\":\"https:\/\/vosgesinfo.fr\/saintdieinfo\/2023\/05\/budget-participatif-plus-quelques-jours-deposer-projet\/#primaryimage\",\"url\":\"https:\/\/vosgesinfo.fr\/app\/uploads\/sites\/4\/2024\/08\/202302presentation-3e-budget-participatif-1.jpg\",\"contentUrl\":\"https:\/\/vosgesinfo.fr\/app\/uploads\/sites\/4\/2024\/08\/202302presentation-3e-budget-participatif-1.jpg\",\"width\":1600,\"height\":1205},{\"@type\":\"BreadcrumbList\",\"@id\":\"https:\/\/vosgesinfo.fr\/saintdieinfo\/2023\/05\/budget-participatif-plus-quelques-jours-deposer-projet\/#breadcrumb\",\"itemListElement\":[{\"@type\":\"ListItem\",\"position\":1,\"name\":\"Home\",\"item\":\"https:\/\/vosgesinfo.fr\/saintdieinfo\/\"},{\"@type\":\"ListItem\",\"position\":2,\"name\":\"Budget participatif\u00a0: plus que quelques jours pour d\u00e9poser un projet\"}]},{\"@type\":\"WebSite\",\"@id\":\"https:\/\/vosgesinfo.fr\/saintdieinfo\/#website\",\"url\":\"https:\/\/vosgesinfo.fr\/saintdieinfo\/\",\"name\":\"Saint Die Info\",\"description\":\"Toute l&#039;actualit\u00e9 de Saint-Di\u00e9-Des-Vosges\",\"publisher\":{\"@id\":\"https:\/\/vosgesinfo.fr\/saintdieinfo\/#organization\"},\"alternateName\":\"Toute l'actualit\u00e9 de Saint-Di\u00e9-Des-Vosges\",\"potentialAction\":[{\"@type\":\"SearchAction\",\"target\":{\"@type\":\"EntryPoint\",\"urlTemplate\":\"https:\/\/vosgesinfo.fr\/saintdieinfo\/?s={search_term_string}\"},\"query-input\":\"required name=search_term_string\"}],\"inLanguage\":\"fr-FR\"},{\"@type\":\"Organization\",\"@id\":\"https:\/\/vosgesinfo.fr\/saintdieinfo\/#organization\",\"name\":\"Saint Die Info\",\"url\":\"https:\/\/vosgesinfo.fr\/saintdieinfo\/\",\"logo\":{\"@type\":\"ImageObject\",\"inLanguage\":\"fr-FR\",\"@id\":\"https:\/\/vosgesinfo.fr\/saintdieinfo\/#\/schema\/logo\/image\/\",\"url\":\"https:\/\/vosgesinfo.fr\/app\/uploads\/sites\/4\/2024\/02\/logo-sdi.jpg\",\"contentUrl\":\"https:\/\/vosgesinfo.fr\/app\/uploads\/sites\/4\/2024\/02\/logo-sdi.jpg\",\"width\":600,\"height\":600,\"caption\":\"Saint Die Info\"},\"image\":{\"@id\":\"https:\/\/vosgesinfo.fr\/saintdieinfo\/#\/schema\/logo\/image\/\"},\"sameAs\":[\"https:\/\/www.facebook.com\/Saintdieinfofr\",\"https:\/\/x.com\/VosgesInfo88\",\"https:\/\/www.youtube.com\/@vosgesinfo\"]},{\"@type\":\"Person\",\"@id\":\"https:\/\/vosgesinfo.fr\/saintdieinfo\/#\/schema\/person\/faee6704a21f3977511db84bd1cd450f\",\"name\":\"la r\u00e9daction\",\"image\":{\"@type\":\"ImageObject\",\"inLanguage\":\"fr-FR\",\"@id\":\"https:\/\/vosgesinfo.fr\/saintdieinfo\/#\/schema\/person\/image\/\",\"url\":\"https:\/\/secure.gravatar.com\/avatar\/6673d8bc6a9c17fa9a453eaa3448de834fa308c2ec9635b7aa99441a7c8d2cf6?s=96&d=mm&r=g\",\"contentUrl\":\"https:\/\/secure.gravatar.com\/avatar\/6673d8bc6a9c17fa9a453eaa3448de834fa308c2ec9635b7aa99441a7c8d2cf6?s=96&d=mm&r=g\",\"caption\":\"la r\u00e9daction\"},\"url\":\"https:\/\/vosgesinfo.fr\/saintdieinfo\/author\/redac\/\"}]}<\/script>\n<!-- \/ Yoast SEO plugin. -->","yoast_head_json":{"title":"Budget participatif\u00a0: plus que quelques jours pour d\u00e9poser un projet - Saint Die Info","robots":{"index":"index","follow":"follow","max-snippet":"max-snippet:-1","max-image-preview":"max-image-preview:large","max-video-preview":"max-video-preview:-1"},"canonical":"https:\/\/vosgesinfo.fr\/saintdieinfo\/2023\/05\/budget-participatif-plus-quelques-jours-deposer-projet\/","twitter_card":"summary_large_image","twitter_title":"Budget participatif\u00a0: plus que quelques jours pour d\u00e9poser un projet - Saint Die Info","twitter_description":"La troisi\u00e8me it\u00e9ration du budget participatif de Saint-Di\u00e9-des-Vosges a quelque peu \u00e9volu\u00e9 par rapport \u00e0 2021 et 2022.","twitter_image":"https:\/\/vosgesinfo.fr\/app\/uploads\/sites\/4\/2024\/08\/202302presentation-3e-budget-participatif-1.jpg","twitter_creator":"@VosgesInfo88","twitter_site":"@VosgesInfo88","twitter_misc":{"\u00c9crit par":"la r\u00e9daction","Dur\u00e9e de lecture estim\u00e9e":"1 minute"},"schema":{"@context":"https:\/\/schema.org","@graph":[{"@type":"Article","@id":"https:\/\/vosgesinfo.fr\/saintdieinfo\/2023\/05\/budget-participatif-plus-quelques-jours-deposer-projet\/#article","isPartOf":{"@id":"https:\/\/vosgesinfo.fr\/saintdieinfo\/2023\/05\/budget-participatif-plus-quelques-jours-deposer-projet\/"},"author":{"name":"la r\u00e9daction","@id":"https:\/\/vosgesinfo.fr\/saintdieinfo\/#\/schema\/person\/faee6704a21f3977511db84bd1cd450f"},"headline":"Budget participatif\u00a0: plus que quelques jours pour d\u00e9poser un projet","datePublished":"2023-05-23T05:01:46+00:00","dateModified":"2023-05-23T05:01:46+00:00","mainEntityOfPage":{"@id":"https:\/\/vosgesinfo.fr\/saintdieinfo\/2023\/05\/budget-participatif-plus-quelques-jours-deposer-projet\/"},"wordCount":219,"commentCount":0,"publisher":{"@id":"https:\/\/vosgesinfo.fr\/saintdieinfo\/#organization"},"image":{"@id":"https:\/\/vosgesinfo.fr\/saintdieinfo\/2023\/05\/budget-participatif-plus-quelques-jours-deposer-projet\/#primaryimage"},"thumbnailUrl":"https:\/\/vosgesinfo.fr\/app\/uploads\/sites\/4\/2024\/08\/202302presentation-3e-budget-participatif-1.jpg","keywords":["3e budget participatif de Saint-Di\u00e9-des-Vosges","Budget participatif de Saint-Di\u00e9-des-Vosges"],"articleSection":["A la Une","Saint-Di\u00e9-des-Vosges et son Agglom\u00e9ration"],"inLanguage":"fr-FR","potentialAction":[{"@type":"CommentAction","name":"Comment","target":["https:\/\/vosgesinfo.fr\/saintdieinfo\/2023\/05\/budget-participatif-plus-quelques-jours-deposer-projet\/#respond"]}]},{"@type":"WebPage","@id":"https:\/\/vosgesinfo.fr\/saintdieinfo\/2023\/05\/budget-participatif-plus-quelques-jours-deposer-projet\/","url":"https:\/\/vosgesinfo.fr\/saintdieinfo\/2023\/05\/budget-participatif-plus-quelques-jours-deposer-projet\/","name":"Budget participatif\u00a0: plus que quelques jours pour d\u00e9poser un projet - Saint Die Info","isPartOf":{"@id":"https:\/\/vosgesinfo.fr\/saintdieinfo\/#website"},"primaryImageOfPage":{"@id":"https:\/\/vosgesinfo.fr\/saintdieinfo\/2023\/05\/budget-participatif-plus-quelques-jours-deposer-projet\/#primaryimage"},"image":{"@id":"https:\/\/vosgesinfo.fr\/saintdieinfo\/2023\/05\/budget-participatif-plus-quelques-jours-deposer-projet\/#primaryimage"},"thumbnailUrl":"https:\/\/vosgesinfo.fr\/app\/uploads\/sites\/4\/2024\/08\/202302presentation-3e-budget-participatif-1.jpg","datePublished":"2023-05-23T05:01:46+00:00","dateModified":"2023-05-23T05:01:46+00:00","breadcrumb":{"@id":"https:\/\/vosgesinfo.fr\/saintdieinfo\/2023\/05\/budget-participatif-plus-quelques-jours-deposer-projet\/#breadcrumb"},"inLanguage":"fr-FR","potentialAction":[{"@type":"ReadAction","target":["https:\/\/vosgesinfo.fr\/saintdieinfo\/2023\/05\/budget-participatif-plus-quelques-jours-deposer-projet\/"]}]},{"@type":"ImageObject","inLanguage":"fr-FR","@id":"https:\/\/vosgesinfo.fr\/saintdieinfo\/2023\/05\/budget-participatif-plus-quelques-jours-deposer-projet\/#primaryimage","url":"https:\/\/vosgesinfo.fr\/app\/uploads\/sites\/4\/2024\/08\/202302presentation-3e-budget-participatif-1.jpg","contentUrl":"https:\/\/vosgesinfo.fr\/app\/uploads\/sites\/4\/2024\/08\/202302presentation-3e-budget-participatif-1.jpg","width":1600,"height":1205},{"@type":"BreadcrumbList","@id":"https:\/\/vosgesinfo.fr\/saintdieinfo\/2023\/05\/budget-participatif-plus-quelques-jours-deposer-projet\/#breadcrumb","itemListElement":[{"@type":"ListItem","position":1,"name":"Home","item":"https:\/\/vosgesinfo.fr\/saintdieinfo\/"},{"@type":"ListItem","position":2,"name":"Budget participatif\u00a0: plus que quelques jours pour d\u00e9poser un projet"}]},{"@type":"WebSite","@id":"https:\/\/vosgesinfo.fr\/saintdieinfo\/#website","url":"https:\/\/vosgesinfo.fr\/saintdieinfo\/","name":"Saint Die Info","description":"Toute l&#039;actualit\u00e9 de Saint-Di\u00e9-Des-Vosges","publisher":{"@id":"https:\/\/vosgesinfo.fr\/saintdieinfo\/#organization"},"alternateName":"Toute l'actualit\u00e9 de Saint-Di\u00e9-Des-Vosges","potentialAction":[{"@type":"SearchAction","target":{"@type":"EntryPoint","urlTemplate":"https:\/\/vosgesinfo.fr\/saintdieinfo\/?s={search_term_string}"},"query-input":"required name=search_term_string"}],"inLanguage":"fr-FR"},{"@type":"Organization","@id":"https:\/\/vosgesinfo.fr\/saintdieinfo\/#organization","name":"Saint Die Info","url":"https:\/\/vosgesinfo.fr\/saintdieinfo\/","logo":{"@type":"ImageObject","inLanguage":"fr-FR","@id":"https:\/\/vosgesinfo.fr\/saintdieinfo\/#\/schema\/logo\/image\/","url":"https:\/\/vosgesinfo.fr\/app\/uploads\/sites\/4\/2024\/02\/logo-sdi.jpg","contentUrl":"https:\/\/vosgesinfo.fr\/app\/uploads\/sites\/4\/2024\/02\/logo-sdi.jpg","width":600,"height":600,"caption":"Saint Die Info"},"image":{"@id":"https:\/\/vosgesinfo.fr\/saintdieinfo\/#\/schema\/logo\/image\/"},"sameAs":["https:\/\/www.facebook.com\/Saintdieinfofr","https:\/\/x.com\/VosgesInfo88","https:\/\/www.youtube.com\/@vosgesinfo"]},{"@type":"Person","@id":"https:\/\/vosgesinfo.fr\/saintdieinfo\/#\/schema\/person\/faee6704a21f3977511db84bd1cd450f","name":"la r\u00e9daction","image":{"@type":"ImageObject","inLanguage":"fr-FR","@id":"https:\/\/vosgesinfo.fr\/saintdieinfo\/#\/schema\/person\/image\/","url":"https:\/\/secure.gravatar.com\/avatar\/6673d8bc6a9c17fa9a453eaa3448de834fa308c2ec9635b7aa99441a7c8d2cf6?s=96&d=mm&r=g","contentUrl":"https:\/\/secure.gravatar.com\/avatar\/6673d8bc6a9c17fa9a453eaa3448de834fa308c2ec9635b7aa99441a7c8d2cf6?s=96&d=mm&r=g","caption":"la r\u00e9daction"},"url":"https:\/\/vosgesinfo.fr\/saintdieinfo\/author\/redac\/"}]}},"_links":{"self":[{"href":"https:\/\/vosgesinfo.fr\/saintdieinfo\/wp-json\/wp\/v2\/posts\/65043","targetHints":{"allow":["GET"]}}],"collection":[{"href":"https:\/\/vosgesinfo.fr\/saintdieinfo\/wp-json\/wp\/v2\/posts"}],"about":[{"href":"https:\/\/vosgesinfo.fr\/saintdieinfo\/wp-json\/wp\/v2\/types\/post"}],"author":[{"embeddable":true,"href":"https:\/\/vosgesinfo.fr\/saintdieinfo\/wp-json\/wp\/v2\/users\/44"}],"replies":[{"embeddable":true,"href":"https:\/\/vosgesinfo.fr\/saintdieinfo\/wp-json\/wp\/v2\/comments?post=65043"}],"version-history":[{"count":0,"href":"https:\/\/vosgesinfo.fr\/saintdieinfo\/wp-json\/wp\/v2\/posts\/65043\/revisions"}],"wp:featuredmedia":[{"embeddable":true,"href":"https:\/\/vosgesinfo.fr\/saintdieinfo\/wp-json\/wp\/v2\/media\/65044"}],"wp:attachment":[{"href":"https:\/\/vosgesinfo.fr\/saintdieinfo\/wp-json\/wp\/v2\/media?parent=65043"}],"wp:term":[{"taxonomy":"category","embeddable":true,"href":"https:\/\/vosgesinfo.fr\/saintdieinfo\/wp-json\/wp\/v2\/categories?post=65043"},{"taxonomy":"post_tag","embeddable":true,"href":"https:\/\/vosgesinfo.fr\/saintdieinfo\/wp-json\/wp\/v2\/tags?post=65043"}],"curies":[{"name":"wp","href":"https:\/\/api.w.org\/{rel}","templated":true}]}}