{"id":65045,"date":"2023-05-23T07:43:09","date_gmt":"2023-05-23T05:43:09","guid":{"rendered":"https:\/\/vosgesinfo.fr\/saintdieinfo\/2023\/05\/fig-11-romans-selectionnes-prix-amerigo-vespucci-2023\/"},"modified":"2023-05-23T07:43:09","modified_gmt":"2023-05-23T05:43:09","slug":"fig-11-romans-selectionnes-prix-amerigo-vespucci-2023","status":"publish","type":"post","link":"https:\/\/vosgesinfo.fr\/saintdieinfo\/2023\/05\/fig-11-romans-selectionnes-prix-amerigo-vespucci-2023\/","title":{"rendered":"FIG \u2013 Les 11 romans s\u00e9lectionn\u00e9s pour le prix Amerigo-Vespucci 2023"},"content":{"rendered":"<div id=\"attachment_201591\" style=\"width: 970px\" class=\"wp-caption aligncenter\"><a href=\"\/2023\/05\/S\u00e9lection_Livres_Prix_Amerigo-Vespucci_2023.jpg\" target=\"_blank\" rel=\"noopener\"><img decoding=\"async\" aria-describedby=\"caption-attachment-201591\" class=\"wp-image-201591 size-large\" src=\"\/2023\/05\/S\u00e9lection_Livres_Prix_Amerigo-Vespucci_2023-1024x576.jpg\" alt=\"S\u00e9lection_Livres_Prix_Amerigo-Vespucci_2023\" width=\"960\" height=\"540\" \/><\/a><p id=\"caption-attachment-201591\" class=\"wp-caption-text\">(Photographie FIG)<\/p><\/div>\n<h2><strong><span style=\"font-size: 14pt;\">Les 11 romans s\u00e9lectionn\u00e9 pour le prix Amerigo-Vespucci 2023, l&rsquo;un des 3 prix litt\u00e9raires du Festival International de G\u00e9ographie de Saint-Di\u00e9-des-Vosges, ont \u00e9t\u00e9 d\u00e9voil\u00e9s hier lundi <span style=\"color: #3366ff;\"><a href=\"https:\/\/fig.saint-die-des-vosges.fr\/fig-2023\/prix-2023\/prix-amerigo-vespucci\" target=\"_blank\" rel=\"noopener\">sur le site du festival.<\/a><\/span><\/span><\/strong><\/h2>\n<p><!--more--><\/p>\n<p>Il s&rsquo;agit respectivement de \u00ab\u00a0Une ann\u00e9e sur la route\u00a0\u00bb de Samuel Andrian, aux \u00e9ditions des Equateurs\u00a0; \u00ab\u00a0Je me souviens de Falloujah\u00a0\u00bb de Feurat Alani, aux \u00e9ditions JC Latt\u00e8s\u00a0; \u00ab\u00a0Les vies autonomes, une enqu\u00eate po\u00e9tique\u00a0\u00bb de Clara Breteau, aux \u00e9ditions Actes Sud\u00a0; \u00ab\u00a0Les Mangeurs de nuit\u00a0\u00bb de Marie Charrel, aux \u00e9ditions de L&rsquo;Observatoire\u00a0; \u00ab\u00a0Le dernier des siens\u00a0\u00bb de Sibylle Grimbert, aux \u00e9ditions Anne Carri\u00e8re\u00a0; \u00ab\u00a0Roman fleuve\u00a0\u00bb de Philibert Humm, aux \u00e9ditions des Equateurs\u00a0; \u00ab\u00a0Pour mourir, le monde\u00a0\u00bb de Yan Lespoux, aux \u00e9ditions Agullo\u00a0; \u00ab\u00a0Boris, 1985\u00a0\u00bb de Douna Loup, aux \u00e9ditions Zo\u00e9\u00a0; \u00ab\u00a0Bella Italia\u00a0\u00bb de Christian Ranc\u00e9, aux \u00e9ditions Tallandier\u00a0; \u00ab\u00a0Quand les montagnes dansent\u00a0\u00bb d&rsquo;Olivier Remaud, aux \u00e9ditions Actes Sud\u00a0; \u00ab\u00a0Le grand incendie\u00a0\u00bb d&rsquo;Antonin Sabot, aux \u00e9ditions Les Presses de la Cit\u00e9.<\/p>\n<p>J.J.<\/p>\n","protected":false},"excerpt":{"rendered":"<p>Les 11 romans s\u00e9lectionn\u00e9 pour le prix Amerigo-Vespucci 2023, l&rsquo;un des 3 prix litt\u00e9raires du Festival International de G\u00e9ographie de [&hellip;]<\/p>\n","protected":false},"author":44,"featured_media":65046,"comment_status":"open","ping_status":"open","sticky":false,"template":"","format":"standard","meta":{"footnotes":""},"categories":[460,7847,8090,2915],"tags":[3081,3134],"class_list":["post-65045","post","type-post","status-publish","format-standard","has-post-thumbnail","hentry","category-a-la-une","category-art-culture","category-litterature","category-saint-die-son-canton","tag-festival-international-de-geographie-de-saint-die-des-vosges","tag-prix-amerigo-vespucci-2023"],"acf":[],"yoast_head":"<!-- This site is optimized with the Yoast SEO plugin v22.5 - https:\/\/yoast.com\/wordpress\/plugins\/seo\/ -->\n<title>FIG \u2013 Les 11 romans s\u00e9lectionn\u00e9s pour le prix Amerigo-Vespucci 2023 - Saint Die Info<\/title>\n<meta name=\"robots\" content=\"index, follow, max-snippet:-1, max-image-preview:large, max-video-preview:-1\" \/>\n<link rel=\"canonical\" href=\"https:\/\/vosgesinfo.fr\/saintdieinfo\/2023\/05\/fig-11-romans-selectionnes-prix-amerigo-vespucci-2023\/\" \/>\n<meta name=\"twitter:card\" content=\"summary_large_image\" \/>\n<meta name=\"twitter:title\" content=\"FIG \u2013 Les 11 romans s\u00e9lectionn\u00e9s pour le prix Amerigo-Vespucci 2023 - Saint Die Info\" \/>\n<meta name=\"twitter:description\" content=\"Les 11 romans s\u00e9lectionn\u00e9 pour le prix Amerigo-Vespucci 2023, l&rsquo;un des 3 prix litt\u00e9raires du Festival International de G\u00e9ographie de [&hellip;]\" \/>\n<meta name=\"twitter:image\" content=\"https:\/\/vosgesinfo.fr\/app\/uploads\/sites\/4\/2024\/08\/202305selection-livres-prix-amerigo-vespucci-2023.jpg\" \/>\n<meta name=\"twitter:creator\" content=\"@VosgesInfo88\" \/>\n<meta name=\"twitter:site\" content=\"@VosgesInfo88\" \/>\n<meta name=\"twitter:label1\" content=\"\u00c9crit par\" \/>\n\t<meta name=\"twitter:data1\" content=\"la r\u00e9daction\" \/>\n\t<meta name=\"twitter:label2\" content=\"Dur\u00e9e de lecture estim\u00e9e\" \/>\n\t<meta name=\"twitter:data2\" content=\"1 minute\" \/>\n<script type=\"application\/ld+json\" class=\"yoast-schema-graph\">{\"@context\":\"https:\/\/schema.org\",\"@graph\":[{\"@type\":\"Article\",\"@id\":\"https:\/\/vosgesinfo.fr\/saintdieinfo\/2023\/05\/fig-11-romans-selectionnes-prix-amerigo-vespucci-2023\/#article\",\"isPartOf\":{\"@id\":\"https:\/\/vosgesinfo.fr\/saintdieinfo\/2023\/05\/fig-11-romans-selectionnes-prix-amerigo-vespucci-2023\/\"},\"author\":{\"name\":\"la r\u00e9daction\",\"@id\":\"https:\/\/vosgesinfo.fr\/saintdieinfo\/#\/schema\/person\/faee6704a21f3977511db84bd1cd450f\"},\"headline\":\"FIG \u2013 Les 11 romans s\u00e9lectionn\u00e9s pour le prix Amerigo-Vespucci 2023\",\"datePublished\":\"2023-05-23T05:43:09+00:00\",\"dateModified\":\"2023-05-23T05:43:09+00:00\",\"mainEntityOfPage\":{\"@id\":\"https:\/\/vosgesinfo.fr\/saintdieinfo\/2023\/05\/fig-11-romans-selectionnes-prix-amerigo-vespucci-2023\/\"},\"wordCount\":184,\"commentCount\":0,\"publisher\":{\"@id\":\"https:\/\/vosgesinfo.fr\/saintdieinfo\/#organization\"},\"image\":{\"@id\":\"https:\/\/vosgesinfo.fr\/saintdieinfo\/2023\/05\/fig-11-romans-selectionnes-prix-amerigo-vespucci-2023\/#primaryimage\"},\"thumbnailUrl\":\"https:\/\/vosgesinfo.fr\/app\/uploads\/sites\/4\/2024\/08\/202305selection-livres-prix-amerigo-vespucci-2023.jpg\",\"keywords\":[\"Festival International de G\u00e9ographie de Saint-Di\u00e9-des-Vosges\",\"Prix Amerigo-Vespucci 2023\"],\"articleSection\":[\"A la Une\",\"Culture\",\"Litt\u00e9rature\",\"Saint-Di\u00e9-des-Vosges et son Agglom\u00e9ration\"],\"inLanguage\":\"fr-FR\",\"potentialAction\":[{\"@type\":\"CommentAction\",\"name\":\"Comment\",\"target\":[\"https:\/\/vosgesinfo.fr\/saintdieinfo\/2023\/05\/fig-11-romans-selectionnes-prix-amerigo-vespucci-2023\/#respond\"]}]},{\"@type\":\"WebPage\",\"@id\":\"https:\/\/vosgesinfo.fr\/saintdieinfo\/2023\/05\/fig-11-romans-selectionnes-prix-amerigo-vespucci-2023\/\",\"url\":\"https:\/\/vosgesinfo.fr\/saintdieinfo\/2023\/05\/fig-11-romans-selectionnes-prix-amerigo-vespucci-2023\/\",\"name\":\"FIG \u2013 Les 11 romans s\u00e9lectionn\u00e9s pour le prix Amerigo-Vespucci 2023 - Saint Die Info\",\"isPartOf\":{\"@id\":\"https:\/\/vosgesinfo.fr\/saintdieinfo\/#website\"},\"primaryImageOfPage\":{\"@id\":\"https:\/\/vosgesinfo.fr\/saintdieinfo\/2023\/05\/fig-11-romans-selectionnes-prix-amerigo-vespucci-2023\/#primaryimage\"},\"image\":{\"@id\":\"https:\/\/vosgesinfo.fr\/saintdieinfo\/2023\/05\/fig-11-romans-selectionnes-prix-amerigo-vespucci-2023\/#primaryimage\"},\"thumbnailUrl\":\"https:\/\/vosgesinfo.fr\/app\/uploads\/sites\/4\/2024\/08\/202305selection-livres-prix-amerigo-vespucci-2023.jpg\",\"datePublished\":\"2023-05-23T05:43:09+00:00\",\"dateModified\":\"2023-05-23T05:43:09+00:00\",\"breadcrumb\":{\"@id\":\"https:\/\/vosgesinfo.fr\/saintdieinfo\/2023\/05\/fig-11-romans-selectionnes-prix-amerigo-vespucci-2023\/#breadcrumb\"},\"inLanguage\":\"fr-FR\",\"potentialAction\":[{\"@type\":\"ReadAction\",\"target\":[\"https:\/\/vosgesinfo.fr\/saintdieinfo\/2023\/05\/fig-11-romans-selectionnes-prix-amerigo-vespucci-2023\/\"]}]},{\"@type\":\"ImageObject\",\"inLanguage\":\"fr-FR\",\"@id\":\"https:\/\/vosgesinfo.fr\/saintdieinfo\/2023\/05\/fig-11-romans-selectionnes-prix-amerigo-vespucci-2023\/#primaryimage\",\"url\":\"https:\/\/vosgesinfo.fr\/app\/uploads\/sites\/4\/2024\/08\/202305selection-livres-prix-amerigo-vespucci-2023.jpg\",\"contentUrl\":\"https:\/\/vosgesinfo.fr\/app\/uploads\/sites\/4\/2024\/08\/202305selection-livres-prix-amerigo-vespucci-2023.jpg\",\"width\":1333,\"height\":750},{\"@type\":\"BreadcrumbList\",\"@id\":\"https:\/\/vosgesinfo.fr\/saintdieinfo\/2023\/05\/fig-11-romans-selectionnes-prix-amerigo-vespucci-2023\/#breadcrumb\",\"itemListElement\":[{\"@type\":\"ListItem\",\"position\":1,\"name\":\"Home\",\"item\":\"https:\/\/vosgesinfo.fr\/saintdieinfo\/\"},{\"@type\":\"ListItem\",\"position\":2,\"name\":\"FIG \u2013 Les 11 romans s\u00e9lectionn\u00e9s pour le prix Amerigo-Vespucci 2023\"}]},{\"@type\":\"WebSite\",\"@id\":\"https:\/\/vosgesinfo.fr\/saintdieinfo\/#website\",\"url\":\"https:\/\/vosgesinfo.fr\/saintdieinfo\/\",\"name\":\"Saint Die Info\",\"description\":\"Toute l&#039;actualit\u00e9 de Saint-Di\u00e9-Des-Vosges\",\"publisher\":{\"@id\":\"https:\/\/vosgesinfo.fr\/saintdieinfo\/#organization\"},\"alternateName\":\"Toute l'actualit\u00e9 de Saint-Di\u00e9-Des-Vosges\",\"potentialAction\":[{\"@type\":\"SearchAction\",\"target\":{\"@type\":\"EntryPoint\",\"urlTemplate\":\"https:\/\/vosgesinfo.fr\/saintdieinfo\/?s={search_term_string}\"},\"query-input\":\"required name=search_term_string\"}],\"inLanguage\":\"fr-FR\"},{\"@type\":\"Organization\",\"@id\":\"https:\/\/vosgesinfo.fr\/saintdieinfo\/#organization\",\"name\":\"Saint Die Info\",\"url\":\"https:\/\/vosgesinfo.fr\/saintdieinfo\/\",\"logo\":{\"@type\":\"ImageObject\",\"inLanguage\":\"fr-FR\",\"@id\":\"https:\/\/vosgesinfo.fr\/saintdieinfo\/#\/schema\/logo\/image\/\",\"url\":\"https:\/\/vosgesinfo.fr\/app\/uploads\/sites\/4\/2024\/02\/logo-sdi.jpg\",\"contentUrl\":\"https:\/\/vosgesinfo.fr\/app\/uploads\/sites\/4\/2024\/02\/logo-sdi.jpg\",\"width\":600,\"height\":600,\"caption\":\"Saint Die Info\"},\"image\":{\"@id\":\"https:\/\/vosgesinfo.fr\/saintdieinfo\/#\/schema\/logo\/image\/\"},\"sameAs\":[\"https:\/\/www.facebook.com\/Saintdieinfofr\",\"https:\/\/x.com\/VosgesInfo88\",\"https:\/\/www.youtube.com\/@vosgesinfo\"]},{\"@type\":\"Person\",\"@id\":\"https:\/\/vosgesinfo.fr\/saintdieinfo\/#\/schema\/person\/faee6704a21f3977511db84bd1cd450f\",\"name\":\"la r\u00e9daction\",\"image\":{\"@type\":\"ImageObject\",\"inLanguage\":\"fr-FR\",\"@id\":\"https:\/\/vosgesinfo.fr\/saintdieinfo\/#\/schema\/person\/image\/\",\"url\":\"https:\/\/secure.gravatar.com\/avatar\/6673d8bc6a9c17fa9a453eaa3448de834fa308c2ec9635b7aa99441a7c8d2cf6?s=96&d=mm&r=g\",\"contentUrl\":\"https:\/\/secure.gravatar.com\/avatar\/6673d8bc6a9c17fa9a453eaa3448de834fa308c2ec9635b7aa99441a7c8d2cf6?s=96&d=mm&r=g\",\"caption\":\"la r\u00e9daction\"},\"url\":\"https:\/\/vosgesinfo.fr\/saintdieinfo\/author\/redac\/\"}]}<\/script>\n<!-- \/ Yoast SEO plugin. -->","yoast_head_json":{"title":"FIG \u2013 Les 11 romans s\u00e9lectionn\u00e9s pour le prix Amerigo-Vespucci 2023 - Saint Die Info","robots":{"index":"index","follow":"follow","max-snippet":"max-snippet:-1","max-image-preview":"max-image-preview:large","max-video-preview":"max-video-preview:-1"},"canonical":"https:\/\/vosgesinfo.fr\/saintdieinfo\/2023\/05\/fig-11-romans-selectionnes-prix-amerigo-vespucci-2023\/","twitter_card":"summary_large_image","twitter_title":"FIG \u2013 Les 11 romans s\u00e9lectionn\u00e9s pour le prix Amerigo-Vespucci 2023 - Saint Die Info","twitter_description":"Les 11 romans s\u00e9lectionn\u00e9 pour le prix Amerigo-Vespucci 2023, l&rsquo;un des 3 prix litt\u00e9raires du Festival International de G\u00e9ographie de [&hellip;]","twitter_image":"https:\/\/vosgesinfo.fr\/app\/uploads\/sites\/4\/2024\/08\/202305selection-livres-prix-amerigo-vespucci-2023.jpg","twitter_creator":"@VosgesInfo88","twitter_site":"@VosgesInfo88","twitter_misc":{"\u00c9crit par":"la r\u00e9daction","Dur\u00e9e de lecture estim\u00e9e":"1 minute"},"schema":{"@context":"https:\/\/schema.org","@graph":[{"@type":"Article","@id":"https:\/\/vosgesinfo.fr\/saintdieinfo\/2023\/05\/fig-11-romans-selectionnes-prix-amerigo-vespucci-2023\/#article","isPartOf":{"@id":"https:\/\/vosgesinfo.fr\/saintdieinfo\/2023\/05\/fig-11-romans-selectionnes-prix-amerigo-vespucci-2023\/"},"author":{"name":"la r\u00e9daction","@id":"https:\/\/vosgesinfo.fr\/saintdieinfo\/#\/schema\/person\/faee6704a21f3977511db84bd1cd450f"},"headline":"FIG \u2013 Les 11 romans s\u00e9lectionn\u00e9s pour le prix Amerigo-Vespucci 2023","datePublished":"2023-05-23T05:43:09+00:00","dateModified":"2023-05-23T05:43:09+00:00","mainEntityOfPage":{"@id":"https:\/\/vosgesinfo.fr\/saintdieinfo\/2023\/05\/fig-11-romans-selectionnes-prix-amerigo-vespucci-2023\/"},"wordCount":184,"commentCount":0,"publisher":{"@id":"https:\/\/vosgesinfo.fr\/saintdieinfo\/#organization"},"image":{"@id":"https:\/\/vosgesinfo.fr\/saintdieinfo\/2023\/05\/fig-11-romans-selectionnes-prix-amerigo-vespucci-2023\/#primaryimage"},"thumbnailUrl":"https:\/\/vosgesinfo.fr\/app\/uploads\/sites\/4\/2024\/08\/202305selection-livres-prix-amerigo-vespucci-2023.jpg","keywords":["Festival International de G\u00e9ographie de Saint-Di\u00e9-des-Vosges","Prix Amerigo-Vespucci 2023"],"articleSection":["A la Une","Culture","Litt\u00e9rature","Saint-Di\u00e9-des-Vosges et son Agglom\u00e9ration"],"inLanguage":"fr-FR","potentialAction":[{"@type":"CommentAction","name":"Comment","target":["https:\/\/vosgesinfo.fr\/saintdieinfo\/2023\/05\/fig-11-romans-selectionnes-prix-amerigo-vespucci-2023\/#respond"]}]},{"@type":"WebPage","@id":"https:\/\/vosgesinfo.fr\/saintdieinfo\/2023\/05\/fig-11-romans-selectionnes-prix-amerigo-vespucci-2023\/","url":"https:\/\/vosgesinfo.fr\/saintdieinfo\/2023\/05\/fig-11-romans-selectionnes-prix-amerigo-vespucci-2023\/","name":"FIG \u2013 Les 11 romans s\u00e9lectionn\u00e9s pour le prix Amerigo-Vespucci 2023 - Saint Die Info","isPartOf":{"@id":"https:\/\/vosgesinfo.fr\/saintdieinfo\/#website"},"primaryImageOfPage":{"@id":"https:\/\/vosgesinfo.fr\/saintdieinfo\/2023\/05\/fig-11-romans-selectionnes-prix-amerigo-vespucci-2023\/#primaryimage"},"image":{"@id":"https:\/\/vosgesinfo.fr\/saintdieinfo\/2023\/05\/fig-11-romans-selectionnes-prix-amerigo-vespucci-2023\/#primaryimage"},"thumbnailUrl":"https:\/\/vosgesinfo.fr\/app\/uploads\/sites\/4\/2024\/08\/202305selection-livres-prix-amerigo-vespucci-2023.jpg","datePublished":"2023-05-23T05:43:09+00:00","dateModified":"2023-05-23T05:43:09+00:00","breadcrumb":{"@id":"https:\/\/vosgesinfo.fr\/saintdieinfo\/2023\/05\/fig-11-romans-selectionnes-prix-amerigo-vespucci-2023\/#breadcrumb"},"inLanguage":"fr-FR","potentialAction":[{"@type":"ReadAction","target":["https:\/\/vosgesinfo.fr\/saintdieinfo\/2023\/05\/fig-11-romans-selectionnes-prix-amerigo-vespucci-2023\/"]}]},{"@type":"ImageObject","inLanguage":"fr-FR","@id":"https:\/\/vosgesinfo.fr\/saintdieinfo\/2023\/05\/fig-11-romans-selectionnes-prix-amerigo-vespucci-2023\/#primaryimage","url":"https:\/\/vosgesinfo.fr\/app\/uploads\/sites\/4\/2024\/08\/202305selection-livres-prix-amerigo-vespucci-2023.jpg","contentUrl":"https:\/\/vosgesinfo.fr\/app\/uploads\/sites\/4\/2024\/08\/202305selection-livres-prix-amerigo-vespucci-2023.jpg","width":1333,"height":750},{"@type":"BreadcrumbList","@id":"https:\/\/vosgesinfo.fr\/saintdieinfo\/2023\/05\/fig-11-romans-selectionnes-prix-amerigo-vespucci-2023\/#breadcrumb","itemListElement":[{"@type":"ListItem","position":1,"name":"Home","item":"https:\/\/vosgesinfo.fr\/saintdieinfo\/"},{"@type":"ListItem","position":2,"name":"FIG \u2013 Les 11 romans s\u00e9lectionn\u00e9s pour le prix Amerigo-Vespucci 2023"}]},{"@type":"WebSite","@id":"https:\/\/vosgesinfo.fr\/saintdieinfo\/#website","url":"https:\/\/vosgesinfo.fr\/saintdieinfo\/","name":"Saint Die Info","description":"Toute l&#039;actualit\u00e9 de Saint-Di\u00e9-Des-Vosges","publisher":{"@id":"https:\/\/vosgesinfo.fr\/saintdieinfo\/#organization"},"alternateName":"Toute l'actualit\u00e9 de Saint-Di\u00e9-Des-Vosges","potentialAction":[{"@type":"SearchAction","target":{"@type":"EntryPoint","urlTemplate":"https:\/\/vosgesinfo.fr\/saintdieinfo\/?s={search_term_string}"},"query-input":"required name=search_term_string"}],"inLanguage":"fr-FR"},{"@type":"Organization","@id":"https:\/\/vosgesinfo.fr\/saintdieinfo\/#organization","name":"Saint Die Info","url":"https:\/\/vosgesinfo.fr\/saintdieinfo\/","logo":{"@type":"ImageObject","inLanguage":"fr-FR","@id":"https:\/\/vosgesinfo.fr\/saintdieinfo\/#\/schema\/logo\/image\/","url":"https:\/\/vosgesinfo.fr\/app\/uploads\/sites\/4\/2024\/02\/logo-sdi.jpg","contentUrl":"https:\/\/vosgesinfo.fr\/app\/uploads\/sites\/4\/2024\/02\/logo-sdi.jpg","width":600,"height":600,"caption":"Saint Die Info"},"image":{"@id":"https:\/\/vosgesinfo.fr\/saintdieinfo\/#\/schema\/logo\/image\/"},"sameAs":["https:\/\/www.facebook.com\/Saintdieinfofr","https:\/\/x.com\/VosgesInfo88","https:\/\/www.youtube.com\/@vosgesinfo"]},{"@type":"Person","@id":"https:\/\/vosgesinfo.fr\/saintdieinfo\/#\/schema\/person\/faee6704a21f3977511db84bd1cd450f","name":"la r\u00e9daction","image":{"@type":"ImageObject","inLanguage":"fr-FR","@id":"https:\/\/vosgesinfo.fr\/saintdieinfo\/#\/schema\/person\/image\/","url":"https:\/\/secure.gravatar.com\/avatar\/6673d8bc6a9c17fa9a453eaa3448de834fa308c2ec9635b7aa99441a7c8d2cf6?s=96&d=mm&r=g","contentUrl":"https:\/\/secure.gravatar.com\/avatar\/6673d8bc6a9c17fa9a453eaa3448de834fa308c2ec9635b7aa99441a7c8d2cf6?s=96&d=mm&r=g","caption":"la r\u00e9daction"},"url":"https:\/\/vosgesinfo.fr\/saintdieinfo\/author\/redac\/"}]}},"_links":{"self":[{"href":"https:\/\/vosgesinfo.fr\/saintdieinfo\/wp-json\/wp\/v2\/posts\/65045","targetHints":{"allow":["GET"]}}],"collection":[{"href":"https:\/\/vosgesinfo.fr\/saintdieinfo\/wp-json\/wp\/v2\/posts"}],"about":[{"href":"https:\/\/vosgesinfo.fr\/saintdieinfo\/wp-json\/wp\/v2\/types\/post"}],"author":[{"embeddable":true,"href":"https:\/\/vosgesinfo.fr\/saintdieinfo\/wp-json\/wp\/v2\/users\/44"}],"replies":[{"embeddable":true,"href":"https:\/\/vosgesinfo.fr\/saintdieinfo\/wp-json\/wp\/v2\/comments?post=65045"}],"version-history":[{"count":0,"href":"https:\/\/vosgesinfo.fr\/saintdieinfo\/wp-json\/wp\/v2\/posts\/65045\/revisions"}],"wp:featuredmedia":[{"embeddable":true,"href":"https:\/\/vosgesinfo.fr\/saintdieinfo\/wp-json\/wp\/v2\/media\/65046"}],"wp:attachment":[{"href":"https:\/\/vosgesinfo.fr\/saintdieinfo\/wp-json\/wp\/v2\/media?parent=65045"}],"wp:term":[{"taxonomy":"category","embeddable":true,"href":"https:\/\/vosgesinfo.fr\/saintdieinfo\/wp-json\/wp\/v2\/categories?post=65045"},{"taxonomy":"post_tag","embeddable":true,"href":"https:\/\/vosgesinfo.fr\/saintdieinfo\/wp-json\/wp\/v2\/tags?post=65045"}],"curies":[{"name":"wp","href":"https:\/\/api.w.org\/{rel}","templated":true}]}}