{"id":65052,"date":"2023-05-23T09:06:46","date_gmt":"2023-05-23T07:06:46","guid":{"rendered":"https:\/\/vosgesinfo.fr\/saintdieinfo\/2023\/05\/raon-letape-a-decouverte-especes-nocturnes-etc-terra\/"},"modified":"2023-05-23T09:06:46","modified_gmt":"2023-05-23T07:06:46","slug":"raon-letape-a-decouverte-especes-nocturnes-etc-terra","status":"publish","type":"post","link":"https:\/\/vosgesinfo.fr\/saintdieinfo\/2023\/05\/raon-letape-a-decouverte-especes-nocturnes-etc-terra\/","title":{"rendered":"Raon-l&rsquo;Etape \u2013 A la d\u00e9couverte des esp\u00e8ces nocturnes avec ETC&#8230; Terra"},"content":{"rendered":"<h2><strong><span style=\"font-size: 14pt;\">L&rsquo;Archipel &#8211; Espace de vie sociale de Raon-l&rsquo;Etape organise une sortie nature ce vendredi 26 mai, de 20h \u00e0 22h. Gratuite, cette sortie familiale sera anim\u00e9e par l&rsquo;association ETC&#8230; Terra et emm\u00e8nera ses participants \u00e0 la d\u00e9couverte des esp\u00e8ces nocturnes. Renseignements compl\u00e9mentaires et inscriptions aupr\u00e8s de Myriam, au 06-36-15-31-77 ou via <a href=\"mailto:myriamdenis@archipel88.org\" target=\"_blank\" rel=\"noopener\">myriamdenis@archipel88.org<\/a>.<\/span><\/strong><\/h2>\n<p><!--more--><\/p>\n<p><a href=\"\/2023\/05\/Sortie_D\u00e9couverte_Esp\u00e8ces_Nocturnes.jpg\"><img decoding=\"async\" class=\"aligncenter size-large wp-image-201603\" src=\"\/2023\/05\/Sortie_D\u00e9couverte_Esp\u00e8ces_Nocturnes-724x1024.jpg\" alt=\"Sortie_D\u00e9couverte_Esp\u00e8ces_Nocturnes\" width=\"724\" height=\"1024\" \/><\/a><\/p>\n","protected":false},"excerpt":{"rendered":"<p>L&rsquo;Archipel &#8211; Espace de vie sociale de Raon-l&rsquo;Etape organise une sortie nature ce vendredi 26 mai, de 20h \u00e0 22h. [&hellip;]<\/p>\n","protected":false},"author":44,"featured_media":65053,"comment_status":"open","ping_status":"open","sticky":false,"template":"","format":"standard","meta":{"footnotes":""},"categories":[3900,2915,17],"tags":[14418,3029,2654,14419],"class_list":["post-65052","post","type-post","status-publish","format-standard","has-post-thumbnail","hentry","category-breves","category-saint-die-son-canton","category-vie-associative","tag-archipel-88","tag-etc-terra","tag-raon-letape","tag-sortie-decouverte-de-la-nature"],"acf":[],"yoast_head":"<!-- This site is optimized with the Yoast SEO plugin v22.5 - https:\/\/yoast.com\/wordpress\/plugins\/seo\/ -->\n<title>Raon-l&#039;Etape \u2013 A la d\u00e9couverte des esp\u00e8ces nocturnes avec ETC... Terra - Saint Die Info<\/title>\n<meta name=\"robots\" content=\"index, follow, max-snippet:-1, max-image-preview:large, max-video-preview:-1\" \/>\n<link rel=\"canonical\" href=\"https:\/\/vosgesinfo.fr\/saintdieinfo\/2023\/05\/raon-letape-a-decouverte-especes-nocturnes-etc-terra\/\" \/>\n<meta name=\"twitter:card\" content=\"summary_large_image\" \/>\n<meta name=\"twitter:title\" content=\"Raon-l&#039;Etape \u2013 A la d\u00e9couverte des esp\u00e8ces nocturnes avec ETC... Terra - Saint Die Info\" \/>\n<meta name=\"twitter:description\" content=\"L&rsquo;Archipel &#8211; Espace de vie sociale de Raon-l&rsquo;Etape organise une sortie nature ce vendredi 26 mai, de 20h \u00e0 22h. [&hellip;]\" \/>\n<meta name=\"twitter:image\" content=\"https:\/\/vosgesinfo.fr\/app\/uploads\/sites\/4\/2024\/08\/202305sortie-decouverte-especes-nocturnes-1.jpg\" \/>\n<meta name=\"twitter:creator\" content=\"@VosgesInfo88\" \/>\n<meta name=\"twitter:site\" content=\"@VosgesInfo88\" \/>\n<meta name=\"twitter:label1\" content=\"\u00c9crit par\" \/>\n\t<meta name=\"twitter:data1\" content=\"la r\u00e9daction\" \/>\n<script type=\"application\/ld+json\" class=\"yoast-schema-graph\">{\"@context\":\"https:\/\/schema.org\",\"@graph\":[{\"@type\":\"Article\",\"@id\":\"https:\/\/vosgesinfo.fr\/saintdieinfo\/2023\/05\/raon-letape-a-decouverte-especes-nocturnes-etc-terra\/#article\",\"isPartOf\":{\"@id\":\"https:\/\/vosgesinfo.fr\/saintdieinfo\/2023\/05\/raon-letape-a-decouverte-especes-nocturnes-etc-terra\/\"},\"author\":{\"name\":\"la r\u00e9daction\",\"@id\":\"https:\/\/vosgesinfo.fr\/saintdieinfo\/#\/schema\/person\/faee6704a21f3977511db84bd1cd450f\"},\"headline\":\"Raon-l&rsquo;Etape \u2013 A la d\u00e9couverte des esp\u00e8ces nocturnes avec ETC&#8230; Terra\",\"datePublished\":\"2023-05-23T07:06:46+00:00\",\"dateModified\":\"2023-05-23T07:06:46+00:00\",\"mainEntityOfPage\":{\"@id\":\"https:\/\/vosgesinfo.fr\/saintdieinfo\/2023\/05\/raon-letape-a-decouverte-especes-nocturnes-etc-terra\/\"},\"wordCount\":76,\"commentCount\":0,\"publisher\":{\"@id\":\"https:\/\/vosgesinfo.fr\/saintdieinfo\/#organization\"},\"image\":{\"@id\":\"https:\/\/vosgesinfo.fr\/saintdieinfo\/2023\/05\/raon-letape-a-decouverte-especes-nocturnes-etc-terra\/#primaryimage\"},\"thumbnailUrl\":\"https:\/\/vosgesinfo.fr\/app\/uploads\/sites\/4\/2024\/08\/202305sortie-decouverte-especes-nocturnes-1.jpg\",\"keywords\":[\"Archipel 88\",\"ETC... Terra\",\"Raon-l\u2019Etape\",\"Sortie d\u00e9couverte de la nature\"],\"articleSection\":[\"Br\u00e8ves\",\"Saint-Di\u00e9-des-Vosges et son Agglom\u00e9ration\",\"Vie Associative\"],\"inLanguage\":\"fr-FR\",\"potentialAction\":[{\"@type\":\"CommentAction\",\"name\":\"Comment\",\"target\":[\"https:\/\/vosgesinfo.fr\/saintdieinfo\/2023\/05\/raon-letape-a-decouverte-especes-nocturnes-etc-terra\/#respond\"]}]},{\"@type\":\"WebPage\",\"@id\":\"https:\/\/vosgesinfo.fr\/saintdieinfo\/2023\/05\/raon-letape-a-decouverte-especes-nocturnes-etc-terra\/\",\"url\":\"https:\/\/vosgesinfo.fr\/saintdieinfo\/2023\/05\/raon-letape-a-decouverte-especes-nocturnes-etc-terra\/\",\"name\":\"Raon-l'Etape \u2013 A la d\u00e9couverte des esp\u00e8ces nocturnes avec ETC... Terra - Saint Die Info\",\"isPartOf\":{\"@id\":\"https:\/\/vosgesinfo.fr\/saintdieinfo\/#website\"},\"primaryImageOfPage\":{\"@id\":\"https:\/\/vosgesinfo.fr\/saintdieinfo\/2023\/05\/raon-letape-a-decouverte-especes-nocturnes-etc-terra\/#primaryimage\"},\"image\":{\"@id\":\"https:\/\/vosgesinfo.fr\/saintdieinfo\/2023\/05\/raon-letape-a-decouverte-especes-nocturnes-etc-terra\/#primaryimage\"},\"thumbnailUrl\":\"https:\/\/vosgesinfo.fr\/app\/uploads\/sites\/4\/2024\/08\/202305sortie-decouverte-especes-nocturnes-1.jpg\",\"datePublished\":\"2023-05-23T07:06:46+00:00\",\"dateModified\":\"2023-05-23T07:06:46+00:00\",\"breadcrumb\":{\"@id\":\"https:\/\/vosgesinfo.fr\/saintdieinfo\/2023\/05\/raon-letape-a-decouverte-especes-nocturnes-etc-terra\/#breadcrumb\"},\"inLanguage\":\"fr-FR\",\"potentialAction\":[{\"@type\":\"ReadAction\",\"target\":[\"https:\/\/vosgesinfo.fr\/saintdieinfo\/2023\/05\/raon-letape-a-decouverte-especes-nocturnes-etc-terra\/\"]}]},{\"@type\":\"ImageObject\",\"inLanguage\":\"fr-FR\",\"@id\":\"https:\/\/vosgesinfo.fr\/saintdieinfo\/2023\/05\/raon-letape-a-decouverte-especes-nocturnes-etc-terra\/#primaryimage\",\"url\":\"https:\/\/vosgesinfo.fr\/app\/uploads\/sites\/4\/2024\/08\/202305sortie-decouverte-especes-nocturnes-1.jpg\",\"contentUrl\":\"https:\/\/vosgesinfo.fr\/app\/uploads\/sites\/4\/2024\/08\/202305sortie-decouverte-especes-nocturnes-1.jpg\",\"width\":1448,\"height\":2048},{\"@type\":\"BreadcrumbList\",\"@id\":\"https:\/\/vosgesinfo.fr\/saintdieinfo\/2023\/05\/raon-letape-a-decouverte-especes-nocturnes-etc-terra\/#breadcrumb\",\"itemListElement\":[{\"@type\":\"ListItem\",\"position\":1,\"name\":\"Home\",\"item\":\"https:\/\/vosgesinfo.fr\/saintdieinfo\/\"},{\"@type\":\"ListItem\",\"position\":2,\"name\":\"Raon-l&rsquo;Etape \u2013 A la d\u00e9couverte des esp\u00e8ces nocturnes avec ETC&#8230; Terra\"}]},{\"@type\":\"WebSite\",\"@id\":\"https:\/\/vosgesinfo.fr\/saintdieinfo\/#website\",\"url\":\"https:\/\/vosgesinfo.fr\/saintdieinfo\/\",\"name\":\"Saint Die Info\",\"description\":\"Toute l&#039;actualit\u00e9 de Saint-Di\u00e9-Des-Vosges\",\"publisher\":{\"@id\":\"https:\/\/vosgesinfo.fr\/saintdieinfo\/#organization\"},\"alternateName\":\"Toute l'actualit\u00e9 de Saint-Di\u00e9-Des-Vosges\",\"potentialAction\":[{\"@type\":\"SearchAction\",\"target\":{\"@type\":\"EntryPoint\",\"urlTemplate\":\"https:\/\/vosgesinfo.fr\/saintdieinfo\/?s={search_term_string}\"},\"query-input\":\"required name=search_term_string\"}],\"inLanguage\":\"fr-FR\"},{\"@type\":\"Organization\",\"@id\":\"https:\/\/vosgesinfo.fr\/saintdieinfo\/#organization\",\"name\":\"Saint Die Info\",\"url\":\"https:\/\/vosgesinfo.fr\/saintdieinfo\/\",\"logo\":{\"@type\":\"ImageObject\",\"inLanguage\":\"fr-FR\",\"@id\":\"https:\/\/vosgesinfo.fr\/saintdieinfo\/#\/schema\/logo\/image\/\",\"url\":\"https:\/\/vosgesinfo.fr\/app\/uploads\/sites\/4\/2024\/02\/logo-sdi.jpg\",\"contentUrl\":\"https:\/\/vosgesinfo.fr\/app\/uploads\/sites\/4\/2024\/02\/logo-sdi.jpg\",\"width\":600,\"height\":600,\"caption\":\"Saint Die Info\"},\"image\":{\"@id\":\"https:\/\/vosgesinfo.fr\/saintdieinfo\/#\/schema\/logo\/image\/\"},\"sameAs\":[\"https:\/\/www.facebook.com\/Saintdieinfofr\",\"https:\/\/x.com\/VosgesInfo88\",\"https:\/\/www.youtube.com\/@vosgesinfo\"]},{\"@type\":\"Person\",\"@id\":\"https:\/\/vosgesinfo.fr\/saintdieinfo\/#\/schema\/person\/faee6704a21f3977511db84bd1cd450f\",\"name\":\"la r\u00e9daction\",\"image\":{\"@type\":\"ImageObject\",\"inLanguage\":\"fr-FR\",\"@id\":\"https:\/\/vosgesinfo.fr\/saintdieinfo\/#\/schema\/person\/image\/\",\"url\":\"https:\/\/secure.gravatar.com\/avatar\/6673d8bc6a9c17fa9a453eaa3448de834fa308c2ec9635b7aa99441a7c8d2cf6?s=96&d=mm&r=g\",\"contentUrl\":\"https:\/\/secure.gravatar.com\/avatar\/6673d8bc6a9c17fa9a453eaa3448de834fa308c2ec9635b7aa99441a7c8d2cf6?s=96&d=mm&r=g\",\"caption\":\"la r\u00e9daction\"},\"url\":\"https:\/\/vosgesinfo.fr\/saintdieinfo\/author\/redac\/\"}]}<\/script>\n<!-- \/ Yoast SEO plugin. -->","yoast_head_json":{"title":"Raon-l'Etape \u2013 A la d\u00e9couverte des esp\u00e8ces nocturnes avec ETC... Terra - Saint Die Info","robots":{"index":"index","follow":"follow","max-snippet":"max-snippet:-1","max-image-preview":"max-image-preview:large","max-video-preview":"max-video-preview:-1"},"canonical":"https:\/\/vosgesinfo.fr\/saintdieinfo\/2023\/05\/raon-letape-a-decouverte-especes-nocturnes-etc-terra\/","twitter_card":"summary_large_image","twitter_title":"Raon-l'Etape \u2013 A la d\u00e9couverte des esp\u00e8ces nocturnes avec ETC... Terra - Saint Die Info","twitter_description":"L&rsquo;Archipel &#8211; Espace de vie sociale de Raon-l&rsquo;Etape organise une sortie nature ce vendredi 26 mai, de 20h \u00e0 22h. [&hellip;]","twitter_image":"https:\/\/vosgesinfo.fr\/app\/uploads\/sites\/4\/2024\/08\/202305sortie-decouverte-especes-nocturnes-1.jpg","twitter_creator":"@VosgesInfo88","twitter_site":"@VosgesInfo88","twitter_misc":{"\u00c9crit par":"la r\u00e9daction"},"schema":{"@context":"https:\/\/schema.org","@graph":[{"@type":"Article","@id":"https:\/\/vosgesinfo.fr\/saintdieinfo\/2023\/05\/raon-letape-a-decouverte-especes-nocturnes-etc-terra\/#article","isPartOf":{"@id":"https:\/\/vosgesinfo.fr\/saintdieinfo\/2023\/05\/raon-letape-a-decouverte-especes-nocturnes-etc-terra\/"},"author":{"name":"la r\u00e9daction","@id":"https:\/\/vosgesinfo.fr\/saintdieinfo\/#\/schema\/person\/faee6704a21f3977511db84bd1cd450f"},"headline":"Raon-l&rsquo;Etape \u2013 A la d\u00e9couverte des esp\u00e8ces nocturnes avec ETC&#8230; Terra","datePublished":"2023-05-23T07:06:46+00:00","dateModified":"2023-05-23T07:06:46+00:00","mainEntityOfPage":{"@id":"https:\/\/vosgesinfo.fr\/saintdieinfo\/2023\/05\/raon-letape-a-decouverte-especes-nocturnes-etc-terra\/"},"wordCount":76,"commentCount":0,"publisher":{"@id":"https:\/\/vosgesinfo.fr\/saintdieinfo\/#organization"},"image":{"@id":"https:\/\/vosgesinfo.fr\/saintdieinfo\/2023\/05\/raon-letape-a-decouverte-especes-nocturnes-etc-terra\/#primaryimage"},"thumbnailUrl":"https:\/\/vosgesinfo.fr\/app\/uploads\/sites\/4\/2024\/08\/202305sortie-decouverte-especes-nocturnes-1.jpg","keywords":["Archipel 88","ETC... Terra","Raon-l\u2019Etape","Sortie d\u00e9couverte de la nature"],"articleSection":["Br\u00e8ves","Saint-Di\u00e9-des-Vosges et son Agglom\u00e9ration","Vie Associative"],"inLanguage":"fr-FR","potentialAction":[{"@type":"CommentAction","name":"Comment","target":["https:\/\/vosgesinfo.fr\/saintdieinfo\/2023\/05\/raon-letape-a-decouverte-especes-nocturnes-etc-terra\/#respond"]}]},{"@type":"WebPage","@id":"https:\/\/vosgesinfo.fr\/saintdieinfo\/2023\/05\/raon-letape-a-decouverte-especes-nocturnes-etc-terra\/","url":"https:\/\/vosgesinfo.fr\/saintdieinfo\/2023\/05\/raon-letape-a-decouverte-especes-nocturnes-etc-terra\/","name":"Raon-l'Etape \u2013 A la d\u00e9couverte des esp\u00e8ces nocturnes avec ETC... Terra - Saint Die Info","isPartOf":{"@id":"https:\/\/vosgesinfo.fr\/saintdieinfo\/#website"},"primaryImageOfPage":{"@id":"https:\/\/vosgesinfo.fr\/saintdieinfo\/2023\/05\/raon-letape-a-decouverte-especes-nocturnes-etc-terra\/#primaryimage"},"image":{"@id":"https:\/\/vosgesinfo.fr\/saintdieinfo\/2023\/05\/raon-letape-a-decouverte-especes-nocturnes-etc-terra\/#primaryimage"},"thumbnailUrl":"https:\/\/vosgesinfo.fr\/app\/uploads\/sites\/4\/2024\/08\/202305sortie-decouverte-especes-nocturnes-1.jpg","datePublished":"2023-05-23T07:06:46+00:00","dateModified":"2023-05-23T07:06:46+00:00","breadcrumb":{"@id":"https:\/\/vosgesinfo.fr\/saintdieinfo\/2023\/05\/raon-letape-a-decouverte-especes-nocturnes-etc-terra\/#breadcrumb"},"inLanguage":"fr-FR","potentialAction":[{"@type":"ReadAction","target":["https:\/\/vosgesinfo.fr\/saintdieinfo\/2023\/05\/raon-letape-a-decouverte-especes-nocturnes-etc-terra\/"]}]},{"@type":"ImageObject","inLanguage":"fr-FR","@id":"https:\/\/vosgesinfo.fr\/saintdieinfo\/2023\/05\/raon-letape-a-decouverte-especes-nocturnes-etc-terra\/#primaryimage","url":"https:\/\/vosgesinfo.fr\/app\/uploads\/sites\/4\/2024\/08\/202305sortie-decouverte-especes-nocturnes-1.jpg","contentUrl":"https:\/\/vosgesinfo.fr\/app\/uploads\/sites\/4\/2024\/08\/202305sortie-decouverte-especes-nocturnes-1.jpg","width":1448,"height":2048},{"@type":"BreadcrumbList","@id":"https:\/\/vosgesinfo.fr\/saintdieinfo\/2023\/05\/raon-letape-a-decouverte-especes-nocturnes-etc-terra\/#breadcrumb","itemListElement":[{"@type":"ListItem","position":1,"name":"Home","item":"https:\/\/vosgesinfo.fr\/saintdieinfo\/"},{"@type":"ListItem","position":2,"name":"Raon-l&rsquo;Etape \u2013 A la d\u00e9couverte des esp\u00e8ces nocturnes avec ETC&#8230; Terra"}]},{"@type":"WebSite","@id":"https:\/\/vosgesinfo.fr\/saintdieinfo\/#website","url":"https:\/\/vosgesinfo.fr\/saintdieinfo\/","name":"Saint Die Info","description":"Toute l&#039;actualit\u00e9 de Saint-Di\u00e9-Des-Vosges","publisher":{"@id":"https:\/\/vosgesinfo.fr\/saintdieinfo\/#organization"},"alternateName":"Toute l'actualit\u00e9 de Saint-Di\u00e9-Des-Vosges","potentialAction":[{"@type":"SearchAction","target":{"@type":"EntryPoint","urlTemplate":"https:\/\/vosgesinfo.fr\/saintdieinfo\/?s={search_term_string}"},"query-input":"required name=search_term_string"}],"inLanguage":"fr-FR"},{"@type":"Organization","@id":"https:\/\/vosgesinfo.fr\/saintdieinfo\/#organization","name":"Saint Die Info","url":"https:\/\/vosgesinfo.fr\/saintdieinfo\/","logo":{"@type":"ImageObject","inLanguage":"fr-FR","@id":"https:\/\/vosgesinfo.fr\/saintdieinfo\/#\/schema\/logo\/image\/","url":"https:\/\/vosgesinfo.fr\/app\/uploads\/sites\/4\/2024\/02\/logo-sdi.jpg","contentUrl":"https:\/\/vosgesinfo.fr\/app\/uploads\/sites\/4\/2024\/02\/logo-sdi.jpg","width":600,"height":600,"caption":"Saint Die Info"},"image":{"@id":"https:\/\/vosgesinfo.fr\/saintdieinfo\/#\/schema\/logo\/image\/"},"sameAs":["https:\/\/www.facebook.com\/Saintdieinfofr","https:\/\/x.com\/VosgesInfo88","https:\/\/www.youtube.com\/@vosgesinfo"]},{"@type":"Person","@id":"https:\/\/vosgesinfo.fr\/saintdieinfo\/#\/schema\/person\/faee6704a21f3977511db84bd1cd450f","name":"la r\u00e9daction","image":{"@type":"ImageObject","inLanguage":"fr-FR","@id":"https:\/\/vosgesinfo.fr\/saintdieinfo\/#\/schema\/person\/image\/","url":"https:\/\/secure.gravatar.com\/avatar\/6673d8bc6a9c17fa9a453eaa3448de834fa308c2ec9635b7aa99441a7c8d2cf6?s=96&d=mm&r=g","contentUrl":"https:\/\/secure.gravatar.com\/avatar\/6673d8bc6a9c17fa9a453eaa3448de834fa308c2ec9635b7aa99441a7c8d2cf6?s=96&d=mm&r=g","caption":"la r\u00e9daction"},"url":"https:\/\/vosgesinfo.fr\/saintdieinfo\/author\/redac\/"}]}},"_links":{"self":[{"href":"https:\/\/vosgesinfo.fr\/saintdieinfo\/wp-json\/wp\/v2\/posts\/65052","targetHints":{"allow":["GET"]}}],"collection":[{"href":"https:\/\/vosgesinfo.fr\/saintdieinfo\/wp-json\/wp\/v2\/posts"}],"about":[{"href":"https:\/\/vosgesinfo.fr\/saintdieinfo\/wp-json\/wp\/v2\/types\/post"}],"author":[{"embeddable":true,"href":"https:\/\/vosgesinfo.fr\/saintdieinfo\/wp-json\/wp\/v2\/users\/44"}],"replies":[{"embeddable":true,"href":"https:\/\/vosgesinfo.fr\/saintdieinfo\/wp-json\/wp\/v2\/comments?post=65052"}],"version-history":[{"count":0,"href":"https:\/\/vosgesinfo.fr\/saintdieinfo\/wp-json\/wp\/v2\/posts\/65052\/revisions"}],"wp:featuredmedia":[{"embeddable":true,"href":"https:\/\/vosgesinfo.fr\/saintdieinfo\/wp-json\/wp\/v2\/media\/65053"}],"wp:attachment":[{"href":"https:\/\/vosgesinfo.fr\/saintdieinfo\/wp-json\/wp\/v2\/media?parent=65052"}],"wp:term":[{"taxonomy":"category","embeddable":true,"href":"https:\/\/vosgesinfo.fr\/saintdieinfo\/wp-json\/wp\/v2\/categories?post=65052"},{"taxonomy":"post_tag","embeddable":true,"href":"https:\/\/vosgesinfo.fr\/saintdieinfo\/wp-json\/wp\/v2\/tags?post=65052"}],"curies":[{"name":"wp","href":"https:\/\/api.w.org\/{rel}","templated":true}]}}