{"id":65054,"date":"2023-05-23T09:36:06","date_gmt":"2023-05-23T07:36:06","guid":{"rendered":"https:\/\/vosgesinfo.fr\/saintdieinfo\/2023\/05\/casting-petits-roles-recherches-secteur-de-saint-die-vosges-long-metrage\/"},"modified":"2023-05-23T09:36:06","modified_gmt":"2023-05-23T07:36:06","slug":"casting-petits-roles-recherches-secteur-de-saint-die-vosges-long-metrage","status":"publish","type":"post","link":"https:\/\/vosgesinfo.fr\/saintdieinfo\/2023\/05\/casting-petits-roles-recherches-secteur-de-saint-die-vosges-long-metrage\/","title":{"rendered":"Casting \u2013 Des petits r\u00f4les recherch\u00e9s dans le secteur de Saint-Di\u00e9-des-Vosges pour un long-m\u00e9trage"},"content":{"rendered":"<div id=\"attachment_193955\" style=\"width: 810px\" class=\"wp-caption aligncenter\"><a href=\"\/2022\/12\/camera-tournage.jpg\" target=\"_blank\" rel=\"noopener\"><img decoding=\"async\" aria-describedby=\"caption-attachment-193955\" class=\"wp-image-193955 size-full\" src=\"\/2022\/12\/camera-tournage.jpg\" alt=\"camera-tournage\" width=\"800\" height=\"450\" \/><\/a><p id=\"caption-attachment-193955\" class=\"wp-caption-text\">(Illustration)<\/p><\/div>\n<h2><strong><span style=\"font-size: 14pt;\">Vertigo Productions vient de lancer un casting pour le film \u00ab\u00a0Cococolin\u00a0\u00bb de Jennifer Devold\u00e8re. Ce long-m\u00e9trage est une adaptation de la pi\u00e8ce \u00ab\u00a0Dans la peau de Cyrano\u00a0\u00bb. Se d\u00e9roulant de nos jours, le film relate l&rsquo;arriv\u00e9e d&rsquo;un adolescent b\u00e8gue dans un \u00e9tablissement vosgien ainsi que son int\u00e9r\u00eat grandissant pour le th\u00e9\u00e2tre.<\/span><\/strong><\/h2>\n<p><!--more--><\/p>\n<h3><strong><span style=\"font-size: 12pt;\">La production recherche des personnes pour des petits r\u00f4les, en vue d&rsquo;un tournage pr\u00e9vu en ao\u00fbt et septembre 2023 dans les Vosges et notamment sur le secteur de Saint-Di\u00e9-des-Vosges :<\/span><\/strong><\/h3>\n<p>HOMMES ET FEMMES (toutes origines et tous profils) dont :<\/p>\n<ul>\n<li>FEMME &#8211; 50 ans environ, type cheffe d\u2019\u00e9tablissement scolaire.<\/li>\n<li>DAME \u00c2G\u00c9E<\/li>\n<li>HOMME &#8211; 45 ans environ, sec et sportif.<\/li>\n<li>HOMME &#8211; 45 ans environ, chic et s\u00e9v\u00e8re.<\/li>\n<li>HOMME COSTAUD &#8211; 40 ans, type d\u00e9m\u00e9nageur, pompier, m\u00e9tier manuel.<\/li>\n<li>HOMME D\u00c9GARNI &#8211; la quarantaine<\/li>\n<li>GENDARME<\/li>\n<li>COACH JEUNES BIATHLON<\/li>\n<\/ul>\n<h3><strong><span style=\"font-size: 12pt;\">Pour postuler merci d\u2019envoyer votre candidature \u00e0 <span style=\"color: #3366ff;\"><a style=\"color: #3366ff;\" href=\"mailto:casting.cococolin.grandest@gmail.com\" target=\"_blank\" rel=\"noopener\">casting.cococolin.grandest@gmail.com<\/a><\/span>. Pr\u00e9cisez dans l\u2019objet de votre mail : nom, pr\u00e9nom et \u00e2ge, tout en vous munissant des \u00e9l\u00e9ments suivants\u00a0:<\/span><\/strong><\/h3>\n<ul>\n<li>Coordonn\u00e9es (nom, pr\u00e9nom, adresse postale compl\u00e8te, num\u00e9ro de t\u00e9l\u00e9phone).<\/li>\n<li>Date et lieu de naissance.<\/li>\n<li>Taille en hauteur et taille de v\u00eatements.<\/li>\n<li>Deux photos r\u00e9centes o\u00f9 l&rsquo;on vous voit bien : un portrait et une en pieds.<\/li>\n<li>Un lien vers une bande-d\u00e9mo le cas \u00e9ch\u00e9ant.<\/li>\n<li>Exp\u00e9rience en tant que com\u00e9dien.<\/li>\n<\/ul>\n<p>Les journ\u00e9es de tournage sont r\u00e9mun\u00e9r\u00e9es. La domiciliation fiscale en Grand Est est obligatoire.<\/p>\n","protected":false},"excerpt":{"rendered":"<p>Vertigo Productions vient de lancer un casting pour le film \u00ab\u00a0Cococolin\u00a0\u00bb de Jennifer Devold\u00e8re. Ce long-m\u00e9trage est une adaptation de [&hellip;]<\/p>\n","protected":false},"author":44,"featured_media":65055,"comment_status":"open","ping_status":"open","sticky":false,"template":"","format":"standard","meta":{"footnotes":""},"categories":[460,7847,2915],"tags":[874,1342,14420,14421],"class_list":["post-65054","post","type-post","status-publish","format-standard","has-post-thumbnail","hentry","category-a-la-une","category-art-culture","category-saint-die-son-canton","tag-casting","tag-cococolin","tag-jennifer-devoldere","tag-vertigo-productions"],"acf":[],"yoast_head":"<!-- This site is optimized with the Yoast SEO plugin v22.5 - https:\/\/yoast.com\/wordpress\/plugins\/seo\/ -->\n<title>Casting \u2013 Des petits r\u00f4les recherch\u00e9s dans le secteur de Saint-Di\u00e9-des-Vosges pour un long-m\u00e9trage - Saint Die Info<\/title>\n<meta name=\"robots\" content=\"index, follow, max-snippet:-1, max-image-preview:large, max-video-preview:-1\" \/>\n<link rel=\"canonical\" href=\"https:\/\/vosgesinfo.fr\/saintdieinfo\/2023\/05\/casting-petits-roles-recherches-secteur-de-saint-die-vosges-long-metrage\/\" \/>\n<meta name=\"twitter:card\" content=\"summary_large_image\" \/>\n<meta name=\"twitter:title\" content=\"Casting \u2013 Des petits r\u00f4les recherch\u00e9s dans le secteur de Saint-Di\u00e9-des-Vosges pour un long-m\u00e9trage - Saint Die Info\" \/>\n<meta name=\"twitter:description\" content=\"Vertigo Productions vient de lancer un casting pour le film \u00ab\u00a0Cococolin\u00a0\u00bb de Jennifer Devold\u00e8re. Ce long-m\u00e9trage est une adaptation de [&hellip;]\" \/>\n<meta name=\"twitter:image\" content=\"https:\/\/vosgesinfo.fr\/app\/uploads\/sites\/4\/2024\/08\/202303camera-tournage-1.jpg\" \/>\n<meta name=\"twitter:creator\" content=\"@VosgesInfo88\" \/>\n<meta name=\"twitter:site\" content=\"@VosgesInfo88\" \/>\n<meta name=\"twitter:label1\" content=\"\u00c9crit par\" \/>\n\t<meta name=\"twitter:data1\" content=\"la r\u00e9daction\" \/>\n\t<meta name=\"twitter:label2\" content=\"Dur\u00e9e de lecture estim\u00e9e\" \/>\n\t<meta name=\"twitter:data2\" content=\"1 minute\" \/>\n<script type=\"application\/ld+json\" class=\"yoast-schema-graph\">{\"@context\":\"https:\/\/schema.org\",\"@graph\":[{\"@type\":\"Article\",\"@id\":\"https:\/\/vosgesinfo.fr\/saintdieinfo\/2023\/05\/casting-petits-roles-recherches-secteur-de-saint-die-vosges-long-metrage\/#article\",\"isPartOf\":{\"@id\":\"https:\/\/vosgesinfo.fr\/saintdieinfo\/2023\/05\/casting-petits-roles-recherches-secteur-de-saint-die-vosges-long-metrage\/\"},\"author\":{\"name\":\"la r\u00e9daction\",\"@id\":\"https:\/\/vosgesinfo.fr\/saintdieinfo\/#\/schema\/person\/faee6704a21f3977511db84bd1cd450f\"},\"headline\":\"Casting \u2013 Des petits r\u00f4les recherch\u00e9s dans le secteur de Saint-Di\u00e9-des-Vosges pour un long-m\u00e9trage\",\"datePublished\":\"2023-05-23T07:36:06+00:00\",\"dateModified\":\"2023-05-23T07:36:06+00:00\",\"mainEntityOfPage\":{\"@id\":\"https:\/\/vosgesinfo.fr\/saintdieinfo\/2023\/05\/casting-petits-roles-recherches-secteur-de-saint-die-vosges-long-metrage\/\"},\"wordCount\":291,\"commentCount\":0,\"publisher\":{\"@id\":\"https:\/\/vosgesinfo.fr\/saintdieinfo\/#organization\"},\"image\":{\"@id\":\"https:\/\/vosgesinfo.fr\/saintdieinfo\/2023\/05\/casting-petits-roles-recherches-secteur-de-saint-die-vosges-long-metrage\/#primaryimage\"},\"thumbnailUrl\":\"https:\/\/vosgesinfo.fr\/app\/uploads\/sites\/4\/2024\/08\/202303camera-tournage-1.jpg\",\"keywords\":[\"casting\",\"Cococolin\",\"Jennifer Devold\u00e8re\",\"Vertigo Productions\"],\"articleSection\":[\"A la Une\",\"Culture\",\"Saint-Di\u00e9-des-Vosges et son Agglom\u00e9ration\"],\"inLanguage\":\"fr-FR\",\"potentialAction\":[{\"@type\":\"CommentAction\",\"name\":\"Comment\",\"target\":[\"https:\/\/vosgesinfo.fr\/saintdieinfo\/2023\/05\/casting-petits-roles-recherches-secteur-de-saint-die-vosges-long-metrage\/#respond\"]}]},{\"@type\":\"WebPage\",\"@id\":\"https:\/\/vosgesinfo.fr\/saintdieinfo\/2023\/05\/casting-petits-roles-recherches-secteur-de-saint-die-vosges-long-metrage\/\",\"url\":\"https:\/\/vosgesinfo.fr\/saintdieinfo\/2023\/05\/casting-petits-roles-recherches-secteur-de-saint-die-vosges-long-metrage\/\",\"name\":\"Casting \u2013 Des petits r\u00f4les recherch\u00e9s dans le secteur de Saint-Di\u00e9-des-Vosges pour un long-m\u00e9trage - Saint Die Info\",\"isPartOf\":{\"@id\":\"https:\/\/vosgesinfo.fr\/saintdieinfo\/#website\"},\"primaryImageOfPage\":{\"@id\":\"https:\/\/vosgesinfo.fr\/saintdieinfo\/2023\/05\/casting-petits-roles-recherches-secteur-de-saint-die-vosges-long-metrage\/#primaryimage\"},\"image\":{\"@id\":\"https:\/\/vosgesinfo.fr\/saintdieinfo\/2023\/05\/casting-petits-roles-recherches-secteur-de-saint-die-vosges-long-metrage\/#primaryimage\"},\"thumbnailUrl\":\"https:\/\/vosgesinfo.fr\/app\/uploads\/sites\/4\/2024\/08\/202303camera-tournage-1.jpg\",\"datePublished\":\"2023-05-23T07:36:06+00:00\",\"dateModified\":\"2023-05-23T07:36:06+00:00\",\"breadcrumb\":{\"@id\":\"https:\/\/vosgesinfo.fr\/saintdieinfo\/2023\/05\/casting-petits-roles-recherches-secteur-de-saint-die-vosges-long-metrage\/#breadcrumb\"},\"inLanguage\":\"fr-FR\",\"potentialAction\":[{\"@type\":\"ReadAction\",\"target\":[\"https:\/\/vosgesinfo.fr\/saintdieinfo\/2023\/05\/casting-petits-roles-recherches-secteur-de-saint-die-vosges-long-metrage\/\"]}]},{\"@type\":\"ImageObject\",\"inLanguage\":\"fr-FR\",\"@id\":\"https:\/\/vosgesinfo.fr\/saintdieinfo\/2023\/05\/casting-petits-roles-recherches-secteur-de-saint-die-vosges-long-metrage\/#primaryimage\",\"url\":\"https:\/\/vosgesinfo.fr\/app\/uploads\/sites\/4\/2024\/08\/202303camera-tournage-1.jpg\",\"contentUrl\":\"https:\/\/vosgesinfo.fr\/app\/uploads\/sites\/4\/2024\/08\/202303camera-tournage-1.jpg\",\"width\":800,\"height\":450},{\"@type\":\"BreadcrumbList\",\"@id\":\"https:\/\/vosgesinfo.fr\/saintdieinfo\/2023\/05\/casting-petits-roles-recherches-secteur-de-saint-die-vosges-long-metrage\/#breadcrumb\",\"itemListElement\":[{\"@type\":\"ListItem\",\"position\":1,\"name\":\"Home\",\"item\":\"https:\/\/vosgesinfo.fr\/saintdieinfo\/\"},{\"@type\":\"ListItem\",\"position\":2,\"name\":\"Casting \u2013 Des petits r\u00f4les recherch\u00e9s dans le secteur de Saint-Di\u00e9-des-Vosges pour un long-m\u00e9trage\"}]},{\"@type\":\"WebSite\",\"@id\":\"https:\/\/vosgesinfo.fr\/saintdieinfo\/#website\",\"url\":\"https:\/\/vosgesinfo.fr\/saintdieinfo\/\",\"name\":\"Saint Die Info\",\"description\":\"Toute l&#039;actualit\u00e9 de Saint-Di\u00e9-Des-Vosges\",\"publisher\":{\"@id\":\"https:\/\/vosgesinfo.fr\/saintdieinfo\/#organization\"},\"alternateName\":\"Toute l'actualit\u00e9 de Saint-Di\u00e9-Des-Vosges\",\"potentialAction\":[{\"@type\":\"SearchAction\",\"target\":{\"@type\":\"EntryPoint\",\"urlTemplate\":\"https:\/\/vosgesinfo.fr\/saintdieinfo\/?s={search_term_string}\"},\"query-input\":\"required name=search_term_string\"}],\"inLanguage\":\"fr-FR\"},{\"@type\":\"Organization\",\"@id\":\"https:\/\/vosgesinfo.fr\/saintdieinfo\/#organization\",\"name\":\"Saint Die Info\",\"url\":\"https:\/\/vosgesinfo.fr\/saintdieinfo\/\",\"logo\":{\"@type\":\"ImageObject\",\"inLanguage\":\"fr-FR\",\"@id\":\"https:\/\/vosgesinfo.fr\/saintdieinfo\/#\/schema\/logo\/image\/\",\"url\":\"https:\/\/vosgesinfo.fr\/app\/uploads\/sites\/4\/2024\/02\/logo-sdi.jpg\",\"contentUrl\":\"https:\/\/vosgesinfo.fr\/app\/uploads\/sites\/4\/2024\/02\/logo-sdi.jpg\",\"width\":600,\"height\":600,\"caption\":\"Saint Die Info\"},\"image\":{\"@id\":\"https:\/\/vosgesinfo.fr\/saintdieinfo\/#\/schema\/logo\/image\/\"},\"sameAs\":[\"https:\/\/www.facebook.com\/Saintdieinfofr\",\"https:\/\/x.com\/VosgesInfo88\",\"https:\/\/www.youtube.com\/@vosgesinfo\"]},{\"@type\":\"Person\",\"@id\":\"https:\/\/vosgesinfo.fr\/saintdieinfo\/#\/schema\/person\/faee6704a21f3977511db84bd1cd450f\",\"name\":\"la r\u00e9daction\",\"image\":{\"@type\":\"ImageObject\",\"inLanguage\":\"fr-FR\",\"@id\":\"https:\/\/vosgesinfo.fr\/saintdieinfo\/#\/schema\/person\/image\/\",\"url\":\"https:\/\/secure.gravatar.com\/avatar\/6673d8bc6a9c17fa9a453eaa3448de834fa308c2ec9635b7aa99441a7c8d2cf6?s=96&d=mm&r=g\",\"contentUrl\":\"https:\/\/secure.gravatar.com\/avatar\/6673d8bc6a9c17fa9a453eaa3448de834fa308c2ec9635b7aa99441a7c8d2cf6?s=96&d=mm&r=g\",\"caption\":\"la r\u00e9daction\"},\"url\":\"https:\/\/vosgesinfo.fr\/saintdieinfo\/author\/redac\/\"}]}<\/script>\n<!-- \/ Yoast SEO plugin. -->","yoast_head_json":{"title":"Casting \u2013 Des petits r\u00f4les recherch\u00e9s dans le secteur de Saint-Di\u00e9-des-Vosges pour un long-m\u00e9trage - Saint Die Info","robots":{"index":"index","follow":"follow","max-snippet":"max-snippet:-1","max-image-preview":"max-image-preview:large","max-video-preview":"max-video-preview:-1"},"canonical":"https:\/\/vosgesinfo.fr\/saintdieinfo\/2023\/05\/casting-petits-roles-recherches-secteur-de-saint-die-vosges-long-metrage\/","twitter_card":"summary_large_image","twitter_title":"Casting \u2013 Des petits r\u00f4les recherch\u00e9s dans le secteur de Saint-Di\u00e9-des-Vosges pour un long-m\u00e9trage - Saint Die Info","twitter_description":"Vertigo Productions vient de lancer un casting pour le film \u00ab\u00a0Cococolin\u00a0\u00bb de Jennifer Devold\u00e8re. Ce long-m\u00e9trage est une adaptation de [&hellip;]","twitter_image":"https:\/\/vosgesinfo.fr\/app\/uploads\/sites\/4\/2024\/08\/202303camera-tournage-1.jpg","twitter_creator":"@VosgesInfo88","twitter_site":"@VosgesInfo88","twitter_misc":{"\u00c9crit par":"la r\u00e9daction","Dur\u00e9e de lecture estim\u00e9e":"1 minute"},"schema":{"@context":"https:\/\/schema.org","@graph":[{"@type":"Article","@id":"https:\/\/vosgesinfo.fr\/saintdieinfo\/2023\/05\/casting-petits-roles-recherches-secteur-de-saint-die-vosges-long-metrage\/#article","isPartOf":{"@id":"https:\/\/vosgesinfo.fr\/saintdieinfo\/2023\/05\/casting-petits-roles-recherches-secteur-de-saint-die-vosges-long-metrage\/"},"author":{"name":"la r\u00e9daction","@id":"https:\/\/vosgesinfo.fr\/saintdieinfo\/#\/schema\/person\/faee6704a21f3977511db84bd1cd450f"},"headline":"Casting \u2013 Des petits r\u00f4les recherch\u00e9s dans le secteur de Saint-Di\u00e9-des-Vosges pour un long-m\u00e9trage","datePublished":"2023-05-23T07:36:06+00:00","dateModified":"2023-05-23T07:36:06+00:00","mainEntityOfPage":{"@id":"https:\/\/vosgesinfo.fr\/saintdieinfo\/2023\/05\/casting-petits-roles-recherches-secteur-de-saint-die-vosges-long-metrage\/"},"wordCount":291,"commentCount":0,"publisher":{"@id":"https:\/\/vosgesinfo.fr\/saintdieinfo\/#organization"},"image":{"@id":"https:\/\/vosgesinfo.fr\/saintdieinfo\/2023\/05\/casting-petits-roles-recherches-secteur-de-saint-die-vosges-long-metrage\/#primaryimage"},"thumbnailUrl":"https:\/\/vosgesinfo.fr\/app\/uploads\/sites\/4\/2024\/08\/202303camera-tournage-1.jpg","keywords":["casting","Cococolin","Jennifer Devold\u00e8re","Vertigo Productions"],"articleSection":["A la Une","Culture","Saint-Di\u00e9-des-Vosges et son Agglom\u00e9ration"],"inLanguage":"fr-FR","potentialAction":[{"@type":"CommentAction","name":"Comment","target":["https:\/\/vosgesinfo.fr\/saintdieinfo\/2023\/05\/casting-petits-roles-recherches-secteur-de-saint-die-vosges-long-metrage\/#respond"]}]},{"@type":"WebPage","@id":"https:\/\/vosgesinfo.fr\/saintdieinfo\/2023\/05\/casting-petits-roles-recherches-secteur-de-saint-die-vosges-long-metrage\/","url":"https:\/\/vosgesinfo.fr\/saintdieinfo\/2023\/05\/casting-petits-roles-recherches-secteur-de-saint-die-vosges-long-metrage\/","name":"Casting \u2013 Des petits r\u00f4les recherch\u00e9s dans le secteur de Saint-Di\u00e9-des-Vosges pour un long-m\u00e9trage - Saint Die Info","isPartOf":{"@id":"https:\/\/vosgesinfo.fr\/saintdieinfo\/#website"},"primaryImageOfPage":{"@id":"https:\/\/vosgesinfo.fr\/saintdieinfo\/2023\/05\/casting-petits-roles-recherches-secteur-de-saint-die-vosges-long-metrage\/#primaryimage"},"image":{"@id":"https:\/\/vosgesinfo.fr\/saintdieinfo\/2023\/05\/casting-petits-roles-recherches-secteur-de-saint-die-vosges-long-metrage\/#primaryimage"},"thumbnailUrl":"https:\/\/vosgesinfo.fr\/app\/uploads\/sites\/4\/2024\/08\/202303camera-tournage-1.jpg","datePublished":"2023-05-23T07:36:06+00:00","dateModified":"2023-05-23T07:36:06+00:00","breadcrumb":{"@id":"https:\/\/vosgesinfo.fr\/saintdieinfo\/2023\/05\/casting-petits-roles-recherches-secteur-de-saint-die-vosges-long-metrage\/#breadcrumb"},"inLanguage":"fr-FR","potentialAction":[{"@type":"ReadAction","target":["https:\/\/vosgesinfo.fr\/saintdieinfo\/2023\/05\/casting-petits-roles-recherches-secteur-de-saint-die-vosges-long-metrage\/"]}]},{"@type":"ImageObject","inLanguage":"fr-FR","@id":"https:\/\/vosgesinfo.fr\/saintdieinfo\/2023\/05\/casting-petits-roles-recherches-secteur-de-saint-die-vosges-long-metrage\/#primaryimage","url":"https:\/\/vosgesinfo.fr\/app\/uploads\/sites\/4\/2024\/08\/202303camera-tournage-1.jpg","contentUrl":"https:\/\/vosgesinfo.fr\/app\/uploads\/sites\/4\/2024\/08\/202303camera-tournage-1.jpg","width":800,"height":450},{"@type":"BreadcrumbList","@id":"https:\/\/vosgesinfo.fr\/saintdieinfo\/2023\/05\/casting-petits-roles-recherches-secteur-de-saint-die-vosges-long-metrage\/#breadcrumb","itemListElement":[{"@type":"ListItem","position":1,"name":"Home","item":"https:\/\/vosgesinfo.fr\/saintdieinfo\/"},{"@type":"ListItem","position":2,"name":"Casting \u2013 Des petits r\u00f4les recherch\u00e9s dans le secteur de Saint-Di\u00e9-des-Vosges pour un long-m\u00e9trage"}]},{"@type":"WebSite","@id":"https:\/\/vosgesinfo.fr\/saintdieinfo\/#website","url":"https:\/\/vosgesinfo.fr\/saintdieinfo\/","name":"Saint Die Info","description":"Toute l&#039;actualit\u00e9 de Saint-Di\u00e9-Des-Vosges","publisher":{"@id":"https:\/\/vosgesinfo.fr\/saintdieinfo\/#organization"},"alternateName":"Toute l'actualit\u00e9 de Saint-Di\u00e9-Des-Vosges","potentialAction":[{"@type":"SearchAction","target":{"@type":"EntryPoint","urlTemplate":"https:\/\/vosgesinfo.fr\/saintdieinfo\/?s={search_term_string}"},"query-input":"required name=search_term_string"}],"inLanguage":"fr-FR"},{"@type":"Organization","@id":"https:\/\/vosgesinfo.fr\/saintdieinfo\/#organization","name":"Saint Die Info","url":"https:\/\/vosgesinfo.fr\/saintdieinfo\/","logo":{"@type":"ImageObject","inLanguage":"fr-FR","@id":"https:\/\/vosgesinfo.fr\/saintdieinfo\/#\/schema\/logo\/image\/","url":"https:\/\/vosgesinfo.fr\/app\/uploads\/sites\/4\/2024\/02\/logo-sdi.jpg","contentUrl":"https:\/\/vosgesinfo.fr\/app\/uploads\/sites\/4\/2024\/02\/logo-sdi.jpg","width":600,"height":600,"caption":"Saint Die Info"},"image":{"@id":"https:\/\/vosgesinfo.fr\/saintdieinfo\/#\/schema\/logo\/image\/"},"sameAs":["https:\/\/www.facebook.com\/Saintdieinfofr","https:\/\/x.com\/VosgesInfo88","https:\/\/www.youtube.com\/@vosgesinfo"]},{"@type":"Person","@id":"https:\/\/vosgesinfo.fr\/saintdieinfo\/#\/schema\/person\/faee6704a21f3977511db84bd1cd450f","name":"la r\u00e9daction","image":{"@type":"ImageObject","inLanguage":"fr-FR","@id":"https:\/\/vosgesinfo.fr\/saintdieinfo\/#\/schema\/person\/image\/","url":"https:\/\/secure.gravatar.com\/avatar\/6673d8bc6a9c17fa9a453eaa3448de834fa308c2ec9635b7aa99441a7c8d2cf6?s=96&d=mm&r=g","contentUrl":"https:\/\/secure.gravatar.com\/avatar\/6673d8bc6a9c17fa9a453eaa3448de834fa308c2ec9635b7aa99441a7c8d2cf6?s=96&d=mm&r=g","caption":"la r\u00e9daction"},"url":"https:\/\/vosgesinfo.fr\/saintdieinfo\/author\/redac\/"}]}},"_links":{"self":[{"href":"https:\/\/vosgesinfo.fr\/saintdieinfo\/wp-json\/wp\/v2\/posts\/65054","targetHints":{"allow":["GET"]}}],"collection":[{"href":"https:\/\/vosgesinfo.fr\/saintdieinfo\/wp-json\/wp\/v2\/posts"}],"about":[{"href":"https:\/\/vosgesinfo.fr\/saintdieinfo\/wp-json\/wp\/v2\/types\/post"}],"author":[{"embeddable":true,"href":"https:\/\/vosgesinfo.fr\/saintdieinfo\/wp-json\/wp\/v2\/users\/44"}],"replies":[{"embeddable":true,"href":"https:\/\/vosgesinfo.fr\/saintdieinfo\/wp-json\/wp\/v2\/comments?post=65054"}],"version-history":[{"count":0,"href":"https:\/\/vosgesinfo.fr\/saintdieinfo\/wp-json\/wp\/v2\/posts\/65054\/revisions"}],"wp:featuredmedia":[{"embeddable":true,"href":"https:\/\/vosgesinfo.fr\/saintdieinfo\/wp-json\/wp\/v2\/media\/65055"}],"wp:attachment":[{"href":"https:\/\/vosgesinfo.fr\/saintdieinfo\/wp-json\/wp\/v2\/media?parent=65054"}],"wp:term":[{"taxonomy":"category","embeddable":true,"href":"https:\/\/vosgesinfo.fr\/saintdieinfo\/wp-json\/wp\/v2\/categories?post=65054"},{"taxonomy":"post_tag","embeddable":true,"href":"https:\/\/vosgesinfo.fr\/saintdieinfo\/wp-json\/wp\/v2\/tags?post=65054"}],"curies":[{"name":"wp","href":"https:\/\/api.w.org\/{rel}","templated":true}]}}