{"id":65222,"date":"2023-05-30T06:58:34","date_gmt":"2023-05-30T04:58:34","guid":{"rendered":"https:\/\/vosgesinfo.fr\/saintdieinfo\/2023\/05\/vallee-rabodeau-ouverture-ateliers-dartistes-week-end\/"},"modified":"2023-05-30T06:58:34","modified_gmt":"2023-05-30T04:58:34","slug":"vallee-rabodeau-ouverture-ateliers-dartistes-week-end","status":"publish","type":"post","link":"https:\/\/vosgesinfo.fr\/saintdieinfo\/2023\/05\/vallee-rabodeau-ouverture-ateliers-dartistes-week-end\/","title":{"rendered":"Vall\u00e9e du Rabodeau \u2013 Ouverture des ateliers d&rsquo;artistes ce week-end"},"content":{"rendered":"<p><a href=\"\/2023\/05\/Vall\u00e9e_Rabodeau-Ouverture_Ateliers_Artistes.png\" target=\"_blank\" rel=\"noopener\"><img decoding=\"async\" class=\"aligncenter wp-image-201845 size-large\" src=\"\/2023\/05\/Vall\u00e9e_Rabodeau-Ouverture_Ateliers_Artistes-724x1024.png\" alt=\"Vall\u00e9e_Rabodeau-Ouverture_Ateliers_Artistes\" width=\"724\" height=\"1024\" \/><\/a><\/p>\n<h2><strong><span style=\"font-size: 14pt;\">Ce week-end des 3 et 4 juin, les ateliers d&rsquo;artistes des Vosges ouvriront leurs ateliers. Une 8e \u00e9dition qui se d\u00e9roulera sur les secteurs de Remiremont et Plombi\u00e8res, Bruy\u00e8res, Epinal, Dompaire et Senones.<\/span><\/strong><\/h2>\n<p><!--more--><\/p>\n<h3><strong><span style=\"font-size: 12pt;\">Dans la vall\u00e9e du Rabodeau, 4 artistes ouvriront leurs ateliers respectifs au public\u00a0:<\/span><\/strong><\/h3>\n<ul>\n<li>L&rsquo;atelier du Cyclope de Florent Meyer (artiste-peintre et graveur), situ\u00e9 au 2 place Charles-Thumann, au 1er \u00e9tage, \u00e0 Senones. Contact\u00a0: 06-77-98-11-92 ou <a href=\"mailto:florentmeyercontact@gmail.com\" target=\"_blank\" rel=\"noopener\">florentmeyercontact@gmail.com<\/a>.<\/li>\n<li>L&rsquo;atelier de Fran\u00e7ois Klein (sculpteur sur bois), situ\u00e9 au 13 rue de la Parri\u00e8re au Quieux Le Saulcy. Contact\u00a0: 06-21-65-33-49 ou <a href=\"mailto:francois1klein@gmail.com\" target=\"_blank\" rel=\"noopener\">francois1klein@gmail.com<\/a>.<\/li>\n<li>L&rsquo;atelier de Daphn\u00e9 Demange \u00ab\u00a0Des clique and collecte\u00a0\u00bb (photographe argentique, num\u00e9rique, cyanotype), situ\u00e9 au place Charles-Thumann, au 2e \u00e9tage, \u00e0 Senones. Contact\u00a0: 06-14-66-13-93 ou <a href=\"mailto:daphne.demange@gmail.com\" target=\"_blank\" rel=\"noopener\">daphne.demange@gmail.com<\/a>.<\/li>\n<li>L&rsquo;atelier Volant Vosges de Christophe Meyer (artiste-peintre, graveur, sculpteur), situ\u00e9 au 2 impasse des Acacias au Beulay. Contact\u00a0: 06-77-25-35-95 ou <a href=\"mailto:ateliervolant@free.fr\" target=\"_blank\" rel=\"noopener\">ateliervolant@free.fr<\/a>.<\/li>\n<\/ul>\n<p>J.J.<\/p>\n","protected":false},"excerpt":{"rendered":"<p>Ce week-end des 3 et 4 juin, les ateliers d&rsquo;artistes des Vosges ouvriront leurs ateliers. Une 8e \u00e9dition qui se [&hellip;]<\/p>\n","protected":false},"author":44,"featured_media":65223,"comment_status":"open","ping_status":"open","sticky":false,"template":"","format":"standard","meta":{"footnotes":""},"categories":[460,8019,7847,2915],"tags":[1484,6918],"class_list":["post-65222","post","type-post","status-publish","format-standard","has-post-thumbnail","hentry","category-a-la-une","category-vie-artistique-art-culture","category-art-culture","category-saint-die-son-canton","tag-ouverture-des-ateliers-dartistes","tag-vallee-du-rabodeau"],"acf":[],"yoast_head":"<!-- This site is optimized with the Yoast SEO plugin v22.5 - https:\/\/yoast.com\/wordpress\/plugins\/seo\/ -->\n<title>Vall\u00e9e du Rabodeau \u2013 Ouverture des ateliers d&#039;artistes ce week-end - Saint Die Info<\/title>\n<meta name=\"robots\" content=\"index, follow, max-snippet:-1, max-image-preview:large, max-video-preview:-1\" \/>\n<link rel=\"canonical\" href=\"https:\/\/vosgesinfo.fr\/saintdieinfo\/2023\/05\/vallee-rabodeau-ouverture-ateliers-dartistes-week-end\/\" \/>\n<meta name=\"twitter:card\" content=\"summary_large_image\" \/>\n<meta name=\"twitter:title\" content=\"Vall\u00e9e du Rabodeau \u2013 Ouverture des ateliers d&#039;artistes ce week-end - Saint Die Info\" \/>\n<meta name=\"twitter:description\" content=\"Ce week-end des 3 et 4 juin, les ateliers d&rsquo;artistes des Vosges ouvriront leurs ateliers. Une 8e \u00e9dition qui se [&hellip;]\" \/>\n<meta name=\"twitter:image\" content=\"https:\/\/vosgesinfo.fr\/app\/uploads\/sites\/4\/2024\/08\/202305vallee-rabodeau-ouverture-ateliers-artistes.png\" \/>\n<meta name=\"twitter:creator\" content=\"@VosgesInfo88\" \/>\n<meta name=\"twitter:site\" content=\"@VosgesInfo88\" \/>\n<meta name=\"twitter:label1\" content=\"\u00c9crit par\" \/>\n\t<meta name=\"twitter:data1\" content=\"la r\u00e9daction\" \/>\n\t<meta name=\"twitter:label2\" content=\"Dur\u00e9e de lecture estim\u00e9e\" \/>\n\t<meta name=\"twitter:data2\" content=\"1 minute\" \/>\n<script type=\"application\/ld+json\" class=\"yoast-schema-graph\">{\"@context\":\"https:\/\/schema.org\",\"@graph\":[{\"@type\":\"Article\",\"@id\":\"https:\/\/vosgesinfo.fr\/saintdieinfo\/2023\/05\/vallee-rabodeau-ouverture-ateliers-dartistes-week-end\/#article\",\"isPartOf\":{\"@id\":\"https:\/\/vosgesinfo.fr\/saintdieinfo\/2023\/05\/vallee-rabodeau-ouverture-ateliers-dartistes-week-end\/\"},\"author\":{\"name\":\"la r\u00e9daction\",\"@id\":\"https:\/\/vosgesinfo.fr\/saintdieinfo\/#\/schema\/person\/faee6704a21f3977511db84bd1cd450f\"},\"headline\":\"Vall\u00e9e du Rabodeau \u2013 Ouverture des ateliers d&rsquo;artistes ce week-end\",\"datePublished\":\"2023-05-30T04:58:34+00:00\",\"dateModified\":\"2023-05-30T04:58:34+00:00\",\"mainEntityOfPage\":{\"@id\":\"https:\/\/vosgesinfo.fr\/saintdieinfo\/2023\/05\/vallee-rabodeau-ouverture-ateliers-dartistes-week-end\/\"},\"wordCount\":176,\"commentCount\":0,\"publisher\":{\"@id\":\"https:\/\/vosgesinfo.fr\/saintdieinfo\/#organization\"},\"image\":{\"@id\":\"https:\/\/vosgesinfo.fr\/saintdieinfo\/2023\/05\/vallee-rabodeau-ouverture-ateliers-dartistes-week-end\/#primaryimage\"},\"thumbnailUrl\":\"https:\/\/vosgesinfo.fr\/app\/uploads\/sites\/4\/2024\/08\/202305vallee-rabodeau-ouverture-ateliers-artistes.png\",\"keywords\":[\"Ouverture des ateliers d'artistes\",\"Vall\u00e9e du Rabodeau\"],\"articleSection\":[\"A la Une\",\"Art\",\"Culture\",\"Saint-Di\u00e9-des-Vosges et son Agglom\u00e9ration\"],\"inLanguage\":\"fr-FR\",\"potentialAction\":[{\"@type\":\"CommentAction\",\"name\":\"Comment\",\"target\":[\"https:\/\/vosgesinfo.fr\/saintdieinfo\/2023\/05\/vallee-rabodeau-ouverture-ateliers-dartistes-week-end\/#respond\"]}]},{\"@type\":\"WebPage\",\"@id\":\"https:\/\/vosgesinfo.fr\/saintdieinfo\/2023\/05\/vallee-rabodeau-ouverture-ateliers-dartistes-week-end\/\",\"url\":\"https:\/\/vosgesinfo.fr\/saintdieinfo\/2023\/05\/vallee-rabodeau-ouverture-ateliers-dartistes-week-end\/\",\"name\":\"Vall\u00e9e du Rabodeau \u2013 Ouverture des ateliers d'artistes ce week-end - Saint Die Info\",\"isPartOf\":{\"@id\":\"https:\/\/vosgesinfo.fr\/saintdieinfo\/#website\"},\"primaryImageOfPage\":{\"@id\":\"https:\/\/vosgesinfo.fr\/saintdieinfo\/2023\/05\/vallee-rabodeau-ouverture-ateliers-dartistes-week-end\/#primaryimage\"},\"image\":{\"@id\":\"https:\/\/vosgesinfo.fr\/saintdieinfo\/2023\/05\/vallee-rabodeau-ouverture-ateliers-dartistes-week-end\/#primaryimage\"},\"thumbnailUrl\":\"https:\/\/vosgesinfo.fr\/app\/uploads\/sites\/4\/2024\/08\/202305vallee-rabodeau-ouverture-ateliers-artistes.png\",\"datePublished\":\"2023-05-30T04:58:34+00:00\",\"dateModified\":\"2023-05-30T04:58:34+00:00\",\"breadcrumb\":{\"@id\":\"https:\/\/vosgesinfo.fr\/saintdieinfo\/2023\/05\/vallee-rabodeau-ouverture-ateliers-dartistes-week-end\/#breadcrumb\"},\"inLanguage\":\"fr-FR\",\"potentialAction\":[{\"@type\":\"ReadAction\",\"target\":[\"https:\/\/vosgesinfo.fr\/saintdieinfo\/2023\/05\/vallee-rabodeau-ouverture-ateliers-dartistes-week-end\/\"]}]},{\"@type\":\"ImageObject\",\"inLanguage\":\"fr-FR\",\"@id\":\"https:\/\/vosgesinfo.fr\/saintdieinfo\/2023\/05\/vallee-rabodeau-ouverture-ateliers-dartistes-week-end\/#primaryimage\",\"url\":\"https:\/\/vosgesinfo.fr\/app\/uploads\/sites\/4\/2024\/08\/202305vallee-rabodeau-ouverture-ateliers-artistes.png\",\"contentUrl\":\"https:\/\/vosgesinfo.fr\/app\/uploads\/sites\/4\/2024\/08\/202305vallee-rabodeau-ouverture-ateliers-artistes.png\",\"width\":1414,\"height\":2000},{\"@type\":\"BreadcrumbList\",\"@id\":\"https:\/\/vosgesinfo.fr\/saintdieinfo\/2023\/05\/vallee-rabodeau-ouverture-ateliers-dartistes-week-end\/#breadcrumb\",\"itemListElement\":[{\"@type\":\"ListItem\",\"position\":1,\"name\":\"Home\",\"item\":\"https:\/\/vosgesinfo.fr\/saintdieinfo\/\"},{\"@type\":\"ListItem\",\"position\":2,\"name\":\"Vall\u00e9e du Rabodeau \u2013 Ouverture des ateliers d&rsquo;artistes ce week-end\"}]},{\"@type\":\"WebSite\",\"@id\":\"https:\/\/vosgesinfo.fr\/saintdieinfo\/#website\",\"url\":\"https:\/\/vosgesinfo.fr\/saintdieinfo\/\",\"name\":\"Saint Die Info\",\"description\":\"Toute l&#039;actualit\u00e9 de Saint-Di\u00e9-Des-Vosges\",\"publisher\":{\"@id\":\"https:\/\/vosgesinfo.fr\/saintdieinfo\/#organization\"},\"alternateName\":\"Toute l'actualit\u00e9 de Saint-Di\u00e9-Des-Vosges\",\"potentialAction\":[{\"@type\":\"SearchAction\",\"target\":{\"@type\":\"EntryPoint\",\"urlTemplate\":\"https:\/\/vosgesinfo.fr\/saintdieinfo\/?s={search_term_string}\"},\"query-input\":\"required name=search_term_string\"}],\"inLanguage\":\"fr-FR\"},{\"@type\":\"Organization\",\"@id\":\"https:\/\/vosgesinfo.fr\/saintdieinfo\/#organization\",\"name\":\"Saint Die Info\",\"url\":\"https:\/\/vosgesinfo.fr\/saintdieinfo\/\",\"logo\":{\"@type\":\"ImageObject\",\"inLanguage\":\"fr-FR\",\"@id\":\"https:\/\/vosgesinfo.fr\/saintdieinfo\/#\/schema\/logo\/image\/\",\"url\":\"https:\/\/vosgesinfo.fr\/app\/uploads\/sites\/4\/2024\/02\/logo-sdi.jpg\",\"contentUrl\":\"https:\/\/vosgesinfo.fr\/app\/uploads\/sites\/4\/2024\/02\/logo-sdi.jpg\",\"width\":600,\"height\":600,\"caption\":\"Saint Die Info\"},\"image\":{\"@id\":\"https:\/\/vosgesinfo.fr\/saintdieinfo\/#\/schema\/logo\/image\/\"},\"sameAs\":[\"https:\/\/www.facebook.com\/Saintdieinfofr\",\"https:\/\/x.com\/VosgesInfo88\",\"https:\/\/www.youtube.com\/@vosgesinfo\"]},{\"@type\":\"Person\",\"@id\":\"https:\/\/vosgesinfo.fr\/saintdieinfo\/#\/schema\/person\/faee6704a21f3977511db84bd1cd450f\",\"name\":\"la r\u00e9daction\",\"image\":{\"@type\":\"ImageObject\",\"inLanguage\":\"fr-FR\",\"@id\":\"https:\/\/vosgesinfo.fr\/saintdieinfo\/#\/schema\/person\/image\/\",\"url\":\"https:\/\/secure.gravatar.com\/avatar\/6673d8bc6a9c17fa9a453eaa3448de834fa308c2ec9635b7aa99441a7c8d2cf6?s=96&d=mm&r=g\",\"contentUrl\":\"https:\/\/secure.gravatar.com\/avatar\/6673d8bc6a9c17fa9a453eaa3448de834fa308c2ec9635b7aa99441a7c8d2cf6?s=96&d=mm&r=g\",\"caption\":\"la r\u00e9daction\"},\"url\":\"https:\/\/vosgesinfo.fr\/saintdieinfo\/author\/redac\/\"}]}<\/script>\n<!-- \/ Yoast SEO plugin. -->","yoast_head_json":{"title":"Vall\u00e9e du Rabodeau \u2013 Ouverture des ateliers d'artistes ce week-end - Saint Die Info","robots":{"index":"index","follow":"follow","max-snippet":"max-snippet:-1","max-image-preview":"max-image-preview:large","max-video-preview":"max-video-preview:-1"},"canonical":"https:\/\/vosgesinfo.fr\/saintdieinfo\/2023\/05\/vallee-rabodeau-ouverture-ateliers-dartistes-week-end\/","twitter_card":"summary_large_image","twitter_title":"Vall\u00e9e du Rabodeau \u2013 Ouverture des ateliers d'artistes ce week-end - Saint Die Info","twitter_description":"Ce week-end des 3 et 4 juin, les ateliers d&rsquo;artistes des Vosges ouvriront leurs ateliers. Une 8e \u00e9dition qui se [&hellip;]","twitter_image":"https:\/\/vosgesinfo.fr\/app\/uploads\/sites\/4\/2024\/08\/202305vallee-rabodeau-ouverture-ateliers-artistes.png","twitter_creator":"@VosgesInfo88","twitter_site":"@VosgesInfo88","twitter_misc":{"\u00c9crit par":"la r\u00e9daction","Dur\u00e9e de lecture estim\u00e9e":"1 minute"},"schema":{"@context":"https:\/\/schema.org","@graph":[{"@type":"Article","@id":"https:\/\/vosgesinfo.fr\/saintdieinfo\/2023\/05\/vallee-rabodeau-ouverture-ateliers-dartistes-week-end\/#article","isPartOf":{"@id":"https:\/\/vosgesinfo.fr\/saintdieinfo\/2023\/05\/vallee-rabodeau-ouverture-ateliers-dartistes-week-end\/"},"author":{"name":"la r\u00e9daction","@id":"https:\/\/vosgesinfo.fr\/saintdieinfo\/#\/schema\/person\/faee6704a21f3977511db84bd1cd450f"},"headline":"Vall\u00e9e du Rabodeau \u2013 Ouverture des ateliers d&rsquo;artistes ce week-end","datePublished":"2023-05-30T04:58:34+00:00","dateModified":"2023-05-30T04:58:34+00:00","mainEntityOfPage":{"@id":"https:\/\/vosgesinfo.fr\/saintdieinfo\/2023\/05\/vallee-rabodeau-ouverture-ateliers-dartistes-week-end\/"},"wordCount":176,"commentCount":0,"publisher":{"@id":"https:\/\/vosgesinfo.fr\/saintdieinfo\/#organization"},"image":{"@id":"https:\/\/vosgesinfo.fr\/saintdieinfo\/2023\/05\/vallee-rabodeau-ouverture-ateliers-dartistes-week-end\/#primaryimage"},"thumbnailUrl":"https:\/\/vosgesinfo.fr\/app\/uploads\/sites\/4\/2024\/08\/202305vallee-rabodeau-ouverture-ateliers-artistes.png","keywords":["Ouverture des ateliers d'artistes","Vall\u00e9e du Rabodeau"],"articleSection":["A la Une","Art","Culture","Saint-Di\u00e9-des-Vosges et son Agglom\u00e9ration"],"inLanguage":"fr-FR","potentialAction":[{"@type":"CommentAction","name":"Comment","target":["https:\/\/vosgesinfo.fr\/saintdieinfo\/2023\/05\/vallee-rabodeau-ouverture-ateliers-dartistes-week-end\/#respond"]}]},{"@type":"WebPage","@id":"https:\/\/vosgesinfo.fr\/saintdieinfo\/2023\/05\/vallee-rabodeau-ouverture-ateliers-dartistes-week-end\/","url":"https:\/\/vosgesinfo.fr\/saintdieinfo\/2023\/05\/vallee-rabodeau-ouverture-ateliers-dartistes-week-end\/","name":"Vall\u00e9e du Rabodeau \u2013 Ouverture des ateliers d'artistes ce week-end - Saint Die Info","isPartOf":{"@id":"https:\/\/vosgesinfo.fr\/saintdieinfo\/#website"},"primaryImageOfPage":{"@id":"https:\/\/vosgesinfo.fr\/saintdieinfo\/2023\/05\/vallee-rabodeau-ouverture-ateliers-dartistes-week-end\/#primaryimage"},"image":{"@id":"https:\/\/vosgesinfo.fr\/saintdieinfo\/2023\/05\/vallee-rabodeau-ouverture-ateliers-dartistes-week-end\/#primaryimage"},"thumbnailUrl":"https:\/\/vosgesinfo.fr\/app\/uploads\/sites\/4\/2024\/08\/202305vallee-rabodeau-ouverture-ateliers-artistes.png","datePublished":"2023-05-30T04:58:34+00:00","dateModified":"2023-05-30T04:58:34+00:00","breadcrumb":{"@id":"https:\/\/vosgesinfo.fr\/saintdieinfo\/2023\/05\/vallee-rabodeau-ouverture-ateliers-dartistes-week-end\/#breadcrumb"},"inLanguage":"fr-FR","potentialAction":[{"@type":"ReadAction","target":["https:\/\/vosgesinfo.fr\/saintdieinfo\/2023\/05\/vallee-rabodeau-ouverture-ateliers-dartistes-week-end\/"]}]},{"@type":"ImageObject","inLanguage":"fr-FR","@id":"https:\/\/vosgesinfo.fr\/saintdieinfo\/2023\/05\/vallee-rabodeau-ouverture-ateliers-dartistes-week-end\/#primaryimage","url":"https:\/\/vosgesinfo.fr\/app\/uploads\/sites\/4\/2024\/08\/202305vallee-rabodeau-ouverture-ateliers-artistes.png","contentUrl":"https:\/\/vosgesinfo.fr\/app\/uploads\/sites\/4\/2024\/08\/202305vallee-rabodeau-ouverture-ateliers-artistes.png","width":1414,"height":2000},{"@type":"BreadcrumbList","@id":"https:\/\/vosgesinfo.fr\/saintdieinfo\/2023\/05\/vallee-rabodeau-ouverture-ateliers-dartistes-week-end\/#breadcrumb","itemListElement":[{"@type":"ListItem","position":1,"name":"Home","item":"https:\/\/vosgesinfo.fr\/saintdieinfo\/"},{"@type":"ListItem","position":2,"name":"Vall\u00e9e du Rabodeau \u2013 Ouverture des ateliers d&rsquo;artistes ce week-end"}]},{"@type":"WebSite","@id":"https:\/\/vosgesinfo.fr\/saintdieinfo\/#website","url":"https:\/\/vosgesinfo.fr\/saintdieinfo\/","name":"Saint Die Info","description":"Toute l&#039;actualit\u00e9 de Saint-Di\u00e9-Des-Vosges","publisher":{"@id":"https:\/\/vosgesinfo.fr\/saintdieinfo\/#organization"},"alternateName":"Toute l'actualit\u00e9 de Saint-Di\u00e9-Des-Vosges","potentialAction":[{"@type":"SearchAction","target":{"@type":"EntryPoint","urlTemplate":"https:\/\/vosgesinfo.fr\/saintdieinfo\/?s={search_term_string}"},"query-input":"required name=search_term_string"}],"inLanguage":"fr-FR"},{"@type":"Organization","@id":"https:\/\/vosgesinfo.fr\/saintdieinfo\/#organization","name":"Saint Die Info","url":"https:\/\/vosgesinfo.fr\/saintdieinfo\/","logo":{"@type":"ImageObject","inLanguage":"fr-FR","@id":"https:\/\/vosgesinfo.fr\/saintdieinfo\/#\/schema\/logo\/image\/","url":"https:\/\/vosgesinfo.fr\/app\/uploads\/sites\/4\/2024\/02\/logo-sdi.jpg","contentUrl":"https:\/\/vosgesinfo.fr\/app\/uploads\/sites\/4\/2024\/02\/logo-sdi.jpg","width":600,"height":600,"caption":"Saint Die Info"},"image":{"@id":"https:\/\/vosgesinfo.fr\/saintdieinfo\/#\/schema\/logo\/image\/"},"sameAs":["https:\/\/www.facebook.com\/Saintdieinfofr","https:\/\/x.com\/VosgesInfo88","https:\/\/www.youtube.com\/@vosgesinfo"]},{"@type":"Person","@id":"https:\/\/vosgesinfo.fr\/saintdieinfo\/#\/schema\/person\/faee6704a21f3977511db84bd1cd450f","name":"la r\u00e9daction","image":{"@type":"ImageObject","inLanguage":"fr-FR","@id":"https:\/\/vosgesinfo.fr\/saintdieinfo\/#\/schema\/person\/image\/","url":"https:\/\/secure.gravatar.com\/avatar\/6673d8bc6a9c17fa9a453eaa3448de834fa308c2ec9635b7aa99441a7c8d2cf6?s=96&d=mm&r=g","contentUrl":"https:\/\/secure.gravatar.com\/avatar\/6673d8bc6a9c17fa9a453eaa3448de834fa308c2ec9635b7aa99441a7c8d2cf6?s=96&d=mm&r=g","caption":"la r\u00e9daction"},"url":"https:\/\/vosgesinfo.fr\/saintdieinfo\/author\/redac\/"}]}},"_links":{"self":[{"href":"https:\/\/vosgesinfo.fr\/saintdieinfo\/wp-json\/wp\/v2\/posts\/65222","targetHints":{"allow":["GET"]}}],"collection":[{"href":"https:\/\/vosgesinfo.fr\/saintdieinfo\/wp-json\/wp\/v2\/posts"}],"about":[{"href":"https:\/\/vosgesinfo.fr\/saintdieinfo\/wp-json\/wp\/v2\/types\/post"}],"author":[{"embeddable":true,"href":"https:\/\/vosgesinfo.fr\/saintdieinfo\/wp-json\/wp\/v2\/users\/44"}],"replies":[{"embeddable":true,"href":"https:\/\/vosgesinfo.fr\/saintdieinfo\/wp-json\/wp\/v2\/comments?post=65222"}],"version-history":[{"count":0,"href":"https:\/\/vosgesinfo.fr\/saintdieinfo\/wp-json\/wp\/v2\/posts\/65222\/revisions"}],"wp:featuredmedia":[{"embeddable":true,"href":"https:\/\/vosgesinfo.fr\/saintdieinfo\/wp-json\/wp\/v2\/media\/65223"}],"wp:attachment":[{"href":"https:\/\/vosgesinfo.fr\/saintdieinfo\/wp-json\/wp\/v2\/media?parent=65222"}],"wp:term":[{"taxonomy":"category","embeddable":true,"href":"https:\/\/vosgesinfo.fr\/saintdieinfo\/wp-json\/wp\/v2\/categories?post=65222"},{"taxonomy":"post_tag","embeddable":true,"href":"https:\/\/vosgesinfo.fr\/saintdieinfo\/wp-json\/wp\/v2\/tags?post=65222"}],"curies":[{"name":"wp","href":"https:\/\/api.w.org\/{rel}","templated":true}]}}