{"id":65331,"date":"2023-06-02T14:14:36","date_gmt":"2023-06-02T12:14:36","guid":{"rendered":"https:\/\/vosgesinfo.fr\/saintdieinfo\/2023\/06\/trentaine-de-personnes-formee-a-prise-change-de-larret-cardiaque-a-saint-die-vosges\/"},"modified":"2023-06-02T14:14:36","modified_gmt":"2023-06-02T12:14:36","slug":"trentaine-de-personnes-formee-a-prise-change-de-larret-cardiaque-a-saint-die-vosges","status":"publish","type":"post","link":"https:\/\/vosgesinfo.fr\/saintdieinfo\/2023\/06\/trentaine-de-personnes-formee-a-prise-change-de-larret-cardiaque-a-saint-die-vosges\/","title":{"rendered":"Une trentaine de personnes form\u00e9e \u00e0 la prise en charge  de l\u2019arr\u00eat cardiaque \u00e0 Saint-Di\u00e9-des-Vosges"},"content":{"rendered":"\n<h2><strong><span style=\"font-size: 14pt;\">La session de printemps de la formation \u00e0 la prise en charge\u00a0<\/span><\/strong><strong><span style=\"font-size: 14pt;\">\u00a0de l\u2019arr\u00eat cardiaque du jeudi\u00a0 25 mai a rassembl\u00e9 une trentaine de personnes \u00e0 l\u2019Espace Mitterrand, encadr\u00e9es par 6 personnes du club Coeur et Sant\u00e9 (cardiologue, infirmi\u00e8re et titulaire du PSC1). Quinze personnes avaient d\u00fb se d\u00e9sister dans les jours pr\u00e9c\u00e9dents, la plupart pour des probl\u00e8mes de sant\u00e9.<\/span><\/strong><\/h2>\n<p><!--more--><\/p>\n<p>Dans son introduction, le cardiologue du club a rappel\u00e9 le pronostic tr\u00e8s p\u00e9joratif d\u2019un arr\u00eat cardiaque : la survie n\u2019est actuellement que 5 \u00e0 6 %, sauf si un t\u00e9moin appelle les secours et pratique un massage cardiaque imm\u00e9diatement et qu\u2019il a acc\u00e8s \u00e0 une d\u00e9fibrillateur dans les toutes premi\u00e8res minutes. Dans ce cas la survie est consid\u00e9rablement augment\u00e9e de 34%. Dans des situations tr\u00e8s favorables comme dans les a\u00e9roports ou les casinos de Las V\u00e9gas, on observe m\u00eame des taux de survie de 5 \u00e0 70%.<\/p>\n<p>Apr\u00e8s la pr\u00e9sentation d\u2019un diaporama sur la probl\u00e9matique de l\u2019arr\u00eat cardiaque et les gestes qui sauvent suivi d\u2019une d\u00e9monstration par des membres du club de la prise en charge d\u2019un arr\u00eat cardiaque, chaque participant, guid\u00e9 par une vid\u00e9o a pu passer \u00e0 la la partie pratique de la formation sur un mannequin Mini Anne.<\/p>\n<p>Pour \u00eatre pleinement efficace, il \u00e9t\u00e9 recommand\u00e9 de renouveler cette formation et surtout de la compl\u00e9ter par le dipl\u00f4me de PSC1 (Premiers Secours Civiques de niveau 1) d\u00e9livr\u00e9 par les organismes de secourisme.<\/p>\n<p>La prochaine session aura lieu le<strong> jeudi 23 novembre<\/strong> 2023. Entre temps d\u2019autre initiations du club sont pr\u00e9vues en juin \u00e0 Bruy\u00e8res \u00e0 la demande du service jeunesse de la ville, \u00e0 Nayemont-les Fosses \u00e0 l\u2019initiative de la mairie et dans une classe int\u00e9gr\u00e9e au sein de l\u2019AVSEA suite \u00e0 un contact avec l\u2019enseignante. A l\u2019automne, une formation est programm\u00e9e \u00e0 La Bourgonce \u00e0 la demande du maire de la commune.<\/p>\n<p>Retrouvez le diaporama de cette session : <span style=\"color: #3366ff;\"><a style=\"color: #3366ff;\" href=\"https:\/\/coeuretsante.deodatie.fr\/wp-content\/uploads\/2023\/06\/arret-cardiaque-saint-die-25-5-2023.pdf\" target=\"_blank\" rel=\"noopener\">Arr\u00eat cardiaque-Saint-Di\u00e9-25-5-2023<\/a><\/span><\/p>\n","protected":false},"excerpt":{"rendered":"<p>La session de printemps de la formation \u00e0 la prise en charge\u00a0\u00a0de l\u2019arr\u00eat cardiaque du jeudi\u00a0 25 mai a rassembl\u00e9 [&hellip;]<\/p>\n","protected":false},"author":44,"featured_media":65332,"comment_status":"open","ping_status":"open","sticky":false,"template":"","format":"standard","meta":{"footnotes":""},"categories":[460,2915,4152,13,17],"tags":[3314,3089,14491],"class_list":["post-65331","post","type-post","status-publish","format-standard","has-post-thumbnail","hentry","category-a-la-une","category-saint-die-son-canton","category-sante","category-societe","category-vie-associative","tag-club-coeur-et-sante-de-saint-die-des-vosges","tag-espace-francois-mitterrand","tag-formation-a-la-prise-en-charge-de-larret-cardiaque"],"acf":[],"yoast_head":"<!-- This site is optimized with the Yoast SEO plugin v22.5 - https:\/\/yoast.com\/wordpress\/plugins\/seo\/ -->\n<title>Une trentaine de personnes form\u00e9e \u00e0 la prise en charge de l\u2019arr\u00eat cardiaque \u00e0 Saint-Di\u00e9-des-Vosges - Saint Die Info<\/title>\n<meta name=\"robots\" content=\"index, follow, max-snippet:-1, max-image-preview:large, max-video-preview:-1\" \/>\n<link rel=\"canonical\" href=\"https:\/\/vosgesinfo.fr\/saintdieinfo\/2023\/06\/trentaine-de-personnes-formee-a-prise-change-de-larret-cardiaque-a-saint-die-vosges\/\" \/>\n<meta name=\"twitter:card\" content=\"summary_large_image\" \/>\n<meta name=\"twitter:title\" content=\"Une trentaine de personnes form\u00e9e \u00e0 la prise en charge de l\u2019arr\u00eat cardiaque \u00e0 Saint-Di\u00e9-des-Vosges - Saint Die Info\" \/>\n<meta name=\"twitter:description\" content=\"La session de printemps de la formation \u00e0 la prise en charge\u00a0\u00a0de l\u2019arr\u00eat cardiaque du jeudi\u00a0 25 mai a rassembl\u00e9 [&hellip;]\" \/>\n<meta name=\"twitter:image\" content=\"https:\/\/vosgesinfo.fr\/app\/uploads\/sites\/4\/2024\/08\/202306img-9684-scaled-1.jpg\" \/>\n<meta name=\"twitter:creator\" content=\"@VosgesInfo88\" \/>\n<meta name=\"twitter:site\" content=\"@VosgesInfo88\" \/>\n<meta name=\"twitter:label1\" content=\"\u00c9crit par\" \/>\n\t<meta name=\"twitter:data1\" content=\"la r\u00e9daction\" \/>\n\t<meta name=\"twitter:label2\" content=\"Dur\u00e9e de lecture estim\u00e9e\" \/>\n\t<meta name=\"twitter:data2\" content=\"2 minutes\" \/>\n<script type=\"application\/ld+json\" class=\"yoast-schema-graph\">{\"@context\":\"https:\/\/schema.org\",\"@graph\":[{\"@type\":\"Article\",\"@id\":\"https:\/\/vosgesinfo.fr\/saintdieinfo\/2023\/06\/trentaine-de-personnes-formee-a-prise-change-de-larret-cardiaque-a-saint-die-vosges\/#article\",\"isPartOf\":{\"@id\":\"https:\/\/vosgesinfo.fr\/saintdieinfo\/2023\/06\/trentaine-de-personnes-formee-a-prise-change-de-larret-cardiaque-a-saint-die-vosges\/\"},\"author\":{\"name\":\"la r\u00e9daction\",\"@id\":\"https:\/\/vosgesinfo.fr\/saintdieinfo\/#\/schema\/person\/faee6704a21f3977511db84bd1cd450f\"},\"headline\":\"Une trentaine de personnes form\u00e9e \u00e0 la prise en charge de l\u2019arr\u00eat cardiaque \u00e0 Saint-Di\u00e9-des-Vosges\",\"datePublished\":\"2023-06-02T12:14:36+00:00\",\"dateModified\":\"2023-06-02T12:14:36+00:00\",\"mainEntityOfPage\":{\"@id\":\"https:\/\/vosgesinfo.fr\/saintdieinfo\/2023\/06\/trentaine-de-personnes-formee-a-prise-change-de-larret-cardiaque-a-saint-die-vosges\/\"},\"wordCount\":365,\"commentCount\":0,\"publisher\":{\"@id\":\"https:\/\/vosgesinfo.fr\/saintdieinfo\/#organization\"},\"image\":{\"@id\":\"https:\/\/vosgesinfo.fr\/saintdieinfo\/2023\/06\/trentaine-de-personnes-formee-a-prise-change-de-larret-cardiaque-a-saint-die-vosges\/#primaryimage\"},\"thumbnailUrl\":\"https:\/\/vosgesinfo.fr\/app\/uploads\/sites\/4\/2024\/08\/202306img-9684-scaled-1.jpg\",\"keywords\":[\"Club Coeur et Sant\u00e9 de Saint-Di\u00e9-des-Vosges\",\"Espace Fran\u00e7ois-Mitterrand\",\"Formation \u00e0 la prise en charge de l'arr\u00eat cardiaque\"],\"articleSection\":[\"A la Une\",\"Saint-Di\u00e9-des-Vosges et son Agglom\u00e9ration\",\"Sant\u00e9\",\"Soci\u00e9t\u00e9\",\"Vie Associative\"],\"inLanguage\":\"fr-FR\",\"potentialAction\":[{\"@type\":\"CommentAction\",\"name\":\"Comment\",\"target\":[\"https:\/\/vosgesinfo.fr\/saintdieinfo\/2023\/06\/trentaine-de-personnes-formee-a-prise-change-de-larret-cardiaque-a-saint-die-vosges\/#respond\"]}]},{\"@type\":\"WebPage\",\"@id\":\"https:\/\/vosgesinfo.fr\/saintdieinfo\/2023\/06\/trentaine-de-personnes-formee-a-prise-change-de-larret-cardiaque-a-saint-die-vosges\/\",\"url\":\"https:\/\/vosgesinfo.fr\/saintdieinfo\/2023\/06\/trentaine-de-personnes-formee-a-prise-change-de-larret-cardiaque-a-saint-die-vosges\/\",\"name\":\"Une trentaine de personnes form\u00e9e \u00e0 la prise en charge de l\u2019arr\u00eat cardiaque \u00e0 Saint-Di\u00e9-des-Vosges - Saint Die Info\",\"isPartOf\":{\"@id\":\"https:\/\/vosgesinfo.fr\/saintdieinfo\/#website\"},\"primaryImageOfPage\":{\"@id\":\"https:\/\/vosgesinfo.fr\/saintdieinfo\/2023\/06\/trentaine-de-personnes-formee-a-prise-change-de-larret-cardiaque-a-saint-die-vosges\/#primaryimage\"},\"image\":{\"@id\":\"https:\/\/vosgesinfo.fr\/saintdieinfo\/2023\/06\/trentaine-de-personnes-formee-a-prise-change-de-larret-cardiaque-a-saint-die-vosges\/#primaryimage\"},\"thumbnailUrl\":\"https:\/\/vosgesinfo.fr\/app\/uploads\/sites\/4\/2024\/08\/202306img-9684-scaled-1.jpg\",\"datePublished\":\"2023-06-02T12:14:36+00:00\",\"dateModified\":\"2023-06-02T12:14:36+00:00\",\"breadcrumb\":{\"@id\":\"https:\/\/vosgesinfo.fr\/saintdieinfo\/2023\/06\/trentaine-de-personnes-formee-a-prise-change-de-larret-cardiaque-a-saint-die-vosges\/#breadcrumb\"},\"inLanguage\":\"fr-FR\",\"potentialAction\":[{\"@type\":\"ReadAction\",\"target\":[\"https:\/\/vosgesinfo.fr\/saintdieinfo\/2023\/06\/trentaine-de-personnes-formee-a-prise-change-de-larret-cardiaque-a-saint-die-vosges\/\"]}]},{\"@type\":\"ImageObject\",\"inLanguage\":\"fr-FR\",\"@id\":\"https:\/\/vosgesinfo.fr\/saintdieinfo\/2023\/06\/trentaine-de-personnes-formee-a-prise-change-de-larret-cardiaque-a-saint-die-vosges\/#primaryimage\",\"url\":\"https:\/\/vosgesinfo.fr\/app\/uploads\/sites\/4\/2024\/08\/202306img-9684-scaled-1.jpg\",\"contentUrl\":\"https:\/\/vosgesinfo.fr\/app\/uploads\/sites\/4\/2024\/08\/202306img-9684-scaled-1.jpg\",\"width\":2048,\"height\":1365},{\"@type\":\"BreadcrumbList\",\"@id\":\"https:\/\/vosgesinfo.fr\/saintdieinfo\/2023\/06\/trentaine-de-personnes-formee-a-prise-change-de-larret-cardiaque-a-saint-die-vosges\/#breadcrumb\",\"itemListElement\":[{\"@type\":\"ListItem\",\"position\":1,\"name\":\"Home\",\"item\":\"https:\/\/vosgesinfo.fr\/saintdieinfo\/\"},{\"@type\":\"ListItem\",\"position\":2,\"name\":\"Une trentaine de personnes form\u00e9e \u00e0 la prise en charge de l\u2019arr\u00eat cardiaque \u00e0 Saint-Di\u00e9-des-Vosges\"}]},{\"@type\":\"WebSite\",\"@id\":\"https:\/\/vosgesinfo.fr\/saintdieinfo\/#website\",\"url\":\"https:\/\/vosgesinfo.fr\/saintdieinfo\/\",\"name\":\"Saint Die Info\",\"description\":\"Toute l&#039;actualit\u00e9 de Saint-Di\u00e9-Des-Vosges\",\"publisher\":{\"@id\":\"https:\/\/vosgesinfo.fr\/saintdieinfo\/#organization\"},\"alternateName\":\"Toute l'actualit\u00e9 de Saint-Di\u00e9-Des-Vosges\",\"potentialAction\":[{\"@type\":\"SearchAction\",\"target\":{\"@type\":\"EntryPoint\",\"urlTemplate\":\"https:\/\/vosgesinfo.fr\/saintdieinfo\/?s={search_term_string}\"},\"query-input\":\"required name=search_term_string\"}],\"inLanguage\":\"fr-FR\"},{\"@type\":\"Organization\",\"@id\":\"https:\/\/vosgesinfo.fr\/saintdieinfo\/#organization\",\"name\":\"Saint Die Info\",\"url\":\"https:\/\/vosgesinfo.fr\/saintdieinfo\/\",\"logo\":{\"@type\":\"ImageObject\",\"inLanguage\":\"fr-FR\",\"@id\":\"https:\/\/vosgesinfo.fr\/saintdieinfo\/#\/schema\/logo\/image\/\",\"url\":\"https:\/\/vosgesinfo.fr\/app\/uploads\/sites\/4\/2024\/02\/logo-sdi.jpg\",\"contentUrl\":\"https:\/\/vosgesinfo.fr\/app\/uploads\/sites\/4\/2024\/02\/logo-sdi.jpg\",\"width\":600,\"height\":600,\"caption\":\"Saint Die Info\"},\"image\":{\"@id\":\"https:\/\/vosgesinfo.fr\/saintdieinfo\/#\/schema\/logo\/image\/\"},\"sameAs\":[\"https:\/\/www.facebook.com\/Saintdieinfofr\",\"https:\/\/x.com\/VosgesInfo88\",\"https:\/\/www.youtube.com\/@vosgesinfo\"]},{\"@type\":\"Person\",\"@id\":\"https:\/\/vosgesinfo.fr\/saintdieinfo\/#\/schema\/person\/faee6704a21f3977511db84bd1cd450f\",\"name\":\"la r\u00e9daction\",\"image\":{\"@type\":\"ImageObject\",\"inLanguage\":\"fr-FR\",\"@id\":\"https:\/\/vosgesinfo.fr\/saintdieinfo\/#\/schema\/person\/image\/\",\"url\":\"https:\/\/secure.gravatar.com\/avatar\/6673d8bc6a9c17fa9a453eaa3448de834fa308c2ec9635b7aa99441a7c8d2cf6?s=96&d=mm&r=g\",\"contentUrl\":\"https:\/\/secure.gravatar.com\/avatar\/6673d8bc6a9c17fa9a453eaa3448de834fa308c2ec9635b7aa99441a7c8d2cf6?s=96&d=mm&r=g\",\"caption\":\"la r\u00e9daction\"},\"url\":\"https:\/\/vosgesinfo.fr\/saintdieinfo\/author\/redac\/\"}]}<\/script>\n<!-- \/ Yoast SEO plugin. -->","yoast_head_json":{"title":"Une trentaine de personnes form\u00e9e \u00e0 la prise en charge de l\u2019arr\u00eat cardiaque \u00e0 Saint-Di\u00e9-des-Vosges - Saint Die Info","robots":{"index":"index","follow":"follow","max-snippet":"max-snippet:-1","max-image-preview":"max-image-preview:large","max-video-preview":"max-video-preview:-1"},"canonical":"https:\/\/vosgesinfo.fr\/saintdieinfo\/2023\/06\/trentaine-de-personnes-formee-a-prise-change-de-larret-cardiaque-a-saint-die-vosges\/","twitter_card":"summary_large_image","twitter_title":"Une trentaine de personnes form\u00e9e \u00e0 la prise en charge de l\u2019arr\u00eat cardiaque \u00e0 Saint-Di\u00e9-des-Vosges - Saint Die Info","twitter_description":"La session de printemps de la formation \u00e0 la prise en charge\u00a0\u00a0de l\u2019arr\u00eat cardiaque du jeudi\u00a0 25 mai a rassembl\u00e9 [&hellip;]","twitter_image":"https:\/\/vosgesinfo.fr\/app\/uploads\/sites\/4\/2024\/08\/202306img-9684-scaled-1.jpg","twitter_creator":"@VosgesInfo88","twitter_site":"@VosgesInfo88","twitter_misc":{"\u00c9crit par":"la r\u00e9daction","Dur\u00e9e de lecture estim\u00e9e":"2 minutes"},"schema":{"@context":"https:\/\/schema.org","@graph":[{"@type":"Article","@id":"https:\/\/vosgesinfo.fr\/saintdieinfo\/2023\/06\/trentaine-de-personnes-formee-a-prise-change-de-larret-cardiaque-a-saint-die-vosges\/#article","isPartOf":{"@id":"https:\/\/vosgesinfo.fr\/saintdieinfo\/2023\/06\/trentaine-de-personnes-formee-a-prise-change-de-larret-cardiaque-a-saint-die-vosges\/"},"author":{"name":"la r\u00e9daction","@id":"https:\/\/vosgesinfo.fr\/saintdieinfo\/#\/schema\/person\/faee6704a21f3977511db84bd1cd450f"},"headline":"Une trentaine de personnes form\u00e9e \u00e0 la prise en charge de l\u2019arr\u00eat cardiaque \u00e0 Saint-Di\u00e9-des-Vosges","datePublished":"2023-06-02T12:14:36+00:00","dateModified":"2023-06-02T12:14:36+00:00","mainEntityOfPage":{"@id":"https:\/\/vosgesinfo.fr\/saintdieinfo\/2023\/06\/trentaine-de-personnes-formee-a-prise-change-de-larret-cardiaque-a-saint-die-vosges\/"},"wordCount":365,"commentCount":0,"publisher":{"@id":"https:\/\/vosgesinfo.fr\/saintdieinfo\/#organization"},"image":{"@id":"https:\/\/vosgesinfo.fr\/saintdieinfo\/2023\/06\/trentaine-de-personnes-formee-a-prise-change-de-larret-cardiaque-a-saint-die-vosges\/#primaryimage"},"thumbnailUrl":"https:\/\/vosgesinfo.fr\/app\/uploads\/sites\/4\/2024\/08\/202306img-9684-scaled-1.jpg","keywords":["Club Coeur et Sant\u00e9 de Saint-Di\u00e9-des-Vosges","Espace Fran\u00e7ois-Mitterrand","Formation \u00e0 la prise en charge de l'arr\u00eat cardiaque"],"articleSection":["A la Une","Saint-Di\u00e9-des-Vosges et son Agglom\u00e9ration","Sant\u00e9","Soci\u00e9t\u00e9","Vie Associative"],"inLanguage":"fr-FR","potentialAction":[{"@type":"CommentAction","name":"Comment","target":["https:\/\/vosgesinfo.fr\/saintdieinfo\/2023\/06\/trentaine-de-personnes-formee-a-prise-change-de-larret-cardiaque-a-saint-die-vosges\/#respond"]}]},{"@type":"WebPage","@id":"https:\/\/vosgesinfo.fr\/saintdieinfo\/2023\/06\/trentaine-de-personnes-formee-a-prise-change-de-larret-cardiaque-a-saint-die-vosges\/","url":"https:\/\/vosgesinfo.fr\/saintdieinfo\/2023\/06\/trentaine-de-personnes-formee-a-prise-change-de-larret-cardiaque-a-saint-die-vosges\/","name":"Une trentaine de personnes form\u00e9e \u00e0 la prise en charge de l\u2019arr\u00eat cardiaque \u00e0 Saint-Di\u00e9-des-Vosges - Saint Die Info","isPartOf":{"@id":"https:\/\/vosgesinfo.fr\/saintdieinfo\/#website"},"primaryImageOfPage":{"@id":"https:\/\/vosgesinfo.fr\/saintdieinfo\/2023\/06\/trentaine-de-personnes-formee-a-prise-change-de-larret-cardiaque-a-saint-die-vosges\/#primaryimage"},"image":{"@id":"https:\/\/vosgesinfo.fr\/saintdieinfo\/2023\/06\/trentaine-de-personnes-formee-a-prise-change-de-larret-cardiaque-a-saint-die-vosges\/#primaryimage"},"thumbnailUrl":"https:\/\/vosgesinfo.fr\/app\/uploads\/sites\/4\/2024\/08\/202306img-9684-scaled-1.jpg","datePublished":"2023-06-02T12:14:36+00:00","dateModified":"2023-06-02T12:14:36+00:00","breadcrumb":{"@id":"https:\/\/vosgesinfo.fr\/saintdieinfo\/2023\/06\/trentaine-de-personnes-formee-a-prise-change-de-larret-cardiaque-a-saint-die-vosges\/#breadcrumb"},"inLanguage":"fr-FR","potentialAction":[{"@type":"ReadAction","target":["https:\/\/vosgesinfo.fr\/saintdieinfo\/2023\/06\/trentaine-de-personnes-formee-a-prise-change-de-larret-cardiaque-a-saint-die-vosges\/"]}]},{"@type":"ImageObject","inLanguage":"fr-FR","@id":"https:\/\/vosgesinfo.fr\/saintdieinfo\/2023\/06\/trentaine-de-personnes-formee-a-prise-change-de-larret-cardiaque-a-saint-die-vosges\/#primaryimage","url":"https:\/\/vosgesinfo.fr\/app\/uploads\/sites\/4\/2024\/08\/202306img-9684-scaled-1.jpg","contentUrl":"https:\/\/vosgesinfo.fr\/app\/uploads\/sites\/4\/2024\/08\/202306img-9684-scaled-1.jpg","width":2048,"height":1365},{"@type":"BreadcrumbList","@id":"https:\/\/vosgesinfo.fr\/saintdieinfo\/2023\/06\/trentaine-de-personnes-formee-a-prise-change-de-larret-cardiaque-a-saint-die-vosges\/#breadcrumb","itemListElement":[{"@type":"ListItem","position":1,"name":"Home","item":"https:\/\/vosgesinfo.fr\/saintdieinfo\/"},{"@type":"ListItem","position":2,"name":"Une trentaine de personnes form\u00e9e \u00e0 la prise en charge de l\u2019arr\u00eat cardiaque \u00e0 Saint-Di\u00e9-des-Vosges"}]},{"@type":"WebSite","@id":"https:\/\/vosgesinfo.fr\/saintdieinfo\/#website","url":"https:\/\/vosgesinfo.fr\/saintdieinfo\/","name":"Saint Die Info","description":"Toute l&#039;actualit\u00e9 de Saint-Di\u00e9-Des-Vosges","publisher":{"@id":"https:\/\/vosgesinfo.fr\/saintdieinfo\/#organization"},"alternateName":"Toute l'actualit\u00e9 de Saint-Di\u00e9-Des-Vosges","potentialAction":[{"@type":"SearchAction","target":{"@type":"EntryPoint","urlTemplate":"https:\/\/vosgesinfo.fr\/saintdieinfo\/?s={search_term_string}"},"query-input":"required name=search_term_string"}],"inLanguage":"fr-FR"},{"@type":"Organization","@id":"https:\/\/vosgesinfo.fr\/saintdieinfo\/#organization","name":"Saint Die Info","url":"https:\/\/vosgesinfo.fr\/saintdieinfo\/","logo":{"@type":"ImageObject","inLanguage":"fr-FR","@id":"https:\/\/vosgesinfo.fr\/saintdieinfo\/#\/schema\/logo\/image\/","url":"https:\/\/vosgesinfo.fr\/app\/uploads\/sites\/4\/2024\/02\/logo-sdi.jpg","contentUrl":"https:\/\/vosgesinfo.fr\/app\/uploads\/sites\/4\/2024\/02\/logo-sdi.jpg","width":600,"height":600,"caption":"Saint Die Info"},"image":{"@id":"https:\/\/vosgesinfo.fr\/saintdieinfo\/#\/schema\/logo\/image\/"},"sameAs":["https:\/\/www.facebook.com\/Saintdieinfofr","https:\/\/x.com\/VosgesInfo88","https:\/\/www.youtube.com\/@vosgesinfo"]},{"@type":"Person","@id":"https:\/\/vosgesinfo.fr\/saintdieinfo\/#\/schema\/person\/faee6704a21f3977511db84bd1cd450f","name":"la r\u00e9daction","image":{"@type":"ImageObject","inLanguage":"fr-FR","@id":"https:\/\/vosgesinfo.fr\/saintdieinfo\/#\/schema\/person\/image\/","url":"https:\/\/secure.gravatar.com\/avatar\/6673d8bc6a9c17fa9a453eaa3448de834fa308c2ec9635b7aa99441a7c8d2cf6?s=96&d=mm&r=g","contentUrl":"https:\/\/secure.gravatar.com\/avatar\/6673d8bc6a9c17fa9a453eaa3448de834fa308c2ec9635b7aa99441a7c8d2cf6?s=96&d=mm&r=g","caption":"la r\u00e9daction"},"url":"https:\/\/vosgesinfo.fr\/saintdieinfo\/author\/redac\/"}]}},"_links":{"self":[{"href":"https:\/\/vosgesinfo.fr\/saintdieinfo\/wp-json\/wp\/v2\/posts\/65331","targetHints":{"allow":["GET"]}}],"collection":[{"href":"https:\/\/vosgesinfo.fr\/saintdieinfo\/wp-json\/wp\/v2\/posts"}],"about":[{"href":"https:\/\/vosgesinfo.fr\/saintdieinfo\/wp-json\/wp\/v2\/types\/post"}],"author":[{"embeddable":true,"href":"https:\/\/vosgesinfo.fr\/saintdieinfo\/wp-json\/wp\/v2\/users\/44"}],"replies":[{"embeddable":true,"href":"https:\/\/vosgesinfo.fr\/saintdieinfo\/wp-json\/wp\/v2\/comments?post=65331"}],"version-history":[{"count":0,"href":"https:\/\/vosgesinfo.fr\/saintdieinfo\/wp-json\/wp\/v2\/posts\/65331\/revisions"}],"wp:featuredmedia":[{"embeddable":true,"href":"https:\/\/vosgesinfo.fr\/saintdieinfo\/wp-json\/wp\/v2\/media\/65332"}],"wp:attachment":[{"href":"https:\/\/vosgesinfo.fr\/saintdieinfo\/wp-json\/wp\/v2\/media?parent=65331"}],"wp:term":[{"taxonomy":"category","embeddable":true,"href":"https:\/\/vosgesinfo.fr\/saintdieinfo\/wp-json\/wp\/v2\/categories?post=65331"},{"taxonomy":"post_tag","embeddable":true,"href":"https:\/\/vosgesinfo.fr\/saintdieinfo\/wp-json\/wp\/v2\/tags?post=65331"}],"curies":[{"name":"wp","href":"https:\/\/api.w.org\/{rel}","templated":true}]}}