{"id":65444,"date":"2023-06-07T07:30:43","date_gmt":"2023-06-07T05:30:43","guid":{"rendered":"https:\/\/vosgesinfo.fr\/saintdieinfo\/2023\/06\/vosges-conseil-departemental-vote-plus-de-17-million-de-faveur-collectivites-territoriales\/"},"modified":"2023-06-07T07:30:43","modified_gmt":"2023-06-07T05:30:43","slug":"vosges-conseil-departemental-vote-plus-de-17-million-de-faveur-collectivites-territoriales","status":"publish","type":"post","link":"https:\/\/vosgesinfo.fr\/saintdieinfo\/2023\/06\/vosges-conseil-departemental-vote-plus-de-17-million-de-faveur-collectivites-territoriales\/","title":{"rendered":"Vosges \u2013 Le Conseil D\u00e9partemental vote plus de 1,7 million d&rsquo;\u20ac en faveur des collectivit\u00e9s territoriales"},"content":{"rendered":"<div id=\"attachment_190235\" style=\"width: 970px\" class=\"wp-caption aligncenter\"><a href=\"\/2022\/09\/CD88.jpg\" target=\"_blank\" rel=\"noopener\"><img decoding=\"async\" aria-describedby=\"caption-attachment-190235\" class=\"wp-image-190235 size-large\" src=\"\/2022\/09\/CD88-1024x576.jpg\" alt=\"CD88\" width=\"960\" height=\"540\" \/><\/a><p id=\"caption-attachment-190235\" class=\"wp-caption-text\">(Archive CD88)<\/p><\/div>\n<h2><strong><span style=\"font-size: 14pt;\">Au cours de la derni\u00e8re Commission permanente du Conseil D\u00e9partemental des Vosges, les \u00e9lus, r\u00e9unis sous la pr\u00e9sidence de Fran\u00e7ois Vannson, ont examin\u00e9 et vot\u00e9 53 rapports concernant le tourisme, les collectivit\u00e9s territoriales\u2026<\/span><\/strong><\/h2>\n<p><!--more--><\/p>\n<h3><strong><span style=\"font-size: 12pt;\">Tourisme<\/span><\/strong><\/h3>\n<p>Les \u00e9lus d\u00e9partementaux ont approuv\u00e9 une aide de 272\u00a0290 euros concernant 6 dossiers relatifs \u00e0 l\u2019immobilier d\u2019entreprises touristiques<\/p>\n<p>39.390 euros ont ainsi notamment \u00e9t\u00e9 allou\u00e9s afin de permettre la l\u2019am\u00e9nagement int\u00e9rieur de deux chalets, la r\u00e9novation partielle du centre de soins avec cr\u00e9ation de vastes douches et d\u2019un hammam.<\/p>\n<h3><strong><span style=\"font-size: 12pt;\">Economie<\/span><\/strong><\/h3>\n<p>Le D\u00e9partement des Vosges et la CCI unissent leurs efforts via une convention. Le D\u00e9partement alloue ainsi une subvention de 150\u00a0800 euros afin de soutenir les actions suivantes\u00a0: l\u2019attractivit\u00e9 du territoire, la promotion de la Maison de la Montagne.<\/p>\n<h3><strong><span style=\"font-size: 12pt;\">Agriculture<\/span><\/strong><\/h3>\n<p>Le D\u00e9partement soutient l\u2019agriculture et a sign\u00e9 une convention avec la Chambre d\u2019Agriculture lui allouant ainsi une subvention de 98\u00a0000 euros afin notamment d\u2019animer l\u2019observatoire de l\u2019agriculture vosgienne, soutenir la fili\u00e8re maraichage et l\u00e9gumi\u00e8re&#8230;<\/p>\n<h3><strong><span style=\"font-size: 12pt;\">Collectivit\u00e9s territoriales<\/span><\/strong><\/h3>\n<p><strong>1\u00a0751 711 \u00a0euros seront allou\u00e9s afin de soutenir 46 dossiers de collectivit\u00e9s territoriales.<\/strong><\/p>\n<p>695\u00a0210 euros permettront de soutenir la r\u00e9habilitation du cin\u00e9ma intercommunal de Vagney, la maison s\u00e9niors de Lerrain et la politique locale de l\u2019habitat dans la canton de Vittel<\/p>\n<p><strong>15 projets <\/strong>concernent la voirie communale pour 148\u00a0302 euros<\/p>\n<p><strong>3 projets<\/strong> concernent l\u2019am\u00e9nagement global de voirie pour 144\u00a0281 euros<\/p>\n<p><strong>2 projets<\/strong> concernent l\u2019am\u00e9nagement global de traverse pour 148\u00a0452 euros<\/p>\n<p><strong>11 projets<\/strong> concernent l\u2019\u00e9clairage public pour 95\u00a0634 euros<\/p>\n<p><strong>2 projets<\/strong> concernent l\u2019am\u00e9nagement en bordure des routes d\u00e9partementales 38\u00a0089 euros<\/p>\n<p><strong>2 projets<\/strong> concernent le patrimoine pour 8\u00a0859 euros<\/p>\n<p><strong>3 projets<\/strong> concernent la r\u00e9novation \u00e9nerg\u00e9tique pour 63\u00a0920 euros<\/p>\n<p><strong>1 projet<\/strong> concerne les monuments historiques pour 10\u00a0847 euros<\/p>\n<p><strong>1 projet <\/strong>concerne une structure d\u2019accueil petite enfance pour\u00a0 7987 euros<\/p>\n<p><strong>2 projets<\/strong> concernent l\u2019eau potable pour 142\u00a0080 euros<\/p>\n<p><strong>1 projet <\/strong>concerne l\u2019assainissement pour 207\u00a0500 euros<\/p>\n<p><strong>3 projets<\/strong> concernent les travaux d\u2019int\u00e9r\u00eats divers pour 40\u00a0550 euros<\/p>\n","protected":false},"excerpt":{"rendered":"<p>Au cours de la derni\u00e8re Commission permanente du Conseil D\u00e9partemental des Vosges, les \u00e9lus, r\u00e9unis sous la pr\u00e9sidence de Fran\u00e7ois [&hellip;]<\/p>\n","protected":false},"author":44,"featured_media":25958,"comment_status":"open","ping_status":"open","sticky":false,"template":"","format":"standard","meta":{"footnotes":""},"categories":[460,10,18],"tags":[3953,529],"class_list":["post-65444","post","type-post","status-publish","format-standard","has-post-thumbnail","hentry","category-a-la-une","category-politique","category-vosges","tag-commission-permanente-du-conseil-departemental-des-vosges","tag-conseil-departemental-des-vosges"],"acf":[],"yoast_head":"<!-- This site is optimized with the Yoast SEO plugin v22.5 - https:\/\/yoast.com\/wordpress\/plugins\/seo\/ -->\n<title>Vosges \u2013 Le Conseil D\u00e9partemental vote plus de 1,7 million d&#039;\u20ac en faveur des collectivit\u00e9s territoriales - Saint Die Info<\/title>\n<meta name=\"robots\" content=\"index, follow, max-snippet:-1, max-image-preview:large, max-video-preview:-1\" \/>\n<link rel=\"canonical\" href=\"https:\/\/vosgesinfo.fr\/saintdieinfo\/2023\/06\/vosges-conseil-departemental-vote-plus-de-17-million-de-faveur-collectivites-territoriales\/\" \/>\n<meta name=\"twitter:card\" content=\"summary_large_image\" \/>\n<meta name=\"twitter:title\" content=\"Vosges \u2013 Le Conseil D\u00e9partemental vote plus de 1,7 million d&#039;\u20ac en faveur des collectivit\u00e9s territoriales - Saint Die Info\" \/>\n<meta name=\"twitter:description\" content=\"Au cours de la derni\u00e8re Commission permanente du Conseil D\u00e9partemental des Vosges, les \u00e9lus, r\u00e9unis sous la pr\u00e9sidence de Fran\u00e7ois [&hellip;]\" \/>\n<meta name=\"twitter:image\" content=\"https:\/\/vosgesinfo.fr\/app\/uploads\/sites\/4\/2022\/09\/cd88.jpg\" \/>\n<meta name=\"twitter:creator\" content=\"@VosgesInfo88\" \/>\n<meta name=\"twitter:site\" content=\"@VosgesInfo88\" \/>\n<meta name=\"twitter:label1\" content=\"\u00c9crit par\" \/>\n\t<meta name=\"twitter:data1\" content=\"la r\u00e9daction\" \/>\n\t<meta name=\"twitter:label2\" content=\"Dur\u00e9e de lecture estim\u00e9e\" \/>\n\t<meta name=\"twitter:data2\" content=\"2 minutes\" \/>\n<script type=\"application\/ld+json\" class=\"yoast-schema-graph\">{\"@context\":\"https:\/\/schema.org\",\"@graph\":[{\"@type\":\"Article\",\"@id\":\"https:\/\/vosgesinfo.fr\/saintdieinfo\/2023\/06\/vosges-conseil-departemental-vote-plus-de-17-million-de-faveur-collectivites-territoriales\/#article\",\"isPartOf\":{\"@id\":\"https:\/\/vosgesinfo.fr\/saintdieinfo\/2023\/06\/vosges-conseil-departemental-vote-plus-de-17-million-de-faveur-collectivites-territoriales\/\"},\"author\":{\"name\":\"la r\u00e9daction\",\"@id\":\"https:\/\/vosgesinfo.fr\/saintdieinfo\/#\/schema\/person\/faee6704a21f3977511db84bd1cd450f\"},\"headline\":\"Vosges \u2013 Le Conseil D\u00e9partemental vote plus de 1,7 million d&rsquo;\u20ac en faveur des collectivit\u00e9s territoriales\",\"datePublished\":\"2023-06-07T05:30:43+00:00\",\"dateModified\":\"2023-06-07T05:30:43+00:00\",\"mainEntityOfPage\":{\"@id\":\"https:\/\/vosgesinfo.fr\/saintdieinfo\/2023\/06\/vosges-conseil-departemental-vote-plus-de-17-million-de-faveur-collectivites-territoriales\/\"},\"wordCount\":352,\"commentCount\":0,\"publisher\":{\"@id\":\"https:\/\/vosgesinfo.fr\/saintdieinfo\/#organization\"},\"image\":{\"@id\":\"https:\/\/vosgesinfo.fr\/saintdieinfo\/2023\/06\/vosges-conseil-departemental-vote-plus-de-17-million-de-faveur-collectivites-territoriales\/#primaryimage\"},\"thumbnailUrl\":\"https:\/\/vosgesinfo.fr\/app\/uploads\/sites\/4\/2022\/09\/cd88.jpg\",\"keywords\":[\"Commission permanente du Conseil D\u00e9partemental des Vosges\",\"Conseil d\u00e9partemental des Vosges\"],\"articleSection\":[\"A la Une\",\"Politique\",\"Vosges\"],\"inLanguage\":\"fr-FR\",\"potentialAction\":[{\"@type\":\"CommentAction\",\"name\":\"Comment\",\"target\":[\"https:\/\/vosgesinfo.fr\/saintdieinfo\/2023\/06\/vosges-conseil-departemental-vote-plus-de-17-million-de-faveur-collectivites-territoriales\/#respond\"]}]},{\"@type\":\"WebPage\",\"@id\":\"https:\/\/vosgesinfo.fr\/saintdieinfo\/2023\/06\/vosges-conseil-departemental-vote-plus-de-17-million-de-faveur-collectivites-territoriales\/\",\"url\":\"https:\/\/vosgesinfo.fr\/saintdieinfo\/2023\/06\/vosges-conseil-departemental-vote-plus-de-17-million-de-faveur-collectivites-territoriales\/\",\"name\":\"Vosges \u2013 Le Conseil D\u00e9partemental vote plus de 1,7 million d'\u20ac en faveur des collectivit\u00e9s territoriales - Saint Die Info\",\"isPartOf\":{\"@id\":\"https:\/\/vosgesinfo.fr\/saintdieinfo\/#website\"},\"primaryImageOfPage\":{\"@id\":\"https:\/\/vosgesinfo.fr\/saintdieinfo\/2023\/06\/vosges-conseil-departemental-vote-plus-de-17-million-de-faveur-collectivites-territoriales\/#primaryimage\"},\"image\":{\"@id\":\"https:\/\/vosgesinfo.fr\/saintdieinfo\/2023\/06\/vosges-conseil-departemental-vote-plus-de-17-million-de-faveur-collectivites-territoriales\/#primaryimage\"},\"thumbnailUrl\":\"https:\/\/vosgesinfo.fr\/app\/uploads\/sites\/4\/2022\/09\/cd88.jpg\",\"datePublished\":\"2023-06-07T05:30:43+00:00\",\"dateModified\":\"2023-06-07T05:30:43+00:00\",\"breadcrumb\":{\"@id\":\"https:\/\/vosgesinfo.fr\/saintdieinfo\/2023\/06\/vosges-conseil-departemental-vote-plus-de-17-million-de-faveur-collectivites-territoriales\/#breadcrumb\"},\"inLanguage\":\"fr-FR\",\"potentialAction\":[{\"@type\":\"ReadAction\",\"target\":[\"https:\/\/vosgesinfo.fr\/saintdieinfo\/2023\/06\/vosges-conseil-departemental-vote-plus-de-17-million-de-faveur-collectivites-territoriales\/\"]}]},{\"@type\":\"ImageObject\",\"inLanguage\":\"fr-FR\",\"@id\":\"https:\/\/vosgesinfo.fr\/saintdieinfo\/2023\/06\/vosges-conseil-departemental-vote-plus-de-17-million-de-faveur-collectivites-territoriales\/#primaryimage\",\"url\":\"https:\/\/vosgesinfo.fr\/app\/uploads\/sites\/4\/2022\/09\/cd88.jpg\",\"contentUrl\":\"https:\/\/vosgesinfo.fr\/app\/uploads\/sites\/4\/2022\/09\/cd88.jpg\",\"width\":1600,\"height\":900},{\"@type\":\"BreadcrumbList\",\"@id\":\"https:\/\/vosgesinfo.fr\/saintdieinfo\/2023\/06\/vosges-conseil-departemental-vote-plus-de-17-million-de-faveur-collectivites-territoriales\/#breadcrumb\",\"itemListElement\":[{\"@type\":\"ListItem\",\"position\":1,\"name\":\"Home\",\"item\":\"https:\/\/vosgesinfo.fr\/saintdieinfo\/\"},{\"@type\":\"ListItem\",\"position\":2,\"name\":\"Vosges \u2013 Le Conseil D\u00e9partemental vote plus de 1,7 million d&rsquo;\u20ac en faveur des collectivit\u00e9s territoriales\"}]},{\"@type\":\"WebSite\",\"@id\":\"https:\/\/vosgesinfo.fr\/saintdieinfo\/#website\",\"url\":\"https:\/\/vosgesinfo.fr\/saintdieinfo\/\",\"name\":\"Saint Die Info\",\"description\":\"Toute l&#039;actualit\u00e9 de Saint-Di\u00e9-Des-Vosges\",\"publisher\":{\"@id\":\"https:\/\/vosgesinfo.fr\/saintdieinfo\/#organization\"},\"alternateName\":\"Toute l'actualit\u00e9 de Saint-Di\u00e9-Des-Vosges\",\"potentialAction\":[{\"@type\":\"SearchAction\",\"target\":{\"@type\":\"EntryPoint\",\"urlTemplate\":\"https:\/\/vosgesinfo.fr\/saintdieinfo\/?s={search_term_string}\"},\"query-input\":\"required name=search_term_string\"}],\"inLanguage\":\"fr-FR\"},{\"@type\":\"Organization\",\"@id\":\"https:\/\/vosgesinfo.fr\/saintdieinfo\/#organization\",\"name\":\"Saint Die Info\",\"url\":\"https:\/\/vosgesinfo.fr\/saintdieinfo\/\",\"logo\":{\"@type\":\"ImageObject\",\"inLanguage\":\"fr-FR\",\"@id\":\"https:\/\/vosgesinfo.fr\/saintdieinfo\/#\/schema\/logo\/image\/\",\"url\":\"https:\/\/vosgesinfo.fr\/app\/uploads\/sites\/4\/2024\/02\/logo-sdi.jpg\",\"contentUrl\":\"https:\/\/vosgesinfo.fr\/app\/uploads\/sites\/4\/2024\/02\/logo-sdi.jpg\",\"width\":600,\"height\":600,\"caption\":\"Saint Die Info\"},\"image\":{\"@id\":\"https:\/\/vosgesinfo.fr\/saintdieinfo\/#\/schema\/logo\/image\/\"},\"sameAs\":[\"https:\/\/www.facebook.com\/Saintdieinfofr\",\"https:\/\/x.com\/VosgesInfo88\",\"https:\/\/www.youtube.com\/@vosgesinfo\"]},{\"@type\":\"Person\",\"@id\":\"https:\/\/vosgesinfo.fr\/saintdieinfo\/#\/schema\/person\/faee6704a21f3977511db84bd1cd450f\",\"name\":\"la r\u00e9daction\",\"image\":{\"@type\":\"ImageObject\",\"inLanguage\":\"fr-FR\",\"@id\":\"https:\/\/vosgesinfo.fr\/saintdieinfo\/#\/schema\/person\/image\/\",\"url\":\"https:\/\/secure.gravatar.com\/avatar\/6673d8bc6a9c17fa9a453eaa3448de834fa308c2ec9635b7aa99441a7c8d2cf6?s=96&d=mm&r=g\",\"contentUrl\":\"https:\/\/secure.gravatar.com\/avatar\/6673d8bc6a9c17fa9a453eaa3448de834fa308c2ec9635b7aa99441a7c8d2cf6?s=96&d=mm&r=g\",\"caption\":\"la r\u00e9daction\"},\"url\":\"https:\/\/vosgesinfo.fr\/saintdieinfo\/author\/redac\/\"}]}<\/script>\n<!-- \/ Yoast SEO plugin. -->","yoast_head_json":{"title":"Vosges \u2013 Le Conseil D\u00e9partemental vote plus de 1,7 million d'\u20ac en faveur des collectivit\u00e9s territoriales - Saint Die Info","robots":{"index":"index","follow":"follow","max-snippet":"max-snippet:-1","max-image-preview":"max-image-preview:large","max-video-preview":"max-video-preview:-1"},"canonical":"https:\/\/vosgesinfo.fr\/saintdieinfo\/2023\/06\/vosges-conseil-departemental-vote-plus-de-17-million-de-faveur-collectivites-territoriales\/","twitter_card":"summary_large_image","twitter_title":"Vosges \u2013 Le Conseil D\u00e9partemental vote plus de 1,7 million d'\u20ac en faveur des collectivit\u00e9s territoriales - Saint Die Info","twitter_description":"Au cours de la derni\u00e8re Commission permanente du Conseil D\u00e9partemental des Vosges, les \u00e9lus, r\u00e9unis sous la pr\u00e9sidence de Fran\u00e7ois [&hellip;]","twitter_image":"https:\/\/vosgesinfo.fr\/app\/uploads\/sites\/4\/2022\/09\/cd88.jpg","twitter_creator":"@VosgesInfo88","twitter_site":"@VosgesInfo88","twitter_misc":{"\u00c9crit par":"la r\u00e9daction","Dur\u00e9e de lecture estim\u00e9e":"2 minutes"},"schema":{"@context":"https:\/\/schema.org","@graph":[{"@type":"Article","@id":"https:\/\/vosgesinfo.fr\/saintdieinfo\/2023\/06\/vosges-conseil-departemental-vote-plus-de-17-million-de-faveur-collectivites-territoriales\/#article","isPartOf":{"@id":"https:\/\/vosgesinfo.fr\/saintdieinfo\/2023\/06\/vosges-conseil-departemental-vote-plus-de-17-million-de-faveur-collectivites-territoriales\/"},"author":{"name":"la r\u00e9daction","@id":"https:\/\/vosgesinfo.fr\/saintdieinfo\/#\/schema\/person\/faee6704a21f3977511db84bd1cd450f"},"headline":"Vosges \u2013 Le Conseil D\u00e9partemental vote plus de 1,7 million d&rsquo;\u20ac en faveur des collectivit\u00e9s territoriales","datePublished":"2023-06-07T05:30:43+00:00","dateModified":"2023-06-07T05:30:43+00:00","mainEntityOfPage":{"@id":"https:\/\/vosgesinfo.fr\/saintdieinfo\/2023\/06\/vosges-conseil-departemental-vote-plus-de-17-million-de-faveur-collectivites-territoriales\/"},"wordCount":352,"commentCount":0,"publisher":{"@id":"https:\/\/vosgesinfo.fr\/saintdieinfo\/#organization"},"image":{"@id":"https:\/\/vosgesinfo.fr\/saintdieinfo\/2023\/06\/vosges-conseil-departemental-vote-plus-de-17-million-de-faveur-collectivites-territoriales\/#primaryimage"},"thumbnailUrl":"https:\/\/vosgesinfo.fr\/app\/uploads\/sites\/4\/2022\/09\/cd88.jpg","keywords":["Commission permanente du Conseil D\u00e9partemental des Vosges","Conseil d\u00e9partemental des Vosges"],"articleSection":["A la Une","Politique","Vosges"],"inLanguage":"fr-FR","potentialAction":[{"@type":"CommentAction","name":"Comment","target":["https:\/\/vosgesinfo.fr\/saintdieinfo\/2023\/06\/vosges-conseil-departemental-vote-plus-de-17-million-de-faveur-collectivites-territoriales\/#respond"]}]},{"@type":"WebPage","@id":"https:\/\/vosgesinfo.fr\/saintdieinfo\/2023\/06\/vosges-conseil-departemental-vote-plus-de-17-million-de-faveur-collectivites-territoriales\/","url":"https:\/\/vosgesinfo.fr\/saintdieinfo\/2023\/06\/vosges-conseil-departemental-vote-plus-de-17-million-de-faveur-collectivites-territoriales\/","name":"Vosges \u2013 Le Conseil D\u00e9partemental vote plus de 1,7 million d'\u20ac en faveur des collectivit\u00e9s territoriales - Saint Die Info","isPartOf":{"@id":"https:\/\/vosgesinfo.fr\/saintdieinfo\/#website"},"primaryImageOfPage":{"@id":"https:\/\/vosgesinfo.fr\/saintdieinfo\/2023\/06\/vosges-conseil-departemental-vote-plus-de-17-million-de-faveur-collectivites-territoriales\/#primaryimage"},"image":{"@id":"https:\/\/vosgesinfo.fr\/saintdieinfo\/2023\/06\/vosges-conseil-departemental-vote-plus-de-17-million-de-faveur-collectivites-territoriales\/#primaryimage"},"thumbnailUrl":"https:\/\/vosgesinfo.fr\/app\/uploads\/sites\/4\/2022\/09\/cd88.jpg","datePublished":"2023-06-07T05:30:43+00:00","dateModified":"2023-06-07T05:30:43+00:00","breadcrumb":{"@id":"https:\/\/vosgesinfo.fr\/saintdieinfo\/2023\/06\/vosges-conseil-departemental-vote-plus-de-17-million-de-faveur-collectivites-territoriales\/#breadcrumb"},"inLanguage":"fr-FR","potentialAction":[{"@type":"ReadAction","target":["https:\/\/vosgesinfo.fr\/saintdieinfo\/2023\/06\/vosges-conseil-departemental-vote-plus-de-17-million-de-faveur-collectivites-territoriales\/"]}]},{"@type":"ImageObject","inLanguage":"fr-FR","@id":"https:\/\/vosgesinfo.fr\/saintdieinfo\/2023\/06\/vosges-conseil-departemental-vote-plus-de-17-million-de-faveur-collectivites-territoriales\/#primaryimage","url":"https:\/\/vosgesinfo.fr\/app\/uploads\/sites\/4\/2022\/09\/cd88.jpg","contentUrl":"https:\/\/vosgesinfo.fr\/app\/uploads\/sites\/4\/2022\/09\/cd88.jpg","width":1600,"height":900},{"@type":"BreadcrumbList","@id":"https:\/\/vosgesinfo.fr\/saintdieinfo\/2023\/06\/vosges-conseil-departemental-vote-plus-de-17-million-de-faveur-collectivites-territoriales\/#breadcrumb","itemListElement":[{"@type":"ListItem","position":1,"name":"Home","item":"https:\/\/vosgesinfo.fr\/saintdieinfo\/"},{"@type":"ListItem","position":2,"name":"Vosges \u2013 Le Conseil D\u00e9partemental vote plus de 1,7 million d&rsquo;\u20ac en faveur des collectivit\u00e9s territoriales"}]},{"@type":"WebSite","@id":"https:\/\/vosgesinfo.fr\/saintdieinfo\/#website","url":"https:\/\/vosgesinfo.fr\/saintdieinfo\/","name":"Saint Die Info","description":"Toute l&#039;actualit\u00e9 de Saint-Di\u00e9-Des-Vosges","publisher":{"@id":"https:\/\/vosgesinfo.fr\/saintdieinfo\/#organization"},"alternateName":"Toute l'actualit\u00e9 de Saint-Di\u00e9-Des-Vosges","potentialAction":[{"@type":"SearchAction","target":{"@type":"EntryPoint","urlTemplate":"https:\/\/vosgesinfo.fr\/saintdieinfo\/?s={search_term_string}"},"query-input":"required name=search_term_string"}],"inLanguage":"fr-FR"},{"@type":"Organization","@id":"https:\/\/vosgesinfo.fr\/saintdieinfo\/#organization","name":"Saint Die Info","url":"https:\/\/vosgesinfo.fr\/saintdieinfo\/","logo":{"@type":"ImageObject","inLanguage":"fr-FR","@id":"https:\/\/vosgesinfo.fr\/saintdieinfo\/#\/schema\/logo\/image\/","url":"https:\/\/vosgesinfo.fr\/app\/uploads\/sites\/4\/2024\/02\/logo-sdi.jpg","contentUrl":"https:\/\/vosgesinfo.fr\/app\/uploads\/sites\/4\/2024\/02\/logo-sdi.jpg","width":600,"height":600,"caption":"Saint Die Info"},"image":{"@id":"https:\/\/vosgesinfo.fr\/saintdieinfo\/#\/schema\/logo\/image\/"},"sameAs":["https:\/\/www.facebook.com\/Saintdieinfofr","https:\/\/x.com\/VosgesInfo88","https:\/\/www.youtube.com\/@vosgesinfo"]},{"@type":"Person","@id":"https:\/\/vosgesinfo.fr\/saintdieinfo\/#\/schema\/person\/faee6704a21f3977511db84bd1cd450f","name":"la r\u00e9daction","image":{"@type":"ImageObject","inLanguage":"fr-FR","@id":"https:\/\/vosgesinfo.fr\/saintdieinfo\/#\/schema\/person\/image\/","url":"https:\/\/secure.gravatar.com\/avatar\/6673d8bc6a9c17fa9a453eaa3448de834fa308c2ec9635b7aa99441a7c8d2cf6?s=96&d=mm&r=g","contentUrl":"https:\/\/secure.gravatar.com\/avatar\/6673d8bc6a9c17fa9a453eaa3448de834fa308c2ec9635b7aa99441a7c8d2cf6?s=96&d=mm&r=g","caption":"la r\u00e9daction"},"url":"https:\/\/vosgesinfo.fr\/saintdieinfo\/author\/redac\/"}]}},"_links":{"self":[{"href":"https:\/\/vosgesinfo.fr\/saintdieinfo\/wp-json\/wp\/v2\/posts\/65444","targetHints":{"allow":["GET"]}}],"collection":[{"href":"https:\/\/vosgesinfo.fr\/saintdieinfo\/wp-json\/wp\/v2\/posts"}],"about":[{"href":"https:\/\/vosgesinfo.fr\/saintdieinfo\/wp-json\/wp\/v2\/types\/post"}],"author":[{"embeddable":true,"href":"https:\/\/vosgesinfo.fr\/saintdieinfo\/wp-json\/wp\/v2\/users\/44"}],"replies":[{"embeddable":true,"href":"https:\/\/vosgesinfo.fr\/saintdieinfo\/wp-json\/wp\/v2\/comments?post=65444"}],"version-history":[{"count":0,"href":"https:\/\/vosgesinfo.fr\/saintdieinfo\/wp-json\/wp\/v2\/posts\/65444\/revisions"}],"wp:featuredmedia":[{"embeddable":true,"href":"https:\/\/vosgesinfo.fr\/saintdieinfo\/wp-json\/wp\/v2\/media\/25958"}],"wp:attachment":[{"href":"https:\/\/vosgesinfo.fr\/saintdieinfo\/wp-json\/wp\/v2\/media?parent=65444"}],"wp:term":[{"taxonomy":"category","embeddable":true,"href":"https:\/\/vosgesinfo.fr\/saintdieinfo\/wp-json\/wp\/v2\/categories?post=65444"},{"taxonomy":"post_tag","embeddable":true,"href":"https:\/\/vosgesinfo.fr\/saintdieinfo\/wp-json\/wp\/v2\/tags?post=65444"}],"curies":[{"name":"wp","href":"https:\/\/api.w.org\/{rel}","templated":true}]}}