{"id":65454,"date":"2023-06-07T09:34:31","date_gmt":"2023-06-07T07:34:31","guid":{"rendered":"https:\/\/vosgesinfo.fr\/saintdieinfo\/2023\/06\/tennis-de-table-lasrtt-sincline-contre-metz-tt-terme-dune-bataille-epique\/"},"modified":"2023-06-07T09:34:31","modified_gmt":"2023-06-07T07:34:31","slug":"tennis-de-table-lasrtt-sincline-contre-metz-tt-terme-dune-bataille-epique","status":"publish","type":"post","link":"https:\/\/vosgesinfo.fr\/saintdieinfo\/2023\/06\/tennis-de-table-lasrtt-sincline-contre-metz-tt-terme-dune-bataille-epique\/","title":{"rendered":"Tennis de table\u00a0: l&rsquo;ASRTT s&rsquo;incline contre le Metz TT au terme d&rsquo;une bataille \u00e9pique"},"content":{"rendered":"<div id=\"attachment_202222\" style=\"width: 970px\" class=\"wp-caption aligncenter\"><a href=\"\/2023\/06\/Etival-Clairefontaine-ASRTT_Match_Metz_TT.jpg\" target=\"_blank\" rel=\"noopener\"><img decoding=\"async\" aria-describedby=\"caption-attachment-202222\" class=\"wp-image-202222 size-large\" src=\"\/2023\/06\/Etival-Clairefontaine-ASRTT_Match_Metz_TT-1024x768.jpg\" alt=\"Etival-Clairefontaine-ASRTT_Match_Metz_TT\" width=\"960\" height=\"720\" \/><\/a><p id=\"caption-attachment-202222\" class=\"wp-caption-text\">(Photographie ASRTT)<\/p><\/div>\n<h2><strong><span style=\"font-size: 14pt;\">La victoire n&rsquo;\u00e9tait pas au bout de la raquette ce mardi soir pour l&rsquo;ASRTT, qui disputait la manche aller de la finale du championnat de France Pro A Dames de tennis de table dans son \u00ab\u00a0chaudron\u00a0\u00bb, la salle Michel-Heissat d&rsquo;Etival-Clairefontaine.<\/span><\/strong><\/h2>\n<p><!--more--><\/p>\n<p>Le d\u00e9fi \u00e9tait de taille, puisque les pongistes de l&rsquo;ASRTT recevaient le Metz TT, en lice pour un 5e titre national et finaliste de la Ligue des Champions 2023. Mais si la marche \u00e9tait trop haute, Pauline Chasselin, Ji\u00e9ni Shao et Mariaa Ta\u00eflakova n&rsquo;ont pas d\u00e9m\u00e9rit\u00e9, loin de l\u00e0, puisque la rencontre a \u00e9t\u00e9 tr\u00e8s disput\u00e9e pour se terminer sur le score de 3 \u00e0 1 en faveur des Messines&#8230; au bout de 3h30 d&rsquo;une bataille \u00e9pique. Le d\u00e9nouement de cette finale \u2013 et de la saison \u2013 sera jou\u00e9 ce jeudi soir \u00e0 Metz.<\/p>\n<p>J.J.<\/p>\n","protected":false},"excerpt":{"rendered":"<p>La victoire n&rsquo;\u00e9tait pas au bout de la raquette ce mardi soir pour l&rsquo;ASRTT, qui disputait la manche aller de [&hellip;]<\/p>\n","protected":false},"author":44,"featured_media":65455,"comment_status":"open","ping_status":"open","sticky":false,"template":"","format":"standard","meta":{"footnotes":""},"categories":[460,2915,14],"tags":[3385,14516,3250,14495,3387,3388],"class_list":["post-65454","post","type-post","status-publish","format-standard","has-post-thumbnail","hentry","category-a-la-une","category-saint-die-son-canton","category-sport","tag-asrtt","tag-championnat-de-france-pro-a-dames-de-tennis-de-table","tag-etival-clairefontaine","tag-metz-tt","tag-salle-michel-heissat","tag-tennis-de-table"],"acf":[],"yoast_head":"<!-- This site is optimized with the Yoast SEO plugin v22.5 - https:\/\/yoast.com\/wordpress\/plugins\/seo\/ -->\n<title>Tennis de table\u00a0: l&#039;ASRTT s&#039;incline contre le Metz TT au terme d&#039;une bataille \u00e9pique - Saint Die Info<\/title>\n<meta name=\"robots\" content=\"index, follow, max-snippet:-1, max-image-preview:large, max-video-preview:-1\" \/>\n<link rel=\"canonical\" href=\"https:\/\/vosgesinfo.fr\/saintdieinfo\/2023\/06\/tennis-de-table-lasrtt-sincline-contre-metz-tt-terme-dune-bataille-epique\/\" \/>\n<meta name=\"twitter:card\" content=\"summary_large_image\" \/>\n<meta name=\"twitter:title\" content=\"Tennis de table\u00a0: l&#039;ASRTT s&#039;incline contre le Metz TT au terme d&#039;une bataille \u00e9pique - Saint Die Info\" \/>\n<meta name=\"twitter:description\" content=\"La victoire n&rsquo;\u00e9tait pas au bout de la raquette ce mardi soir pour l&rsquo;ASRTT, qui disputait la manche aller de [&hellip;]\" \/>\n<meta name=\"twitter:image\" content=\"https:\/\/vosgesinfo.fr\/app\/uploads\/sites\/4\/2024\/08\/202306etival-clairefontaine-asrtt-match-metz-tt.jpg\" \/>\n<meta name=\"twitter:creator\" content=\"@VosgesInfo88\" \/>\n<meta name=\"twitter:site\" content=\"@VosgesInfo88\" \/>\n<meta name=\"twitter:label1\" content=\"\u00c9crit par\" \/>\n\t<meta name=\"twitter:data1\" content=\"la r\u00e9daction\" \/>\n\t<meta name=\"twitter:label2\" content=\"Dur\u00e9e de lecture estim\u00e9e\" \/>\n\t<meta name=\"twitter:data2\" content=\"1 minute\" \/>\n<script type=\"application\/ld+json\" class=\"yoast-schema-graph\">{\"@context\":\"https:\/\/schema.org\",\"@graph\":[{\"@type\":\"Article\",\"@id\":\"https:\/\/vosgesinfo.fr\/saintdieinfo\/2023\/06\/tennis-de-table-lasrtt-sincline-contre-metz-tt-terme-dune-bataille-epique\/#article\",\"isPartOf\":{\"@id\":\"https:\/\/vosgesinfo.fr\/saintdieinfo\/2023\/06\/tennis-de-table-lasrtt-sincline-contre-metz-tt-terme-dune-bataille-epique\/\"},\"author\":{\"name\":\"la r\u00e9daction\",\"@id\":\"https:\/\/vosgesinfo.fr\/saintdieinfo\/#\/schema\/person\/faee6704a21f3977511db84bd1cd450f\"},\"headline\":\"Tennis de table\u00a0: l&rsquo;ASRTT s&rsquo;incline contre le Metz TT au terme d&rsquo;une bataille \u00e9pique\",\"datePublished\":\"2023-06-07T07:34:31+00:00\",\"dateModified\":\"2023-06-07T07:34:31+00:00\",\"mainEntityOfPage\":{\"@id\":\"https:\/\/vosgesinfo.fr\/saintdieinfo\/2023\/06\/tennis-de-table-lasrtt-sincline-contre-metz-tt-terme-dune-bataille-epique\/\"},\"wordCount\":170,\"commentCount\":0,\"publisher\":{\"@id\":\"https:\/\/vosgesinfo.fr\/saintdieinfo\/#organization\"},\"image\":{\"@id\":\"https:\/\/vosgesinfo.fr\/saintdieinfo\/2023\/06\/tennis-de-table-lasrtt-sincline-contre-metz-tt-terme-dune-bataille-epique\/#primaryimage\"},\"thumbnailUrl\":\"https:\/\/vosgesinfo.fr\/app\/uploads\/sites\/4\/2024\/08\/202306etival-clairefontaine-asrtt-match-metz-tt.jpg\",\"keywords\":[\"ASRTT\",\"Championnat de France Pro A Dames de tennis de table\",\"etival-clairefontaine\",\"Metz TT\",\"Salle Michel-Heissat\",\"Tennis de table\"],\"articleSection\":[\"A la Une\",\"Saint-Di\u00e9-des-Vosges et son Agglom\u00e9ration\",\"Sport\"],\"inLanguage\":\"fr-FR\",\"potentialAction\":[{\"@type\":\"CommentAction\",\"name\":\"Comment\",\"target\":[\"https:\/\/vosgesinfo.fr\/saintdieinfo\/2023\/06\/tennis-de-table-lasrtt-sincline-contre-metz-tt-terme-dune-bataille-epique\/#respond\"]}]},{\"@type\":\"WebPage\",\"@id\":\"https:\/\/vosgesinfo.fr\/saintdieinfo\/2023\/06\/tennis-de-table-lasrtt-sincline-contre-metz-tt-terme-dune-bataille-epique\/\",\"url\":\"https:\/\/vosgesinfo.fr\/saintdieinfo\/2023\/06\/tennis-de-table-lasrtt-sincline-contre-metz-tt-terme-dune-bataille-epique\/\",\"name\":\"Tennis de table\u00a0: l'ASRTT s'incline contre le Metz TT au terme d'une bataille \u00e9pique - Saint Die Info\",\"isPartOf\":{\"@id\":\"https:\/\/vosgesinfo.fr\/saintdieinfo\/#website\"},\"primaryImageOfPage\":{\"@id\":\"https:\/\/vosgesinfo.fr\/saintdieinfo\/2023\/06\/tennis-de-table-lasrtt-sincline-contre-metz-tt-terme-dune-bataille-epique\/#primaryimage\"},\"image\":{\"@id\":\"https:\/\/vosgesinfo.fr\/saintdieinfo\/2023\/06\/tennis-de-table-lasrtt-sincline-contre-metz-tt-terme-dune-bataille-epique\/#primaryimage\"},\"thumbnailUrl\":\"https:\/\/vosgesinfo.fr\/app\/uploads\/sites\/4\/2024\/08\/202306etival-clairefontaine-asrtt-match-metz-tt.jpg\",\"datePublished\":\"2023-06-07T07:34:31+00:00\",\"dateModified\":\"2023-06-07T07:34:31+00:00\",\"breadcrumb\":{\"@id\":\"https:\/\/vosgesinfo.fr\/saintdieinfo\/2023\/06\/tennis-de-table-lasrtt-sincline-contre-metz-tt-terme-dune-bataille-epique\/#breadcrumb\"},\"inLanguage\":\"fr-FR\",\"potentialAction\":[{\"@type\":\"ReadAction\",\"target\":[\"https:\/\/vosgesinfo.fr\/saintdieinfo\/2023\/06\/tennis-de-table-lasrtt-sincline-contre-metz-tt-terme-dune-bataille-epique\/\"]}]},{\"@type\":\"ImageObject\",\"inLanguage\":\"fr-FR\",\"@id\":\"https:\/\/vosgesinfo.fr\/saintdieinfo\/2023\/06\/tennis-de-table-lasrtt-sincline-contre-metz-tt-terme-dune-bataille-epique\/#primaryimage\",\"url\":\"https:\/\/vosgesinfo.fr\/app\/uploads\/sites\/4\/2024\/08\/202306etival-clairefontaine-asrtt-match-metz-tt.jpg\",\"contentUrl\":\"https:\/\/vosgesinfo.fr\/app\/uploads\/sites\/4\/2024\/08\/202306etival-clairefontaine-asrtt-match-metz-tt.jpg\",\"width\":1024,\"height\":768},{\"@type\":\"BreadcrumbList\",\"@id\":\"https:\/\/vosgesinfo.fr\/saintdieinfo\/2023\/06\/tennis-de-table-lasrtt-sincline-contre-metz-tt-terme-dune-bataille-epique\/#breadcrumb\",\"itemListElement\":[{\"@type\":\"ListItem\",\"position\":1,\"name\":\"Home\",\"item\":\"https:\/\/vosgesinfo.fr\/saintdieinfo\/\"},{\"@type\":\"ListItem\",\"position\":2,\"name\":\"Tennis de table\u00a0: l&rsquo;ASRTT s&rsquo;incline contre le Metz TT au terme d&rsquo;une bataille \u00e9pique\"}]},{\"@type\":\"WebSite\",\"@id\":\"https:\/\/vosgesinfo.fr\/saintdieinfo\/#website\",\"url\":\"https:\/\/vosgesinfo.fr\/saintdieinfo\/\",\"name\":\"Saint Die Info\",\"description\":\"Toute l&#039;actualit\u00e9 de Saint-Di\u00e9-Des-Vosges\",\"publisher\":{\"@id\":\"https:\/\/vosgesinfo.fr\/saintdieinfo\/#organization\"},\"alternateName\":\"Toute l'actualit\u00e9 de Saint-Di\u00e9-Des-Vosges\",\"potentialAction\":[{\"@type\":\"SearchAction\",\"target\":{\"@type\":\"EntryPoint\",\"urlTemplate\":\"https:\/\/vosgesinfo.fr\/saintdieinfo\/?s={search_term_string}\"},\"query-input\":\"required name=search_term_string\"}],\"inLanguage\":\"fr-FR\"},{\"@type\":\"Organization\",\"@id\":\"https:\/\/vosgesinfo.fr\/saintdieinfo\/#organization\",\"name\":\"Saint Die Info\",\"url\":\"https:\/\/vosgesinfo.fr\/saintdieinfo\/\",\"logo\":{\"@type\":\"ImageObject\",\"inLanguage\":\"fr-FR\",\"@id\":\"https:\/\/vosgesinfo.fr\/saintdieinfo\/#\/schema\/logo\/image\/\",\"url\":\"https:\/\/vosgesinfo.fr\/app\/uploads\/sites\/4\/2024\/02\/logo-sdi.jpg\",\"contentUrl\":\"https:\/\/vosgesinfo.fr\/app\/uploads\/sites\/4\/2024\/02\/logo-sdi.jpg\",\"width\":600,\"height\":600,\"caption\":\"Saint Die Info\"},\"image\":{\"@id\":\"https:\/\/vosgesinfo.fr\/saintdieinfo\/#\/schema\/logo\/image\/\"},\"sameAs\":[\"https:\/\/www.facebook.com\/Saintdieinfofr\",\"https:\/\/x.com\/VosgesInfo88\",\"https:\/\/www.youtube.com\/@vosgesinfo\"]},{\"@type\":\"Person\",\"@id\":\"https:\/\/vosgesinfo.fr\/saintdieinfo\/#\/schema\/person\/faee6704a21f3977511db84bd1cd450f\",\"name\":\"la r\u00e9daction\",\"image\":{\"@type\":\"ImageObject\",\"inLanguage\":\"fr-FR\",\"@id\":\"https:\/\/vosgesinfo.fr\/saintdieinfo\/#\/schema\/person\/image\/\",\"url\":\"https:\/\/secure.gravatar.com\/avatar\/6673d8bc6a9c17fa9a453eaa3448de834fa308c2ec9635b7aa99441a7c8d2cf6?s=96&d=mm&r=g\",\"contentUrl\":\"https:\/\/secure.gravatar.com\/avatar\/6673d8bc6a9c17fa9a453eaa3448de834fa308c2ec9635b7aa99441a7c8d2cf6?s=96&d=mm&r=g\",\"caption\":\"la r\u00e9daction\"},\"url\":\"https:\/\/vosgesinfo.fr\/saintdieinfo\/author\/redac\/\"}]}<\/script>\n<!-- \/ Yoast SEO plugin. -->","yoast_head_json":{"title":"Tennis de table\u00a0: l'ASRTT s'incline contre le Metz TT au terme d'une bataille \u00e9pique - Saint Die Info","robots":{"index":"index","follow":"follow","max-snippet":"max-snippet:-1","max-image-preview":"max-image-preview:large","max-video-preview":"max-video-preview:-1"},"canonical":"https:\/\/vosgesinfo.fr\/saintdieinfo\/2023\/06\/tennis-de-table-lasrtt-sincline-contre-metz-tt-terme-dune-bataille-epique\/","twitter_card":"summary_large_image","twitter_title":"Tennis de table\u00a0: l'ASRTT s'incline contre le Metz TT au terme d'une bataille \u00e9pique - Saint Die Info","twitter_description":"La victoire n&rsquo;\u00e9tait pas au bout de la raquette ce mardi soir pour l&rsquo;ASRTT, qui disputait la manche aller de [&hellip;]","twitter_image":"https:\/\/vosgesinfo.fr\/app\/uploads\/sites\/4\/2024\/08\/202306etival-clairefontaine-asrtt-match-metz-tt.jpg","twitter_creator":"@VosgesInfo88","twitter_site":"@VosgesInfo88","twitter_misc":{"\u00c9crit par":"la r\u00e9daction","Dur\u00e9e de lecture estim\u00e9e":"1 minute"},"schema":{"@context":"https:\/\/schema.org","@graph":[{"@type":"Article","@id":"https:\/\/vosgesinfo.fr\/saintdieinfo\/2023\/06\/tennis-de-table-lasrtt-sincline-contre-metz-tt-terme-dune-bataille-epique\/#article","isPartOf":{"@id":"https:\/\/vosgesinfo.fr\/saintdieinfo\/2023\/06\/tennis-de-table-lasrtt-sincline-contre-metz-tt-terme-dune-bataille-epique\/"},"author":{"name":"la r\u00e9daction","@id":"https:\/\/vosgesinfo.fr\/saintdieinfo\/#\/schema\/person\/faee6704a21f3977511db84bd1cd450f"},"headline":"Tennis de table\u00a0: l&rsquo;ASRTT s&rsquo;incline contre le Metz TT au terme d&rsquo;une bataille \u00e9pique","datePublished":"2023-06-07T07:34:31+00:00","dateModified":"2023-06-07T07:34:31+00:00","mainEntityOfPage":{"@id":"https:\/\/vosgesinfo.fr\/saintdieinfo\/2023\/06\/tennis-de-table-lasrtt-sincline-contre-metz-tt-terme-dune-bataille-epique\/"},"wordCount":170,"commentCount":0,"publisher":{"@id":"https:\/\/vosgesinfo.fr\/saintdieinfo\/#organization"},"image":{"@id":"https:\/\/vosgesinfo.fr\/saintdieinfo\/2023\/06\/tennis-de-table-lasrtt-sincline-contre-metz-tt-terme-dune-bataille-epique\/#primaryimage"},"thumbnailUrl":"https:\/\/vosgesinfo.fr\/app\/uploads\/sites\/4\/2024\/08\/202306etival-clairefontaine-asrtt-match-metz-tt.jpg","keywords":["ASRTT","Championnat de France Pro A Dames de tennis de table","etival-clairefontaine","Metz TT","Salle Michel-Heissat","Tennis de table"],"articleSection":["A la Une","Saint-Di\u00e9-des-Vosges et son Agglom\u00e9ration","Sport"],"inLanguage":"fr-FR","potentialAction":[{"@type":"CommentAction","name":"Comment","target":["https:\/\/vosgesinfo.fr\/saintdieinfo\/2023\/06\/tennis-de-table-lasrtt-sincline-contre-metz-tt-terme-dune-bataille-epique\/#respond"]}]},{"@type":"WebPage","@id":"https:\/\/vosgesinfo.fr\/saintdieinfo\/2023\/06\/tennis-de-table-lasrtt-sincline-contre-metz-tt-terme-dune-bataille-epique\/","url":"https:\/\/vosgesinfo.fr\/saintdieinfo\/2023\/06\/tennis-de-table-lasrtt-sincline-contre-metz-tt-terme-dune-bataille-epique\/","name":"Tennis de table\u00a0: l'ASRTT s'incline contre le Metz TT au terme d'une bataille \u00e9pique - Saint Die Info","isPartOf":{"@id":"https:\/\/vosgesinfo.fr\/saintdieinfo\/#website"},"primaryImageOfPage":{"@id":"https:\/\/vosgesinfo.fr\/saintdieinfo\/2023\/06\/tennis-de-table-lasrtt-sincline-contre-metz-tt-terme-dune-bataille-epique\/#primaryimage"},"image":{"@id":"https:\/\/vosgesinfo.fr\/saintdieinfo\/2023\/06\/tennis-de-table-lasrtt-sincline-contre-metz-tt-terme-dune-bataille-epique\/#primaryimage"},"thumbnailUrl":"https:\/\/vosgesinfo.fr\/app\/uploads\/sites\/4\/2024\/08\/202306etival-clairefontaine-asrtt-match-metz-tt.jpg","datePublished":"2023-06-07T07:34:31+00:00","dateModified":"2023-06-07T07:34:31+00:00","breadcrumb":{"@id":"https:\/\/vosgesinfo.fr\/saintdieinfo\/2023\/06\/tennis-de-table-lasrtt-sincline-contre-metz-tt-terme-dune-bataille-epique\/#breadcrumb"},"inLanguage":"fr-FR","potentialAction":[{"@type":"ReadAction","target":["https:\/\/vosgesinfo.fr\/saintdieinfo\/2023\/06\/tennis-de-table-lasrtt-sincline-contre-metz-tt-terme-dune-bataille-epique\/"]}]},{"@type":"ImageObject","inLanguage":"fr-FR","@id":"https:\/\/vosgesinfo.fr\/saintdieinfo\/2023\/06\/tennis-de-table-lasrtt-sincline-contre-metz-tt-terme-dune-bataille-epique\/#primaryimage","url":"https:\/\/vosgesinfo.fr\/app\/uploads\/sites\/4\/2024\/08\/202306etival-clairefontaine-asrtt-match-metz-tt.jpg","contentUrl":"https:\/\/vosgesinfo.fr\/app\/uploads\/sites\/4\/2024\/08\/202306etival-clairefontaine-asrtt-match-metz-tt.jpg","width":1024,"height":768},{"@type":"BreadcrumbList","@id":"https:\/\/vosgesinfo.fr\/saintdieinfo\/2023\/06\/tennis-de-table-lasrtt-sincline-contre-metz-tt-terme-dune-bataille-epique\/#breadcrumb","itemListElement":[{"@type":"ListItem","position":1,"name":"Home","item":"https:\/\/vosgesinfo.fr\/saintdieinfo\/"},{"@type":"ListItem","position":2,"name":"Tennis de table\u00a0: l&rsquo;ASRTT s&rsquo;incline contre le Metz TT au terme d&rsquo;une bataille \u00e9pique"}]},{"@type":"WebSite","@id":"https:\/\/vosgesinfo.fr\/saintdieinfo\/#website","url":"https:\/\/vosgesinfo.fr\/saintdieinfo\/","name":"Saint Die Info","description":"Toute l&#039;actualit\u00e9 de Saint-Di\u00e9-Des-Vosges","publisher":{"@id":"https:\/\/vosgesinfo.fr\/saintdieinfo\/#organization"},"alternateName":"Toute l'actualit\u00e9 de Saint-Di\u00e9-Des-Vosges","potentialAction":[{"@type":"SearchAction","target":{"@type":"EntryPoint","urlTemplate":"https:\/\/vosgesinfo.fr\/saintdieinfo\/?s={search_term_string}"},"query-input":"required name=search_term_string"}],"inLanguage":"fr-FR"},{"@type":"Organization","@id":"https:\/\/vosgesinfo.fr\/saintdieinfo\/#organization","name":"Saint Die Info","url":"https:\/\/vosgesinfo.fr\/saintdieinfo\/","logo":{"@type":"ImageObject","inLanguage":"fr-FR","@id":"https:\/\/vosgesinfo.fr\/saintdieinfo\/#\/schema\/logo\/image\/","url":"https:\/\/vosgesinfo.fr\/app\/uploads\/sites\/4\/2024\/02\/logo-sdi.jpg","contentUrl":"https:\/\/vosgesinfo.fr\/app\/uploads\/sites\/4\/2024\/02\/logo-sdi.jpg","width":600,"height":600,"caption":"Saint Die Info"},"image":{"@id":"https:\/\/vosgesinfo.fr\/saintdieinfo\/#\/schema\/logo\/image\/"},"sameAs":["https:\/\/www.facebook.com\/Saintdieinfofr","https:\/\/x.com\/VosgesInfo88","https:\/\/www.youtube.com\/@vosgesinfo"]},{"@type":"Person","@id":"https:\/\/vosgesinfo.fr\/saintdieinfo\/#\/schema\/person\/faee6704a21f3977511db84bd1cd450f","name":"la r\u00e9daction","image":{"@type":"ImageObject","inLanguage":"fr-FR","@id":"https:\/\/vosgesinfo.fr\/saintdieinfo\/#\/schema\/person\/image\/","url":"https:\/\/secure.gravatar.com\/avatar\/6673d8bc6a9c17fa9a453eaa3448de834fa308c2ec9635b7aa99441a7c8d2cf6?s=96&d=mm&r=g","contentUrl":"https:\/\/secure.gravatar.com\/avatar\/6673d8bc6a9c17fa9a453eaa3448de834fa308c2ec9635b7aa99441a7c8d2cf6?s=96&d=mm&r=g","caption":"la r\u00e9daction"},"url":"https:\/\/vosgesinfo.fr\/saintdieinfo\/author\/redac\/"}]}},"_links":{"self":[{"href":"https:\/\/vosgesinfo.fr\/saintdieinfo\/wp-json\/wp\/v2\/posts\/65454","targetHints":{"allow":["GET"]}}],"collection":[{"href":"https:\/\/vosgesinfo.fr\/saintdieinfo\/wp-json\/wp\/v2\/posts"}],"about":[{"href":"https:\/\/vosgesinfo.fr\/saintdieinfo\/wp-json\/wp\/v2\/types\/post"}],"author":[{"embeddable":true,"href":"https:\/\/vosgesinfo.fr\/saintdieinfo\/wp-json\/wp\/v2\/users\/44"}],"replies":[{"embeddable":true,"href":"https:\/\/vosgesinfo.fr\/saintdieinfo\/wp-json\/wp\/v2\/comments?post=65454"}],"version-history":[{"count":0,"href":"https:\/\/vosgesinfo.fr\/saintdieinfo\/wp-json\/wp\/v2\/posts\/65454\/revisions"}],"wp:featuredmedia":[{"embeddable":true,"href":"https:\/\/vosgesinfo.fr\/saintdieinfo\/wp-json\/wp\/v2\/media\/65455"}],"wp:attachment":[{"href":"https:\/\/vosgesinfo.fr\/saintdieinfo\/wp-json\/wp\/v2\/media?parent=65454"}],"wp:term":[{"taxonomy":"category","embeddable":true,"href":"https:\/\/vosgesinfo.fr\/saintdieinfo\/wp-json\/wp\/v2\/categories?post=65454"},{"taxonomy":"post_tag","embeddable":true,"href":"https:\/\/vosgesinfo.fr\/saintdieinfo\/wp-json\/wp\/v2\/tags?post=65454"}],"curies":[{"name":"wp","href":"https:\/\/api.w.org\/{rel}","templated":true}]}}