{"id":65461,"date":"2023-06-07T11:03:09","date_gmt":"2023-06-07T09:03:09","guid":{"rendered":"https:\/\/vosgesinfo.fr\/saintdieinfo\/2023\/06\/raon-letape-soiree-grandes-gueules-a-halle-aux-bles\/"},"modified":"2023-06-07T11:03:09","modified_gmt":"2023-06-07T09:03:09","slug":"raon-letape-soiree-grandes-gueules-a-halle-aux-bles","status":"publish","type":"post","link":"https:\/\/vosgesinfo.fr\/saintdieinfo\/2023\/06\/raon-letape-soiree-grandes-gueules-a-halle-aux-bles\/","title":{"rendered":"Raon-l&rsquo;Etape \u2013 Soir\u00e9e \u00ab\u00a0Grandes Gueules\u00a0\u00bb \u00e0 la Halle aux Bl\u00e9s"},"content":{"rendered":"<h2><strong><span style=\"font-size: 14pt;\">Vendredi 16 juin \u00e0 20h, le film culte \u00ab\u00a0Les Grandes Gueules\u00a0\u00bb, avec Bourvil et Lino Ventura, sera diffus\u00e9 sur le grand \u00e9cran de la Halle aux Bl\u00e9s de Raon-l&rsquo;Etape. Le tarif de la s\u00e9ance est de 5,50\u20ac. Ce m\u00eame jour \u00e0 17h, \u00ab\u00a0Le fabuleux destin des Grandes Gueules\u00a0\u00bb sera projet\u00e9 en pr\u00e9sence du r\u00e9alisateur\/auteur Jean-Pascal Voirin et l&rsquo;\u00e9diteur Olivier Bertot. Entr\u00e9e libre. La s\u00e9ance sera suivie d&rsquo;une discussion et de d\u00e9dicaces du livre consacr\u00e9 au tournage du film. Cette soir\u00e9e \u00ab\u00a0Grandes Gueules\u00a0\u00bb est propos\u00e9 par ART et le deuxi\u00e8me salon litt\u00e9raire des 3 Abbayes.<\/span><\/strong><\/h2>\n<p><!--more--><\/p>\n<p><a href=\"\/2023\/06\/Raon-lEtape-Soir\u00e9e_Grandes_Gueules.jpg\"><img decoding=\"async\" class=\"aligncenter size-large wp-image-202235\" src=\"\/2023\/06\/Raon-lEtape-Soir\u00e9e_Grandes_Gueules-768x1024.jpg\" alt=\"Raon-l'Etape-Soir\u00e9e_Grandes_Gueules\" width=\"768\" height=\"1024\" \/><\/a><\/p>\n<p>J.J.<\/p>\n","protected":false},"excerpt":{"rendered":"<p>Vendredi 16 juin \u00e0 20h, le film culte \u00ab\u00a0Les Grandes Gueules\u00a0\u00bb, avec Bourvil et Lino Ventura, sera diffus\u00e9 sur le [&hellip;]<\/p>\n","protected":false},"author":44,"featured_media":65462,"comment_status":"open","ping_status":"open","sticky":false,"template":"","format":"standard","meta":{"footnotes":""},"categories":[3900,7847,2915],"tags":[4496,4497,4778,3582,4499,2654],"class_list":["post-65461","post","type-post","status-publish","format-standard","has-post-thumbnail","hentry","category-breves","category-art-culture","category-saint-die-son-canton","tag-bourvil","tag-jean-pascal-voirin","tag-la-halle-aux-bles","tag-les-grandes-gueules","tag-lino-ventura","tag-raon-letape"],"acf":[],"yoast_head":"<!-- This site is optimized with the Yoast SEO plugin v22.5 - https:\/\/yoast.com\/wordpress\/plugins\/seo\/ -->\n<title>Raon-l&#039;Etape \u2013 Soir\u00e9e &quot;Grandes Gueules&quot; \u00e0 la Halle aux Bl\u00e9s - Saint Die Info<\/title>\n<meta name=\"robots\" content=\"index, follow, max-snippet:-1, max-image-preview:large, max-video-preview:-1\" \/>\n<link rel=\"canonical\" href=\"https:\/\/vosgesinfo.fr\/saintdieinfo\/2023\/06\/raon-letape-soiree-grandes-gueules-a-halle-aux-bles\/\" \/>\n<meta name=\"twitter:card\" content=\"summary_large_image\" \/>\n<meta name=\"twitter:title\" content=\"Raon-l&#039;Etape \u2013 Soir\u00e9e &quot;Grandes Gueules&quot; \u00e0 la Halle aux Bl\u00e9s - Saint Die Info\" \/>\n<meta name=\"twitter:description\" content=\"Vendredi 16 juin \u00e0 20h, le film culte \u00ab\u00a0Les Grandes Gueules\u00a0\u00bb, avec Bourvil et Lino Ventura, sera diffus\u00e9 sur le [&hellip;]\" \/>\n<meta name=\"twitter:image\" content=\"https:\/\/vosgesinfo.fr\/app\/uploads\/sites\/4\/2024\/08\/202306raon-letape-soiree-grandes-gueules.jpg\" \/>\n<meta name=\"twitter:creator\" content=\"@VosgesInfo88\" \/>\n<meta name=\"twitter:site\" content=\"@VosgesInfo88\" \/>\n<meta name=\"twitter:label1\" content=\"\u00c9crit par\" \/>\n\t<meta name=\"twitter:data1\" content=\"la r\u00e9daction\" \/>\n\t<meta name=\"twitter:label2\" content=\"Dur\u00e9e de lecture estim\u00e9e\" \/>\n\t<meta name=\"twitter:data2\" content=\"1 minute\" \/>\n<script type=\"application\/ld+json\" class=\"yoast-schema-graph\">{\"@context\":\"https:\/\/schema.org\",\"@graph\":[{\"@type\":\"Article\",\"@id\":\"https:\/\/vosgesinfo.fr\/saintdieinfo\/2023\/06\/raon-letape-soiree-grandes-gueules-a-halle-aux-bles\/#article\",\"isPartOf\":{\"@id\":\"https:\/\/vosgesinfo.fr\/saintdieinfo\/2023\/06\/raon-letape-soiree-grandes-gueules-a-halle-aux-bles\/\"},\"author\":{\"name\":\"la r\u00e9daction\",\"@id\":\"https:\/\/vosgesinfo.fr\/saintdieinfo\/#\/schema\/person\/faee6704a21f3977511db84bd1cd450f\"},\"headline\":\"Raon-l&rsquo;Etape \u2013 Soir\u00e9e \u00ab\u00a0Grandes Gueules\u00a0\u00bb \u00e0 la Halle aux Bl\u00e9s\",\"datePublished\":\"2023-06-07T09:03:09+00:00\",\"dateModified\":\"2023-06-07T09:03:09+00:00\",\"mainEntityOfPage\":{\"@id\":\"https:\/\/vosgesinfo.fr\/saintdieinfo\/2023\/06\/raon-letape-soiree-grandes-gueules-a-halle-aux-bles\/\"},\"wordCount\":117,\"commentCount\":0,\"publisher\":{\"@id\":\"https:\/\/vosgesinfo.fr\/saintdieinfo\/#organization\"},\"image\":{\"@id\":\"https:\/\/vosgesinfo.fr\/saintdieinfo\/2023\/06\/raon-letape-soiree-grandes-gueules-a-halle-aux-bles\/#primaryimage\"},\"thumbnailUrl\":\"https:\/\/vosgesinfo.fr\/app\/uploads\/sites\/4\/2024\/08\/202306raon-letape-soiree-grandes-gueules.jpg\",\"keywords\":[\"Bourvil\",\"Jean-Pascal Voirin\",\"La Halle aux Bl\u00e9s\",\"Les Grandes Gueules\",\"Lino Ventura\",\"Raon-l\u2019Etape\"],\"articleSection\":[\"Br\u00e8ves\",\"Culture\",\"Saint-Di\u00e9-des-Vosges et son Agglom\u00e9ration\"],\"inLanguage\":\"fr-FR\",\"potentialAction\":[{\"@type\":\"CommentAction\",\"name\":\"Comment\",\"target\":[\"https:\/\/vosgesinfo.fr\/saintdieinfo\/2023\/06\/raon-letape-soiree-grandes-gueules-a-halle-aux-bles\/#respond\"]}]},{\"@type\":\"WebPage\",\"@id\":\"https:\/\/vosgesinfo.fr\/saintdieinfo\/2023\/06\/raon-letape-soiree-grandes-gueules-a-halle-aux-bles\/\",\"url\":\"https:\/\/vosgesinfo.fr\/saintdieinfo\/2023\/06\/raon-letape-soiree-grandes-gueules-a-halle-aux-bles\/\",\"name\":\"Raon-l'Etape \u2013 Soir\u00e9e \\\"Grandes Gueules\\\" \u00e0 la Halle aux Bl\u00e9s - Saint Die Info\",\"isPartOf\":{\"@id\":\"https:\/\/vosgesinfo.fr\/saintdieinfo\/#website\"},\"primaryImageOfPage\":{\"@id\":\"https:\/\/vosgesinfo.fr\/saintdieinfo\/2023\/06\/raon-letape-soiree-grandes-gueules-a-halle-aux-bles\/#primaryimage\"},\"image\":{\"@id\":\"https:\/\/vosgesinfo.fr\/saintdieinfo\/2023\/06\/raon-letape-soiree-grandes-gueules-a-halle-aux-bles\/#primaryimage\"},\"thumbnailUrl\":\"https:\/\/vosgesinfo.fr\/app\/uploads\/sites\/4\/2024\/08\/202306raon-letape-soiree-grandes-gueules.jpg\",\"datePublished\":\"2023-06-07T09:03:09+00:00\",\"dateModified\":\"2023-06-07T09:03:09+00:00\",\"breadcrumb\":{\"@id\":\"https:\/\/vosgesinfo.fr\/saintdieinfo\/2023\/06\/raon-letape-soiree-grandes-gueules-a-halle-aux-bles\/#breadcrumb\"},\"inLanguage\":\"fr-FR\",\"potentialAction\":[{\"@type\":\"ReadAction\",\"target\":[\"https:\/\/vosgesinfo.fr\/saintdieinfo\/2023\/06\/raon-letape-soiree-grandes-gueules-a-halle-aux-bles\/\"]}]},{\"@type\":\"ImageObject\",\"inLanguage\":\"fr-FR\",\"@id\":\"https:\/\/vosgesinfo.fr\/saintdieinfo\/2023\/06\/raon-letape-soiree-grandes-gueules-a-halle-aux-bles\/#primaryimage\",\"url\":\"https:\/\/vosgesinfo.fr\/app\/uploads\/sites\/4\/2024\/08\/202306raon-letape-soiree-grandes-gueules.jpg\",\"contentUrl\":\"https:\/\/vosgesinfo.fr\/app\/uploads\/sites\/4\/2024\/08\/202306raon-letape-soiree-grandes-gueules.jpg\",\"width\":1080,\"height\":1440},{\"@type\":\"BreadcrumbList\",\"@id\":\"https:\/\/vosgesinfo.fr\/saintdieinfo\/2023\/06\/raon-letape-soiree-grandes-gueules-a-halle-aux-bles\/#breadcrumb\",\"itemListElement\":[{\"@type\":\"ListItem\",\"position\":1,\"name\":\"Home\",\"item\":\"https:\/\/vosgesinfo.fr\/saintdieinfo\/\"},{\"@type\":\"ListItem\",\"position\":2,\"name\":\"Raon-l&rsquo;Etape \u2013 Soir\u00e9e \u00ab\u00a0Grandes Gueules\u00a0\u00bb \u00e0 la Halle aux Bl\u00e9s\"}]},{\"@type\":\"WebSite\",\"@id\":\"https:\/\/vosgesinfo.fr\/saintdieinfo\/#website\",\"url\":\"https:\/\/vosgesinfo.fr\/saintdieinfo\/\",\"name\":\"Saint Die Info\",\"description\":\"Toute l&#039;actualit\u00e9 de Saint-Di\u00e9-Des-Vosges\",\"publisher\":{\"@id\":\"https:\/\/vosgesinfo.fr\/saintdieinfo\/#organization\"},\"alternateName\":\"Toute l'actualit\u00e9 de Saint-Di\u00e9-Des-Vosges\",\"potentialAction\":[{\"@type\":\"SearchAction\",\"target\":{\"@type\":\"EntryPoint\",\"urlTemplate\":\"https:\/\/vosgesinfo.fr\/saintdieinfo\/?s={search_term_string}\"},\"query-input\":\"required name=search_term_string\"}],\"inLanguage\":\"fr-FR\"},{\"@type\":\"Organization\",\"@id\":\"https:\/\/vosgesinfo.fr\/saintdieinfo\/#organization\",\"name\":\"Saint Die Info\",\"url\":\"https:\/\/vosgesinfo.fr\/saintdieinfo\/\",\"logo\":{\"@type\":\"ImageObject\",\"inLanguage\":\"fr-FR\",\"@id\":\"https:\/\/vosgesinfo.fr\/saintdieinfo\/#\/schema\/logo\/image\/\",\"url\":\"https:\/\/vosgesinfo.fr\/app\/uploads\/sites\/4\/2024\/02\/logo-sdi.jpg\",\"contentUrl\":\"https:\/\/vosgesinfo.fr\/app\/uploads\/sites\/4\/2024\/02\/logo-sdi.jpg\",\"width\":600,\"height\":600,\"caption\":\"Saint Die Info\"},\"image\":{\"@id\":\"https:\/\/vosgesinfo.fr\/saintdieinfo\/#\/schema\/logo\/image\/\"},\"sameAs\":[\"https:\/\/www.facebook.com\/Saintdieinfofr\",\"https:\/\/x.com\/VosgesInfo88\",\"https:\/\/www.youtube.com\/@vosgesinfo\"]},{\"@type\":\"Person\",\"@id\":\"https:\/\/vosgesinfo.fr\/saintdieinfo\/#\/schema\/person\/faee6704a21f3977511db84bd1cd450f\",\"name\":\"la r\u00e9daction\",\"image\":{\"@type\":\"ImageObject\",\"inLanguage\":\"fr-FR\",\"@id\":\"https:\/\/vosgesinfo.fr\/saintdieinfo\/#\/schema\/person\/image\/\",\"url\":\"https:\/\/secure.gravatar.com\/avatar\/6673d8bc6a9c17fa9a453eaa3448de834fa308c2ec9635b7aa99441a7c8d2cf6?s=96&d=mm&r=g\",\"contentUrl\":\"https:\/\/secure.gravatar.com\/avatar\/6673d8bc6a9c17fa9a453eaa3448de834fa308c2ec9635b7aa99441a7c8d2cf6?s=96&d=mm&r=g\",\"caption\":\"la r\u00e9daction\"},\"url\":\"https:\/\/vosgesinfo.fr\/saintdieinfo\/author\/redac\/\"}]}<\/script>\n<!-- \/ Yoast SEO plugin. -->","yoast_head_json":{"title":"Raon-l'Etape \u2013 Soir\u00e9e \"Grandes Gueules\" \u00e0 la Halle aux Bl\u00e9s - Saint Die Info","robots":{"index":"index","follow":"follow","max-snippet":"max-snippet:-1","max-image-preview":"max-image-preview:large","max-video-preview":"max-video-preview:-1"},"canonical":"https:\/\/vosgesinfo.fr\/saintdieinfo\/2023\/06\/raon-letape-soiree-grandes-gueules-a-halle-aux-bles\/","twitter_card":"summary_large_image","twitter_title":"Raon-l'Etape \u2013 Soir\u00e9e \"Grandes Gueules\" \u00e0 la Halle aux Bl\u00e9s - Saint Die Info","twitter_description":"Vendredi 16 juin \u00e0 20h, le film culte \u00ab\u00a0Les Grandes Gueules\u00a0\u00bb, avec Bourvil et Lino Ventura, sera diffus\u00e9 sur le [&hellip;]","twitter_image":"https:\/\/vosgesinfo.fr\/app\/uploads\/sites\/4\/2024\/08\/202306raon-letape-soiree-grandes-gueules.jpg","twitter_creator":"@VosgesInfo88","twitter_site":"@VosgesInfo88","twitter_misc":{"\u00c9crit par":"la r\u00e9daction","Dur\u00e9e de lecture estim\u00e9e":"1 minute"},"schema":{"@context":"https:\/\/schema.org","@graph":[{"@type":"Article","@id":"https:\/\/vosgesinfo.fr\/saintdieinfo\/2023\/06\/raon-letape-soiree-grandes-gueules-a-halle-aux-bles\/#article","isPartOf":{"@id":"https:\/\/vosgesinfo.fr\/saintdieinfo\/2023\/06\/raon-letape-soiree-grandes-gueules-a-halle-aux-bles\/"},"author":{"name":"la r\u00e9daction","@id":"https:\/\/vosgesinfo.fr\/saintdieinfo\/#\/schema\/person\/faee6704a21f3977511db84bd1cd450f"},"headline":"Raon-l&rsquo;Etape \u2013 Soir\u00e9e \u00ab\u00a0Grandes Gueules\u00a0\u00bb \u00e0 la Halle aux Bl\u00e9s","datePublished":"2023-06-07T09:03:09+00:00","dateModified":"2023-06-07T09:03:09+00:00","mainEntityOfPage":{"@id":"https:\/\/vosgesinfo.fr\/saintdieinfo\/2023\/06\/raon-letape-soiree-grandes-gueules-a-halle-aux-bles\/"},"wordCount":117,"commentCount":0,"publisher":{"@id":"https:\/\/vosgesinfo.fr\/saintdieinfo\/#organization"},"image":{"@id":"https:\/\/vosgesinfo.fr\/saintdieinfo\/2023\/06\/raon-letape-soiree-grandes-gueules-a-halle-aux-bles\/#primaryimage"},"thumbnailUrl":"https:\/\/vosgesinfo.fr\/app\/uploads\/sites\/4\/2024\/08\/202306raon-letape-soiree-grandes-gueules.jpg","keywords":["Bourvil","Jean-Pascal Voirin","La Halle aux Bl\u00e9s","Les Grandes Gueules","Lino Ventura","Raon-l\u2019Etape"],"articleSection":["Br\u00e8ves","Culture","Saint-Di\u00e9-des-Vosges et son Agglom\u00e9ration"],"inLanguage":"fr-FR","potentialAction":[{"@type":"CommentAction","name":"Comment","target":["https:\/\/vosgesinfo.fr\/saintdieinfo\/2023\/06\/raon-letape-soiree-grandes-gueules-a-halle-aux-bles\/#respond"]}]},{"@type":"WebPage","@id":"https:\/\/vosgesinfo.fr\/saintdieinfo\/2023\/06\/raon-letape-soiree-grandes-gueules-a-halle-aux-bles\/","url":"https:\/\/vosgesinfo.fr\/saintdieinfo\/2023\/06\/raon-letape-soiree-grandes-gueules-a-halle-aux-bles\/","name":"Raon-l'Etape \u2013 Soir\u00e9e \"Grandes Gueules\" \u00e0 la Halle aux Bl\u00e9s - Saint Die Info","isPartOf":{"@id":"https:\/\/vosgesinfo.fr\/saintdieinfo\/#website"},"primaryImageOfPage":{"@id":"https:\/\/vosgesinfo.fr\/saintdieinfo\/2023\/06\/raon-letape-soiree-grandes-gueules-a-halle-aux-bles\/#primaryimage"},"image":{"@id":"https:\/\/vosgesinfo.fr\/saintdieinfo\/2023\/06\/raon-letape-soiree-grandes-gueules-a-halle-aux-bles\/#primaryimage"},"thumbnailUrl":"https:\/\/vosgesinfo.fr\/app\/uploads\/sites\/4\/2024\/08\/202306raon-letape-soiree-grandes-gueules.jpg","datePublished":"2023-06-07T09:03:09+00:00","dateModified":"2023-06-07T09:03:09+00:00","breadcrumb":{"@id":"https:\/\/vosgesinfo.fr\/saintdieinfo\/2023\/06\/raon-letape-soiree-grandes-gueules-a-halle-aux-bles\/#breadcrumb"},"inLanguage":"fr-FR","potentialAction":[{"@type":"ReadAction","target":["https:\/\/vosgesinfo.fr\/saintdieinfo\/2023\/06\/raon-letape-soiree-grandes-gueules-a-halle-aux-bles\/"]}]},{"@type":"ImageObject","inLanguage":"fr-FR","@id":"https:\/\/vosgesinfo.fr\/saintdieinfo\/2023\/06\/raon-letape-soiree-grandes-gueules-a-halle-aux-bles\/#primaryimage","url":"https:\/\/vosgesinfo.fr\/app\/uploads\/sites\/4\/2024\/08\/202306raon-letape-soiree-grandes-gueules.jpg","contentUrl":"https:\/\/vosgesinfo.fr\/app\/uploads\/sites\/4\/2024\/08\/202306raon-letape-soiree-grandes-gueules.jpg","width":1080,"height":1440},{"@type":"BreadcrumbList","@id":"https:\/\/vosgesinfo.fr\/saintdieinfo\/2023\/06\/raon-letape-soiree-grandes-gueules-a-halle-aux-bles\/#breadcrumb","itemListElement":[{"@type":"ListItem","position":1,"name":"Home","item":"https:\/\/vosgesinfo.fr\/saintdieinfo\/"},{"@type":"ListItem","position":2,"name":"Raon-l&rsquo;Etape \u2013 Soir\u00e9e \u00ab\u00a0Grandes Gueules\u00a0\u00bb \u00e0 la Halle aux Bl\u00e9s"}]},{"@type":"WebSite","@id":"https:\/\/vosgesinfo.fr\/saintdieinfo\/#website","url":"https:\/\/vosgesinfo.fr\/saintdieinfo\/","name":"Saint Die Info","description":"Toute l&#039;actualit\u00e9 de Saint-Di\u00e9-Des-Vosges","publisher":{"@id":"https:\/\/vosgesinfo.fr\/saintdieinfo\/#organization"},"alternateName":"Toute l'actualit\u00e9 de Saint-Di\u00e9-Des-Vosges","potentialAction":[{"@type":"SearchAction","target":{"@type":"EntryPoint","urlTemplate":"https:\/\/vosgesinfo.fr\/saintdieinfo\/?s={search_term_string}"},"query-input":"required name=search_term_string"}],"inLanguage":"fr-FR"},{"@type":"Organization","@id":"https:\/\/vosgesinfo.fr\/saintdieinfo\/#organization","name":"Saint Die Info","url":"https:\/\/vosgesinfo.fr\/saintdieinfo\/","logo":{"@type":"ImageObject","inLanguage":"fr-FR","@id":"https:\/\/vosgesinfo.fr\/saintdieinfo\/#\/schema\/logo\/image\/","url":"https:\/\/vosgesinfo.fr\/app\/uploads\/sites\/4\/2024\/02\/logo-sdi.jpg","contentUrl":"https:\/\/vosgesinfo.fr\/app\/uploads\/sites\/4\/2024\/02\/logo-sdi.jpg","width":600,"height":600,"caption":"Saint Die Info"},"image":{"@id":"https:\/\/vosgesinfo.fr\/saintdieinfo\/#\/schema\/logo\/image\/"},"sameAs":["https:\/\/www.facebook.com\/Saintdieinfofr","https:\/\/x.com\/VosgesInfo88","https:\/\/www.youtube.com\/@vosgesinfo"]},{"@type":"Person","@id":"https:\/\/vosgesinfo.fr\/saintdieinfo\/#\/schema\/person\/faee6704a21f3977511db84bd1cd450f","name":"la r\u00e9daction","image":{"@type":"ImageObject","inLanguage":"fr-FR","@id":"https:\/\/vosgesinfo.fr\/saintdieinfo\/#\/schema\/person\/image\/","url":"https:\/\/secure.gravatar.com\/avatar\/6673d8bc6a9c17fa9a453eaa3448de834fa308c2ec9635b7aa99441a7c8d2cf6?s=96&d=mm&r=g","contentUrl":"https:\/\/secure.gravatar.com\/avatar\/6673d8bc6a9c17fa9a453eaa3448de834fa308c2ec9635b7aa99441a7c8d2cf6?s=96&d=mm&r=g","caption":"la r\u00e9daction"},"url":"https:\/\/vosgesinfo.fr\/saintdieinfo\/author\/redac\/"}]}},"_links":{"self":[{"href":"https:\/\/vosgesinfo.fr\/saintdieinfo\/wp-json\/wp\/v2\/posts\/65461","targetHints":{"allow":["GET"]}}],"collection":[{"href":"https:\/\/vosgesinfo.fr\/saintdieinfo\/wp-json\/wp\/v2\/posts"}],"about":[{"href":"https:\/\/vosgesinfo.fr\/saintdieinfo\/wp-json\/wp\/v2\/types\/post"}],"author":[{"embeddable":true,"href":"https:\/\/vosgesinfo.fr\/saintdieinfo\/wp-json\/wp\/v2\/users\/44"}],"replies":[{"embeddable":true,"href":"https:\/\/vosgesinfo.fr\/saintdieinfo\/wp-json\/wp\/v2\/comments?post=65461"}],"version-history":[{"count":0,"href":"https:\/\/vosgesinfo.fr\/saintdieinfo\/wp-json\/wp\/v2\/posts\/65461\/revisions"}],"wp:featuredmedia":[{"embeddable":true,"href":"https:\/\/vosgesinfo.fr\/saintdieinfo\/wp-json\/wp\/v2\/media\/65462"}],"wp:attachment":[{"href":"https:\/\/vosgesinfo.fr\/saintdieinfo\/wp-json\/wp\/v2\/media?parent=65461"}],"wp:term":[{"taxonomy":"category","embeddable":true,"href":"https:\/\/vosgesinfo.fr\/saintdieinfo\/wp-json\/wp\/v2\/categories?post=65461"},{"taxonomy":"post_tag","embeddable":true,"href":"https:\/\/vosgesinfo.fr\/saintdieinfo\/wp-json\/wp\/v2\/tags?post=65461"}],"curies":[{"name":"wp","href":"https:\/\/api.w.org\/{rel}","templated":true}]}}