{"id":65507,"date":"2023-06-08T11:30:50","date_gmt":"2023-06-08T09:30:50","guid":{"rendered":"https:\/\/vosgesinfo.fr\/saintdieinfo\/2023\/06\/educfi-collegiens-de-cite-scolaire-jules-ferry-sensibilises-aux-questions-budgetaires-financieres\/"},"modified":"2023-06-08T11:30:50","modified_gmt":"2023-06-08T09:30:50","slug":"educfi-collegiens-de-cite-scolaire-jules-ferry-sensibilises-aux-questions-budgetaires-financieres","status":"publish","type":"post","link":"https:\/\/vosgesinfo.fr\/saintdieinfo\/2023\/06\/educfi-collegiens-de-cite-scolaire-jules-ferry-sensibilises-aux-questions-budgetaires-financieres\/","title":{"rendered":"EDUCFI\u00a0: des coll\u00e9giens de la Cit\u00e9 Scolaire Jules-Ferry sensibilis\u00e9s aux questions budg\u00e9taires et financi\u00e8res"},"content":{"rendered":"<p><a href=\"\/2023\/06\/Remise_Passeports_EDUCFI_Cit\u00e9_Scolaire_Jules-Ferry-6.jpg\" target=\"_blank\" rel=\"noopener\"><img decoding=\"async\" class=\"aligncenter wp-image-202313 size-large\" src=\"\/2023\/06\/Remise_Passeports_EDUCFI_Cit\u00e9_Scolaire_Jules-Ferry-6-1024x771.jpg\" alt=\"Remise_Passeports_EDUCFI_Cit\u00e9_Scolaire_Jules-Ferry (6)\" width=\"960\" height=\"723\" \/><\/a><\/p>\n<h2><strong><span style=\"font-size: 14pt;\">32 \u00e9l\u00e8ves des 2 classes de 4e du coll\u00e8ge de la Cit\u00e9 Scolaire Jules-Ferry ont re\u00e7u leur passeport EDUCFI ce jeudi en fin de matin\u00e9e, dans l&rsquo;amphith\u00e9\u00e2tre de l&rsquo;\u00e9tablissement. Fruit d&rsquo;un partenariat entre l&rsquo;Education Nationale et la Banque de France, le passeport EDUCFI a \u00e9t\u00e9 g\u00e9n\u00e9ralis\u00e9 en France depuis la derni\u00e8re rentr\u00e9e de septembre.<\/span><\/strong><\/h2>\n<p><!--more--><\/p>\n<p>Son objectif est de sensibiliser les \u00e9l\u00e8ves de cycle 4, soit les classes de 5e, 4e et 3e, aux enjeux de l&rsquo;\u00e9ducation budg\u00e9taire et financi\u00e8re. Notamment le r\u00f4le de l&rsquo;argent dans la vie, ou le fonctionnement des taux d&rsquo;int\u00e9r\u00eats. Une sensibilisation qui s&rsquo;est effectu\u00e9e au retour des vacances d&rsquo;avril, via principalement les math\u00e9matiques mais pas uniquement. \u00ab\u00a0Toutes les disciplines peuvent se coordonner pour apporter leurs connaissances\u00a0\u00bb souligne V\u00e9ronique Lecomte, principale-adjointe du coll\u00e8ge Jules-Ferry, qui a proc\u00e9d\u00e9 \u00e0 la remise des passeports EDUCFI ce matin. Un passeport n&rsquo;est pas d\u00e9livr\u00e9 d&rsquo;office \u00e0 tous les \u00e9l\u00e8ves, mais apr\u00e8s une \u00e9valuation. Parmi les \u00e9l\u00e8ves de 4e de la Cit\u00e9 Scolaire d\u00e9odatienne, ils sont 82% \u00e0 l&rsquo;avoir ainsi obtenu.<\/p>\n<p>J.J.<\/p>\n\n","protected":false},"excerpt":{"rendered":"<p>32 \u00e9l\u00e8ves des 2 classes de 4e du coll\u00e8ge de la Cit\u00e9 Scolaire Jules-Ferry ont re\u00e7u leur passeport EDUCFI ce [&hellip;]<\/p>\n","protected":false},"author":44,"featured_media":65508,"comment_status":"open","ping_status":"open","sticky":false,"template":"","format":"standard","meta":{"footnotes":""},"categories":[460,6,2915],"tags":[1991,3352,4081,14528],"class_list":["post-65507","post","type-post","status-publish","format-standard","has-post-thumbnail","hentry","category-a-la-une","category-education","category-saint-die-son-canton","tag-banque-de-france","tag-cite-scolaire-jules-ferry","tag-education-nationale","tag-passeport-educfi"],"acf":[],"yoast_head":"<!-- This site is optimized with the Yoast SEO plugin v22.5 - https:\/\/yoast.com\/wordpress\/plugins\/seo\/ -->\n<title>EDUCFI\u00a0: des coll\u00e9giens de la Cit\u00e9 Scolaire Jules-Ferry sensibilis\u00e9s aux questions budg\u00e9taires et financi\u00e8res - Saint Die Info<\/title>\n<meta name=\"robots\" content=\"index, follow, max-snippet:-1, max-image-preview:large, max-video-preview:-1\" \/>\n<link rel=\"canonical\" href=\"https:\/\/vosgesinfo.fr\/saintdieinfo\/2023\/06\/educfi-collegiens-de-cite-scolaire-jules-ferry-sensibilises-aux-questions-budgetaires-financieres\/\" \/>\n<meta name=\"twitter:card\" content=\"summary_large_image\" \/>\n<meta name=\"twitter:title\" content=\"EDUCFI\u00a0: des coll\u00e9giens de la Cit\u00e9 Scolaire Jules-Ferry sensibilis\u00e9s aux questions budg\u00e9taires et financi\u00e8res - Saint Die Info\" \/>\n<meta name=\"twitter:description\" content=\"32 \u00e9l\u00e8ves des 2 classes de 4e du coll\u00e8ge de la Cit\u00e9 Scolaire Jules-Ferry ont re\u00e7u leur passeport EDUCFI ce [&hellip;]\" \/>\n<meta name=\"twitter:image\" content=\"https:\/\/vosgesinfo.fr\/app\/uploads\/sites\/4\/2024\/08\/202306remise-passeports-educfi-cite-scolaire-jules-ferry-6.jpg\" \/>\n<meta name=\"twitter:creator\" content=\"@VosgesInfo88\" \/>\n<meta name=\"twitter:site\" content=\"@VosgesInfo88\" \/>\n<meta name=\"twitter:label1\" content=\"\u00c9crit par\" \/>\n\t<meta name=\"twitter:data1\" content=\"la r\u00e9daction\" \/>\n\t<meta name=\"twitter:label2\" content=\"Dur\u00e9e de lecture estim\u00e9e\" \/>\n\t<meta name=\"twitter:data2\" content=\"1 minute\" \/>\n<script type=\"application\/ld+json\" class=\"yoast-schema-graph\">{\"@context\":\"https:\/\/schema.org\",\"@graph\":[{\"@type\":\"Article\",\"@id\":\"https:\/\/vosgesinfo.fr\/saintdieinfo\/2023\/06\/educfi-collegiens-de-cite-scolaire-jules-ferry-sensibilises-aux-questions-budgetaires-financieres\/#article\",\"isPartOf\":{\"@id\":\"https:\/\/vosgesinfo.fr\/saintdieinfo\/2023\/06\/educfi-collegiens-de-cite-scolaire-jules-ferry-sensibilises-aux-questions-budgetaires-financieres\/\"},\"author\":{\"name\":\"la r\u00e9daction\",\"@id\":\"https:\/\/vosgesinfo.fr\/saintdieinfo\/#\/schema\/person\/faee6704a21f3977511db84bd1cd450f\"},\"headline\":\"EDUCFI\u00a0: des coll\u00e9giens de la Cit\u00e9 Scolaire Jules-Ferry sensibilis\u00e9s aux questions budg\u00e9taires et financi\u00e8res\",\"datePublished\":\"2023-06-08T09:30:50+00:00\",\"dateModified\":\"2023-06-08T09:30:50+00:00\",\"mainEntityOfPage\":{\"@id\":\"https:\/\/vosgesinfo.fr\/saintdieinfo\/2023\/06\/educfi-collegiens-de-cite-scolaire-jules-ferry-sensibilises-aux-questions-budgetaires-financieres\/\"},\"wordCount\":225,\"commentCount\":0,\"publisher\":{\"@id\":\"https:\/\/vosgesinfo.fr\/saintdieinfo\/#organization\"},\"image\":{\"@id\":\"https:\/\/vosgesinfo.fr\/saintdieinfo\/2023\/06\/educfi-collegiens-de-cite-scolaire-jules-ferry-sensibilises-aux-questions-budgetaires-financieres\/#primaryimage\"},\"thumbnailUrl\":\"https:\/\/vosgesinfo.fr\/app\/uploads\/sites\/4\/2024\/08\/202306remise-passeports-educfi-cite-scolaire-jules-ferry-6.jpg\",\"keywords\":[\"Banque de France\",\"Cit\u00e9 scolaire Jules-Ferry\",\"Education Nationale\",\"Passeport EDUCFI\"],\"articleSection\":[\"A la Une\",\"\u00c9ducation\",\"Saint-Di\u00e9-des-Vosges et son Agglom\u00e9ration\"],\"inLanguage\":\"fr-FR\",\"potentialAction\":[{\"@type\":\"CommentAction\",\"name\":\"Comment\",\"target\":[\"https:\/\/vosgesinfo.fr\/saintdieinfo\/2023\/06\/educfi-collegiens-de-cite-scolaire-jules-ferry-sensibilises-aux-questions-budgetaires-financieres\/#respond\"]}]},{\"@type\":\"WebPage\",\"@id\":\"https:\/\/vosgesinfo.fr\/saintdieinfo\/2023\/06\/educfi-collegiens-de-cite-scolaire-jules-ferry-sensibilises-aux-questions-budgetaires-financieres\/\",\"url\":\"https:\/\/vosgesinfo.fr\/saintdieinfo\/2023\/06\/educfi-collegiens-de-cite-scolaire-jules-ferry-sensibilises-aux-questions-budgetaires-financieres\/\",\"name\":\"EDUCFI\u00a0: des coll\u00e9giens de la Cit\u00e9 Scolaire Jules-Ferry sensibilis\u00e9s aux questions budg\u00e9taires et financi\u00e8res - Saint Die Info\",\"isPartOf\":{\"@id\":\"https:\/\/vosgesinfo.fr\/saintdieinfo\/#website\"},\"primaryImageOfPage\":{\"@id\":\"https:\/\/vosgesinfo.fr\/saintdieinfo\/2023\/06\/educfi-collegiens-de-cite-scolaire-jules-ferry-sensibilises-aux-questions-budgetaires-financieres\/#primaryimage\"},\"image\":{\"@id\":\"https:\/\/vosgesinfo.fr\/saintdieinfo\/2023\/06\/educfi-collegiens-de-cite-scolaire-jules-ferry-sensibilises-aux-questions-budgetaires-financieres\/#primaryimage\"},\"thumbnailUrl\":\"https:\/\/vosgesinfo.fr\/app\/uploads\/sites\/4\/2024\/08\/202306remise-passeports-educfi-cite-scolaire-jules-ferry-6.jpg\",\"datePublished\":\"2023-06-08T09:30:50+00:00\",\"dateModified\":\"2023-06-08T09:30:50+00:00\",\"breadcrumb\":{\"@id\":\"https:\/\/vosgesinfo.fr\/saintdieinfo\/2023\/06\/educfi-collegiens-de-cite-scolaire-jules-ferry-sensibilises-aux-questions-budgetaires-financieres\/#breadcrumb\"},\"inLanguage\":\"fr-FR\",\"potentialAction\":[{\"@type\":\"ReadAction\",\"target\":[\"https:\/\/vosgesinfo.fr\/saintdieinfo\/2023\/06\/educfi-collegiens-de-cite-scolaire-jules-ferry-sensibilises-aux-questions-budgetaires-financieres\/\"]}]},{\"@type\":\"ImageObject\",\"inLanguage\":\"fr-FR\",\"@id\":\"https:\/\/vosgesinfo.fr\/saintdieinfo\/2023\/06\/educfi-collegiens-de-cite-scolaire-jules-ferry-sensibilises-aux-questions-budgetaires-financieres\/#primaryimage\",\"url\":\"https:\/\/vosgesinfo.fr\/app\/uploads\/sites\/4\/2024\/08\/202306remise-passeports-educfi-cite-scolaire-jules-ferry-6.jpg\",\"contentUrl\":\"https:\/\/vosgesinfo.fr\/app\/uploads\/sites\/4\/2024\/08\/202306remise-passeports-educfi-cite-scolaire-jules-ferry-6.jpg\",\"width\":1600,\"height\":1205},{\"@type\":\"BreadcrumbList\",\"@id\":\"https:\/\/vosgesinfo.fr\/saintdieinfo\/2023\/06\/educfi-collegiens-de-cite-scolaire-jules-ferry-sensibilises-aux-questions-budgetaires-financieres\/#breadcrumb\",\"itemListElement\":[{\"@type\":\"ListItem\",\"position\":1,\"name\":\"Home\",\"item\":\"https:\/\/vosgesinfo.fr\/saintdieinfo\/\"},{\"@type\":\"ListItem\",\"position\":2,\"name\":\"EDUCFI\u00a0: des coll\u00e9giens de la Cit\u00e9 Scolaire Jules-Ferry sensibilis\u00e9s aux questions budg\u00e9taires et financi\u00e8res\"}]},{\"@type\":\"WebSite\",\"@id\":\"https:\/\/vosgesinfo.fr\/saintdieinfo\/#website\",\"url\":\"https:\/\/vosgesinfo.fr\/saintdieinfo\/\",\"name\":\"Saint Die Info\",\"description\":\"Toute l&#039;actualit\u00e9 de Saint-Di\u00e9-Des-Vosges\",\"publisher\":{\"@id\":\"https:\/\/vosgesinfo.fr\/saintdieinfo\/#organization\"},\"alternateName\":\"Toute l'actualit\u00e9 de Saint-Di\u00e9-Des-Vosges\",\"potentialAction\":[{\"@type\":\"SearchAction\",\"target\":{\"@type\":\"EntryPoint\",\"urlTemplate\":\"https:\/\/vosgesinfo.fr\/saintdieinfo\/?s={search_term_string}\"},\"query-input\":\"required name=search_term_string\"}],\"inLanguage\":\"fr-FR\"},{\"@type\":\"Organization\",\"@id\":\"https:\/\/vosgesinfo.fr\/saintdieinfo\/#organization\",\"name\":\"Saint Die Info\",\"url\":\"https:\/\/vosgesinfo.fr\/saintdieinfo\/\",\"logo\":{\"@type\":\"ImageObject\",\"inLanguage\":\"fr-FR\",\"@id\":\"https:\/\/vosgesinfo.fr\/saintdieinfo\/#\/schema\/logo\/image\/\",\"url\":\"https:\/\/vosgesinfo.fr\/app\/uploads\/sites\/4\/2024\/02\/logo-sdi.jpg\",\"contentUrl\":\"https:\/\/vosgesinfo.fr\/app\/uploads\/sites\/4\/2024\/02\/logo-sdi.jpg\",\"width\":600,\"height\":600,\"caption\":\"Saint Die Info\"},\"image\":{\"@id\":\"https:\/\/vosgesinfo.fr\/saintdieinfo\/#\/schema\/logo\/image\/\"},\"sameAs\":[\"https:\/\/www.facebook.com\/Saintdieinfofr\",\"https:\/\/x.com\/VosgesInfo88\",\"https:\/\/www.youtube.com\/@vosgesinfo\"]},{\"@type\":\"Person\",\"@id\":\"https:\/\/vosgesinfo.fr\/saintdieinfo\/#\/schema\/person\/faee6704a21f3977511db84bd1cd450f\",\"name\":\"la r\u00e9daction\",\"image\":{\"@type\":\"ImageObject\",\"inLanguage\":\"fr-FR\",\"@id\":\"https:\/\/vosgesinfo.fr\/saintdieinfo\/#\/schema\/person\/image\/\",\"url\":\"https:\/\/secure.gravatar.com\/avatar\/6673d8bc6a9c17fa9a453eaa3448de834fa308c2ec9635b7aa99441a7c8d2cf6?s=96&d=mm&r=g\",\"contentUrl\":\"https:\/\/secure.gravatar.com\/avatar\/6673d8bc6a9c17fa9a453eaa3448de834fa308c2ec9635b7aa99441a7c8d2cf6?s=96&d=mm&r=g\",\"caption\":\"la r\u00e9daction\"},\"url\":\"https:\/\/vosgesinfo.fr\/saintdieinfo\/author\/redac\/\"}]}<\/script>\n<!-- \/ Yoast SEO plugin. -->","yoast_head_json":{"title":"EDUCFI\u00a0: des coll\u00e9giens de la Cit\u00e9 Scolaire Jules-Ferry sensibilis\u00e9s aux questions budg\u00e9taires et financi\u00e8res - Saint Die Info","robots":{"index":"index","follow":"follow","max-snippet":"max-snippet:-1","max-image-preview":"max-image-preview:large","max-video-preview":"max-video-preview:-1"},"canonical":"https:\/\/vosgesinfo.fr\/saintdieinfo\/2023\/06\/educfi-collegiens-de-cite-scolaire-jules-ferry-sensibilises-aux-questions-budgetaires-financieres\/","twitter_card":"summary_large_image","twitter_title":"EDUCFI\u00a0: des coll\u00e9giens de la Cit\u00e9 Scolaire Jules-Ferry sensibilis\u00e9s aux questions budg\u00e9taires et financi\u00e8res - Saint Die Info","twitter_description":"32 \u00e9l\u00e8ves des 2 classes de 4e du coll\u00e8ge de la Cit\u00e9 Scolaire Jules-Ferry ont re\u00e7u leur passeport EDUCFI ce [&hellip;]","twitter_image":"https:\/\/vosgesinfo.fr\/app\/uploads\/sites\/4\/2024\/08\/202306remise-passeports-educfi-cite-scolaire-jules-ferry-6.jpg","twitter_creator":"@VosgesInfo88","twitter_site":"@VosgesInfo88","twitter_misc":{"\u00c9crit par":"la r\u00e9daction","Dur\u00e9e de lecture estim\u00e9e":"1 minute"},"schema":{"@context":"https:\/\/schema.org","@graph":[{"@type":"Article","@id":"https:\/\/vosgesinfo.fr\/saintdieinfo\/2023\/06\/educfi-collegiens-de-cite-scolaire-jules-ferry-sensibilises-aux-questions-budgetaires-financieres\/#article","isPartOf":{"@id":"https:\/\/vosgesinfo.fr\/saintdieinfo\/2023\/06\/educfi-collegiens-de-cite-scolaire-jules-ferry-sensibilises-aux-questions-budgetaires-financieres\/"},"author":{"name":"la r\u00e9daction","@id":"https:\/\/vosgesinfo.fr\/saintdieinfo\/#\/schema\/person\/faee6704a21f3977511db84bd1cd450f"},"headline":"EDUCFI\u00a0: des coll\u00e9giens de la Cit\u00e9 Scolaire Jules-Ferry sensibilis\u00e9s aux questions budg\u00e9taires et financi\u00e8res","datePublished":"2023-06-08T09:30:50+00:00","dateModified":"2023-06-08T09:30:50+00:00","mainEntityOfPage":{"@id":"https:\/\/vosgesinfo.fr\/saintdieinfo\/2023\/06\/educfi-collegiens-de-cite-scolaire-jules-ferry-sensibilises-aux-questions-budgetaires-financieres\/"},"wordCount":225,"commentCount":0,"publisher":{"@id":"https:\/\/vosgesinfo.fr\/saintdieinfo\/#organization"},"image":{"@id":"https:\/\/vosgesinfo.fr\/saintdieinfo\/2023\/06\/educfi-collegiens-de-cite-scolaire-jules-ferry-sensibilises-aux-questions-budgetaires-financieres\/#primaryimage"},"thumbnailUrl":"https:\/\/vosgesinfo.fr\/app\/uploads\/sites\/4\/2024\/08\/202306remise-passeports-educfi-cite-scolaire-jules-ferry-6.jpg","keywords":["Banque de France","Cit\u00e9 scolaire Jules-Ferry","Education Nationale","Passeport EDUCFI"],"articleSection":["A la Une","\u00c9ducation","Saint-Di\u00e9-des-Vosges et son Agglom\u00e9ration"],"inLanguage":"fr-FR","potentialAction":[{"@type":"CommentAction","name":"Comment","target":["https:\/\/vosgesinfo.fr\/saintdieinfo\/2023\/06\/educfi-collegiens-de-cite-scolaire-jules-ferry-sensibilises-aux-questions-budgetaires-financieres\/#respond"]}]},{"@type":"WebPage","@id":"https:\/\/vosgesinfo.fr\/saintdieinfo\/2023\/06\/educfi-collegiens-de-cite-scolaire-jules-ferry-sensibilises-aux-questions-budgetaires-financieres\/","url":"https:\/\/vosgesinfo.fr\/saintdieinfo\/2023\/06\/educfi-collegiens-de-cite-scolaire-jules-ferry-sensibilises-aux-questions-budgetaires-financieres\/","name":"EDUCFI\u00a0: des coll\u00e9giens de la Cit\u00e9 Scolaire Jules-Ferry sensibilis\u00e9s aux questions budg\u00e9taires et financi\u00e8res - Saint Die Info","isPartOf":{"@id":"https:\/\/vosgesinfo.fr\/saintdieinfo\/#website"},"primaryImageOfPage":{"@id":"https:\/\/vosgesinfo.fr\/saintdieinfo\/2023\/06\/educfi-collegiens-de-cite-scolaire-jules-ferry-sensibilises-aux-questions-budgetaires-financieres\/#primaryimage"},"image":{"@id":"https:\/\/vosgesinfo.fr\/saintdieinfo\/2023\/06\/educfi-collegiens-de-cite-scolaire-jules-ferry-sensibilises-aux-questions-budgetaires-financieres\/#primaryimage"},"thumbnailUrl":"https:\/\/vosgesinfo.fr\/app\/uploads\/sites\/4\/2024\/08\/202306remise-passeports-educfi-cite-scolaire-jules-ferry-6.jpg","datePublished":"2023-06-08T09:30:50+00:00","dateModified":"2023-06-08T09:30:50+00:00","breadcrumb":{"@id":"https:\/\/vosgesinfo.fr\/saintdieinfo\/2023\/06\/educfi-collegiens-de-cite-scolaire-jules-ferry-sensibilises-aux-questions-budgetaires-financieres\/#breadcrumb"},"inLanguage":"fr-FR","potentialAction":[{"@type":"ReadAction","target":["https:\/\/vosgesinfo.fr\/saintdieinfo\/2023\/06\/educfi-collegiens-de-cite-scolaire-jules-ferry-sensibilises-aux-questions-budgetaires-financieres\/"]}]},{"@type":"ImageObject","inLanguage":"fr-FR","@id":"https:\/\/vosgesinfo.fr\/saintdieinfo\/2023\/06\/educfi-collegiens-de-cite-scolaire-jules-ferry-sensibilises-aux-questions-budgetaires-financieres\/#primaryimage","url":"https:\/\/vosgesinfo.fr\/app\/uploads\/sites\/4\/2024\/08\/202306remise-passeports-educfi-cite-scolaire-jules-ferry-6.jpg","contentUrl":"https:\/\/vosgesinfo.fr\/app\/uploads\/sites\/4\/2024\/08\/202306remise-passeports-educfi-cite-scolaire-jules-ferry-6.jpg","width":1600,"height":1205},{"@type":"BreadcrumbList","@id":"https:\/\/vosgesinfo.fr\/saintdieinfo\/2023\/06\/educfi-collegiens-de-cite-scolaire-jules-ferry-sensibilises-aux-questions-budgetaires-financieres\/#breadcrumb","itemListElement":[{"@type":"ListItem","position":1,"name":"Home","item":"https:\/\/vosgesinfo.fr\/saintdieinfo\/"},{"@type":"ListItem","position":2,"name":"EDUCFI\u00a0: des coll\u00e9giens de la Cit\u00e9 Scolaire Jules-Ferry sensibilis\u00e9s aux questions budg\u00e9taires et financi\u00e8res"}]},{"@type":"WebSite","@id":"https:\/\/vosgesinfo.fr\/saintdieinfo\/#website","url":"https:\/\/vosgesinfo.fr\/saintdieinfo\/","name":"Saint Die Info","description":"Toute l&#039;actualit\u00e9 de Saint-Di\u00e9-Des-Vosges","publisher":{"@id":"https:\/\/vosgesinfo.fr\/saintdieinfo\/#organization"},"alternateName":"Toute l'actualit\u00e9 de Saint-Di\u00e9-Des-Vosges","potentialAction":[{"@type":"SearchAction","target":{"@type":"EntryPoint","urlTemplate":"https:\/\/vosgesinfo.fr\/saintdieinfo\/?s={search_term_string}"},"query-input":"required name=search_term_string"}],"inLanguage":"fr-FR"},{"@type":"Organization","@id":"https:\/\/vosgesinfo.fr\/saintdieinfo\/#organization","name":"Saint Die Info","url":"https:\/\/vosgesinfo.fr\/saintdieinfo\/","logo":{"@type":"ImageObject","inLanguage":"fr-FR","@id":"https:\/\/vosgesinfo.fr\/saintdieinfo\/#\/schema\/logo\/image\/","url":"https:\/\/vosgesinfo.fr\/app\/uploads\/sites\/4\/2024\/02\/logo-sdi.jpg","contentUrl":"https:\/\/vosgesinfo.fr\/app\/uploads\/sites\/4\/2024\/02\/logo-sdi.jpg","width":600,"height":600,"caption":"Saint Die Info"},"image":{"@id":"https:\/\/vosgesinfo.fr\/saintdieinfo\/#\/schema\/logo\/image\/"},"sameAs":["https:\/\/www.facebook.com\/Saintdieinfofr","https:\/\/x.com\/VosgesInfo88","https:\/\/www.youtube.com\/@vosgesinfo"]},{"@type":"Person","@id":"https:\/\/vosgesinfo.fr\/saintdieinfo\/#\/schema\/person\/faee6704a21f3977511db84bd1cd450f","name":"la r\u00e9daction","image":{"@type":"ImageObject","inLanguage":"fr-FR","@id":"https:\/\/vosgesinfo.fr\/saintdieinfo\/#\/schema\/person\/image\/","url":"https:\/\/secure.gravatar.com\/avatar\/6673d8bc6a9c17fa9a453eaa3448de834fa308c2ec9635b7aa99441a7c8d2cf6?s=96&d=mm&r=g","contentUrl":"https:\/\/secure.gravatar.com\/avatar\/6673d8bc6a9c17fa9a453eaa3448de834fa308c2ec9635b7aa99441a7c8d2cf6?s=96&d=mm&r=g","caption":"la r\u00e9daction"},"url":"https:\/\/vosgesinfo.fr\/saintdieinfo\/author\/redac\/"}]}},"_links":{"self":[{"href":"https:\/\/vosgesinfo.fr\/saintdieinfo\/wp-json\/wp\/v2\/posts\/65507","targetHints":{"allow":["GET"]}}],"collection":[{"href":"https:\/\/vosgesinfo.fr\/saintdieinfo\/wp-json\/wp\/v2\/posts"}],"about":[{"href":"https:\/\/vosgesinfo.fr\/saintdieinfo\/wp-json\/wp\/v2\/types\/post"}],"author":[{"embeddable":true,"href":"https:\/\/vosgesinfo.fr\/saintdieinfo\/wp-json\/wp\/v2\/users\/44"}],"replies":[{"embeddable":true,"href":"https:\/\/vosgesinfo.fr\/saintdieinfo\/wp-json\/wp\/v2\/comments?post=65507"}],"version-history":[{"count":0,"href":"https:\/\/vosgesinfo.fr\/saintdieinfo\/wp-json\/wp\/v2\/posts\/65507\/revisions"}],"wp:featuredmedia":[{"embeddable":true,"href":"https:\/\/vosgesinfo.fr\/saintdieinfo\/wp-json\/wp\/v2\/media\/65508"}],"wp:attachment":[{"href":"https:\/\/vosgesinfo.fr\/saintdieinfo\/wp-json\/wp\/v2\/media?parent=65507"}],"wp:term":[{"taxonomy":"category","embeddable":true,"href":"https:\/\/vosgesinfo.fr\/saintdieinfo\/wp-json\/wp\/v2\/categories?post=65507"},{"taxonomy":"post_tag","embeddable":true,"href":"https:\/\/vosgesinfo.fr\/saintdieinfo\/wp-json\/wp\/v2\/tags?post=65507"}],"curies":[{"name":"wp","href":"https:\/\/api.w.org\/{rel}","templated":true}]}}