{"id":65516,"date":"2023-06-08T11:57:44","date_gmt":"2023-06-08T09:57:44","guid":{"rendered":"https:\/\/vosgesinfo.fr\/saintdieinfo\/2023\/06\/point-detape-travaux-de-rue-12e-dartillerie\/"},"modified":"2023-06-08T11:57:44","modified_gmt":"2023-06-08T09:57:44","slug":"point-detape-travaux-de-rue-12e-dartillerie","status":"publish","type":"post","link":"https:\/\/vosgesinfo.fr\/saintdieinfo\/2023\/06\/point-detape-travaux-de-rue-12e-dartillerie\/","title":{"rendered":"Point d&rsquo;\u00e9tape sur les travaux de la rue du 12e d&rsquo;Artillerie"},"content":{"rendered":"<p><a href=\"\/2023\/06\/Point_Travaux_Rue_12e_Artillerie.jpg\" target=\"_blank\" rel=\"noopener\"><img decoding=\"async\" class=\"aligncenter wp-image-202322 size-large\" src=\"\/2023\/06\/Point_Travaux_Rue_12e_Artillerie-1024x768.jpg\" alt=\"Point_Travaux_Rue_12e_Artillerie\" width=\"960\" height=\"720\" \/><\/a><\/p>\n<h2><strong><span style=\"font-size: 14pt;\">Il y a maintenant plus de 2 mois que le lifting de la rue du 12e R\u00e9giment d&rsquo;Artillerie a d\u00e9but\u00e9. Ce jeudi matin, un point d&rsquo;\u00e9tape a \u00e9t\u00e9 fait sur ce chantier, le plus important budg\u00e9t\u00e9 cette ann\u00e9e \u00e0 Saint-Di\u00e9-des-Vosges avec 1,5 million d&rsquo;\u20ac d&rsquo;investissement, avec le maire Bruno Toussaint et l&rsquo;adjoint aux Travaux Patrick Zanchetta.<\/span><\/strong><\/h2>\n<p><!--more--><\/p>\n<p>L&rsquo;occasion de pr\u00e9ciser qu&rsquo;une r\u00e9union de chantier hebdomadaire est organis\u00e9e chaque mardi en d\u00e9but d&rsquo;apr\u00e8s-midi, et ce durant toute la dur\u00e9e des travaux. Autre pr\u00e9cision\u00a0: apr\u00e8s une r\u00e9cente r\u00e9union avec les commer\u00e7ants concern\u00e9s, la Municipalit\u00e9 a d\u00e9cid\u00e9 de communiquer sur l&rsquo;avanc\u00e9e du chantier. \u00ab\u00a0Tout d&rsquo;abord, on peut dire que les d\u00e9lais sont respect\u00e9s par l&rsquo;entreprise Broglio, en charge de cet important chantier. Nous tenons aussi \u00e0 souligner qu&rsquo;il est possible d&rsquo;acc\u00e9der \u00e0 tous les commerces en roulant doucement. Aucune enseigne n&rsquo;est inaccessible.\u00a0\u00bb<\/p>\n<p>Comme l&rsquo;a expliqu\u00e9 Patrick Zanchetta ce matin, \u00ab\u00a0les \u00e9quipes seront prochainement renforc\u00e9es afin d&rsquo;avoir des ouvriers travaillant \u00e0 la fois sur les bordures et trottoirs, les autres sur la chauss\u00e9e. Etant donn\u00e9 que les bordures sont en granit des Vosges, nous avons obtenu une subvention de 10% de la part du Conseil D\u00e9partemental.\u00a0\u00bb<\/p>\n<p>En rapport avec le Toit Vosgien, toutes les entr\u00e9es de garages seront reprises. Les trottoirs seront abaiss\u00e9s, accessibles aux personnes \u00e0 mobilit\u00e9 r\u00e9duite, et des passages pi\u00e9tons seront mat\u00e9rialis\u00e9s tous les 50 m\u00e8tres. La chauss\u00e9e sera recouverte de sa couche de grave-bitume, puis d&rsquo;un enrob\u00e9 \u00e9pais avec 120kg au m\u00b2. Et afin de r\u00e9duire la vitesse sur cette voie, pendant et apr\u00e8s les travaux, un feu tricolore dit \u00ab\u00a0\u00e0 r\u00e9compense\u00a0\u00bb, qui reste au vert lorsque la limitation de vitesse n&rsquo;est pas d\u00e9pas\u00e9e, sera install\u00e9 \u00e0 la jonction avec la rue de la Vaxenaire.<\/p>\n<p>\u00ab\u00a0Les travaux sur cette rue \u00e9taient indispensables. Je sais que cela peut faire r\u00e2ler certains, d&rsquo;autant que le chantier est pr\u00e9vu pour une dur\u00e9e totale de 11 mois, mais nous n&rsquo;avons pas le choix et nous voulons rester le moins invasif possible par rapport aux commer\u00e7ants implant\u00e9s ici. Nous allons accro\u00eetre la communication et nous restons \u00e0 l&rsquo;\u00e9coute\u00a0\u00bb a ajout\u00e9 Patrick Zanchetta pour conclure.<\/p>\n<p>J.J.<\/p>\n<p><iframe loading=\"lazy\" src=\"\/\/www.youtube.com\/embed\/tYpOjoKGsRw\" width=\"425\" height=\"350\" allowfullscreen=\"allowfullscreen\"><\/iframe><\/p>\n","protected":false},"excerpt":{"rendered":"<p>Il y a maintenant plus de 2 mois que le lifting de la rue du 12e R\u00e9giment d&rsquo;Artillerie a d\u00e9but\u00e9. [&hellip;]<\/p>\n","protected":false},"author":44,"featured_media":65517,"comment_status":"open","ping_status":"open","sticky":false,"template":"","format":"standard","meta":{"footnotes":""},"categories":[460,2915],"tags":[5297,14530,3240],"class_list":["post-65516","post","type-post","status-publish","format-standard","has-post-thumbnail","hentry","category-a-la-une","category-saint-die-son-canton","tag-rue-du-12e-regiment-dartillerie","tag-travaux-de-la-rue-du-12e-dartillerie","tag-ville-de-saint-die-des-vosges"],"acf":[],"yoast_head":"<!-- This site is optimized with the Yoast SEO plugin v22.5 - https:\/\/yoast.com\/wordpress\/plugins\/seo\/ -->\n<title>Point d&#039;\u00e9tape sur les travaux de la rue du 12e d&#039;Artillerie - Saint Die Info<\/title>\n<meta name=\"robots\" content=\"index, follow, max-snippet:-1, max-image-preview:large, max-video-preview:-1\" \/>\n<link rel=\"canonical\" href=\"https:\/\/vosgesinfo.fr\/saintdieinfo\/2023\/06\/point-detape-travaux-de-rue-12e-dartillerie\/\" \/>\n<meta name=\"twitter:card\" content=\"summary_large_image\" \/>\n<meta name=\"twitter:title\" content=\"Point d&#039;\u00e9tape sur les travaux de la rue du 12e d&#039;Artillerie - Saint Die Info\" \/>\n<meta name=\"twitter:description\" content=\"Il y a maintenant plus de 2 mois que le lifting de la rue du 12e R\u00e9giment d&rsquo;Artillerie a d\u00e9but\u00e9. [&hellip;]\" \/>\n<meta name=\"twitter:image\" content=\"https:\/\/vosgesinfo.fr\/app\/uploads\/sites\/4\/2024\/08\/202306point-travaux-rue-12e-artillerie.jpg\" \/>\n<meta name=\"twitter:creator\" content=\"@VosgesInfo88\" \/>\n<meta name=\"twitter:site\" content=\"@VosgesInfo88\" \/>\n<meta name=\"twitter:label1\" content=\"\u00c9crit par\" \/>\n\t<meta name=\"twitter:data1\" content=\"la r\u00e9daction\" \/>\n\t<meta name=\"twitter:label2\" content=\"Dur\u00e9e de lecture estim\u00e9e\" \/>\n\t<meta name=\"twitter:data2\" content=\"2 minutes\" \/>\n<script type=\"application\/ld+json\" class=\"yoast-schema-graph\">{\"@context\":\"https:\/\/schema.org\",\"@graph\":[{\"@type\":\"Article\",\"@id\":\"https:\/\/vosgesinfo.fr\/saintdieinfo\/2023\/06\/point-detape-travaux-de-rue-12e-dartillerie\/#article\",\"isPartOf\":{\"@id\":\"https:\/\/vosgesinfo.fr\/saintdieinfo\/2023\/06\/point-detape-travaux-de-rue-12e-dartillerie\/\"},\"author\":{\"name\":\"la r\u00e9daction\",\"@id\":\"https:\/\/vosgesinfo.fr\/saintdieinfo\/#\/schema\/person\/faee6704a21f3977511db84bd1cd450f\"},\"headline\":\"Point d&rsquo;\u00e9tape sur les travaux de la rue du 12e d&rsquo;Artillerie\",\"datePublished\":\"2023-06-08T09:57:44+00:00\",\"dateModified\":\"2023-06-08T09:57:44+00:00\",\"mainEntityOfPage\":{\"@id\":\"https:\/\/vosgesinfo.fr\/saintdieinfo\/2023\/06\/point-detape-travaux-de-rue-12e-dartillerie\/\"},\"wordCount\":414,\"commentCount\":0,\"publisher\":{\"@id\":\"https:\/\/vosgesinfo.fr\/saintdieinfo\/#organization\"},\"image\":{\"@id\":\"https:\/\/vosgesinfo.fr\/saintdieinfo\/2023\/06\/point-detape-travaux-de-rue-12e-dartillerie\/#primaryimage\"},\"thumbnailUrl\":\"https:\/\/vosgesinfo.fr\/app\/uploads\/sites\/4\/2024\/08\/202306point-travaux-rue-12e-artillerie.jpg\",\"keywords\":[\"Rue du 12e R\u00e9giment d'Artillerie\",\"Travaux de la rue du 12e d'Artillerie\",\"Ville de Saint-Di\u00e9-des-Vosges\"],\"articleSection\":[\"A la Une\",\"Saint-Di\u00e9-des-Vosges et son Agglom\u00e9ration\"],\"inLanguage\":\"fr-FR\",\"potentialAction\":[{\"@type\":\"CommentAction\",\"name\":\"Comment\",\"target\":[\"https:\/\/vosgesinfo.fr\/saintdieinfo\/2023\/06\/point-detape-travaux-de-rue-12e-dartillerie\/#respond\"]}]},{\"@type\":\"WebPage\",\"@id\":\"https:\/\/vosgesinfo.fr\/saintdieinfo\/2023\/06\/point-detape-travaux-de-rue-12e-dartillerie\/\",\"url\":\"https:\/\/vosgesinfo.fr\/saintdieinfo\/2023\/06\/point-detape-travaux-de-rue-12e-dartillerie\/\",\"name\":\"Point d'\u00e9tape sur les travaux de la rue du 12e d'Artillerie - Saint Die Info\",\"isPartOf\":{\"@id\":\"https:\/\/vosgesinfo.fr\/saintdieinfo\/#website\"},\"primaryImageOfPage\":{\"@id\":\"https:\/\/vosgesinfo.fr\/saintdieinfo\/2023\/06\/point-detape-travaux-de-rue-12e-dartillerie\/#primaryimage\"},\"image\":{\"@id\":\"https:\/\/vosgesinfo.fr\/saintdieinfo\/2023\/06\/point-detape-travaux-de-rue-12e-dartillerie\/#primaryimage\"},\"thumbnailUrl\":\"https:\/\/vosgesinfo.fr\/app\/uploads\/sites\/4\/2024\/08\/202306point-travaux-rue-12e-artillerie.jpg\",\"datePublished\":\"2023-06-08T09:57:44+00:00\",\"dateModified\":\"2023-06-08T09:57:44+00:00\",\"breadcrumb\":{\"@id\":\"https:\/\/vosgesinfo.fr\/saintdieinfo\/2023\/06\/point-detape-travaux-de-rue-12e-dartillerie\/#breadcrumb\"},\"inLanguage\":\"fr-FR\",\"potentialAction\":[{\"@type\":\"ReadAction\",\"target\":[\"https:\/\/vosgesinfo.fr\/saintdieinfo\/2023\/06\/point-detape-travaux-de-rue-12e-dartillerie\/\"]}]},{\"@type\":\"ImageObject\",\"inLanguage\":\"fr-FR\",\"@id\":\"https:\/\/vosgesinfo.fr\/saintdieinfo\/2023\/06\/point-detape-travaux-de-rue-12e-dartillerie\/#primaryimage\",\"url\":\"https:\/\/vosgesinfo.fr\/app\/uploads\/sites\/4\/2024\/08\/202306point-travaux-rue-12e-artillerie.jpg\",\"contentUrl\":\"https:\/\/vosgesinfo.fr\/app\/uploads\/sites\/4\/2024\/08\/202306point-travaux-rue-12e-artillerie.jpg\",\"width\":1600,\"height\":1200},{\"@type\":\"BreadcrumbList\",\"@id\":\"https:\/\/vosgesinfo.fr\/saintdieinfo\/2023\/06\/point-detape-travaux-de-rue-12e-dartillerie\/#breadcrumb\",\"itemListElement\":[{\"@type\":\"ListItem\",\"position\":1,\"name\":\"Home\",\"item\":\"https:\/\/vosgesinfo.fr\/saintdieinfo\/\"},{\"@type\":\"ListItem\",\"position\":2,\"name\":\"Point d&rsquo;\u00e9tape sur les travaux de la rue du 12e d&rsquo;Artillerie\"}]},{\"@type\":\"WebSite\",\"@id\":\"https:\/\/vosgesinfo.fr\/saintdieinfo\/#website\",\"url\":\"https:\/\/vosgesinfo.fr\/saintdieinfo\/\",\"name\":\"Saint Die Info\",\"description\":\"Toute l&#039;actualit\u00e9 de Saint-Di\u00e9-Des-Vosges\",\"publisher\":{\"@id\":\"https:\/\/vosgesinfo.fr\/saintdieinfo\/#organization\"},\"alternateName\":\"Toute l'actualit\u00e9 de Saint-Di\u00e9-Des-Vosges\",\"potentialAction\":[{\"@type\":\"SearchAction\",\"target\":{\"@type\":\"EntryPoint\",\"urlTemplate\":\"https:\/\/vosgesinfo.fr\/saintdieinfo\/?s={search_term_string}\"},\"query-input\":\"required name=search_term_string\"}],\"inLanguage\":\"fr-FR\"},{\"@type\":\"Organization\",\"@id\":\"https:\/\/vosgesinfo.fr\/saintdieinfo\/#organization\",\"name\":\"Saint Die Info\",\"url\":\"https:\/\/vosgesinfo.fr\/saintdieinfo\/\",\"logo\":{\"@type\":\"ImageObject\",\"inLanguage\":\"fr-FR\",\"@id\":\"https:\/\/vosgesinfo.fr\/saintdieinfo\/#\/schema\/logo\/image\/\",\"url\":\"https:\/\/vosgesinfo.fr\/app\/uploads\/sites\/4\/2024\/02\/logo-sdi.jpg\",\"contentUrl\":\"https:\/\/vosgesinfo.fr\/app\/uploads\/sites\/4\/2024\/02\/logo-sdi.jpg\",\"width\":600,\"height\":600,\"caption\":\"Saint Die Info\"},\"image\":{\"@id\":\"https:\/\/vosgesinfo.fr\/saintdieinfo\/#\/schema\/logo\/image\/\"},\"sameAs\":[\"https:\/\/www.facebook.com\/Saintdieinfofr\",\"https:\/\/x.com\/VosgesInfo88\",\"https:\/\/www.youtube.com\/@vosgesinfo\"]},{\"@type\":\"Person\",\"@id\":\"https:\/\/vosgesinfo.fr\/saintdieinfo\/#\/schema\/person\/faee6704a21f3977511db84bd1cd450f\",\"name\":\"la r\u00e9daction\",\"image\":{\"@type\":\"ImageObject\",\"inLanguage\":\"fr-FR\",\"@id\":\"https:\/\/vosgesinfo.fr\/saintdieinfo\/#\/schema\/person\/image\/\",\"url\":\"https:\/\/secure.gravatar.com\/avatar\/6673d8bc6a9c17fa9a453eaa3448de834fa308c2ec9635b7aa99441a7c8d2cf6?s=96&d=mm&r=g\",\"contentUrl\":\"https:\/\/secure.gravatar.com\/avatar\/6673d8bc6a9c17fa9a453eaa3448de834fa308c2ec9635b7aa99441a7c8d2cf6?s=96&d=mm&r=g\",\"caption\":\"la r\u00e9daction\"},\"url\":\"https:\/\/vosgesinfo.fr\/saintdieinfo\/author\/redac\/\"}]}<\/script>\n<!-- \/ Yoast SEO plugin. -->","yoast_head_json":{"title":"Point d'\u00e9tape sur les travaux de la rue du 12e d'Artillerie - Saint Die Info","robots":{"index":"index","follow":"follow","max-snippet":"max-snippet:-1","max-image-preview":"max-image-preview:large","max-video-preview":"max-video-preview:-1"},"canonical":"https:\/\/vosgesinfo.fr\/saintdieinfo\/2023\/06\/point-detape-travaux-de-rue-12e-dartillerie\/","twitter_card":"summary_large_image","twitter_title":"Point d'\u00e9tape sur les travaux de la rue du 12e d'Artillerie - Saint Die Info","twitter_description":"Il y a maintenant plus de 2 mois que le lifting de la rue du 12e R\u00e9giment d&rsquo;Artillerie a d\u00e9but\u00e9. [&hellip;]","twitter_image":"https:\/\/vosgesinfo.fr\/app\/uploads\/sites\/4\/2024\/08\/202306point-travaux-rue-12e-artillerie.jpg","twitter_creator":"@VosgesInfo88","twitter_site":"@VosgesInfo88","twitter_misc":{"\u00c9crit par":"la r\u00e9daction","Dur\u00e9e de lecture estim\u00e9e":"2 minutes"},"schema":{"@context":"https:\/\/schema.org","@graph":[{"@type":"Article","@id":"https:\/\/vosgesinfo.fr\/saintdieinfo\/2023\/06\/point-detape-travaux-de-rue-12e-dartillerie\/#article","isPartOf":{"@id":"https:\/\/vosgesinfo.fr\/saintdieinfo\/2023\/06\/point-detape-travaux-de-rue-12e-dartillerie\/"},"author":{"name":"la r\u00e9daction","@id":"https:\/\/vosgesinfo.fr\/saintdieinfo\/#\/schema\/person\/faee6704a21f3977511db84bd1cd450f"},"headline":"Point d&rsquo;\u00e9tape sur les travaux de la rue du 12e d&rsquo;Artillerie","datePublished":"2023-06-08T09:57:44+00:00","dateModified":"2023-06-08T09:57:44+00:00","mainEntityOfPage":{"@id":"https:\/\/vosgesinfo.fr\/saintdieinfo\/2023\/06\/point-detape-travaux-de-rue-12e-dartillerie\/"},"wordCount":414,"commentCount":0,"publisher":{"@id":"https:\/\/vosgesinfo.fr\/saintdieinfo\/#organization"},"image":{"@id":"https:\/\/vosgesinfo.fr\/saintdieinfo\/2023\/06\/point-detape-travaux-de-rue-12e-dartillerie\/#primaryimage"},"thumbnailUrl":"https:\/\/vosgesinfo.fr\/app\/uploads\/sites\/4\/2024\/08\/202306point-travaux-rue-12e-artillerie.jpg","keywords":["Rue du 12e R\u00e9giment d'Artillerie","Travaux de la rue du 12e d'Artillerie","Ville de Saint-Di\u00e9-des-Vosges"],"articleSection":["A la Une","Saint-Di\u00e9-des-Vosges et son Agglom\u00e9ration"],"inLanguage":"fr-FR","potentialAction":[{"@type":"CommentAction","name":"Comment","target":["https:\/\/vosgesinfo.fr\/saintdieinfo\/2023\/06\/point-detape-travaux-de-rue-12e-dartillerie\/#respond"]}]},{"@type":"WebPage","@id":"https:\/\/vosgesinfo.fr\/saintdieinfo\/2023\/06\/point-detape-travaux-de-rue-12e-dartillerie\/","url":"https:\/\/vosgesinfo.fr\/saintdieinfo\/2023\/06\/point-detape-travaux-de-rue-12e-dartillerie\/","name":"Point d'\u00e9tape sur les travaux de la rue du 12e d'Artillerie - Saint Die Info","isPartOf":{"@id":"https:\/\/vosgesinfo.fr\/saintdieinfo\/#website"},"primaryImageOfPage":{"@id":"https:\/\/vosgesinfo.fr\/saintdieinfo\/2023\/06\/point-detape-travaux-de-rue-12e-dartillerie\/#primaryimage"},"image":{"@id":"https:\/\/vosgesinfo.fr\/saintdieinfo\/2023\/06\/point-detape-travaux-de-rue-12e-dartillerie\/#primaryimage"},"thumbnailUrl":"https:\/\/vosgesinfo.fr\/app\/uploads\/sites\/4\/2024\/08\/202306point-travaux-rue-12e-artillerie.jpg","datePublished":"2023-06-08T09:57:44+00:00","dateModified":"2023-06-08T09:57:44+00:00","breadcrumb":{"@id":"https:\/\/vosgesinfo.fr\/saintdieinfo\/2023\/06\/point-detape-travaux-de-rue-12e-dartillerie\/#breadcrumb"},"inLanguage":"fr-FR","potentialAction":[{"@type":"ReadAction","target":["https:\/\/vosgesinfo.fr\/saintdieinfo\/2023\/06\/point-detape-travaux-de-rue-12e-dartillerie\/"]}]},{"@type":"ImageObject","inLanguage":"fr-FR","@id":"https:\/\/vosgesinfo.fr\/saintdieinfo\/2023\/06\/point-detape-travaux-de-rue-12e-dartillerie\/#primaryimage","url":"https:\/\/vosgesinfo.fr\/app\/uploads\/sites\/4\/2024\/08\/202306point-travaux-rue-12e-artillerie.jpg","contentUrl":"https:\/\/vosgesinfo.fr\/app\/uploads\/sites\/4\/2024\/08\/202306point-travaux-rue-12e-artillerie.jpg","width":1600,"height":1200},{"@type":"BreadcrumbList","@id":"https:\/\/vosgesinfo.fr\/saintdieinfo\/2023\/06\/point-detape-travaux-de-rue-12e-dartillerie\/#breadcrumb","itemListElement":[{"@type":"ListItem","position":1,"name":"Home","item":"https:\/\/vosgesinfo.fr\/saintdieinfo\/"},{"@type":"ListItem","position":2,"name":"Point d&rsquo;\u00e9tape sur les travaux de la rue du 12e d&rsquo;Artillerie"}]},{"@type":"WebSite","@id":"https:\/\/vosgesinfo.fr\/saintdieinfo\/#website","url":"https:\/\/vosgesinfo.fr\/saintdieinfo\/","name":"Saint Die Info","description":"Toute l&#039;actualit\u00e9 de Saint-Di\u00e9-Des-Vosges","publisher":{"@id":"https:\/\/vosgesinfo.fr\/saintdieinfo\/#organization"},"alternateName":"Toute l'actualit\u00e9 de Saint-Di\u00e9-Des-Vosges","potentialAction":[{"@type":"SearchAction","target":{"@type":"EntryPoint","urlTemplate":"https:\/\/vosgesinfo.fr\/saintdieinfo\/?s={search_term_string}"},"query-input":"required name=search_term_string"}],"inLanguage":"fr-FR"},{"@type":"Organization","@id":"https:\/\/vosgesinfo.fr\/saintdieinfo\/#organization","name":"Saint Die Info","url":"https:\/\/vosgesinfo.fr\/saintdieinfo\/","logo":{"@type":"ImageObject","inLanguage":"fr-FR","@id":"https:\/\/vosgesinfo.fr\/saintdieinfo\/#\/schema\/logo\/image\/","url":"https:\/\/vosgesinfo.fr\/app\/uploads\/sites\/4\/2024\/02\/logo-sdi.jpg","contentUrl":"https:\/\/vosgesinfo.fr\/app\/uploads\/sites\/4\/2024\/02\/logo-sdi.jpg","width":600,"height":600,"caption":"Saint Die Info"},"image":{"@id":"https:\/\/vosgesinfo.fr\/saintdieinfo\/#\/schema\/logo\/image\/"},"sameAs":["https:\/\/www.facebook.com\/Saintdieinfofr","https:\/\/x.com\/VosgesInfo88","https:\/\/www.youtube.com\/@vosgesinfo"]},{"@type":"Person","@id":"https:\/\/vosgesinfo.fr\/saintdieinfo\/#\/schema\/person\/faee6704a21f3977511db84bd1cd450f","name":"la r\u00e9daction","image":{"@type":"ImageObject","inLanguage":"fr-FR","@id":"https:\/\/vosgesinfo.fr\/saintdieinfo\/#\/schema\/person\/image\/","url":"https:\/\/secure.gravatar.com\/avatar\/6673d8bc6a9c17fa9a453eaa3448de834fa308c2ec9635b7aa99441a7c8d2cf6?s=96&d=mm&r=g","contentUrl":"https:\/\/secure.gravatar.com\/avatar\/6673d8bc6a9c17fa9a453eaa3448de834fa308c2ec9635b7aa99441a7c8d2cf6?s=96&d=mm&r=g","caption":"la r\u00e9daction"},"url":"https:\/\/vosgesinfo.fr\/saintdieinfo\/author\/redac\/"}]}},"_links":{"self":[{"href":"https:\/\/vosgesinfo.fr\/saintdieinfo\/wp-json\/wp\/v2\/posts\/65516","targetHints":{"allow":["GET"]}}],"collection":[{"href":"https:\/\/vosgesinfo.fr\/saintdieinfo\/wp-json\/wp\/v2\/posts"}],"about":[{"href":"https:\/\/vosgesinfo.fr\/saintdieinfo\/wp-json\/wp\/v2\/types\/post"}],"author":[{"embeddable":true,"href":"https:\/\/vosgesinfo.fr\/saintdieinfo\/wp-json\/wp\/v2\/users\/44"}],"replies":[{"embeddable":true,"href":"https:\/\/vosgesinfo.fr\/saintdieinfo\/wp-json\/wp\/v2\/comments?post=65516"}],"version-history":[{"count":0,"href":"https:\/\/vosgesinfo.fr\/saintdieinfo\/wp-json\/wp\/v2\/posts\/65516\/revisions"}],"wp:featuredmedia":[{"embeddable":true,"href":"https:\/\/vosgesinfo.fr\/saintdieinfo\/wp-json\/wp\/v2\/media\/65517"}],"wp:attachment":[{"href":"https:\/\/vosgesinfo.fr\/saintdieinfo\/wp-json\/wp\/v2\/media?parent=65516"}],"wp:term":[{"taxonomy":"category","embeddable":true,"href":"https:\/\/vosgesinfo.fr\/saintdieinfo\/wp-json\/wp\/v2\/categories?post=65516"},{"taxonomy":"post_tag","embeddable":true,"href":"https:\/\/vosgesinfo.fr\/saintdieinfo\/wp-json\/wp\/v2\/tags?post=65516"}],"curies":[{"name":"wp","href":"https:\/\/api.w.org\/{rel}","templated":true}]}}