{"id":65523,"date":"2023-06-09T08:01:28","date_gmt":"2023-06-09T06:01:28","guid":{"rendered":"https:\/\/vosgesinfo.fr\/saintdieinfo\/2023\/06\/venez-raconter-histoire-de-descendants-de-migrants-a-lespace-georges-sadoul\/"},"modified":"2023-06-09T08:01:28","modified_gmt":"2023-06-09T06:01:28","slug":"venez-raconter-histoire-de-descendants-de-migrants-a-lespace-georges-sadoul","status":"publish","type":"post","link":"https:\/\/vosgesinfo.fr\/saintdieinfo\/2023\/06\/venez-raconter-histoire-de-descendants-de-migrants-a-lespace-georges-sadoul\/","title":{"rendered":"Venez raconter votre histoire de descendants de migrants \u00e0 l&rsquo;Espace Georges-Sadoul"},"content":{"rendered":"<div id=\"attachment_202342\" style=\"width: 265px\" class=\"wp-caption aligncenter\"><img decoding=\"async\" aria-describedby=\"caption-attachment-202342\" class=\"wp-image-202342 size-medium\" src=\"\/2023\/06\/Spectacle_Compagnie_R\u00eave_G\u00e9n\u00e9ral-255x255.jpg\" alt=\"Spectacle_Compagnie_R\u00eave_G\u00e9n\u00e9ral\" width=\"255\" height=\"255\" \/><p id=\"caption-attachment-202342\" class=\"wp-caption-text\">(Illustration)<\/p><\/div>\n<h2><strong><span style=\"font-size: 14pt;\">Dans le cadre de la r\u00e9sidence artistique de la Compagnie R\u00eave G\u00e9n\u00e9ral, pour la cr\u00e9ation de son prochain spectacle \u00ab\u00a0Enfants de (et plus encore) \u2013 un titre provisoire \u2013 souhaite recueillir des t\u00e9moignages des descendants de migrants, n\u00e9s ici en D\u00e9odatie.<\/span><\/strong><\/h2>\n<p><!--more--><\/p>\n<p>Marylin Mattei et Marie Normand, autrice et metteure en sc\u00e8ne, seront pr\u00e9sente du 12 au 16 juin \u00e0 l&rsquo;Espace Georges-Sadoul. Si vous souhaitez participer et t\u00e9moigner de votre histoire, mais aussi de celle de vos parents et\/ou grands-parents, vous pouvez prendre rendez-vous aupr\u00e8s de la billetterie de l&rsquo;Espace Georges-Sadoul\u00a0: 03-29-56-14-09 (du mardi au vendredi, de 9h \u00e0 12h et de 14h \u00e0 17h) ou via <a href=\"mailto:billetterie@ca-saintdie.fr\" target=\"_blank\" rel=\"noopener\">billetterie@ca-saintdie.fr<\/a>. Les rendez-vous auront lieu la semaine prochaine, du 12 au 16 juin, \u00e0 l&rsquo;Espace Georges-Sadoul.<\/p>\n<p>\u00ab\u00a0\u00ab\u00a0Enfants de (et plus encore\u00a0\u00bb est le r\u00e9cit de plusieurs qu\u00eates singuli\u00e8res qui, en prenant des itin\u00e9raires divers, pourront se r\u00e9pondre, se compl\u00e9ter, r\u00e9v\u00e9lant alors l&rsquo;universalit\u00e9 de ces trajectoires et racontant aussi, en creux, une partie de l&rsquo;Histoire de France\u00a0\u00bb souligne le p\u00f4le du Spectacle Vivant de la Communaut\u00e9 d&rsquo;Agglom\u00e9ration de Saint-Di\u00e9-des-Vosges.<\/p>\n<p>J.J.<\/p>\n","protected":false},"excerpt":{"rendered":"<p>Dans le cadre de la r\u00e9sidence artistique de la Compagnie R\u00eave G\u00e9n\u00e9ral, pour la cr\u00e9ation de son prochain spectacle \u00ab\u00a0Enfants [&hellip;]<\/p>\n","protected":false},"author":44,"featured_media":65524,"comment_status":"open","ping_status":"open","sticky":false,"template":"","format":"standard","meta":{"footnotes":""},"categories":[460,8019,7847,2915],"tags":[10960,3559,4438],"class_list":["post-65523","post","type-post","status-publish","format-standard","has-post-thumbnail","hentry","category-a-la-une","category-vie-artistique-art-culture","category-art-culture","category-saint-die-son-canton","tag-compagnie-reve-general","tag-espace-georges-sadoul","tag-pole-du-spectacle-vivant-de-la-communaute-dagglomeration-de-saint-die-des-vosges"],"acf":[],"yoast_head":"<!-- This site is optimized with the Yoast SEO plugin v22.5 - https:\/\/yoast.com\/wordpress\/plugins\/seo\/ -->\n<title>Venez raconter votre histoire de descendants de migrants \u00e0 l&#039;Espace Georges-Sadoul - Saint Die Info<\/title>\n<meta name=\"robots\" content=\"index, follow, max-snippet:-1, max-image-preview:large, max-video-preview:-1\" \/>\n<link rel=\"canonical\" href=\"https:\/\/vosgesinfo.fr\/saintdieinfo\/2023\/06\/venez-raconter-histoire-de-descendants-de-migrants-a-lespace-georges-sadoul\/\" \/>\n<meta name=\"twitter:card\" content=\"summary_large_image\" \/>\n<meta name=\"twitter:title\" content=\"Venez raconter votre histoire de descendants de migrants \u00e0 l&#039;Espace Georges-Sadoul - Saint Die Info\" \/>\n<meta name=\"twitter:description\" content=\"Dans le cadre de la r\u00e9sidence artistique de la Compagnie R\u00eave G\u00e9n\u00e9ral, pour la cr\u00e9ation de son prochain spectacle \u00ab\u00a0Enfants [&hellip;]\" \/>\n<meta name=\"twitter:image\" content=\"https:\/\/vosgesinfo.fr\/app\/uploads\/sites\/4\/2024\/08\/202306spectacle-compagnie-reve-general.jpg\" \/>\n<meta name=\"twitter:creator\" content=\"@VosgesInfo88\" \/>\n<meta name=\"twitter:site\" content=\"@VosgesInfo88\" \/>\n<meta name=\"twitter:label1\" content=\"\u00c9crit par\" \/>\n\t<meta name=\"twitter:data1\" content=\"la r\u00e9daction\" \/>\n\t<meta name=\"twitter:label2\" content=\"Dur\u00e9e de lecture estim\u00e9e\" \/>\n\t<meta name=\"twitter:data2\" content=\"1 minute\" \/>\n<script type=\"application\/ld+json\" class=\"yoast-schema-graph\">{\"@context\":\"https:\/\/schema.org\",\"@graph\":[{\"@type\":\"Article\",\"@id\":\"https:\/\/vosgesinfo.fr\/saintdieinfo\/2023\/06\/venez-raconter-histoire-de-descendants-de-migrants-a-lespace-georges-sadoul\/#article\",\"isPartOf\":{\"@id\":\"https:\/\/vosgesinfo.fr\/saintdieinfo\/2023\/06\/venez-raconter-histoire-de-descendants-de-migrants-a-lespace-georges-sadoul\/\"},\"author\":{\"name\":\"la r\u00e9daction\",\"@id\":\"https:\/\/vosgesinfo.fr\/saintdieinfo\/#\/schema\/person\/faee6704a21f3977511db84bd1cd450f\"},\"headline\":\"Venez raconter votre histoire de descendants de migrants \u00e0 l&rsquo;Espace Georges-Sadoul\",\"datePublished\":\"2023-06-09T06:01:28+00:00\",\"dateModified\":\"2023-06-09T06:01:28+00:00\",\"mainEntityOfPage\":{\"@id\":\"https:\/\/vosgesinfo.fr\/saintdieinfo\/2023\/06\/venez-raconter-histoire-de-descendants-de-migrants-a-lespace-georges-sadoul\/\"},\"wordCount\":220,\"commentCount\":0,\"publisher\":{\"@id\":\"https:\/\/vosgesinfo.fr\/saintdieinfo\/#organization\"},\"image\":{\"@id\":\"https:\/\/vosgesinfo.fr\/saintdieinfo\/2023\/06\/venez-raconter-histoire-de-descendants-de-migrants-a-lespace-georges-sadoul\/#primaryimage\"},\"thumbnailUrl\":\"https:\/\/vosgesinfo.fr\/app\/uploads\/sites\/4\/2024\/08\/202306spectacle-compagnie-reve-general.jpg\",\"keywords\":[\"Compagnie R\u00eave G\u00e9n\u00e9ral\",\"Espace Georges-Sadoul\",\"P\u00f4le du spectacle vivant de la Communaut\u00e9 d'Agglom\u00e9ration de Saint-Di\u00e9-des-Vosges\"],\"articleSection\":[\"A la Une\",\"Art\",\"Culture\",\"Saint-Di\u00e9-des-Vosges et son Agglom\u00e9ration\"],\"inLanguage\":\"fr-FR\",\"potentialAction\":[{\"@type\":\"CommentAction\",\"name\":\"Comment\",\"target\":[\"https:\/\/vosgesinfo.fr\/saintdieinfo\/2023\/06\/venez-raconter-histoire-de-descendants-de-migrants-a-lespace-georges-sadoul\/#respond\"]}]},{\"@type\":\"WebPage\",\"@id\":\"https:\/\/vosgesinfo.fr\/saintdieinfo\/2023\/06\/venez-raconter-histoire-de-descendants-de-migrants-a-lespace-georges-sadoul\/\",\"url\":\"https:\/\/vosgesinfo.fr\/saintdieinfo\/2023\/06\/venez-raconter-histoire-de-descendants-de-migrants-a-lespace-georges-sadoul\/\",\"name\":\"Venez raconter votre histoire de descendants de migrants \u00e0 l'Espace Georges-Sadoul - Saint Die Info\",\"isPartOf\":{\"@id\":\"https:\/\/vosgesinfo.fr\/saintdieinfo\/#website\"},\"primaryImageOfPage\":{\"@id\":\"https:\/\/vosgesinfo.fr\/saintdieinfo\/2023\/06\/venez-raconter-histoire-de-descendants-de-migrants-a-lespace-georges-sadoul\/#primaryimage\"},\"image\":{\"@id\":\"https:\/\/vosgesinfo.fr\/saintdieinfo\/2023\/06\/venez-raconter-histoire-de-descendants-de-migrants-a-lespace-georges-sadoul\/#primaryimage\"},\"thumbnailUrl\":\"https:\/\/vosgesinfo.fr\/app\/uploads\/sites\/4\/2024\/08\/202306spectacle-compagnie-reve-general.jpg\",\"datePublished\":\"2023-06-09T06:01:28+00:00\",\"dateModified\":\"2023-06-09T06:01:28+00:00\",\"breadcrumb\":{\"@id\":\"https:\/\/vosgesinfo.fr\/saintdieinfo\/2023\/06\/venez-raconter-histoire-de-descendants-de-migrants-a-lespace-georges-sadoul\/#breadcrumb\"},\"inLanguage\":\"fr-FR\",\"potentialAction\":[{\"@type\":\"ReadAction\",\"target\":[\"https:\/\/vosgesinfo.fr\/saintdieinfo\/2023\/06\/venez-raconter-histoire-de-descendants-de-migrants-a-lespace-georges-sadoul\/\"]}]},{\"@type\":\"ImageObject\",\"inLanguage\":\"fr-FR\",\"@id\":\"https:\/\/vosgesinfo.fr\/saintdieinfo\/2023\/06\/venez-raconter-histoire-de-descendants-de-migrants-a-lespace-georges-sadoul\/#primaryimage\",\"url\":\"https:\/\/vosgesinfo.fr\/app\/uploads\/sites\/4\/2024\/08\/202306spectacle-compagnie-reve-general.jpg\",\"contentUrl\":\"https:\/\/vosgesinfo.fr\/app\/uploads\/sites\/4\/2024\/08\/202306spectacle-compagnie-reve-general.jpg\",\"width\":2048,\"height\":2048},{\"@type\":\"BreadcrumbList\",\"@id\":\"https:\/\/vosgesinfo.fr\/saintdieinfo\/2023\/06\/venez-raconter-histoire-de-descendants-de-migrants-a-lespace-georges-sadoul\/#breadcrumb\",\"itemListElement\":[{\"@type\":\"ListItem\",\"position\":1,\"name\":\"Home\",\"item\":\"https:\/\/vosgesinfo.fr\/saintdieinfo\/\"},{\"@type\":\"ListItem\",\"position\":2,\"name\":\"Venez raconter votre histoire de descendants de migrants \u00e0 l&rsquo;Espace Georges-Sadoul\"}]},{\"@type\":\"WebSite\",\"@id\":\"https:\/\/vosgesinfo.fr\/saintdieinfo\/#website\",\"url\":\"https:\/\/vosgesinfo.fr\/saintdieinfo\/\",\"name\":\"Saint Die Info\",\"description\":\"Toute l&#039;actualit\u00e9 de Saint-Di\u00e9-Des-Vosges\",\"publisher\":{\"@id\":\"https:\/\/vosgesinfo.fr\/saintdieinfo\/#organization\"},\"alternateName\":\"Toute l'actualit\u00e9 de Saint-Di\u00e9-Des-Vosges\",\"potentialAction\":[{\"@type\":\"SearchAction\",\"target\":{\"@type\":\"EntryPoint\",\"urlTemplate\":\"https:\/\/vosgesinfo.fr\/saintdieinfo\/?s={search_term_string}\"},\"query-input\":\"required name=search_term_string\"}],\"inLanguage\":\"fr-FR\"},{\"@type\":\"Organization\",\"@id\":\"https:\/\/vosgesinfo.fr\/saintdieinfo\/#organization\",\"name\":\"Saint Die Info\",\"url\":\"https:\/\/vosgesinfo.fr\/saintdieinfo\/\",\"logo\":{\"@type\":\"ImageObject\",\"inLanguage\":\"fr-FR\",\"@id\":\"https:\/\/vosgesinfo.fr\/saintdieinfo\/#\/schema\/logo\/image\/\",\"url\":\"https:\/\/vosgesinfo.fr\/app\/uploads\/sites\/4\/2024\/02\/logo-sdi.jpg\",\"contentUrl\":\"https:\/\/vosgesinfo.fr\/app\/uploads\/sites\/4\/2024\/02\/logo-sdi.jpg\",\"width\":600,\"height\":600,\"caption\":\"Saint Die Info\"},\"image\":{\"@id\":\"https:\/\/vosgesinfo.fr\/saintdieinfo\/#\/schema\/logo\/image\/\"},\"sameAs\":[\"https:\/\/www.facebook.com\/Saintdieinfofr\",\"https:\/\/x.com\/VosgesInfo88\",\"https:\/\/www.youtube.com\/@vosgesinfo\"]},{\"@type\":\"Person\",\"@id\":\"https:\/\/vosgesinfo.fr\/saintdieinfo\/#\/schema\/person\/faee6704a21f3977511db84bd1cd450f\",\"name\":\"la r\u00e9daction\",\"image\":{\"@type\":\"ImageObject\",\"inLanguage\":\"fr-FR\",\"@id\":\"https:\/\/vosgesinfo.fr\/saintdieinfo\/#\/schema\/person\/image\/\",\"url\":\"https:\/\/secure.gravatar.com\/avatar\/6673d8bc6a9c17fa9a453eaa3448de834fa308c2ec9635b7aa99441a7c8d2cf6?s=96&d=mm&r=g\",\"contentUrl\":\"https:\/\/secure.gravatar.com\/avatar\/6673d8bc6a9c17fa9a453eaa3448de834fa308c2ec9635b7aa99441a7c8d2cf6?s=96&d=mm&r=g\",\"caption\":\"la r\u00e9daction\"},\"url\":\"https:\/\/vosgesinfo.fr\/saintdieinfo\/author\/redac\/\"}]}<\/script>\n<!-- \/ Yoast SEO plugin. -->","yoast_head_json":{"title":"Venez raconter votre histoire de descendants de migrants \u00e0 l'Espace Georges-Sadoul - Saint Die Info","robots":{"index":"index","follow":"follow","max-snippet":"max-snippet:-1","max-image-preview":"max-image-preview:large","max-video-preview":"max-video-preview:-1"},"canonical":"https:\/\/vosgesinfo.fr\/saintdieinfo\/2023\/06\/venez-raconter-histoire-de-descendants-de-migrants-a-lespace-georges-sadoul\/","twitter_card":"summary_large_image","twitter_title":"Venez raconter votre histoire de descendants de migrants \u00e0 l'Espace Georges-Sadoul - Saint Die Info","twitter_description":"Dans le cadre de la r\u00e9sidence artistique de la Compagnie R\u00eave G\u00e9n\u00e9ral, pour la cr\u00e9ation de son prochain spectacle \u00ab\u00a0Enfants [&hellip;]","twitter_image":"https:\/\/vosgesinfo.fr\/app\/uploads\/sites\/4\/2024\/08\/202306spectacle-compagnie-reve-general.jpg","twitter_creator":"@VosgesInfo88","twitter_site":"@VosgesInfo88","twitter_misc":{"\u00c9crit par":"la r\u00e9daction","Dur\u00e9e de lecture estim\u00e9e":"1 minute"},"schema":{"@context":"https:\/\/schema.org","@graph":[{"@type":"Article","@id":"https:\/\/vosgesinfo.fr\/saintdieinfo\/2023\/06\/venez-raconter-histoire-de-descendants-de-migrants-a-lespace-georges-sadoul\/#article","isPartOf":{"@id":"https:\/\/vosgesinfo.fr\/saintdieinfo\/2023\/06\/venez-raconter-histoire-de-descendants-de-migrants-a-lespace-georges-sadoul\/"},"author":{"name":"la r\u00e9daction","@id":"https:\/\/vosgesinfo.fr\/saintdieinfo\/#\/schema\/person\/faee6704a21f3977511db84bd1cd450f"},"headline":"Venez raconter votre histoire de descendants de migrants \u00e0 l&rsquo;Espace Georges-Sadoul","datePublished":"2023-06-09T06:01:28+00:00","dateModified":"2023-06-09T06:01:28+00:00","mainEntityOfPage":{"@id":"https:\/\/vosgesinfo.fr\/saintdieinfo\/2023\/06\/venez-raconter-histoire-de-descendants-de-migrants-a-lespace-georges-sadoul\/"},"wordCount":220,"commentCount":0,"publisher":{"@id":"https:\/\/vosgesinfo.fr\/saintdieinfo\/#organization"},"image":{"@id":"https:\/\/vosgesinfo.fr\/saintdieinfo\/2023\/06\/venez-raconter-histoire-de-descendants-de-migrants-a-lespace-georges-sadoul\/#primaryimage"},"thumbnailUrl":"https:\/\/vosgesinfo.fr\/app\/uploads\/sites\/4\/2024\/08\/202306spectacle-compagnie-reve-general.jpg","keywords":["Compagnie R\u00eave G\u00e9n\u00e9ral","Espace Georges-Sadoul","P\u00f4le du spectacle vivant de la Communaut\u00e9 d'Agglom\u00e9ration de Saint-Di\u00e9-des-Vosges"],"articleSection":["A la Une","Art","Culture","Saint-Di\u00e9-des-Vosges et son Agglom\u00e9ration"],"inLanguage":"fr-FR","potentialAction":[{"@type":"CommentAction","name":"Comment","target":["https:\/\/vosgesinfo.fr\/saintdieinfo\/2023\/06\/venez-raconter-histoire-de-descendants-de-migrants-a-lespace-georges-sadoul\/#respond"]}]},{"@type":"WebPage","@id":"https:\/\/vosgesinfo.fr\/saintdieinfo\/2023\/06\/venez-raconter-histoire-de-descendants-de-migrants-a-lespace-georges-sadoul\/","url":"https:\/\/vosgesinfo.fr\/saintdieinfo\/2023\/06\/venez-raconter-histoire-de-descendants-de-migrants-a-lespace-georges-sadoul\/","name":"Venez raconter votre histoire de descendants de migrants \u00e0 l'Espace Georges-Sadoul - Saint Die Info","isPartOf":{"@id":"https:\/\/vosgesinfo.fr\/saintdieinfo\/#website"},"primaryImageOfPage":{"@id":"https:\/\/vosgesinfo.fr\/saintdieinfo\/2023\/06\/venez-raconter-histoire-de-descendants-de-migrants-a-lespace-georges-sadoul\/#primaryimage"},"image":{"@id":"https:\/\/vosgesinfo.fr\/saintdieinfo\/2023\/06\/venez-raconter-histoire-de-descendants-de-migrants-a-lespace-georges-sadoul\/#primaryimage"},"thumbnailUrl":"https:\/\/vosgesinfo.fr\/app\/uploads\/sites\/4\/2024\/08\/202306spectacle-compagnie-reve-general.jpg","datePublished":"2023-06-09T06:01:28+00:00","dateModified":"2023-06-09T06:01:28+00:00","breadcrumb":{"@id":"https:\/\/vosgesinfo.fr\/saintdieinfo\/2023\/06\/venez-raconter-histoire-de-descendants-de-migrants-a-lespace-georges-sadoul\/#breadcrumb"},"inLanguage":"fr-FR","potentialAction":[{"@type":"ReadAction","target":["https:\/\/vosgesinfo.fr\/saintdieinfo\/2023\/06\/venez-raconter-histoire-de-descendants-de-migrants-a-lespace-georges-sadoul\/"]}]},{"@type":"ImageObject","inLanguage":"fr-FR","@id":"https:\/\/vosgesinfo.fr\/saintdieinfo\/2023\/06\/venez-raconter-histoire-de-descendants-de-migrants-a-lespace-georges-sadoul\/#primaryimage","url":"https:\/\/vosgesinfo.fr\/app\/uploads\/sites\/4\/2024\/08\/202306spectacle-compagnie-reve-general.jpg","contentUrl":"https:\/\/vosgesinfo.fr\/app\/uploads\/sites\/4\/2024\/08\/202306spectacle-compagnie-reve-general.jpg","width":2048,"height":2048},{"@type":"BreadcrumbList","@id":"https:\/\/vosgesinfo.fr\/saintdieinfo\/2023\/06\/venez-raconter-histoire-de-descendants-de-migrants-a-lespace-georges-sadoul\/#breadcrumb","itemListElement":[{"@type":"ListItem","position":1,"name":"Home","item":"https:\/\/vosgesinfo.fr\/saintdieinfo\/"},{"@type":"ListItem","position":2,"name":"Venez raconter votre histoire de descendants de migrants \u00e0 l&rsquo;Espace Georges-Sadoul"}]},{"@type":"WebSite","@id":"https:\/\/vosgesinfo.fr\/saintdieinfo\/#website","url":"https:\/\/vosgesinfo.fr\/saintdieinfo\/","name":"Saint Die Info","description":"Toute l&#039;actualit\u00e9 de Saint-Di\u00e9-Des-Vosges","publisher":{"@id":"https:\/\/vosgesinfo.fr\/saintdieinfo\/#organization"},"alternateName":"Toute l'actualit\u00e9 de Saint-Di\u00e9-Des-Vosges","potentialAction":[{"@type":"SearchAction","target":{"@type":"EntryPoint","urlTemplate":"https:\/\/vosgesinfo.fr\/saintdieinfo\/?s={search_term_string}"},"query-input":"required name=search_term_string"}],"inLanguage":"fr-FR"},{"@type":"Organization","@id":"https:\/\/vosgesinfo.fr\/saintdieinfo\/#organization","name":"Saint Die Info","url":"https:\/\/vosgesinfo.fr\/saintdieinfo\/","logo":{"@type":"ImageObject","inLanguage":"fr-FR","@id":"https:\/\/vosgesinfo.fr\/saintdieinfo\/#\/schema\/logo\/image\/","url":"https:\/\/vosgesinfo.fr\/app\/uploads\/sites\/4\/2024\/02\/logo-sdi.jpg","contentUrl":"https:\/\/vosgesinfo.fr\/app\/uploads\/sites\/4\/2024\/02\/logo-sdi.jpg","width":600,"height":600,"caption":"Saint Die Info"},"image":{"@id":"https:\/\/vosgesinfo.fr\/saintdieinfo\/#\/schema\/logo\/image\/"},"sameAs":["https:\/\/www.facebook.com\/Saintdieinfofr","https:\/\/x.com\/VosgesInfo88","https:\/\/www.youtube.com\/@vosgesinfo"]},{"@type":"Person","@id":"https:\/\/vosgesinfo.fr\/saintdieinfo\/#\/schema\/person\/faee6704a21f3977511db84bd1cd450f","name":"la r\u00e9daction","image":{"@type":"ImageObject","inLanguage":"fr-FR","@id":"https:\/\/vosgesinfo.fr\/saintdieinfo\/#\/schema\/person\/image\/","url":"https:\/\/secure.gravatar.com\/avatar\/6673d8bc6a9c17fa9a453eaa3448de834fa308c2ec9635b7aa99441a7c8d2cf6?s=96&d=mm&r=g","contentUrl":"https:\/\/secure.gravatar.com\/avatar\/6673d8bc6a9c17fa9a453eaa3448de834fa308c2ec9635b7aa99441a7c8d2cf6?s=96&d=mm&r=g","caption":"la r\u00e9daction"},"url":"https:\/\/vosgesinfo.fr\/saintdieinfo\/author\/redac\/"}]}},"_links":{"self":[{"href":"https:\/\/vosgesinfo.fr\/saintdieinfo\/wp-json\/wp\/v2\/posts\/65523","targetHints":{"allow":["GET"]}}],"collection":[{"href":"https:\/\/vosgesinfo.fr\/saintdieinfo\/wp-json\/wp\/v2\/posts"}],"about":[{"href":"https:\/\/vosgesinfo.fr\/saintdieinfo\/wp-json\/wp\/v2\/types\/post"}],"author":[{"embeddable":true,"href":"https:\/\/vosgesinfo.fr\/saintdieinfo\/wp-json\/wp\/v2\/users\/44"}],"replies":[{"embeddable":true,"href":"https:\/\/vosgesinfo.fr\/saintdieinfo\/wp-json\/wp\/v2\/comments?post=65523"}],"version-history":[{"count":0,"href":"https:\/\/vosgesinfo.fr\/saintdieinfo\/wp-json\/wp\/v2\/posts\/65523\/revisions"}],"wp:featuredmedia":[{"embeddable":true,"href":"https:\/\/vosgesinfo.fr\/saintdieinfo\/wp-json\/wp\/v2\/media\/65524"}],"wp:attachment":[{"href":"https:\/\/vosgesinfo.fr\/saintdieinfo\/wp-json\/wp\/v2\/media?parent=65523"}],"wp:term":[{"taxonomy":"category","embeddable":true,"href":"https:\/\/vosgesinfo.fr\/saintdieinfo\/wp-json\/wp\/v2\/categories?post=65523"},{"taxonomy":"post_tag","embeddable":true,"href":"https:\/\/vosgesinfo.fr\/saintdieinfo\/wp-json\/wp\/v2\/tags?post=65523"}],"curies":[{"name":"wp","href":"https:\/\/api.w.org\/{rel}","templated":true}]}}