{"id":65636,"date":"2023-06-13T11:47:01","date_gmt":"2023-06-13T09:47:01","guid":{"rendered":"https:\/\/vosgesinfo.fr\/saintdieinfo\/2023\/06\/aggleau-pres-de-500-ecoliers-de-deodatie-sensibilises-a-leau-biodiversite\/"},"modified":"2023-06-13T11:47:01","modified_gmt":"2023-06-13T09:47:01","slug":"aggleau-pres-de-500-ecoliers-de-deodatie-sensibilises-a-leau-biodiversite","status":"publish","type":"post","link":"https:\/\/vosgesinfo.fr\/saintdieinfo\/2023\/06\/aggleau-pres-de-500-ecoliers-de-deodatie-sensibilises-a-leau-biodiversite\/","title":{"rendered":"Aggl&rsquo;Eau\u00a0: pr\u00e8s de 500 \u00e9coliers de la D\u00e9odatie sensibilis\u00e9s \u00e0 l&rsquo;eau et la biodiversit\u00e9"},"content":{"rendered":"<p><a href=\"\/2023\/06\/Saint-Michel-sur-Meurthe-Restitution_Projet_AgglEau-1.jpg\" target=\"_blank\" rel=\"noopener\"><img decoding=\"async\" class=\"aligncenter wp-image-202495 size-large\" src=\"\/2023\/06\/Saint-Michel-sur-Meurthe-Restitution_Projet_AgglEau-1-1024x771.jpg\" alt=\"Saint-Michel-sur-Meurthe-Restitution_Projet_Aggl'Eau (1)\" width=\"960\" height=\"723\" \/><\/a><\/p>\n<h2><strong><span style=\"font-size: 14pt;\">Durant cette ann\u00e9e scolaire 2022-2023, 488 enfants de 22 classes de 12 \u00e9coles de la D\u00e9odatie, de la Maternelle au CM2, ont particip\u00e9 \u00e0 la deuxi\u00e8me \u00e9dition de \u00ab\u00a0Aggl&rsquo;Eau\u00a0\u00bb, un dispositif p\u00e9dagogique d&rsquo;\u00e9ducation \u00e0 l&rsquo;environnement et au d\u00e9veloppement durable qui s&rsquo;inscrit dans le cadre du Contrat Territorial Eau et Climat de la Communaut\u00e9 d&rsquo;Agglom\u00e9ration.<\/span><\/strong><\/h2>\n<p><!--more--><\/p>\n<p>Ces lundi et mardi \u00e0 Saint-Michel-sur-Meurthe, puis jeudi et vendredi \u00e0 Mandray, les \u00e9coliers viennent \u00e0 tour de r\u00f4le, et durant une demi-journ\u00e9e, d\u00e9couvrir leurs travaux et ceux de leurs jeunes camarades. Tout au long de l&rsquo;ann\u00e9e scolaire, chacune des classes ayant candidat\u00e9 pour participer au dispositif s&rsquo;est ainsi pench\u00e9e sur la th\u00e9matique \u00ab\u00a0L&rsquo;eau dans tous ses \u00e9tats\u00a0\u00bb, cr\u00e9ant les jeux cr\u00e9atifs, les \u0153uvres d&rsquo;Art Plastiques ou les panneaux d&rsquo;information qui sont pr\u00e9sent\u00e9s cette semaine. De plus, toutes les classes ont b\u00e9n\u00e9fici\u00e9 de 3 interventions de l&rsquo;association ETC&#8230; Terra, sous forme de demi-journ\u00e9es d&rsquo;animation sur le th\u00e8me de l&rsquo;eau.<\/p>\n<p>La deuxi\u00e8me it\u00e9ration du dispositif \u00ab\u00a0Aggl&rsquo;Eau\u00a0\u00bb, qui repr\u00e9sentente un budget d&rsquo;un peu plus de 40 000\u20ac, a b\u00e9n\u00e9fici\u00e9 de financements de l&rsquo;Agence de l&rsquo;Eau Rhin-Meuse, de la R\u00e9gion Grand et le Conseil D\u00e9partemental des Vosges. Le pr\u00e9sident de la Communaut\u00e9 d&rsquo;Agglom\u00e9ration Claude George et des repr\u00e9sentants de chaque financeur ont d\u00e9couvert la restitution des travaux ce mardi matin. Ce dimanche 18 juin, le public pourra \u00e0 son tour venir d\u00e9couvrir les cr\u00e9ations des \u00e9coliers au centre des Seypr\u00e9 de Mandray. Entr\u00e9e libre de 9h \u00e0 17h. \u00ab\u00a0Aggl&rsquo;Eau\u00a0\u00bb sera par ailleurs reconduit pour l&rsquo;ann\u00e9e scolaire 2023-2024, autour cette fois-ci de la th\u00e9matique \u00ab\u00a0Eau, de la source \u00e0 la ressource\u00a0\u00bb.<\/p>\n<p>J.J.<\/p>\n\n","protected":false},"excerpt":{"rendered":"<p>Durant cette ann\u00e9e scolaire 2022-2023, 488 enfants de 22 classes de 12 \u00e9coles de la D\u00e9odatie, de la Maternelle au [&hellip;]<\/p>\n","protected":false},"author":44,"featured_media":65637,"comment_status":"open","ping_status":"open","sticky":false,"template":"","format":"standard","meta":{"footnotes":""},"categories":[460,6,2915],"tags":[6466,3282,3029,6392,3863],"class_list":["post-65636","post","type-post","status-publish","format-standard","has-post-thumbnail","hentry","category-a-la-une","category-education","category-saint-die-son-canton","tag-aggleau","tag-communaute-dagglomeration-de-saint-die-des-vosges","tag-etc-terra","tag-mandray","tag-saint-michel-sur-meurthe"],"acf":[],"yoast_head":"<!-- This site is optimized with the Yoast SEO plugin v22.5 - https:\/\/yoast.com\/wordpress\/plugins\/seo\/ -->\n<title>Aggl&#039;Eau\u00a0: pr\u00e8s de 500 \u00e9coliers de la D\u00e9odatie sensibilis\u00e9s \u00e0 l&#039;eau et la biodiversit\u00e9 - Saint Die Info<\/title>\n<meta name=\"robots\" content=\"index, follow, max-snippet:-1, max-image-preview:large, max-video-preview:-1\" \/>\n<link rel=\"canonical\" href=\"https:\/\/vosgesinfo.fr\/saintdieinfo\/2023\/06\/aggleau-pres-de-500-ecoliers-de-deodatie-sensibilises-a-leau-biodiversite\/\" \/>\n<meta name=\"twitter:card\" content=\"summary_large_image\" \/>\n<meta name=\"twitter:title\" content=\"Aggl&#039;Eau\u00a0: pr\u00e8s de 500 \u00e9coliers de la D\u00e9odatie sensibilis\u00e9s \u00e0 l&#039;eau et la biodiversit\u00e9 - Saint Die Info\" \/>\n<meta name=\"twitter:description\" content=\"Durant cette ann\u00e9e scolaire 2022-2023, 488 enfants de 22 classes de 12 \u00e9coles de la D\u00e9odatie, de la Maternelle au [&hellip;]\" \/>\n<meta name=\"twitter:image\" content=\"https:\/\/vosgesinfo.fr\/app\/uploads\/sites\/4\/2024\/08\/202306saint-michel-sur-meurthe-restitution-projet-aggleau-1-1.jpg\" \/>\n<meta name=\"twitter:creator\" content=\"@VosgesInfo88\" \/>\n<meta name=\"twitter:site\" content=\"@VosgesInfo88\" \/>\n<meta name=\"twitter:label1\" content=\"\u00c9crit par\" \/>\n\t<meta name=\"twitter:data1\" content=\"la r\u00e9daction\" \/>\n\t<meta name=\"twitter:label2\" content=\"Dur\u00e9e de lecture estim\u00e9e\" \/>\n\t<meta name=\"twitter:data2\" content=\"1 minute\" \/>\n<script type=\"application\/ld+json\" class=\"yoast-schema-graph\">{\"@context\":\"https:\/\/schema.org\",\"@graph\":[{\"@type\":\"Article\",\"@id\":\"https:\/\/vosgesinfo.fr\/saintdieinfo\/2023\/06\/aggleau-pres-de-500-ecoliers-de-deodatie-sensibilises-a-leau-biodiversite\/#article\",\"isPartOf\":{\"@id\":\"https:\/\/vosgesinfo.fr\/saintdieinfo\/2023\/06\/aggleau-pres-de-500-ecoliers-de-deodatie-sensibilises-a-leau-biodiversite\/\"},\"author\":{\"name\":\"la r\u00e9daction\",\"@id\":\"https:\/\/vosgesinfo.fr\/saintdieinfo\/#\/schema\/person\/faee6704a21f3977511db84bd1cd450f\"},\"headline\":\"Aggl&rsquo;Eau\u00a0: pr\u00e8s de 500 \u00e9coliers de la D\u00e9odatie sensibilis\u00e9s \u00e0 l&rsquo;eau et la biodiversit\u00e9\",\"datePublished\":\"2023-06-13T09:47:01+00:00\",\"dateModified\":\"2023-06-13T09:47:01+00:00\",\"mainEntityOfPage\":{\"@id\":\"https:\/\/vosgesinfo.fr\/saintdieinfo\/2023\/06\/aggleau-pres-de-500-ecoliers-de-deodatie-sensibilises-a-leau-biodiversite\/\"},\"wordCount\":327,\"commentCount\":0,\"publisher\":{\"@id\":\"https:\/\/vosgesinfo.fr\/saintdieinfo\/#organization\"},\"image\":{\"@id\":\"https:\/\/vosgesinfo.fr\/saintdieinfo\/2023\/06\/aggleau-pres-de-500-ecoliers-de-deodatie-sensibilises-a-leau-biodiversite\/#primaryimage\"},\"thumbnailUrl\":\"https:\/\/vosgesinfo.fr\/app\/uploads\/sites\/4\/2024\/08\/202306saint-michel-sur-meurthe-restitution-projet-aggleau-1-1.jpg\",\"keywords\":[\"Aggl'Eau\",\"Communaut\u00e9 d'Agglom\u00e9ration de Saint-Di\u00e9-des-Vosges\",\"ETC... Terra\",\"Mandray\",\"Saint-Michel-sur-Meurthe\"],\"articleSection\":[\"A la Une\",\"\u00c9ducation\",\"Saint-Di\u00e9-des-Vosges et son Agglom\u00e9ration\"],\"inLanguage\":\"fr-FR\",\"potentialAction\":[{\"@type\":\"CommentAction\",\"name\":\"Comment\",\"target\":[\"https:\/\/vosgesinfo.fr\/saintdieinfo\/2023\/06\/aggleau-pres-de-500-ecoliers-de-deodatie-sensibilises-a-leau-biodiversite\/#respond\"]}]},{\"@type\":\"WebPage\",\"@id\":\"https:\/\/vosgesinfo.fr\/saintdieinfo\/2023\/06\/aggleau-pres-de-500-ecoliers-de-deodatie-sensibilises-a-leau-biodiversite\/\",\"url\":\"https:\/\/vosgesinfo.fr\/saintdieinfo\/2023\/06\/aggleau-pres-de-500-ecoliers-de-deodatie-sensibilises-a-leau-biodiversite\/\",\"name\":\"Aggl'Eau\u00a0: pr\u00e8s de 500 \u00e9coliers de la D\u00e9odatie sensibilis\u00e9s \u00e0 l'eau et la biodiversit\u00e9 - Saint Die Info\",\"isPartOf\":{\"@id\":\"https:\/\/vosgesinfo.fr\/saintdieinfo\/#website\"},\"primaryImageOfPage\":{\"@id\":\"https:\/\/vosgesinfo.fr\/saintdieinfo\/2023\/06\/aggleau-pres-de-500-ecoliers-de-deodatie-sensibilises-a-leau-biodiversite\/#primaryimage\"},\"image\":{\"@id\":\"https:\/\/vosgesinfo.fr\/saintdieinfo\/2023\/06\/aggleau-pres-de-500-ecoliers-de-deodatie-sensibilises-a-leau-biodiversite\/#primaryimage\"},\"thumbnailUrl\":\"https:\/\/vosgesinfo.fr\/app\/uploads\/sites\/4\/2024\/08\/202306saint-michel-sur-meurthe-restitution-projet-aggleau-1-1.jpg\",\"datePublished\":\"2023-06-13T09:47:01+00:00\",\"dateModified\":\"2023-06-13T09:47:01+00:00\",\"breadcrumb\":{\"@id\":\"https:\/\/vosgesinfo.fr\/saintdieinfo\/2023\/06\/aggleau-pres-de-500-ecoliers-de-deodatie-sensibilises-a-leau-biodiversite\/#breadcrumb\"},\"inLanguage\":\"fr-FR\",\"potentialAction\":[{\"@type\":\"ReadAction\",\"target\":[\"https:\/\/vosgesinfo.fr\/saintdieinfo\/2023\/06\/aggleau-pres-de-500-ecoliers-de-deodatie-sensibilises-a-leau-biodiversite\/\"]}]},{\"@type\":\"ImageObject\",\"inLanguage\":\"fr-FR\",\"@id\":\"https:\/\/vosgesinfo.fr\/saintdieinfo\/2023\/06\/aggleau-pres-de-500-ecoliers-de-deodatie-sensibilises-a-leau-biodiversite\/#primaryimage\",\"url\":\"https:\/\/vosgesinfo.fr\/app\/uploads\/sites\/4\/2024\/08\/202306saint-michel-sur-meurthe-restitution-projet-aggleau-1-1.jpg\",\"contentUrl\":\"https:\/\/vosgesinfo.fr\/app\/uploads\/sites\/4\/2024\/08\/202306saint-michel-sur-meurthe-restitution-projet-aggleau-1-1.jpg\",\"width\":1600,\"height\":1205},{\"@type\":\"BreadcrumbList\",\"@id\":\"https:\/\/vosgesinfo.fr\/saintdieinfo\/2023\/06\/aggleau-pres-de-500-ecoliers-de-deodatie-sensibilises-a-leau-biodiversite\/#breadcrumb\",\"itemListElement\":[{\"@type\":\"ListItem\",\"position\":1,\"name\":\"Home\",\"item\":\"https:\/\/vosgesinfo.fr\/saintdieinfo\/\"},{\"@type\":\"ListItem\",\"position\":2,\"name\":\"Aggl&rsquo;Eau\u00a0: pr\u00e8s de 500 \u00e9coliers de la D\u00e9odatie sensibilis\u00e9s \u00e0 l&rsquo;eau et la biodiversit\u00e9\"}]},{\"@type\":\"WebSite\",\"@id\":\"https:\/\/vosgesinfo.fr\/saintdieinfo\/#website\",\"url\":\"https:\/\/vosgesinfo.fr\/saintdieinfo\/\",\"name\":\"Saint Die Info\",\"description\":\"Toute l&#039;actualit\u00e9 de Saint-Di\u00e9-Des-Vosges\",\"publisher\":{\"@id\":\"https:\/\/vosgesinfo.fr\/saintdieinfo\/#organization\"},\"alternateName\":\"Toute l'actualit\u00e9 de Saint-Di\u00e9-Des-Vosges\",\"potentialAction\":[{\"@type\":\"SearchAction\",\"target\":{\"@type\":\"EntryPoint\",\"urlTemplate\":\"https:\/\/vosgesinfo.fr\/saintdieinfo\/?s={search_term_string}\"},\"query-input\":\"required name=search_term_string\"}],\"inLanguage\":\"fr-FR\"},{\"@type\":\"Organization\",\"@id\":\"https:\/\/vosgesinfo.fr\/saintdieinfo\/#organization\",\"name\":\"Saint Die Info\",\"url\":\"https:\/\/vosgesinfo.fr\/saintdieinfo\/\",\"logo\":{\"@type\":\"ImageObject\",\"inLanguage\":\"fr-FR\",\"@id\":\"https:\/\/vosgesinfo.fr\/saintdieinfo\/#\/schema\/logo\/image\/\",\"url\":\"https:\/\/vosgesinfo.fr\/app\/uploads\/sites\/4\/2024\/02\/logo-sdi.jpg\",\"contentUrl\":\"https:\/\/vosgesinfo.fr\/app\/uploads\/sites\/4\/2024\/02\/logo-sdi.jpg\",\"width\":600,\"height\":600,\"caption\":\"Saint Die Info\"},\"image\":{\"@id\":\"https:\/\/vosgesinfo.fr\/saintdieinfo\/#\/schema\/logo\/image\/\"},\"sameAs\":[\"https:\/\/www.facebook.com\/Saintdieinfofr\",\"https:\/\/x.com\/VosgesInfo88\",\"https:\/\/www.youtube.com\/@vosgesinfo\"]},{\"@type\":\"Person\",\"@id\":\"https:\/\/vosgesinfo.fr\/saintdieinfo\/#\/schema\/person\/faee6704a21f3977511db84bd1cd450f\",\"name\":\"la r\u00e9daction\",\"image\":{\"@type\":\"ImageObject\",\"inLanguage\":\"fr-FR\",\"@id\":\"https:\/\/vosgesinfo.fr\/saintdieinfo\/#\/schema\/person\/image\/\",\"url\":\"https:\/\/secure.gravatar.com\/avatar\/6673d8bc6a9c17fa9a453eaa3448de834fa308c2ec9635b7aa99441a7c8d2cf6?s=96&d=mm&r=g\",\"contentUrl\":\"https:\/\/secure.gravatar.com\/avatar\/6673d8bc6a9c17fa9a453eaa3448de834fa308c2ec9635b7aa99441a7c8d2cf6?s=96&d=mm&r=g\",\"caption\":\"la r\u00e9daction\"},\"url\":\"https:\/\/vosgesinfo.fr\/saintdieinfo\/author\/redac\/\"}]}<\/script>\n<!-- \/ Yoast SEO plugin. -->","yoast_head_json":{"title":"Aggl'Eau\u00a0: pr\u00e8s de 500 \u00e9coliers de la D\u00e9odatie sensibilis\u00e9s \u00e0 l'eau et la biodiversit\u00e9 - Saint Die Info","robots":{"index":"index","follow":"follow","max-snippet":"max-snippet:-1","max-image-preview":"max-image-preview:large","max-video-preview":"max-video-preview:-1"},"canonical":"https:\/\/vosgesinfo.fr\/saintdieinfo\/2023\/06\/aggleau-pres-de-500-ecoliers-de-deodatie-sensibilises-a-leau-biodiversite\/","twitter_card":"summary_large_image","twitter_title":"Aggl'Eau\u00a0: pr\u00e8s de 500 \u00e9coliers de la D\u00e9odatie sensibilis\u00e9s \u00e0 l'eau et la biodiversit\u00e9 - Saint Die Info","twitter_description":"Durant cette ann\u00e9e scolaire 2022-2023, 488 enfants de 22 classes de 12 \u00e9coles de la D\u00e9odatie, de la Maternelle au [&hellip;]","twitter_image":"https:\/\/vosgesinfo.fr\/app\/uploads\/sites\/4\/2024\/08\/202306saint-michel-sur-meurthe-restitution-projet-aggleau-1-1.jpg","twitter_creator":"@VosgesInfo88","twitter_site":"@VosgesInfo88","twitter_misc":{"\u00c9crit par":"la r\u00e9daction","Dur\u00e9e de lecture estim\u00e9e":"1 minute"},"schema":{"@context":"https:\/\/schema.org","@graph":[{"@type":"Article","@id":"https:\/\/vosgesinfo.fr\/saintdieinfo\/2023\/06\/aggleau-pres-de-500-ecoliers-de-deodatie-sensibilises-a-leau-biodiversite\/#article","isPartOf":{"@id":"https:\/\/vosgesinfo.fr\/saintdieinfo\/2023\/06\/aggleau-pres-de-500-ecoliers-de-deodatie-sensibilises-a-leau-biodiversite\/"},"author":{"name":"la r\u00e9daction","@id":"https:\/\/vosgesinfo.fr\/saintdieinfo\/#\/schema\/person\/faee6704a21f3977511db84bd1cd450f"},"headline":"Aggl&rsquo;Eau\u00a0: pr\u00e8s de 500 \u00e9coliers de la D\u00e9odatie sensibilis\u00e9s \u00e0 l&rsquo;eau et la biodiversit\u00e9","datePublished":"2023-06-13T09:47:01+00:00","dateModified":"2023-06-13T09:47:01+00:00","mainEntityOfPage":{"@id":"https:\/\/vosgesinfo.fr\/saintdieinfo\/2023\/06\/aggleau-pres-de-500-ecoliers-de-deodatie-sensibilises-a-leau-biodiversite\/"},"wordCount":327,"commentCount":0,"publisher":{"@id":"https:\/\/vosgesinfo.fr\/saintdieinfo\/#organization"},"image":{"@id":"https:\/\/vosgesinfo.fr\/saintdieinfo\/2023\/06\/aggleau-pres-de-500-ecoliers-de-deodatie-sensibilises-a-leau-biodiversite\/#primaryimage"},"thumbnailUrl":"https:\/\/vosgesinfo.fr\/app\/uploads\/sites\/4\/2024\/08\/202306saint-michel-sur-meurthe-restitution-projet-aggleau-1-1.jpg","keywords":["Aggl'Eau","Communaut\u00e9 d'Agglom\u00e9ration de Saint-Di\u00e9-des-Vosges","ETC... Terra","Mandray","Saint-Michel-sur-Meurthe"],"articleSection":["A la Une","\u00c9ducation","Saint-Di\u00e9-des-Vosges et son Agglom\u00e9ration"],"inLanguage":"fr-FR","potentialAction":[{"@type":"CommentAction","name":"Comment","target":["https:\/\/vosgesinfo.fr\/saintdieinfo\/2023\/06\/aggleau-pres-de-500-ecoliers-de-deodatie-sensibilises-a-leau-biodiversite\/#respond"]}]},{"@type":"WebPage","@id":"https:\/\/vosgesinfo.fr\/saintdieinfo\/2023\/06\/aggleau-pres-de-500-ecoliers-de-deodatie-sensibilises-a-leau-biodiversite\/","url":"https:\/\/vosgesinfo.fr\/saintdieinfo\/2023\/06\/aggleau-pres-de-500-ecoliers-de-deodatie-sensibilises-a-leau-biodiversite\/","name":"Aggl'Eau\u00a0: pr\u00e8s de 500 \u00e9coliers de la D\u00e9odatie sensibilis\u00e9s \u00e0 l'eau et la biodiversit\u00e9 - Saint Die Info","isPartOf":{"@id":"https:\/\/vosgesinfo.fr\/saintdieinfo\/#website"},"primaryImageOfPage":{"@id":"https:\/\/vosgesinfo.fr\/saintdieinfo\/2023\/06\/aggleau-pres-de-500-ecoliers-de-deodatie-sensibilises-a-leau-biodiversite\/#primaryimage"},"image":{"@id":"https:\/\/vosgesinfo.fr\/saintdieinfo\/2023\/06\/aggleau-pres-de-500-ecoliers-de-deodatie-sensibilises-a-leau-biodiversite\/#primaryimage"},"thumbnailUrl":"https:\/\/vosgesinfo.fr\/app\/uploads\/sites\/4\/2024\/08\/202306saint-michel-sur-meurthe-restitution-projet-aggleau-1-1.jpg","datePublished":"2023-06-13T09:47:01+00:00","dateModified":"2023-06-13T09:47:01+00:00","breadcrumb":{"@id":"https:\/\/vosgesinfo.fr\/saintdieinfo\/2023\/06\/aggleau-pres-de-500-ecoliers-de-deodatie-sensibilises-a-leau-biodiversite\/#breadcrumb"},"inLanguage":"fr-FR","potentialAction":[{"@type":"ReadAction","target":["https:\/\/vosgesinfo.fr\/saintdieinfo\/2023\/06\/aggleau-pres-de-500-ecoliers-de-deodatie-sensibilises-a-leau-biodiversite\/"]}]},{"@type":"ImageObject","inLanguage":"fr-FR","@id":"https:\/\/vosgesinfo.fr\/saintdieinfo\/2023\/06\/aggleau-pres-de-500-ecoliers-de-deodatie-sensibilises-a-leau-biodiversite\/#primaryimage","url":"https:\/\/vosgesinfo.fr\/app\/uploads\/sites\/4\/2024\/08\/202306saint-michel-sur-meurthe-restitution-projet-aggleau-1-1.jpg","contentUrl":"https:\/\/vosgesinfo.fr\/app\/uploads\/sites\/4\/2024\/08\/202306saint-michel-sur-meurthe-restitution-projet-aggleau-1-1.jpg","width":1600,"height":1205},{"@type":"BreadcrumbList","@id":"https:\/\/vosgesinfo.fr\/saintdieinfo\/2023\/06\/aggleau-pres-de-500-ecoliers-de-deodatie-sensibilises-a-leau-biodiversite\/#breadcrumb","itemListElement":[{"@type":"ListItem","position":1,"name":"Home","item":"https:\/\/vosgesinfo.fr\/saintdieinfo\/"},{"@type":"ListItem","position":2,"name":"Aggl&rsquo;Eau\u00a0: pr\u00e8s de 500 \u00e9coliers de la D\u00e9odatie sensibilis\u00e9s \u00e0 l&rsquo;eau et la biodiversit\u00e9"}]},{"@type":"WebSite","@id":"https:\/\/vosgesinfo.fr\/saintdieinfo\/#website","url":"https:\/\/vosgesinfo.fr\/saintdieinfo\/","name":"Saint Die Info","description":"Toute l&#039;actualit\u00e9 de Saint-Di\u00e9-Des-Vosges","publisher":{"@id":"https:\/\/vosgesinfo.fr\/saintdieinfo\/#organization"},"alternateName":"Toute l'actualit\u00e9 de Saint-Di\u00e9-Des-Vosges","potentialAction":[{"@type":"SearchAction","target":{"@type":"EntryPoint","urlTemplate":"https:\/\/vosgesinfo.fr\/saintdieinfo\/?s={search_term_string}"},"query-input":"required name=search_term_string"}],"inLanguage":"fr-FR"},{"@type":"Organization","@id":"https:\/\/vosgesinfo.fr\/saintdieinfo\/#organization","name":"Saint Die Info","url":"https:\/\/vosgesinfo.fr\/saintdieinfo\/","logo":{"@type":"ImageObject","inLanguage":"fr-FR","@id":"https:\/\/vosgesinfo.fr\/saintdieinfo\/#\/schema\/logo\/image\/","url":"https:\/\/vosgesinfo.fr\/app\/uploads\/sites\/4\/2024\/02\/logo-sdi.jpg","contentUrl":"https:\/\/vosgesinfo.fr\/app\/uploads\/sites\/4\/2024\/02\/logo-sdi.jpg","width":600,"height":600,"caption":"Saint Die Info"},"image":{"@id":"https:\/\/vosgesinfo.fr\/saintdieinfo\/#\/schema\/logo\/image\/"},"sameAs":["https:\/\/www.facebook.com\/Saintdieinfofr","https:\/\/x.com\/VosgesInfo88","https:\/\/www.youtube.com\/@vosgesinfo"]},{"@type":"Person","@id":"https:\/\/vosgesinfo.fr\/saintdieinfo\/#\/schema\/person\/faee6704a21f3977511db84bd1cd450f","name":"la r\u00e9daction","image":{"@type":"ImageObject","inLanguage":"fr-FR","@id":"https:\/\/vosgesinfo.fr\/saintdieinfo\/#\/schema\/person\/image\/","url":"https:\/\/secure.gravatar.com\/avatar\/6673d8bc6a9c17fa9a453eaa3448de834fa308c2ec9635b7aa99441a7c8d2cf6?s=96&d=mm&r=g","contentUrl":"https:\/\/secure.gravatar.com\/avatar\/6673d8bc6a9c17fa9a453eaa3448de834fa308c2ec9635b7aa99441a7c8d2cf6?s=96&d=mm&r=g","caption":"la r\u00e9daction"},"url":"https:\/\/vosgesinfo.fr\/saintdieinfo\/author\/redac\/"}]}},"_links":{"self":[{"href":"https:\/\/vosgesinfo.fr\/saintdieinfo\/wp-json\/wp\/v2\/posts\/65636","targetHints":{"allow":["GET"]}}],"collection":[{"href":"https:\/\/vosgesinfo.fr\/saintdieinfo\/wp-json\/wp\/v2\/posts"}],"about":[{"href":"https:\/\/vosgesinfo.fr\/saintdieinfo\/wp-json\/wp\/v2\/types\/post"}],"author":[{"embeddable":true,"href":"https:\/\/vosgesinfo.fr\/saintdieinfo\/wp-json\/wp\/v2\/users\/44"}],"replies":[{"embeddable":true,"href":"https:\/\/vosgesinfo.fr\/saintdieinfo\/wp-json\/wp\/v2\/comments?post=65636"}],"version-history":[{"count":0,"href":"https:\/\/vosgesinfo.fr\/saintdieinfo\/wp-json\/wp\/v2\/posts\/65636\/revisions"}],"wp:featuredmedia":[{"embeddable":true,"href":"https:\/\/vosgesinfo.fr\/saintdieinfo\/wp-json\/wp\/v2\/media\/65637"}],"wp:attachment":[{"href":"https:\/\/vosgesinfo.fr\/saintdieinfo\/wp-json\/wp\/v2\/media?parent=65636"}],"wp:term":[{"taxonomy":"category","embeddable":true,"href":"https:\/\/vosgesinfo.fr\/saintdieinfo\/wp-json\/wp\/v2\/categories?post=65636"},{"taxonomy":"post_tag","embeddable":true,"href":"https:\/\/vosgesinfo.fr\/saintdieinfo\/wp-json\/wp\/v2\/tags?post=65636"}],"curies":[{"name":"wp","href":"https:\/\/api.w.org\/{rel}","templated":true}]}}