{"id":65640,"date":"2023-06-13T13:03:41","date_gmt":"2023-06-13T11:03:41","guid":{"rendered":"https:\/\/vosgesinfo.fr\/saintdieinfo\/2023\/06\/jeremy-hagenbourger-court-811-km-sensibiliser-don-de-sang-fera-etape-a-saint-die-vosges\/"},"modified":"2023-06-13T13:03:41","modified_gmt":"2023-06-13T11:03:41","slug":"jeremy-hagenbourger-court-811-km-sensibiliser-don-de-sang-fera-etape-a-saint-die-vosges","status":"publish","type":"post","link":"https:\/\/vosgesinfo.fr\/saintdieinfo\/2023\/06\/jeremy-hagenbourger-court-811-km-sensibiliser-don-de-sang-fera-etape-a-saint-die-vosges\/","title":{"rendered":"J\u00e9r\u00e9my Hagenbourger, qui court 811 km pour sensibiliser au don de sang, fera \u00e9tape \u00e0 Saint-Di\u00e9-des-Vosges"},"content":{"rendered":"<div id=\"attachment_202518\" style=\"width: 588px\" class=\"wp-caption aligncenter\"><a href=\"\/2023\/06\/J\u00e9r\u00e9my_Hagenbourger_Don_de_Sang.jpg\" target=\"_blank\" rel=\"noopener\"><img decoding=\"async\" aria-describedby=\"caption-attachment-202518\" class=\"wp-image-202518 size-full\" src=\"\/2023\/06\/J\u00e9r\u00e9my_Hagenbourger_Don_de_Sang.jpg\" alt=\"J\u00e9r\u00e9my_Hagenbourger_Don_de_Sang\" width=\"578\" height=\"700\" \/><\/a><p id=\"caption-attachment-202518\" class=\"wp-caption-text\">(Photographie page Facebook de J\u00e9r\u00e9my Hagenbourger)<\/p><\/div>\n<h2><strong><span style=\"font-size: 14pt;\">J\u00e9r\u00e9my Hagenbourger, alias \u00ab\u00a0Titi, coureur au grand coeur\u00a0\u00bb, s&rsquo;est lanc\u00e9 un d\u00e9fi de taille : il partira demain mercredi de Saverne pour relier en courant Plan de Cuques, dans le Sud de la France. Le jour du d\u00e9part n&rsquo;\u00e9tant pas anodin, puisque le 14 juin est la Journ\u00e9e mondiale du donneur de sang. Le Mosellan souhaite en effet sensibiliser au don de sang au fil des 20 \u00e9tapes de son p\u00e9riple de 811 km.<\/span><\/strong><\/h2>\n<p><!--more--><\/p>\n<p>Ce vendredi sur les coups de 17h, il sera accueillit \u00e0 Saint-Di\u00e9-des-Vosges, lieu d&rsquo;arriv\u00e9e de la 4e \u00e9tape de son d\u00e9fi. Lors de son arriv\u00e9e dans la cit\u00e9 d\u00e9odatienne, il aura parcouru 45km depuis Schirmeck. Le lendemain samedi, il rejoindra Epinal, puis Vesoul dimanche, Besan\u00e7on lundi, Lons-le-Saunier mardi&#8230; pour une arriv\u00e9e finale pr\u00e9vue \u00e0 Plan de Cuques le lundi 3 juillet.<\/p>\n<p>B\u00e9n\u00e9vole pour l&rsquo;Etablissement Fran\u00e7ais du Sang \u2013 EFS \u2013 J\u00e9r\u00e9my Hagenbourger veut diffuser le message simple, mais \u00f4 combien important, qu&rsquo;il est vital de donner son sang. \u00ab\u00a0Apr\u00e8s ces 2 ann\u00e9es de pand\u00e9mie, durant lesquelles le concept collectif fut de penser aux autres pour les prot\u00e9ger, je souhaite poursuivre sur cette lanc\u00e9e altruiste en lan\u00e7ant cette grande aventure humaine autout du don de sang. Je ne suis pas novice en la mati\u00e8re, car j&rsquo;ai d\u00e9j\u00e0 \u00e0 mon actif plusieurs courses dont le \u00e9tait d\u00e9j\u00e0 la mobilisation autour du don de sang. Quand il s&rsquo;agit de porter haut les couleurs du don de sang, rien ne m&rsquo;arr\u00eate. Tous ensemble, nous pouvons soutenir et aider les malades.\u00a0\u00bb<\/p>\n<p>Pour en apprendre davantage sur la cause que d\u00e9fend le coureur au grand c\u0153ur, <span style=\"color: #3366ff;\"><a style=\"color: #3366ff;\" href=\"https:\/\/www.facebook.com\/profile.php?id=100040507555902\" target=\"_blank\" rel=\"noopener\">rendez-vous sur sa page Facebook.<\/a><\/span><\/p>\n<p>J.J.<\/p>\n","protected":false},"excerpt":{"rendered":"<p>J\u00e9r\u00e9my Hagenbourger, alias \u00ab\u00a0Titi, coureur au grand coeur\u00a0\u00bb, s&rsquo;est lanc\u00e9 un d\u00e9fi de taille : il partira demain mercredi de [&hellip;]<\/p>\n","protected":false},"author":44,"featured_media":65641,"comment_status":"open","ping_status":"open","sticky":false,"template":"","format":"standard","meta":{"footnotes":""},"categories":[460,2915,29,14],"tags":[1243,1678],"class_list":["post-65640","post","type-post","status-publish","format-standard","has-post-thumbnail","hentry","category-a-la-une","category-saint-die-son-canton","category-solidarite","category-sport","tag-don-de-sang","tag-jeremy-hagenbourger"],"acf":[],"yoast_head":"<!-- This site is optimized with the Yoast SEO plugin v22.5 - https:\/\/yoast.com\/wordpress\/plugins\/seo\/ -->\n<title>J\u00e9r\u00e9my Hagenbourger, qui court 811 km pour sensibiliser au don de sang, fera \u00e9tape \u00e0 Saint-Di\u00e9-des-Vosges - Saint Die Info<\/title>\n<meta name=\"robots\" content=\"index, follow, max-snippet:-1, max-image-preview:large, max-video-preview:-1\" \/>\n<link rel=\"canonical\" href=\"https:\/\/vosgesinfo.fr\/saintdieinfo\/2023\/06\/jeremy-hagenbourger-court-811-km-sensibiliser-don-de-sang-fera-etape-a-saint-die-vosges\/\" \/>\n<meta name=\"twitter:card\" content=\"summary_large_image\" \/>\n<meta name=\"twitter:title\" content=\"J\u00e9r\u00e9my Hagenbourger, qui court 811 km pour sensibiliser au don de sang, fera \u00e9tape \u00e0 Saint-Di\u00e9-des-Vosges - Saint Die Info\" \/>\n<meta name=\"twitter:description\" content=\"J\u00e9r\u00e9my Hagenbourger, alias \u00ab\u00a0Titi, coureur au grand coeur\u00a0\u00bb, s&rsquo;est lanc\u00e9 un d\u00e9fi de taille : il partira demain mercredi de [&hellip;]\" \/>\n<meta name=\"twitter:image\" content=\"https:\/\/vosgesinfo.fr\/app\/uploads\/sites\/4\/2024\/08\/202306jeremy-hagenbourger-don-de-sang.jpg\" \/>\n<meta name=\"twitter:creator\" content=\"@VosgesInfo88\" \/>\n<meta name=\"twitter:site\" content=\"@VosgesInfo88\" \/>\n<meta name=\"twitter:label1\" content=\"\u00c9crit par\" \/>\n\t<meta name=\"twitter:data1\" content=\"la r\u00e9daction\" \/>\n\t<meta name=\"twitter:label2\" content=\"Dur\u00e9e de lecture estim\u00e9e\" \/>\n\t<meta name=\"twitter:data2\" content=\"2 minutes\" \/>\n<script type=\"application\/ld+json\" class=\"yoast-schema-graph\">{\"@context\":\"https:\/\/schema.org\",\"@graph\":[{\"@type\":\"Article\",\"@id\":\"https:\/\/vosgesinfo.fr\/saintdieinfo\/2023\/06\/jeremy-hagenbourger-court-811-km-sensibiliser-don-de-sang-fera-etape-a-saint-die-vosges\/#article\",\"isPartOf\":{\"@id\":\"https:\/\/vosgesinfo.fr\/saintdieinfo\/2023\/06\/jeremy-hagenbourger-court-811-km-sensibiliser-don-de-sang-fera-etape-a-saint-die-vosges\/\"},\"author\":{\"name\":\"la r\u00e9daction\",\"@id\":\"https:\/\/vosgesinfo.fr\/saintdieinfo\/#\/schema\/person\/faee6704a21f3977511db84bd1cd450f\"},\"headline\":\"J\u00e9r\u00e9my Hagenbourger, qui court 811 km pour sensibiliser au don de sang, fera \u00e9tape \u00e0 Saint-Di\u00e9-des-Vosges\",\"datePublished\":\"2023-06-13T11:03:41+00:00\",\"dateModified\":\"2023-06-13T11:03:41+00:00\",\"mainEntityOfPage\":{\"@id\":\"https:\/\/vosgesinfo.fr\/saintdieinfo\/2023\/06\/jeremy-hagenbourger-court-811-km-sensibiliser-don-de-sang-fera-etape-a-saint-die-vosges\/\"},\"wordCount\":330,\"commentCount\":0,\"publisher\":{\"@id\":\"https:\/\/vosgesinfo.fr\/saintdieinfo\/#organization\"},\"image\":{\"@id\":\"https:\/\/vosgesinfo.fr\/saintdieinfo\/2023\/06\/jeremy-hagenbourger-court-811-km-sensibiliser-don-de-sang-fera-etape-a-saint-die-vosges\/#primaryimage\"},\"thumbnailUrl\":\"https:\/\/vosgesinfo.fr\/app\/uploads\/sites\/4\/2024\/08\/202306jeremy-hagenbourger-don-de-sang.jpg\",\"keywords\":[\"don de sang\",\"J\u00e9r\u00e9my Hagenbourger\"],\"articleSection\":[\"A la Une\",\"Saint-Di\u00e9-des-Vosges et son Agglom\u00e9ration\",\"Solidarit\u00e9\",\"Sport\"],\"inLanguage\":\"fr-FR\",\"potentialAction\":[{\"@type\":\"CommentAction\",\"name\":\"Comment\",\"target\":[\"https:\/\/vosgesinfo.fr\/saintdieinfo\/2023\/06\/jeremy-hagenbourger-court-811-km-sensibiliser-don-de-sang-fera-etape-a-saint-die-vosges\/#respond\"]}]},{\"@type\":\"WebPage\",\"@id\":\"https:\/\/vosgesinfo.fr\/saintdieinfo\/2023\/06\/jeremy-hagenbourger-court-811-km-sensibiliser-don-de-sang-fera-etape-a-saint-die-vosges\/\",\"url\":\"https:\/\/vosgesinfo.fr\/saintdieinfo\/2023\/06\/jeremy-hagenbourger-court-811-km-sensibiliser-don-de-sang-fera-etape-a-saint-die-vosges\/\",\"name\":\"J\u00e9r\u00e9my Hagenbourger, qui court 811 km pour sensibiliser au don de sang, fera \u00e9tape \u00e0 Saint-Di\u00e9-des-Vosges - Saint Die Info\",\"isPartOf\":{\"@id\":\"https:\/\/vosgesinfo.fr\/saintdieinfo\/#website\"},\"primaryImageOfPage\":{\"@id\":\"https:\/\/vosgesinfo.fr\/saintdieinfo\/2023\/06\/jeremy-hagenbourger-court-811-km-sensibiliser-don-de-sang-fera-etape-a-saint-die-vosges\/#primaryimage\"},\"image\":{\"@id\":\"https:\/\/vosgesinfo.fr\/saintdieinfo\/2023\/06\/jeremy-hagenbourger-court-811-km-sensibiliser-don-de-sang-fera-etape-a-saint-die-vosges\/#primaryimage\"},\"thumbnailUrl\":\"https:\/\/vosgesinfo.fr\/app\/uploads\/sites\/4\/2024\/08\/202306jeremy-hagenbourger-don-de-sang.jpg\",\"datePublished\":\"2023-06-13T11:03:41+00:00\",\"dateModified\":\"2023-06-13T11:03:41+00:00\",\"breadcrumb\":{\"@id\":\"https:\/\/vosgesinfo.fr\/saintdieinfo\/2023\/06\/jeremy-hagenbourger-court-811-km-sensibiliser-don-de-sang-fera-etape-a-saint-die-vosges\/#breadcrumb\"},\"inLanguage\":\"fr-FR\",\"potentialAction\":[{\"@type\":\"ReadAction\",\"target\":[\"https:\/\/vosgesinfo.fr\/saintdieinfo\/2023\/06\/jeremy-hagenbourger-court-811-km-sensibiliser-don-de-sang-fera-etape-a-saint-die-vosges\/\"]}]},{\"@type\":\"ImageObject\",\"inLanguage\":\"fr-FR\",\"@id\":\"https:\/\/vosgesinfo.fr\/saintdieinfo\/2023\/06\/jeremy-hagenbourger-court-811-km-sensibiliser-don-de-sang-fera-etape-a-saint-die-vosges\/#primaryimage\",\"url\":\"https:\/\/vosgesinfo.fr\/app\/uploads\/sites\/4\/2024\/08\/202306jeremy-hagenbourger-don-de-sang.jpg\",\"contentUrl\":\"https:\/\/vosgesinfo.fr\/app\/uploads\/sites\/4\/2024\/08\/202306jeremy-hagenbourger-don-de-sang.jpg\",\"width\":578,\"height\":700},{\"@type\":\"BreadcrumbList\",\"@id\":\"https:\/\/vosgesinfo.fr\/saintdieinfo\/2023\/06\/jeremy-hagenbourger-court-811-km-sensibiliser-don-de-sang-fera-etape-a-saint-die-vosges\/#breadcrumb\",\"itemListElement\":[{\"@type\":\"ListItem\",\"position\":1,\"name\":\"Home\",\"item\":\"https:\/\/vosgesinfo.fr\/saintdieinfo\/\"},{\"@type\":\"ListItem\",\"position\":2,\"name\":\"J\u00e9r\u00e9my Hagenbourger, qui court 811 km pour sensibiliser au don de sang, fera \u00e9tape \u00e0 Saint-Di\u00e9-des-Vosges\"}]},{\"@type\":\"WebSite\",\"@id\":\"https:\/\/vosgesinfo.fr\/saintdieinfo\/#website\",\"url\":\"https:\/\/vosgesinfo.fr\/saintdieinfo\/\",\"name\":\"Saint Die Info\",\"description\":\"Toute l&#039;actualit\u00e9 de Saint-Di\u00e9-Des-Vosges\",\"publisher\":{\"@id\":\"https:\/\/vosgesinfo.fr\/saintdieinfo\/#organization\"},\"alternateName\":\"Toute l'actualit\u00e9 de Saint-Di\u00e9-Des-Vosges\",\"potentialAction\":[{\"@type\":\"SearchAction\",\"target\":{\"@type\":\"EntryPoint\",\"urlTemplate\":\"https:\/\/vosgesinfo.fr\/saintdieinfo\/?s={search_term_string}\"},\"query-input\":\"required name=search_term_string\"}],\"inLanguage\":\"fr-FR\"},{\"@type\":\"Organization\",\"@id\":\"https:\/\/vosgesinfo.fr\/saintdieinfo\/#organization\",\"name\":\"Saint Die Info\",\"url\":\"https:\/\/vosgesinfo.fr\/saintdieinfo\/\",\"logo\":{\"@type\":\"ImageObject\",\"inLanguage\":\"fr-FR\",\"@id\":\"https:\/\/vosgesinfo.fr\/saintdieinfo\/#\/schema\/logo\/image\/\",\"url\":\"https:\/\/vosgesinfo.fr\/app\/uploads\/sites\/4\/2024\/02\/logo-sdi.jpg\",\"contentUrl\":\"https:\/\/vosgesinfo.fr\/app\/uploads\/sites\/4\/2024\/02\/logo-sdi.jpg\",\"width\":600,\"height\":600,\"caption\":\"Saint Die Info\"},\"image\":{\"@id\":\"https:\/\/vosgesinfo.fr\/saintdieinfo\/#\/schema\/logo\/image\/\"},\"sameAs\":[\"https:\/\/www.facebook.com\/Saintdieinfofr\",\"https:\/\/x.com\/VosgesInfo88\",\"https:\/\/www.youtube.com\/@vosgesinfo\"]},{\"@type\":\"Person\",\"@id\":\"https:\/\/vosgesinfo.fr\/saintdieinfo\/#\/schema\/person\/faee6704a21f3977511db84bd1cd450f\",\"name\":\"la r\u00e9daction\",\"image\":{\"@type\":\"ImageObject\",\"inLanguage\":\"fr-FR\",\"@id\":\"https:\/\/vosgesinfo.fr\/saintdieinfo\/#\/schema\/person\/image\/\",\"url\":\"https:\/\/secure.gravatar.com\/avatar\/6673d8bc6a9c17fa9a453eaa3448de834fa308c2ec9635b7aa99441a7c8d2cf6?s=96&d=mm&r=g\",\"contentUrl\":\"https:\/\/secure.gravatar.com\/avatar\/6673d8bc6a9c17fa9a453eaa3448de834fa308c2ec9635b7aa99441a7c8d2cf6?s=96&d=mm&r=g\",\"caption\":\"la r\u00e9daction\"},\"url\":\"https:\/\/vosgesinfo.fr\/saintdieinfo\/author\/redac\/\"}]}<\/script>\n<!-- \/ Yoast SEO plugin. -->","yoast_head_json":{"title":"J\u00e9r\u00e9my Hagenbourger, qui court 811 km pour sensibiliser au don de sang, fera \u00e9tape \u00e0 Saint-Di\u00e9-des-Vosges - Saint Die Info","robots":{"index":"index","follow":"follow","max-snippet":"max-snippet:-1","max-image-preview":"max-image-preview:large","max-video-preview":"max-video-preview:-1"},"canonical":"https:\/\/vosgesinfo.fr\/saintdieinfo\/2023\/06\/jeremy-hagenbourger-court-811-km-sensibiliser-don-de-sang-fera-etape-a-saint-die-vosges\/","twitter_card":"summary_large_image","twitter_title":"J\u00e9r\u00e9my Hagenbourger, qui court 811 km pour sensibiliser au don de sang, fera \u00e9tape \u00e0 Saint-Di\u00e9-des-Vosges - Saint Die Info","twitter_description":"J\u00e9r\u00e9my Hagenbourger, alias \u00ab\u00a0Titi, coureur au grand coeur\u00a0\u00bb, s&rsquo;est lanc\u00e9 un d\u00e9fi de taille : il partira demain mercredi de [&hellip;]","twitter_image":"https:\/\/vosgesinfo.fr\/app\/uploads\/sites\/4\/2024\/08\/202306jeremy-hagenbourger-don-de-sang.jpg","twitter_creator":"@VosgesInfo88","twitter_site":"@VosgesInfo88","twitter_misc":{"\u00c9crit par":"la r\u00e9daction","Dur\u00e9e de lecture estim\u00e9e":"2 minutes"},"schema":{"@context":"https:\/\/schema.org","@graph":[{"@type":"Article","@id":"https:\/\/vosgesinfo.fr\/saintdieinfo\/2023\/06\/jeremy-hagenbourger-court-811-km-sensibiliser-don-de-sang-fera-etape-a-saint-die-vosges\/#article","isPartOf":{"@id":"https:\/\/vosgesinfo.fr\/saintdieinfo\/2023\/06\/jeremy-hagenbourger-court-811-km-sensibiliser-don-de-sang-fera-etape-a-saint-die-vosges\/"},"author":{"name":"la r\u00e9daction","@id":"https:\/\/vosgesinfo.fr\/saintdieinfo\/#\/schema\/person\/faee6704a21f3977511db84bd1cd450f"},"headline":"J\u00e9r\u00e9my Hagenbourger, qui court 811 km pour sensibiliser au don de sang, fera \u00e9tape \u00e0 Saint-Di\u00e9-des-Vosges","datePublished":"2023-06-13T11:03:41+00:00","dateModified":"2023-06-13T11:03:41+00:00","mainEntityOfPage":{"@id":"https:\/\/vosgesinfo.fr\/saintdieinfo\/2023\/06\/jeremy-hagenbourger-court-811-km-sensibiliser-don-de-sang-fera-etape-a-saint-die-vosges\/"},"wordCount":330,"commentCount":0,"publisher":{"@id":"https:\/\/vosgesinfo.fr\/saintdieinfo\/#organization"},"image":{"@id":"https:\/\/vosgesinfo.fr\/saintdieinfo\/2023\/06\/jeremy-hagenbourger-court-811-km-sensibiliser-don-de-sang-fera-etape-a-saint-die-vosges\/#primaryimage"},"thumbnailUrl":"https:\/\/vosgesinfo.fr\/app\/uploads\/sites\/4\/2024\/08\/202306jeremy-hagenbourger-don-de-sang.jpg","keywords":["don de sang","J\u00e9r\u00e9my Hagenbourger"],"articleSection":["A la Une","Saint-Di\u00e9-des-Vosges et son Agglom\u00e9ration","Solidarit\u00e9","Sport"],"inLanguage":"fr-FR","potentialAction":[{"@type":"CommentAction","name":"Comment","target":["https:\/\/vosgesinfo.fr\/saintdieinfo\/2023\/06\/jeremy-hagenbourger-court-811-km-sensibiliser-don-de-sang-fera-etape-a-saint-die-vosges\/#respond"]}]},{"@type":"WebPage","@id":"https:\/\/vosgesinfo.fr\/saintdieinfo\/2023\/06\/jeremy-hagenbourger-court-811-km-sensibiliser-don-de-sang-fera-etape-a-saint-die-vosges\/","url":"https:\/\/vosgesinfo.fr\/saintdieinfo\/2023\/06\/jeremy-hagenbourger-court-811-km-sensibiliser-don-de-sang-fera-etape-a-saint-die-vosges\/","name":"J\u00e9r\u00e9my Hagenbourger, qui court 811 km pour sensibiliser au don de sang, fera \u00e9tape \u00e0 Saint-Di\u00e9-des-Vosges - Saint Die Info","isPartOf":{"@id":"https:\/\/vosgesinfo.fr\/saintdieinfo\/#website"},"primaryImageOfPage":{"@id":"https:\/\/vosgesinfo.fr\/saintdieinfo\/2023\/06\/jeremy-hagenbourger-court-811-km-sensibiliser-don-de-sang-fera-etape-a-saint-die-vosges\/#primaryimage"},"image":{"@id":"https:\/\/vosgesinfo.fr\/saintdieinfo\/2023\/06\/jeremy-hagenbourger-court-811-km-sensibiliser-don-de-sang-fera-etape-a-saint-die-vosges\/#primaryimage"},"thumbnailUrl":"https:\/\/vosgesinfo.fr\/app\/uploads\/sites\/4\/2024\/08\/202306jeremy-hagenbourger-don-de-sang.jpg","datePublished":"2023-06-13T11:03:41+00:00","dateModified":"2023-06-13T11:03:41+00:00","breadcrumb":{"@id":"https:\/\/vosgesinfo.fr\/saintdieinfo\/2023\/06\/jeremy-hagenbourger-court-811-km-sensibiliser-don-de-sang-fera-etape-a-saint-die-vosges\/#breadcrumb"},"inLanguage":"fr-FR","potentialAction":[{"@type":"ReadAction","target":["https:\/\/vosgesinfo.fr\/saintdieinfo\/2023\/06\/jeremy-hagenbourger-court-811-km-sensibiliser-don-de-sang-fera-etape-a-saint-die-vosges\/"]}]},{"@type":"ImageObject","inLanguage":"fr-FR","@id":"https:\/\/vosgesinfo.fr\/saintdieinfo\/2023\/06\/jeremy-hagenbourger-court-811-km-sensibiliser-don-de-sang-fera-etape-a-saint-die-vosges\/#primaryimage","url":"https:\/\/vosgesinfo.fr\/app\/uploads\/sites\/4\/2024\/08\/202306jeremy-hagenbourger-don-de-sang.jpg","contentUrl":"https:\/\/vosgesinfo.fr\/app\/uploads\/sites\/4\/2024\/08\/202306jeremy-hagenbourger-don-de-sang.jpg","width":578,"height":700},{"@type":"BreadcrumbList","@id":"https:\/\/vosgesinfo.fr\/saintdieinfo\/2023\/06\/jeremy-hagenbourger-court-811-km-sensibiliser-don-de-sang-fera-etape-a-saint-die-vosges\/#breadcrumb","itemListElement":[{"@type":"ListItem","position":1,"name":"Home","item":"https:\/\/vosgesinfo.fr\/saintdieinfo\/"},{"@type":"ListItem","position":2,"name":"J\u00e9r\u00e9my Hagenbourger, qui court 811 km pour sensibiliser au don de sang, fera \u00e9tape \u00e0 Saint-Di\u00e9-des-Vosges"}]},{"@type":"WebSite","@id":"https:\/\/vosgesinfo.fr\/saintdieinfo\/#website","url":"https:\/\/vosgesinfo.fr\/saintdieinfo\/","name":"Saint Die Info","description":"Toute l&#039;actualit\u00e9 de Saint-Di\u00e9-Des-Vosges","publisher":{"@id":"https:\/\/vosgesinfo.fr\/saintdieinfo\/#organization"},"alternateName":"Toute l'actualit\u00e9 de Saint-Di\u00e9-Des-Vosges","potentialAction":[{"@type":"SearchAction","target":{"@type":"EntryPoint","urlTemplate":"https:\/\/vosgesinfo.fr\/saintdieinfo\/?s={search_term_string}"},"query-input":"required name=search_term_string"}],"inLanguage":"fr-FR"},{"@type":"Organization","@id":"https:\/\/vosgesinfo.fr\/saintdieinfo\/#organization","name":"Saint Die Info","url":"https:\/\/vosgesinfo.fr\/saintdieinfo\/","logo":{"@type":"ImageObject","inLanguage":"fr-FR","@id":"https:\/\/vosgesinfo.fr\/saintdieinfo\/#\/schema\/logo\/image\/","url":"https:\/\/vosgesinfo.fr\/app\/uploads\/sites\/4\/2024\/02\/logo-sdi.jpg","contentUrl":"https:\/\/vosgesinfo.fr\/app\/uploads\/sites\/4\/2024\/02\/logo-sdi.jpg","width":600,"height":600,"caption":"Saint Die Info"},"image":{"@id":"https:\/\/vosgesinfo.fr\/saintdieinfo\/#\/schema\/logo\/image\/"},"sameAs":["https:\/\/www.facebook.com\/Saintdieinfofr","https:\/\/x.com\/VosgesInfo88","https:\/\/www.youtube.com\/@vosgesinfo"]},{"@type":"Person","@id":"https:\/\/vosgesinfo.fr\/saintdieinfo\/#\/schema\/person\/faee6704a21f3977511db84bd1cd450f","name":"la r\u00e9daction","image":{"@type":"ImageObject","inLanguage":"fr-FR","@id":"https:\/\/vosgesinfo.fr\/saintdieinfo\/#\/schema\/person\/image\/","url":"https:\/\/secure.gravatar.com\/avatar\/6673d8bc6a9c17fa9a453eaa3448de834fa308c2ec9635b7aa99441a7c8d2cf6?s=96&d=mm&r=g","contentUrl":"https:\/\/secure.gravatar.com\/avatar\/6673d8bc6a9c17fa9a453eaa3448de834fa308c2ec9635b7aa99441a7c8d2cf6?s=96&d=mm&r=g","caption":"la r\u00e9daction"},"url":"https:\/\/vosgesinfo.fr\/saintdieinfo\/author\/redac\/"}]}},"_links":{"self":[{"href":"https:\/\/vosgesinfo.fr\/saintdieinfo\/wp-json\/wp\/v2\/posts\/65640","targetHints":{"allow":["GET"]}}],"collection":[{"href":"https:\/\/vosgesinfo.fr\/saintdieinfo\/wp-json\/wp\/v2\/posts"}],"about":[{"href":"https:\/\/vosgesinfo.fr\/saintdieinfo\/wp-json\/wp\/v2\/types\/post"}],"author":[{"embeddable":true,"href":"https:\/\/vosgesinfo.fr\/saintdieinfo\/wp-json\/wp\/v2\/users\/44"}],"replies":[{"embeddable":true,"href":"https:\/\/vosgesinfo.fr\/saintdieinfo\/wp-json\/wp\/v2\/comments?post=65640"}],"version-history":[{"count":0,"href":"https:\/\/vosgesinfo.fr\/saintdieinfo\/wp-json\/wp\/v2\/posts\/65640\/revisions"}],"wp:featuredmedia":[{"embeddable":true,"href":"https:\/\/vosgesinfo.fr\/saintdieinfo\/wp-json\/wp\/v2\/media\/65641"}],"wp:attachment":[{"href":"https:\/\/vosgesinfo.fr\/saintdieinfo\/wp-json\/wp\/v2\/media?parent=65640"}],"wp:term":[{"taxonomy":"category","embeddable":true,"href":"https:\/\/vosgesinfo.fr\/saintdieinfo\/wp-json\/wp\/v2\/categories?post=65640"},{"taxonomy":"post_tag","embeddable":true,"href":"https:\/\/vosgesinfo.fr\/saintdieinfo\/wp-json\/wp\/v2\/tags?post=65640"}],"curies":[{"name":"wp","href":"https:\/\/api.w.org\/{rel}","templated":true}]}}