{"id":65642,"date":"2023-06-13T14:11:04","date_gmt":"2023-06-13T12:11:04","guid":{"rendered":"https:\/\/vosgesinfo.fr\/saintdieinfo\/2023\/06\/fete-de-musique-a-saint-die-vosges-demandez-programme-3\/"},"modified":"2023-06-13T14:11:04","modified_gmt":"2023-06-13T12:11:04","slug":"fete-de-musique-a-saint-die-vosges-demandez-programme-3","status":"publish","type":"post","link":"https:\/\/vosgesinfo.fr\/saintdieinfo\/2023\/06\/fete-de-musique-a-saint-die-vosges-demandez-programme-3\/","title":{"rendered":"F\u00eate de la Musique \u00e0 Saint-Di\u00e9-des-Vosges : demandez le programme !"},"content":{"rendered":"<div id=\"attachment_140938\" style=\"width: 1010px\" class=\"wp-caption aligncenter\"><a href=\"\/2019\/06\/F\u00eate_Musique_2019-16.jpg\" target=\"_blank\" rel=\"noopener\"><img decoding=\"async\" aria-describedby=\"caption-attachment-140938\" class=\"wp-image-140938 size-full\" src=\"\/2019\/06\/F\u00eate_Musique_2019-16.jpg\" alt=\"F\u00eate_Musique_2019 (16)\" width=\"1000\" height=\"667\" \/><\/a><p id=\"caption-attachment-140938\" class=\"wp-caption-text\">Le groupe Last Time sera \u00e0 nouveau de la partie cette ann\u00e9e. (Archive)<\/p><\/div>\n<h2><strong><span style=\"font-size: 14pt;\">La F\u00eate de la Musique, qui marque le d\u00e9but de l&rsquo;\u00e9t\u00e9 puisqu&rsquo;elle a lieu le 21 juin, tombe mercredi prochain en cette ann\u00e9e 2023. Ce jour-l\u00e0 \u00e0 Saint-Di\u00e9-des-Vosges, les animations musicales d\u00e9buteront d\u00e8s l&rsquo;apr\u00e8s-midi, aux 4 coins de la ville, selon le programme suivant\u00a0:<\/span><\/strong><\/h2>\n<p><!--more--><\/p>\n<p><strong>Bar La Pitchouli, 3 rue d&rsquo;Alsace<\/strong><\/p>\n<ul>\n<li>19h \u2013 23h \/ Peggy Saoule. Reprises de standards fran\u00e7ais et anglo-saxons, mais aussi de morceaux actuels par des musiciens de talent\u00a0: Sedd, Yaz, Mickus et Aline font le show\u00a0!<\/li>\n<\/ul>\n<p><strong>Place du March\u00e9<\/strong><\/p>\n<ul>\n<li>19h \u2013 20h30 \/ Meet me next time. Jeune groupe de reprises pop\/rock, style vari\u00e9.<\/li>\n<li>20h45 \u2013 21h45 \/ ANNA. Rock fran\u00e7ais, reprise des plus grands tubes de T\u00e9l\u00e9phone\u00a0!<\/li>\n<li>22h \u2013 23h \/ Toys Breakers. Punk&rsquo;nroll.<\/li>\n<\/ul>\n<p><strong>Parc Jean-Mansuy \/ Tour de la Libert\u00e9<\/strong><\/p>\n<ul>\n<li>18h \u2013 18h45 \/ Association Jazz Club de Saint-Di\u00e9-des-Vosges. L&rsquo;Orchestre Dixieland Parade interpr\u00e8te des \u0153uvres des ann\u00e9es 20 et 50. Cet ensemble existe depuis 1992, il est compos\u00e9 de 7 musiciens.<\/li>\n<li>19h \u2013 20h \/ Rudy &amp; Ana\u00efs. Reprise pop\/rock.<\/li>\n<li>20h \u2013 21h \/ Anne-Vinciane Doucet. Improvisations \u00e0 la harpe et avec des bols chantants tib\u00e9tains et gong R\u00e9pertoire classique \u00e0 la harpe. Acc\u00e8s gratuit \u00e0 la Tour de la Libert\u00e9.<\/li>\n<\/ul>\n<p><strong>Cath\u00e9drale<\/strong><\/p>\n<ul>\n<li>20h30 \u2013 22h \/ Orchestre Symphonique de Saint-Di\u00e9-des-Vosges, solos d&rsquo;\u00e9l\u00e8ves du conservatoire Olivier-Douchain invit\u00e9s pour l&rsquo;occasion, association Orchestre+.<\/li>\n<\/ul>\n<p><strong>La Nef, 64 rue des 5 Fr\u00e8res Mougeotte<\/strong><\/p>\n<ul>\n<li>14h \u2013 19h \/ Conservatoire Olivier-Douchain. Le conservatoire f\u00eate la musique\u00a0: du classique aux musiques actuelles, portes ouvertes, concerts&#8230;<\/li>\n<\/ul>\n<p><strong>Parvis du mus\u00e9e Pierre-No\u00ebl<\/strong><\/p>\n<ul>\n<li>18h \u2013 18h45 \/ Chorale Isegoria. La chorale Isegoria vous propose des chants classiques, sacr\u00e9s et de saison.<\/li>\n<li>19h \u2013 19h45 \/ Association D\u00e9o&rsquo;Coeur. Le groupe les BeGoodie&rsquo;s interpr\u00e8te des chansons populaires fran\u00e7aises sur bandes instrumentales.<\/li>\n<\/ul>\n<p><strong>R\u00e9sidence du Parc, avenue Ernest-Colin<\/strong><\/p>\n<ul>\n<li>15h \u2013 15h45 \/ Association Jazz Club de Saint-Di\u00e9-des-Vosges. Reprises des plus grands tubes de jazz.<\/li>\n<\/ul>\n<p><strong>Place du G\u00e9n\u00e9ral-de-Gaulle<\/strong><\/p>\n<ul>\n<li>19h30 \u2013 20h \/ Majorettes \u00ab\u00a0Les Am\u00e9ricaines\u00a0\u00bb. Chor\u00e9graphies avec b\u00e2tons, pompons, drapeaux et rubans.<\/li>\n<li>19h \u2013 Minuit \/ Repas concert de la SPA D\u00e9odatienne anim\u00e9 par Fun Party. Buvette et petite restauration sur place.<\/li>\n<\/ul>\n<p><strong>Quai du Mar\u00e9chal-de-Lattre-de-Tassigny<\/strong><\/p>\n<ul>\n<li>17h \u2013 Minuit \/ Ecole des Nez Rouges. L&rsquo;Ecole des Nez Rouges vous propose une sc\u00e8ne ouverte en musique et en cirque\u00a0!<\/li>\n<li>21h30 \u2013 22h30 \/ JKR*MKA. JKR Officiel, Mka concert pour l&rsquo;album R.D.V qui sera disponible d\u00e9but septembre. Pop urbaine, hip-hop.<\/li>\n<li>22h30 \u2013 Minuit \/ CENDRES. Composition pop rock et d\u00e9riv\u00e9s.<\/li>\n<\/ul>\n<p><strong>Bar La Boussole et restaurant le Cabanon, 14-16 rue Jean-Jacques Baligan<\/strong><\/p>\n<ul>\n<li>A partir de 19h \/ Buddy&rsquo;s cab. Reprises pop\/rock.<\/li>\n<\/ul>\n<p><strong>Rue Thiers<\/strong><\/p>\n<ul>\n<li>20h \u2013 23h au 6 rue Thiers \/ Les santiags de l&rsquo;est. D\u00e9monstration de danses country.<\/li>\n<li>20h \u2013 Minuit au Caf\u00e9 Poste \/ Mika et Pepino. Danse et vari\u00e9t\u00e9s italiennes \/ anglaises.<\/li>\n<li>19h \u2013 23h au Bar Thiers \/ Last Time. Reprises pop\/rock.<\/li>\n<li>19h \u2013 23h au 33 rue Thiers \/ Black horse country danse. Musique country.<\/li>\n<\/ul>\n<p><strong>Skatepark<\/strong><\/p>\n<ul>\n<li>20h \u2013 21h \/ Chorale Choeur \u00e0 c\u0153ur.<\/li>\n<\/ul>\n<p><strong>Restaurant Aux P&rsquo;tits Plats, 10 rue d&rsquo;Am\u00e9rique<\/strong><\/p>\n<ul>\n<li>21h \u2013 23h30 \/ VELOCIROCKER. VELOCIROCKER vous propose des reprises rock des ann\u00e9es 70\/80\/90.<\/li>\n<\/ul>\n<p><strong>K-KISS Bar, 4 rue d&rsquo;Am\u00e9rique<\/strong><\/p>\n<ul>\n<li>A partir de 19h \/ DJ Abdel aux platines\u00a0!<\/li>\n<\/ul>\n<p><strong>Restaurant Le Square, 7 quai Jeanne-d&rsquo;Arc<\/strong><\/p>\n<ul>\n<li>19h \u2013 Minuit \/ Soir\u00e9e latino avec Hanicia Danse.<\/li>\n<\/ul>\n<p><strong>Eight bar, 10 rue Dauphine<\/strong><\/p>\n<ul>\n<li>18h30 \u2013 23h30 \/ KRAAR. Groupe de m\u00e9tal pour enflammer votre soir\u00e9e.<\/li>\n<\/ul>\n<p><strong>Restaurant Le Gargan, 3 rue Stanislas<\/strong><\/p>\n<ul>\n<li>20h \u2013 23h30 \/ NAWAK. Un r\u00e9pertoire qui tourne autour de grgands noms de l&rsquo;histoire de la musique actuelle.<\/li>\n<\/ul>\n<p><strong>Terrain de p\u00e9tanque de l&rsquo;Orme<\/strong><\/p>\n<ul>\n<li>18h30 \u2013 21h \/ Mel Fitness&amp;Danse. Initiation Zumba avec M\u00e9lanie, de 18h30 \u00e0 19h, pui ssoir\u00e9e conviviale autour des grands tubes de l&rsquo;\u00e9t\u00e9. Maquillage \u00e0 th\u00e8me pour enfants de 18h30 \u00e0 19h30 avec Clara.<\/li>\n<\/ul>\n<p><strong>Quai du Mar\u00e9chal-Leclerc<\/strong><\/p>\n<ul>\n<li>A partir de 18h \/ DJ Dydy. Ann\u00e9es 80 \u00e0 nos jours.<\/li>\n<\/ul>\n","protected":false},"excerpt":{"rendered":"<p>La F\u00eate de la Musique, qui marque le d\u00e9but de l&rsquo;\u00e9t\u00e9 puisqu&rsquo;elle a lieu le 21 juin, tombe mercredi prochain [&hellip;]<\/p>\n","protected":false},"author":44,"featured_media":65643,"comment_status":"open","ping_status":"open","sticky":false,"template":"","format":"standard","meta":{"footnotes":""},"categories":[460,20,2915],"tags":[1666,14549,6383],"class_list":["post-65642","post","type-post","status-publish","format-standard","has-post-thumbnail","hentry","category-a-la-une","category-loisirs","category-saint-die-son-canton","tag-fete-de-la-musique","tag-fete-de-la-musique-2023","tag-fete-de-la-musique-a-saint-die-des-vosges"],"acf":[],"yoast_head":"<!-- This site is optimized with the Yoast SEO plugin v22.5 - https:\/\/yoast.com\/wordpress\/plugins\/seo\/ -->\n<title>F\u00eate de la Musique \u00e0 Saint-Di\u00e9-des-Vosges : demandez le programme ! - Saint Die Info<\/title>\n<meta name=\"robots\" content=\"index, follow, max-snippet:-1, max-image-preview:large, max-video-preview:-1\" \/>\n<link rel=\"canonical\" href=\"https:\/\/vosgesinfo.fr\/saintdieinfo\/2023\/06\/fete-de-musique-a-saint-die-vosges-demandez-programme-3\/\" \/>\n<meta name=\"twitter:card\" content=\"summary_large_image\" \/>\n<meta name=\"twitter:title\" content=\"F\u00eate de la Musique \u00e0 Saint-Di\u00e9-des-Vosges : demandez le programme ! - Saint Die Info\" \/>\n<meta name=\"twitter:description\" content=\"La F\u00eate de la Musique, qui marque le d\u00e9but de l&rsquo;\u00e9t\u00e9 puisqu&rsquo;elle a lieu le 21 juin, tombe mercredi prochain [&hellip;]\" \/>\n<meta name=\"twitter:image\" content=\"https:\/\/vosgesinfo.fr\/app\/uploads\/sites\/4\/2024\/08\/201906fete-musique-2019-16-1.jpg\" \/>\n<meta name=\"twitter:creator\" content=\"@VosgesInfo88\" \/>\n<meta name=\"twitter:site\" content=\"@VosgesInfo88\" \/>\n<meta name=\"twitter:label1\" content=\"\u00c9crit par\" \/>\n\t<meta name=\"twitter:data1\" content=\"la r\u00e9daction\" \/>\n\t<meta name=\"twitter:label2\" content=\"Dur\u00e9e de lecture estim\u00e9e\" \/>\n\t<meta name=\"twitter:data2\" content=\"3 minutes\" \/>\n<script type=\"application\/ld+json\" class=\"yoast-schema-graph\">{\"@context\":\"https:\/\/schema.org\",\"@graph\":[{\"@type\":\"Article\",\"@id\":\"https:\/\/vosgesinfo.fr\/saintdieinfo\/2023\/06\/fete-de-musique-a-saint-die-vosges-demandez-programme-3\/#article\",\"isPartOf\":{\"@id\":\"https:\/\/vosgesinfo.fr\/saintdieinfo\/2023\/06\/fete-de-musique-a-saint-die-vosges-demandez-programme-3\/\"},\"author\":{\"name\":\"la r\u00e9daction\",\"@id\":\"https:\/\/vosgesinfo.fr\/saintdieinfo\/#\/schema\/person\/faee6704a21f3977511db84bd1cd450f\"},\"headline\":\"F\u00eate de la Musique \u00e0 Saint-Di\u00e9-des-Vosges : demandez le programme !\",\"datePublished\":\"2023-06-13T12:11:04+00:00\",\"dateModified\":\"2023-06-13T12:11:04+00:00\",\"mainEntityOfPage\":{\"@id\":\"https:\/\/vosgesinfo.fr\/saintdieinfo\/2023\/06\/fete-de-musique-a-saint-die-vosges-demandez-programme-3\/\"},\"wordCount\":663,\"commentCount\":0,\"publisher\":{\"@id\":\"https:\/\/vosgesinfo.fr\/saintdieinfo\/#organization\"},\"image\":{\"@id\":\"https:\/\/vosgesinfo.fr\/saintdieinfo\/2023\/06\/fete-de-musique-a-saint-die-vosges-demandez-programme-3\/#primaryimage\"},\"thumbnailUrl\":\"https:\/\/vosgesinfo.fr\/app\/uploads\/sites\/4\/2024\/08\/201906fete-musique-2019-16-1.jpg\",\"keywords\":[\"f\u00eate de la musique\",\"F\u00eate de la Musique 2023\",\"F\u00eate de la Musique \u00e0 Saint-Di\u00e9-des-Vosges\"],\"articleSection\":[\"A la Une\",\"Loisirs\",\"Saint-Di\u00e9-des-Vosges et son Agglom\u00e9ration\"],\"inLanguage\":\"fr-FR\",\"potentialAction\":[{\"@type\":\"CommentAction\",\"name\":\"Comment\",\"target\":[\"https:\/\/vosgesinfo.fr\/saintdieinfo\/2023\/06\/fete-de-musique-a-saint-die-vosges-demandez-programme-3\/#respond\"]}]},{\"@type\":\"WebPage\",\"@id\":\"https:\/\/vosgesinfo.fr\/saintdieinfo\/2023\/06\/fete-de-musique-a-saint-die-vosges-demandez-programme-3\/\",\"url\":\"https:\/\/vosgesinfo.fr\/saintdieinfo\/2023\/06\/fete-de-musique-a-saint-die-vosges-demandez-programme-3\/\",\"name\":\"F\u00eate de la Musique \u00e0 Saint-Di\u00e9-des-Vosges : demandez le programme ! - Saint Die Info\",\"isPartOf\":{\"@id\":\"https:\/\/vosgesinfo.fr\/saintdieinfo\/#website\"},\"primaryImageOfPage\":{\"@id\":\"https:\/\/vosgesinfo.fr\/saintdieinfo\/2023\/06\/fete-de-musique-a-saint-die-vosges-demandez-programme-3\/#primaryimage\"},\"image\":{\"@id\":\"https:\/\/vosgesinfo.fr\/saintdieinfo\/2023\/06\/fete-de-musique-a-saint-die-vosges-demandez-programme-3\/#primaryimage\"},\"thumbnailUrl\":\"https:\/\/vosgesinfo.fr\/app\/uploads\/sites\/4\/2024\/08\/201906fete-musique-2019-16-1.jpg\",\"datePublished\":\"2023-06-13T12:11:04+00:00\",\"dateModified\":\"2023-06-13T12:11:04+00:00\",\"breadcrumb\":{\"@id\":\"https:\/\/vosgesinfo.fr\/saintdieinfo\/2023\/06\/fete-de-musique-a-saint-die-vosges-demandez-programme-3\/#breadcrumb\"},\"inLanguage\":\"fr-FR\",\"potentialAction\":[{\"@type\":\"ReadAction\",\"target\":[\"https:\/\/vosgesinfo.fr\/saintdieinfo\/2023\/06\/fete-de-musique-a-saint-die-vosges-demandez-programme-3\/\"]}]},{\"@type\":\"ImageObject\",\"inLanguage\":\"fr-FR\",\"@id\":\"https:\/\/vosgesinfo.fr\/saintdieinfo\/2023\/06\/fete-de-musique-a-saint-die-vosges-demandez-programme-3\/#primaryimage\",\"url\":\"https:\/\/vosgesinfo.fr\/app\/uploads\/sites\/4\/2024\/08\/201906fete-musique-2019-16-1.jpg\",\"contentUrl\":\"https:\/\/vosgesinfo.fr\/app\/uploads\/sites\/4\/2024\/08\/201906fete-musique-2019-16-1.jpg\",\"width\":1000,\"height\":667},{\"@type\":\"BreadcrumbList\",\"@id\":\"https:\/\/vosgesinfo.fr\/saintdieinfo\/2023\/06\/fete-de-musique-a-saint-die-vosges-demandez-programme-3\/#breadcrumb\",\"itemListElement\":[{\"@type\":\"ListItem\",\"position\":1,\"name\":\"Home\",\"item\":\"https:\/\/vosgesinfo.fr\/saintdieinfo\/\"},{\"@type\":\"ListItem\",\"position\":2,\"name\":\"F\u00eate de la Musique \u00e0 Saint-Di\u00e9-des-Vosges : demandez le programme !\"}]},{\"@type\":\"WebSite\",\"@id\":\"https:\/\/vosgesinfo.fr\/saintdieinfo\/#website\",\"url\":\"https:\/\/vosgesinfo.fr\/saintdieinfo\/\",\"name\":\"Saint Die Info\",\"description\":\"Toute l&#039;actualit\u00e9 de Saint-Di\u00e9-Des-Vosges\",\"publisher\":{\"@id\":\"https:\/\/vosgesinfo.fr\/saintdieinfo\/#organization\"},\"alternateName\":\"Toute l'actualit\u00e9 de Saint-Di\u00e9-Des-Vosges\",\"potentialAction\":[{\"@type\":\"SearchAction\",\"target\":{\"@type\":\"EntryPoint\",\"urlTemplate\":\"https:\/\/vosgesinfo.fr\/saintdieinfo\/?s={search_term_string}\"},\"query-input\":\"required name=search_term_string\"}],\"inLanguage\":\"fr-FR\"},{\"@type\":\"Organization\",\"@id\":\"https:\/\/vosgesinfo.fr\/saintdieinfo\/#organization\",\"name\":\"Saint Die Info\",\"url\":\"https:\/\/vosgesinfo.fr\/saintdieinfo\/\",\"logo\":{\"@type\":\"ImageObject\",\"inLanguage\":\"fr-FR\",\"@id\":\"https:\/\/vosgesinfo.fr\/saintdieinfo\/#\/schema\/logo\/image\/\",\"url\":\"https:\/\/vosgesinfo.fr\/app\/uploads\/sites\/4\/2024\/02\/logo-sdi.jpg\",\"contentUrl\":\"https:\/\/vosgesinfo.fr\/app\/uploads\/sites\/4\/2024\/02\/logo-sdi.jpg\",\"width\":600,\"height\":600,\"caption\":\"Saint Die Info\"},\"image\":{\"@id\":\"https:\/\/vosgesinfo.fr\/saintdieinfo\/#\/schema\/logo\/image\/\"},\"sameAs\":[\"https:\/\/www.facebook.com\/Saintdieinfofr\",\"https:\/\/x.com\/VosgesInfo88\",\"https:\/\/www.youtube.com\/@vosgesinfo\"]},{\"@type\":\"Person\",\"@id\":\"https:\/\/vosgesinfo.fr\/saintdieinfo\/#\/schema\/person\/faee6704a21f3977511db84bd1cd450f\",\"name\":\"la r\u00e9daction\",\"image\":{\"@type\":\"ImageObject\",\"inLanguage\":\"fr-FR\",\"@id\":\"https:\/\/vosgesinfo.fr\/saintdieinfo\/#\/schema\/person\/image\/\",\"url\":\"https:\/\/secure.gravatar.com\/avatar\/6673d8bc6a9c17fa9a453eaa3448de834fa308c2ec9635b7aa99441a7c8d2cf6?s=96&d=mm&r=g\",\"contentUrl\":\"https:\/\/secure.gravatar.com\/avatar\/6673d8bc6a9c17fa9a453eaa3448de834fa308c2ec9635b7aa99441a7c8d2cf6?s=96&d=mm&r=g\",\"caption\":\"la r\u00e9daction\"},\"url\":\"https:\/\/vosgesinfo.fr\/saintdieinfo\/author\/redac\/\"}]}<\/script>\n<!-- \/ Yoast SEO plugin. -->","yoast_head_json":{"title":"F\u00eate de la Musique \u00e0 Saint-Di\u00e9-des-Vosges : demandez le programme ! - Saint Die Info","robots":{"index":"index","follow":"follow","max-snippet":"max-snippet:-1","max-image-preview":"max-image-preview:large","max-video-preview":"max-video-preview:-1"},"canonical":"https:\/\/vosgesinfo.fr\/saintdieinfo\/2023\/06\/fete-de-musique-a-saint-die-vosges-demandez-programme-3\/","twitter_card":"summary_large_image","twitter_title":"F\u00eate de la Musique \u00e0 Saint-Di\u00e9-des-Vosges : demandez le programme ! - Saint Die Info","twitter_description":"La F\u00eate de la Musique, qui marque le d\u00e9but de l&rsquo;\u00e9t\u00e9 puisqu&rsquo;elle a lieu le 21 juin, tombe mercredi prochain [&hellip;]","twitter_image":"https:\/\/vosgesinfo.fr\/app\/uploads\/sites\/4\/2024\/08\/201906fete-musique-2019-16-1.jpg","twitter_creator":"@VosgesInfo88","twitter_site":"@VosgesInfo88","twitter_misc":{"\u00c9crit par":"la r\u00e9daction","Dur\u00e9e de lecture estim\u00e9e":"3 minutes"},"schema":{"@context":"https:\/\/schema.org","@graph":[{"@type":"Article","@id":"https:\/\/vosgesinfo.fr\/saintdieinfo\/2023\/06\/fete-de-musique-a-saint-die-vosges-demandez-programme-3\/#article","isPartOf":{"@id":"https:\/\/vosgesinfo.fr\/saintdieinfo\/2023\/06\/fete-de-musique-a-saint-die-vosges-demandez-programme-3\/"},"author":{"name":"la r\u00e9daction","@id":"https:\/\/vosgesinfo.fr\/saintdieinfo\/#\/schema\/person\/faee6704a21f3977511db84bd1cd450f"},"headline":"F\u00eate de la Musique \u00e0 Saint-Di\u00e9-des-Vosges : demandez le programme !","datePublished":"2023-06-13T12:11:04+00:00","dateModified":"2023-06-13T12:11:04+00:00","mainEntityOfPage":{"@id":"https:\/\/vosgesinfo.fr\/saintdieinfo\/2023\/06\/fete-de-musique-a-saint-die-vosges-demandez-programme-3\/"},"wordCount":663,"commentCount":0,"publisher":{"@id":"https:\/\/vosgesinfo.fr\/saintdieinfo\/#organization"},"image":{"@id":"https:\/\/vosgesinfo.fr\/saintdieinfo\/2023\/06\/fete-de-musique-a-saint-die-vosges-demandez-programme-3\/#primaryimage"},"thumbnailUrl":"https:\/\/vosgesinfo.fr\/app\/uploads\/sites\/4\/2024\/08\/201906fete-musique-2019-16-1.jpg","keywords":["f\u00eate de la musique","F\u00eate de la Musique 2023","F\u00eate de la Musique \u00e0 Saint-Di\u00e9-des-Vosges"],"articleSection":["A la Une","Loisirs","Saint-Di\u00e9-des-Vosges et son Agglom\u00e9ration"],"inLanguage":"fr-FR","potentialAction":[{"@type":"CommentAction","name":"Comment","target":["https:\/\/vosgesinfo.fr\/saintdieinfo\/2023\/06\/fete-de-musique-a-saint-die-vosges-demandez-programme-3\/#respond"]}]},{"@type":"WebPage","@id":"https:\/\/vosgesinfo.fr\/saintdieinfo\/2023\/06\/fete-de-musique-a-saint-die-vosges-demandez-programme-3\/","url":"https:\/\/vosgesinfo.fr\/saintdieinfo\/2023\/06\/fete-de-musique-a-saint-die-vosges-demandez-programme-3\/","name":"F\u00eate de la Musique \u00e0 Saint-Di\u00e9-des-Vosges : demandez le programme ! - Saint Die Info","isPartOf":{"@id":"https:\/\/vosgesinfo.fr\/saintdieinfo\/#website"},"primaryImageOfPage":{"@id":"https:\/\/vosgesinfo.fr\/saintdieinfo\/2023\/06\/fete-de-musique-a-saint-die-vosges-demandez-programme-3\/#primaryimage"},"image":{"@id":"https:\/\/vosgesinfo.fr\/saintdieinfo\/2023\/06\/fete-de-musique-a-saint-die-vosges-demandez-programme-3\/#primaryimage"},"thumbnailUrl":"https:\/\/vosgesinfo.fr\/app\/uploads\/sites\/4\/2024\/08\/201906fete-musique-2019-16-1.jpg","datePublished":"2023-06-13T12:11:04+00:00","dateModified":"2023-06-13T12:11:04+00:00","breadcrumb":{"@id":"https:\/\/vosgesinfo.fr\/saintdieinfo\/2023\/06\/fete-de-musique-a-saint-die-vosges-demandez-programme-3\/#breadcrumb"},"inLanguage":"fr-FR","potentialAction":[{"@type":"ReadAction","target":["https:\/\/vosgesinfo.fr\/saintdieinfo\/2023\/06\/fete-de-musique-a-saint-die-vosges-demandez-programme-3\/"]}]},{"@type":"ImageObject","inLanguage":"fr-FR","@id":"https:\/\/vosgesinfo.fr\/saintdieinfo\/2023\/06\/fete-de-musique-a-saint-die-vosges-demandez-programme-3\/#primaryimage","url":"https:\/\/vosgesinfo.fr\/app\/uploads\/sites\/4\/2024\/08\/201906fete-musique-2019-16-1.jpg","contentUrl":"https:\/\/vosgesinfo.fr\/app\/uploads\/sites\/4\/2024\/08\/201906fete-musique-2019-16-1.jpg","width":1000,"height":667},{"@type":"BreadcrumbList","@id":"https:\/\/vosgesinfo.fr\/saintdieinfo\/2023\/06\/fete-de-musique-a-saint-die-vosges-demandez-programme-3\/#breadcrumb","itemListElement":[{"@type":"ListItem","position":1,"name":"Home","item":"https:\/\/vosgesinfo.fr\/saintdieinfo\/"},{"@type":"ListItem","position":2,"name":"F\u00eate de la Musique \u00e0 Saint-Di\u00e9-des-Vosges : demandez le programme !"}]},{"@type":"WebSite","@id":"https:\/\/vosgesinfo.fr\/saintdieinfo\/#website","url":"https:\/\/vosgesinfo.fr\/saintdieinfo\/","name":"Saint Die Info","description":"Toute l&#039;actualit\u00e9 de Saint-Di\u00e9-Des-Vosges","publisher":{"@id":"https:\/\/vosgesinfo.fr\/saintdieinfo\/#organization"},"alternateName":"Toute l'actualit\u00e9 de Saint-Di\u00e9-Des-Vosges","potentialAction":[{"@type":"SearchAction","target":{"@type":"EntryPoint","urlTemplate":"https:\/\/vosgesinfo.fr\/saintdieinfo\/?s={search_term_string}"},"query-input":"required name=search_term_string"}],"inLanguage":"fr-FR"},{"@type":"Organization","@id":"https:\/\/vosgesinfo.fr\/saintdieinfo\/#organization","name":"Saint Die Info","url":"https:\/\/vosgesinfo.fr\/saintdieinfo\/","logo":{"@type":"ImageObject","inLanguage":"fr-FR","@id":"https:\/\/vosgesinfo.fr\/saintdieinfo\/#\/schema\/logo\/image\/","url":"https:\/\/vosgesinfo.fr\/app\/uploads\/sites\/4\/2024\/02\/logo-sdi.jpg","contentUrl":"https:\/\/vosgesinfo.fr\/app\/uploads\/sites\/4\/2024\/02\/logo-sdi.jpg","width":600,"height":600,"caption":"Saint Die Info"},"image":{"@id":"https:\/\/vosgesinfo.fr\/saintdieinfo\/#\/schema\/logo\/image\/"},"sameAs":["https:\/\/www.facebook.com\/Saintdieinfofr","https:\/\/x.com\/VosgesInfo88","https:\/\/www.youtube.com\/@vosgesinfo"]},{"@type":"Person","@id":"https:\/\/vosgesinfo.fr\/saintdieinfo\/#\/schema\/person\/faee6704a21f3977511db84bd1cd450f","name":"la r\u00e9daction","image":{"@type":"ImageObject","inLanguage":"fr-FR","@id":"https:\/\/vosgesinfo.fr\/saintdieinfo\/#\/schema\/person\/image\/","url":"https:\/\/secure.gravatar.com\/avatar\/6673d8bc6a9c17fa9a453eaa3448de834fa308c2ec9635b7aa99441a7c8d2cf6?s=96&d=mm&r=g","contentUrl":"https:\/\/secure.gravatar.com\/avatar\/6673d8bc6a9c17fa9a453eaa3448de834fa308c2ec9635b7aa99441a7c8d2cf6?s=96&d=mm&r=g","caption":"la r\u00e9daction"},"url":"https:\/\/vosgesinfo.fr\/saintdieinfo\/author\/redac\/"}]}},"_links":{"self":[{"href":"https:\/\/vosgesinfo.fr\/saintdieinfo\/wp-json\/wp\/v2\/posts\/65642","targetHints":{"allow":["GET"]}}],"collection":[{"href":"https:\/\/vosgesinfo.fr\/saintdieinfo\/wp-json\/wp\/v2\/posts"}],"about":[{"href":"https:\/\/vosgesinfo.fr\/saintdieinfo\/wp-json\/wp\/v2\/types\/post"}],"author":[{"embeddable":true,"href":"https:\/\/vosgesinfo.fr\/saintdieinfo\/wp-json\/wp\/v2\/users\/44"}],"replies":[{"embeddable":true,"href":"https:\/\/vosgesinfo.fr\/saintdieinfo\/wp-json\/wp\/v2\/comments?post=65642"}],"version-history":[{"count":0,"href":"https:\/\/vosgesinfo.fr\/saintdieinfo\/wp-json\/wp\/v2\/posts\/65642\/revisions"}],"wp:featuredmedia":[{"embeddable":true,"href":"https:\/\/vosgesinfo.fr\/saintdieinfo\/wp-json\/wp\/v2\/media\/65643"}],"wp:attachment":[{"href":"https:\/\/vosgesinfo.fr\/saintdieinfo\/wp-json\/wp\/v2\/media?parent=65642"}],"wp:term":[{"taxonomy":"category","embeddable":true,"href":"https:\/\/vosgesinfo.fr\/saintdieinfo\/wp-json\/wp\/v2\/categories?post=65642"},{"taxonomy":"post_tag","embeddable":true,"href":"https:\/\/vosgesinfo.fr\/saintdieinfo\/wp-json\/wp\/v2\/tags?post=65642"}],"curies":[{"name":"wp","href":"https:\/\/api.w.org\/{rel}","templated":true}]}}