{"id":65740,"date":"2023-06-15T16:39:36","date_gmt":"2023-06-15T14:39:36","guid":{"rendered":"https:\/\/vosgesinfo.fr\/saintdieinfo\/2023\/06\/budget-participatif-installation-dune-armoire-a-dons-place-19-mars-1962\/"},"modified":"2023-06-15T16:39:36","modified_gmt":"2023-06-15T14:39:36","slug":"budget-participatif-installation-dune-armoire-a-dons-place-19-mars-1962","status":"publish","type":"post","link":"https:\/\/vosgesinfo.fr\/saintdieinfo\/2023\/06\/budget-participatif-installation-dune-armoire-a-dons-place-19-mars-1962\/","title":{"rendered":"Budget participatif : installation d&rsquo;une armoire \u00e0 dons place du 19 mars 1962"},"content":{"rendered":"<div id=\"attachment_202684\" style=\"width: 970px\" class=\"wp-caption aligncenter\"><a href=\"\/2023\/06\/Inauguration_Armoire_\u00e0_Dons-2.jpg\" target=\"_blank\" rel=\"noopener\"><img decoding=\"async\" aria-describedby=\"caption-attachment-202684\" class=\"wp-image-202684 size-large\" src=\"\/2023\/06\/Inauguration_Armoire_\u00e0_Dons-2-1024x683.jpg\" alt=\"Inauguration_Armoire_\u00e0_Dons (2)\" width=\"960\" height=\"640\" \/><\/a><p id=\"caption-attachment-202684\" class=\"wp-caption-text\">(Photographies Marc Fourniquet)<\/p><\/div>\n<h2><strong><span style=\"font-size: 14pt;\">Dans le cadre du budget participatif 2022, une armoire \u00e0 don vient d&rsquo;\u00eatre install\u00e9e \u00e0 l&rsquo;angle de la rue de la Prairie et de la place du 19 mars 1962. Un projet propos\u00e9 par Clothilde Auberthi\u00e9-Bejot, qui a \u00e9t\u00e9 inaugur\u00e9 ce jeudi apr\u00e8s-midi en pr\u00e9sence de l&rsquo;adjoint Patrick Zanchetta et de la conseill\u00e8re municipale d\u00e9l\u00e9gu\u00e9 Catherine Viry.<\/span><\/strong><\/h2>\n<p><!--more--><\/p>\n<p>Cette armoire permet d&rsquo;offrir une seconde vie \u00e0 des objets inutilis\u00e9s, tout en favorisant l&rsquo;\u00e9change et le vivre ensemble. 24H\/24 et 7j\/7, il est ainsi possible d&rsquo;y possible toutes sorties d&rsquo;objets\u00a0: livres, jeux, vaisselle, etc. Les objets se trouvant dans l&rsquo;armoire \u00e0 dons \u00e9tant mis \u00e0 la disposition de tous. A noter qu&rsquo;il est interdit d&rsquo;y d\u00e9poser des produits alimentaires, du textile, des objets dangereux et des produits m\u00e9nagers. Ce nouvel \u00e9quipement, qui a n\u00e9cessit\u00e9 une centaine d&rsquo;heures de travail pour sa r\u00e9alisation, repr\u00e9sente un co\u00fbt global \u00e0 hauteur de 6000\u20ac.<\/p>\n<p>J.J.<\/p>\n\n","protected":false},"excerpt":{"rendered":"<p>Dans le cadre du budget participatif 2022, une armoire \u00e0 don vient d&rsquo;\u00eatre install\u00e9e \u00e0 l&rsquo;angle de la rue de [&hellip;]<\/p>\n","protected":false},"author":44,"featured_media":65741,"comment_status":"open","ping_status":"open","sticky":false,"template":"","format":"standard","meta":{"footnotes":""},"categories":[460,2915],"tags":[14566,923,5603,14567],"class_list":["post-65740","post","type-post","status-publish","format-standard","has-post-thumbnail","hentry","category-a-la-une","category-saint-die-son-canton","tag-armoire-a-dons","tag-budget-participatif","tag-place-du-19-mars-1962","tag-rue-de-la-prairie"],"acf":[],"yoast_head":"<!-- This site is optimized with the Yoast SEO plugin v22.5 - https:\/\/yoast.com\/wordpress\/plugins\/seo\/ -->\n<title>Budget participatif : installation d&#039;une armoire \u00e0 dons place du 19 mars 1962 - Saint Die Info<\/title>\n<meta name=\"robots\" content=\"index, follow, max-snippet:-1, max-image-preview:large, max-video-preview:-1\" \/>\n<link rel=\"canonical\" href=\"https:\/\/vosgesinfo.fr\/saintdieinfo\/2023\/06\/budget-participatif-installation-dune-armoire-a-dons-place-19-mars-1962\/\" \/>\n<meta name=\"twitter:card\" content=\"summary_large_image\" \/>\n<meta name=\"twitter:title\" content=\"Budget participatif : installation d&#039;une armoire \u00e0 dons place du 19 mars 1962 - Saint Die Info\" \/>\n<meta name=\"twitter:description\" content=\"Dans le cadre du budget participatif 2022, une armoire \u00e0 don vient d&rsquo;\u00eatre install\u00e9e \u00e0 l&rsquo;angle de la rue de [&hellip;]\" \/>\n<meta name=\"twitter:image\" content=\"https:\/\/vosgesinfo.fr\/app\/uploads\/sites\/4\/2024\/08\/202306inauguration-armoire-a-dons-2.jpg\" \/>\n<meta name=\"twitter:creator\" content=\"@VosgesInfo88\" \/>\n<meta name=\"twitter:site\" content=\"@VosgesInfo88\" \/>\n<meta name=\"twitter:label1\" content=\"\u00c9crit par\" \/>\n\t<meta name=\"twitter:data1\" content=\"la r\u00e9daction\" \/>\n\t<meta name=\"twitter:label2\" content=\"Dur\u00e9e de lecture estim\u00e9e\" \/>\n\t<meta name=\"twitter:data2\" content=\"1 minute\" \/>\n<script type=\"application\/ld+json\" class=\"yoast-schema-graph\">{\"@context\":\"https:\/\/schema.org\",\"@graph\":[{\"@type\":\"Article\",\"@id\":\"https:\/\/vosgesinfo.fr\/saintdieinfo\/2023\/06\/budget-participatif-installation-dune-armoire-a-dons-place-19-mars-1962\/#article\",\"isPartOf\":{\"@id\":\"https:\/\/vosgesinfo.fr\/saintdieinfo\/2023\/06\/budget-participatif-installation-dune-armoire-a-dons-place-19-mars-1962\/\"},\"author\":{\"name\":\"la r\u00e9daction\",\"@id\":\"https:\/\/vosgesinfo.fr\/saintdieinfo\/#\/schema\/person\/faee6704a21f3977511db84bd1cd450f\"},\"headline\":\"Budget participatif : installation d&rsquo;une armoire \u00e0 dons place du 19 mars 1962\",\"datePublished\":\"2023-06-15T14:39:36+00:00\",\"dateModified\":\"2023-06-15T14:39:36+00:00\",\"mainEntityOfPage\":{\"@id\":\"https:\/\/vosgesinfo.fr\/saintdieinfo\/2023\/06\/budget-participatif-installation-dune-armoire-a-dons-place-19-mars-1962\/\"},\"wordCount\":191,\"commentCount\":0,\"publisher\":{\"@id\":\"https:\/\/vosgesinfo.fr\/saintdieinfo\/#organization\"},\"image\":{\"@id\":\"https:\/\/vosgesinfo.fr\/saintdieinfo\/2023\/06\/budget-participatif-installation-dune-armoire-a-dons-place-19-mars-1962\/#primaryimage\"},\"thumbnailUrl\":\"https:\/\/vosgesinfo.fr\/app\/uploads\/sites\/4\/2024\/08\/202306inauguration-armoire-a-dons-2.jpg\",\"keywords\":[\"Armoire \u00e0 dons\",\"budget participatif\",\"Place du 19 mars 1962\",\"Rue de la Prairie\"],\"articleSection\":[\"A la Une\",\"Saint-Di\u00e9-des-Vosges et son Agglom\u00e9ration\"],\"inLanguage\":\"fr-FR\",\"potentialAction\":[{\"@type\":\"CommentAction\",\"name\":\"Comment\",\"target\":[\"https:\/\/vosgesinfo.fr\/saintdieinfo\/2023\/06\/budget-participatif-installation-dune-armoire-a-dons-place-19-mars-1962\/#respond\"]}]},{\"@type\":\"WebPage\",\"@id\":\"https:\/\/vosgesinfo.fr\/saintdieinfo\/2023\/06\/budget-participatif-installation-dune-armoire-a-dons-place-19-mars-1962\/\",\"url\":\"https:\/\/vosgesinfo.fr\/saintdieinfo\/2023\/06\/budget-participatif-installation-dune-armoire-a-dons-place-19-mars-1962\/\",\"name\":\"Budget participatif : installation d'une armoire \u00e0 dons place du 19 mars 1962 - Saint Die Info\",\"isPartOf\":{\"@id\":\"https:\/\/vosgesinfo.fr\/saintdieinfo\/#website\"},\"primaryImageOfPage\":{\"@id\":\"https:\/\/vosgesinfo.fr\/saintdieinfo\/2023\/06\/budget-participatif-installation-dune-armoire-a-dons-place-19-mars-1962\/#primaryimage\"},\"image\":{\"@id\":\"https:\/\/vosgesinfo.fr\/saintdieinfo\/2023\/06\/budget-participatif-installation-dune-armoire-a-dons-place-19-mars-1962\/#primaryimage\"},\"thumbnailUrl\":\"https:\/\/vosgesinfo.fr\/app\/uploads\/sites\/4\/2024\/08\/202306inauguration-armoire-a-dons-2.jpg\",\"datePublished\":\"2023-06-15T14:39:36+00:00\",\"dateModified\":\"2023-06-15T14:39:36+00:00\",\"breadcrumb\":{\"@id\":\"https:\/\/vosgesinfo.fr\/saintdieinfo\/2023\/06\/budget-participatif-installation-dune-armoire-a-dons-place-19-mars-1962\/#breadcrumb\"},\"inLanguage\":\"fr-FR\",\"potentialAction\":[{\"@type\":\"ReadAction\",\"target\":[\"https:\/\/vosgesinfo.fr\/saintdieinfo\/2023\/06\/budget-participatif-installation-dune-armoire-a-dons-place-19-mars-1962\/\"]}]},{\"@type\":\"ImageObject\",\"inLanguage\":\"fr-FR\",\"@id\":\"https:\/\/vosgesinfo.fr\/saintdieinfo\/2023\/06\/budget-participatif-installation-dune-armoire-a-dons-place-19-mars-1962\/#primaryimage\",\"url\":\"https:\/\/vosgesinfo.fr\/app\/uploads\/sites\/4\/2024\/08\/202306inauguration-armoire-a-dons-2.jpg\",\"contentUrl\":\"https:\/\/vosgesinfo.fr\/app\/uploads\/sites\/4\/2024\/08\/202306inauguration-armoire-a-dons-2.jpg\",\"width\":1024,\"height\":683},{\"@type\":\"BreadcrumbList\",\"@id\":\"https:\/\/vosgesinfo.fr\/saintdieinfo\/2023\/06\/budget-participatif-installation-dune-armoire-a-dons-place-19-mars-1962\/#breadcrumb\",\"itemListElement\":[{\"@type\":\"ListItem\",\"position\":1,\"name\":\"Home\",\"item\":\"https:\/\/vosgesinfo.fr\/saintdieinfo\/\"},{\"@type\":\"ListItem\",\"position\":2,\"name\":\"Budget participatif : installation d&rsquo;une armoire \u00e0 dons place du 19 mars 1962\"}]},{\"@type\":\"WebSite\",\"@id\":\"https:\/\/vosgesinfo.fr\/saintdieinfo\/#website\",\"url\":\"https:\/\/vosgesinfo.fr\/saintdieinfo\/\",\"name\":\"Saint Die Info\",\"description\":\"Toute l&#039;actualit\u00e9 de Saint-Di\u00e9-Des-Vosges\",\"publisher\":{\"@id\":\"https:\/\/vosgesinfo.fr\/saintdieinfo\/#organization\"},\"alternateName\":\"Toute l'actualit\u00e9 de Saint-Di\u00e9-Des-Vosges\",\"potentialAction\":[{\"@type\":\"SearchAction\",\"target\":{\"@type\":\"EntryPoint\",\"urlTemplate\":\"https:\/\/vosgesinfo.fr\/saintdieinfo\/?s={search_term_string}\"},\"query-input\":\"required name=search_term_string\"}],\"inLanguage\":\"fr-FR\"},{\"@type\":\"Organization\",\"@id\":\"https:\/\/vosgesinfo.fr\/saintdieinfo\/#organization\",\"name\":\"Saint Die Info\",\"url\":\"https:\/\/vosgesinfo.fr\/saintdieinfo\/\",\"logo\":{\"@type\":\"ImageObject\",\"inLanguage\":\"fr-FR\",\"@id\":\"https:\/\/vosgesinfo.fr\/saintdieinfo\/#\/schema\/logo\/image\/\",\"url\":\"https:\/\/vosgesinfo.fr\/app\/uploads\/sites\/4\/2024\/02\/logo-sdi.jpg\",\"contentUrl\":\"https:\/\/vosgesinfo.fr\/app\/uploads\/sites\/4\/2024\/02\/logo-sdi.jpg\",\"width\":600,\"height\":600,\"caption\":\"Saint Die Info\"},\"image\":{\"@id\":\"https:\/\/vosgesinfo.fr\/saintdieinfo\/#\/schema\/logo\/image\/\"},\"sameAs\":[\"https:\/\/www.facebook.com\/Saintdieinfofr\",\"https:\/\/x.com\/VosgesInfo88\",\"https:\/\/www.youtube.com\/@vosgesinfo\"]},{\"@type\":\"Person\",\"@id\":\"https:\/\/vosgesinfo.fr\/saintdieinfo\/#\/schema\/person\/faee6704a21f3977511db84bd1cd450f\",\"name\":\"la r\u00e9daction\",\"image\":{\"@type\":\"ImageObject\",\"inLanguage\":\"fr-FR\",\"@id\":\"https:\/\/vosgesinfo.fr\/saintdieinfo\/#\/schema\/person\/image\/\",\"url\":\"https:\/\/secure.gravatar.com\/avatar\/6673d8bc6a9c17fa9a453eaa3448de834fa308c2ec9635b7aa99441a7c8d2cf6?s=96&d=mm&r=g\",\"contentUrl\":\"https:\/\/secure.gravatar.com\/avatar\/6673d8bc6a9c17fa9a453eaa3448de834fa308c2ec9635b7aa99441a7c8d2cf6?s=96&d=mm&r=g\",\"caption\":\"la r\u00e9daction\"},\"url\":\"https:\/\/vosgesinfo.fr\/saintdieinfo\/author\/redac\/\"}]}<\/script>\n<!-- \/ Yoast SEO plugin. -->","yoast_head_json":{"title":"Budget participatif : installation d'une armoire \u00e0 dons place du 19 mars 1962 - Saint Die Info","robots":{"index":"index","follow":"follow","max-snippet":"max-snippet:-1","max-image-preview":"max-image-preview:large","max-video-preview":"max-video-preview:-1"},"canonical":"https:\/\/vosgesinfo.fr\/saintdieinfo\/2023\/06\/budget-participatif-installation-dune-armoire-a-dons-place-19-mars-1962\/","twitter_card":"summary_large_image","twitter_title":"Budget participatif : installation d'une armoire \u00e0 dons place du 19 mars 1962 - Saint Die Info","twitter_description":"Dans le cadre du budget participatif 2022, une armoire \u00e0 don vient d&rsquo;\u00eatre install\u00e9e \u00e0 l&rsquo;angle de la rue de [&hellip;]","twitter_image":"https:\/\/vosgesinfo.fr\/app\/uploads\/sites\/4\/2024\/08\/202306inauguration-armoire-a-dons-2.jpg","twitter_creator":"@VosgesInfo88","twitter_site":"@VosgesInfo88","twitter_misc":{"\u00c9crit par":"la r\u00e9daction","Dur\u00e9e de lecture estim\u00e9e":"1 minute"},"schema":{"@context":"https:\/\/schema.org","@graph":[{"@type":"Article","@id":"https:\/\/vosgesinfo.fr\/saintdieinfo\/2023\/06\/budget-participatif-installation-dune-armoire-a-dons-place-19-mars-1962\/#article","isPartOf":{"@id":"https:\/\/vosgesinfo.fr\/saintdieinfo\/2023\/06\/budget-participatif-installation-dune-armoire-a-dons-place-19-mars-1962\/"},"author":{"name":"la r\u00e9daction","@id":"https:\/\/vosgesinfo.fr\/saintdieinfo\/#\/schema\/person\/faee6704a21f3977511db84bd1cd450f"},"headline":"Budget participatif : installation d&rsquo;une armoire \u00e0 dons place du 19 mars 1962","datePublished":"2023-06-15T14:39:36+00:00","dateModified":"2023-06-15T14:39:36+00:00","mainEntityOfPage":{"@id":"https:\/\/vosgesinfo.fr\/saintdieinfo\/2023\/06\/budget-participatif-installation-dune-armoire-a-dons-place-19-mars-1962\/"},"wordCount":191,"commentCount":0,"publisher":{"@id":"https:\/\/vosgesinfo.fr\/saintdieinfo\/#organization"},"image":{"@id":"https:\/\/vosgesinfo.fr\/saintdieinfo\/2023\/06\/budget-participatif-installation-dune-armoire-a-dons-place-19-mars-1962\/#primaryimage"},"thumbnailUrl":"https:\/\/vosgesinfo.fr\/app\/uploads\/sites\/4\/2024\/08\/202306inauguration-armoire-a-dons-2.jpg","keywords":["Armoire \u00e0 dons","budget participatif","Place du 19 mars 1962","Rue de la Prairie"],"articleSection":["A la Une","Saint-Di\u00e9-des-Vosges et son Agglom\u00e9ration"],"inLanguage":"fr-FR","potentialAction":[{"@type":"CommentAction","name":"Comment","target":["https:\/\/vosgesinfo.fr\/saintdieinfo\/2023\/06\/budget-participatif-installation-dune-armoire-a-dons-place-19-mars-1962\/#respond"]}]},{"@type":"WebPage","@id":"https:\/\/vosgesinfo.fr\/saintdieinfo\/2023\/06\/budget-participatif-installation-dune-armoire-a-dons-place-19-mars-1962\/","url":"https:\/\/vosgesinfo.fr\/saintdieinfo\/2023\/06\/budget-participatif-installation-dune-armoire-a-dons-place-19-mars-1962\/","name":"Budget participatif : installation d'une armoire \u00e0 dons place du 19 mars 1962 - Saint Die Info","isPartOf":{"@id":"https:\/\/vosgesinfo.fr\/saintdieinfo\/#website"},"primaryImageOfPage":{"@id":"https:\/\/vosgesinfo.fr\/saintdieinfo\/2023\/06\/budget-participatif-installation-dune-armoire-a-dons-place-19-mars-1962\/#primaryimage"},"image":{"@id":"https:\/\/vosgesinfo.fr\/saintdieinfo\/2023\/06\/budget-participatif-installation-dune-armoire-a-dons-place-19-mars-1962\/#primaryimage"},"thumbnailUrl":"https:\/\/vosgesinfo.fr\/app\/uploads\/sites\/4\/2024\/08\/202306inauguration-armoire-a-dons-2.jpg","datePublished":"2023-06-15T14:39:36+00:00","dateModified":"2023-06-15T14:39:36+00:00","breadcrumb":{"@id":"https:\/\/vosgesinfo.fr\/saintdieinfo\/2023\/06\/budget-participatif-installation-dune-armoire-a-dons-place-19-mars-1962\/#breadcrumb"},"inLanguage":"fr-FR","potentialAction":[{"@type":"ReadAction","target":["https:\/\/vosgesinfo.fr\/saintdieinfo\/2023\/06\/budget-participatif-installation-dune-armoire-a-dons-place-19-mars-1962\/"]}]},{"@type":"ImageObject","inLanguage":"fr-FR","@id":"https:\/\/vosgesinfo.fr\/saintdieinfo\/2023\/06\/budget-participatif-installation-dune-armoire-a-dons-place-19-mars-1962\/#primaryimage","url":"https:\/\/vosgesinfo.fr\/app\/uploads\/sites\/4\/2024\/08\/202306inauguration-armoire-a-dons-2.jpg","contentUrl":"https:\/\/vosgesinfo.fr\/app\/uploads\/sites\/4\/2024\/08\/202306inauguration-armoire-a-dons-2.jpg","width":1024,"height":683},{"@type":"BreadcrumbList","@id":"https:\/\/vosgesinfo.fr\/saintdieinfo\/2023\/06\/budget-participatif-installation-dune-armoire-a-dons-place-19-mars-1962\/#breadcrumb","itemListElement":[{"@type":"ListItem","position":1,"name":"Home","item":"https:\/\/vosgesinfo.fr\/saintdieinfo\/"},{"@type":"ListItem","position":2,"name":"Budget participatif : installation d&rsquo;une armoire \u00e0 dons place du 19 mars 1962"}]},{"@type":"WebSite","@id":"https:\/\/vosgesinfo.fr\/saintdieinfo\/#website","url":"https:\/\/vosgesinfo.fr\/saintdieinfo\/","name":"Saint Die Info","description":"Toute l&#039;actualit\u00e9 de Saint-Di\u00e9-Des-Vosges","publisher":{"@id":"https:\/\/vosgesinfo.fr\/saintdieinfo\/#organization"},"alternateName":"Toute l'actualit\u00e9 de Saint-Di\u00e9-Des-Vosges","potentialAction":[{"@type":"SearchAction","target":{"@type":"EntryPoint","urlTemplate":"https:\/\/vosgesinfo.fr\/saintdieinfo\/?s={search_term_string}"},"query-input":"required name=search_term_string"}],"inLanguage":"fr-FR"},{"@type":"Organization","@id":"https:\/\/vosgesinfo.fr\/saintdieinfo\/#organization","name":"Saint Die Info","url":"https:\/\/vosgesinfo.fr\/saintdieinfo\/","logo":{"@type":"ImageObject","inLanguage":"fr-FR","@id":"https:\/\/vosgesinfo.fr\/saintdieinfo\/#\/schema\/logo\/image\/","url":"https:\/\/vosgesinfo.fr\/app\/uploads\/sites\/4\/2024\/02\/logo-sdi.jpg","contentUrl":"https:\/\/vosgesinfo.fr\/app\/uploads\/sites\/4\/2024\/02\/logo-sdi.jpg","width":600,"height":600,"caption":"Saint Die Info"},"image":{"@id":"https:\/\/vosgesinfo.fr\/saintdieinfo\/#\/schema\/logo\/image\/"},"sameAs":["https:\/\/www.facebook.com\/Saintdieinfofr","https:\/\/x.com\/VosgesInfo88","https:\/\/www.youtube.com\/@vosgesinfo"]},{"@type":"Person","@id":"https:\/\/vosgesinfo.fr\/saintdieinfo\/#\/schema\/person\/faee6704a21f3977511db84bd1cd450f","name":"la r\u00e9daction","image":{"@type":"ImageObject","inLanguage":"fr-FR","@id":"https:\/\/vosgesinfo.fr\/saintdieinfo\/#\/schema\/person\/image\/","url":"https:\/\/secure.gravatar.com\/avatar\/6673d8bc6a9c17fa9a453eaa3448de834fa308c2ec9635b7aa99441a7c8d2cf6?s=96&d=mm&r=g","contentUrl":"https:\/\/secure.gravatar.com\/avatar\/6673d8bc6a9c17fa9a453eaa3448de834fa308c2ec9635b7aa99441a7c8d2cf6?s=96&d=mm&r=g","caption":"la r\u00e9daction"},"url":"https:\/\/vosgesinfo.fr\/saintdieinfo\/author\/redac\/"}]}},"_links":{"self":[{"href":"https:\/\/vosgesinfo.fr\/saintdieinfo\/wp-json\/wp\/v2\/posts\/65740","targetHints":{"allow":["GET"]}}],"collection":[{"href":"https:\/\/vosgesinfo.fr\/saintdieinfo\/wp-json\/wp\/v2\/posts"}],"about":[{"href":"https:\/\/vosgesinfo.fr\/saintdieinfo\/wp-json\/wp\/v2\/types\/post"}],"author":[{"embeddable":true,"href":"https:\/\/vosgesinfo.fr\/saintdieinfo\/wp-json\/wp\/v2\/users\/44"}],"replies":[{"embeddable":true,"href":"https:\/\/vosgesinfo.fr\/saintdieinfo\/wp-json\/wp\/v2\/comments?post=65740"}],"version-history":[{"count":0,"href":"https:\/\/vosgesinfo.fr\/saintdieinfo\/wp-json\/wp\/v2\/posts\/65740\/revisions"}],"wp:featuredmedia":[{"embeddable":true,"href":"https:\/\/vosgesinfo.fr\/saintdieinfo\/wp-json\/wp\/v2\/media\/65741"}],"wp:attachment":[{"href":"https:\/\/vosgesinfo.fr\/saintdieinfo\/wp-json\/wp\/v2\/media?parent=65740"}],"wp:term":[{"taxonomy":"category","embeddable":true,"href":"https:\/\/vosgesinfo.fr\/saintdieinfo\/wp-json\/wp\/v2\/categories?post=65740"},{"taxonomy":"post_tag","embeddable":true,"href":"https:\/\/vosgesinfo.fr\/saintdieinfo\/wp-json\/wp\/v2\/tags?post=65740"}],"curies":[{"name":"wp","href":"https:\/\/api.w.org\/{rel}","templated":true}]}}