{"id":65750,"date":"2023-06-16T11:45:13","date_gmt":"2023-06-16T09:45:13","guid":{"rendered":"https:\/\/vosgesinfo.fr\/saintdieinfo\/2023\/06\/saint-die-vosges-se-lecho-de-journee-mondiale-refugie-e-s-2\/"},"modified":"2023-06-16T11:45:13","modified_gmt":"2023-06-16T09:45:13","slug":"saint-die-vosges-se-lecho-de-journee-mondiale-refugie-e-s-2","status":"publish","type":"post","link":"https:\/\/vosgesinfo.fr\/saintdieinfo\/2023\/06\/saint-die-vosges-se-lecho-de-journee-mondiale-refugie-e-s-2\/","title":{"rendered":"Saint-Di\u00e9-des-Vosges se fait l\u2019\u00e9cho de la Journ\u00e9e mondiale des r\u00e9fugi\u00e9-e-s"},"content":{"rendered":"<h2><strong><span style=\"font-size: 14pt;\">\u00c0 l\u2019occasion de la JOURN\u00c9E MONDIALE DES R\u00c9FUGI\u00c9\u2022E\u2022S un collectif de 6 associations (les antennes d\u00e9odatiennes du Secours Catholique, de la LDH, d\u2019Amnesty International, d\u2019Artisans du Monde, d\u2019ACAT et Asil\u2019Accueil 88) organise avec le soutien de la Ville un \u00e9v\u00e9nement festif \u00e0 Saint-Di\u00e9-des-Vosges, qui aura lieu le samedi 17 juin de 14h \u00e0 19h du c\u00f4t\u00e9 du quai De-Lattre-de-Tassigny. Entr\u00e9e libre. <\/span><\/strong><\/h2>\n<p><!--more--><\/p>\n<p>Au programme de cette premi\u00e8re \u00e9dition : rencontres, animations, expositions, informations mais aussi cuisine et musique du Monde. Trois concerts dans l\u2019apr\u00e8s-midi \u2013 14h30 Nahalia Trio \u2013 16h Yacine El Fath et 17h30 A\u00efssate Ba.<\/p>\n<p><a href=\"\/2023\/06\/Journe\u0301e_mondiale-Re\u0301fugie\u0301s_Saint_die\u0301-20231.png\" target=\"_blank\" rel=\"noopener\"><img decoding=\"async\" class=\"aligncenter wp-image-202700 size-large\" src=\"\/2023\/06\/Journe\u0301e_mondiale-Re\u0301fugie\u0301s_Saint_die\u0301-20231-741x1024.png\" alt=\"Journe\u0301e_mondiale-Re\u0301fugie\u0301s_Saint_die\u0301-2023\" width=\"741\" height=\"1024\" \/><\/a><\/p>\n","protected":false},"excerpt":{"rendered":"<p>\u00c0 l\u2019occasion de la JOURN\u00c9E MONDIALE DES R\u00c9FUGI\u00c9\u2022E\u2022S un collectif de 6 associations (les antennes d\u00e9odatiennes du Secours Catholique, de [&hellip;]<\/p>\n","protected":false},"author":44,"featured_media":65751,"comment_status":"open","ping_status":"open","sticky":false,"template":"","format":"standard","meta":{"footnotes":""},"categories":[3900,2915,29,17],"tags":[6327],"class_list":["post-65750","post","type-post","status-publish","format-standard","has-post-thumbnail","hentry","category-breves","category-saint-die-son-canton","category-solidarite","category-vie-associative","tag-journee-mondiale-des-refugie-e-s"],"acf":[],"yoast_head":"<!-- This site is optimized with the Yoast SEO plugin v22.5 - https:\/\/yoast.com\/wordpress\/plugins\/seo\/ -->\n<title>Saint-Di\u00e9-des-Vosges se fait l\u2019\u00e9cho de la Journ\u00e9e mondiale des r\u00e9fugi\u00e9-e-s - Saint Die Info<\/title>\n<meta name=\"robots\" content=\"index, follow, max-snippet:-1, max-image-preview:large, max-video-preview:-1\" \/>\n<link rel=\"canonical\" href=\"https:\/\/vosgesinfo.fr\/saintdieinfo\/2023\/06\/saint-die-vosges-se-lecho-de-journee-mondiale-refugie-e-s-2\/\" \/>\n<meta name=\"twitter:card\" content=\"summary_large_image\" \/>\n<meta name=\"twitter:title\" content=\"Saint-Di\u00e9-des-Vosges se fait l\u2019\u00e9cho de la Journ\u00e9e mondiale des r\u00e9fugi\u00e9-e-s - Saint Die Info\" \/>\n<meta name=\"twitter:description\" content=\"\u00c0 l\u2019occasion de la JOURN\u00c9E MONDIALE DES R\u00c9FUGI\u00c9\u2022E\u2022S un collectif de 6 associations (les antennes d\u00e9odatiennes du Secours Catholique, de [&hellip;]\" \/>\n<meta name=\"twitter:image\" content=\"https:\/\/vosgesinfo.fr\/app\/uploads\/sites\/4\/2024\/08\/202306journee-mondiale-refugies-saint-die-20231.png\" \/>\n<meta name=\"twitter:creator\" content=\"@VosgesInfo88\" \/>\n<meta name=\"twitter:site\" content=\"@VosgesInfo88\" \/>\n<meta name=\"twitter:label1\" content=\"\u00c9crit par\" \/>\n\t<meta name=\"twitter:data1\" content=\"la r\u00e9daction\" \/>\n\t<meta name=\"twitter:label2\" content=\"Dur\u00e9e de lecture estim\u00e9e\" \/>\n\t<meta name=\"twitter:data2\" content=\"1 minute\" \/>\n<script type=\"application\/ld+json\" class=\"yoast-schema-graph\">{\"@context\":\"https:\/\/schema.org\",\"@graph\":[{\"@type\":\"Article\",\"@id\":\"https:\/\/vosgesinfo.fr\/saintdieinfo\/2023\/06\/saint-die-vosges-se-lecho-de-journee-mondiale-refugie-e-s-2\/#article\",\"isPartOf\":{\"@id\":\"https:\/\/vosgesinfo.fr\/saintdieinfo\/2023\/06\/saint-die-vosges-se-lecho-de-journee-mondiale-refugie-e-s-2\/\"},\"author\":{\"name\":\"la r\u00e9daction\",\"@id\":\"https:\/\/vosgesinfo.fr\/saintdieinfo\/#\/schema\/person\/faee6704a21f3977511db84bd1cd450f\"},\"headline\":\"Saint-Di\u00e9-des-Vosges se fait l\u2019\u00e9cho de la Journ\u00e9e mondiale des r\u00e9fugi\u00e9-e-s\",\"datePublished\":\"2023-06-16T09:45:13+00:00\",\"dateModified\":\"2023-06-16T09:45:13+00:00\",\"mainEntityOfPage\":{\"@id\":\"https:\/\/vosgesinfo.fr\/saintdieinfo\/2023\/06\/saint-die-vosges-se-lecho-de-journee-mondiale-refugie-e-s-2\/\"},\"wordCount\":120,\"commentCount\":0,\"publisher\":{\"@id\":\"https:\/\/vosgesinfo.fr\/saintdieinfo\/#organization\"},\"image\":{\"@id\":\"https:\/\/vosgesinfo.fr\/saintdieinfo\/2023\/06\/saint-die-vosges-se-lecho-de-journee-mondiale-refugie-e-s-2\/#primaryimage\"},\"thumbnailUrl\":\"https:\/\/vosgesinfo.fr\/app\/uploads\/sites\/4\/2024\/08\/202306journee-mondiale-refugies-saint-die-20231.png\",\"keywords\":[\"Journ\u00e9e mondiale des r\u00e9fugi\u00e9.e.s\"],\"articleSection\":[\"Br\u00e8ves\",\"Saint-Di\u00e9-des-Vosges et son Agglom\u00e9ration\",\"Solidarit\u00e9\",\"Vie Associative\"],\"inLanguage\":\"fr-FR\",\"potentialAction\":[{\"@type\":\"CommentAction\",\"name\":\"Comment\",\"target\":[\"https:\/\/vosgesinfo.fr\/saintdieinfo\/2023\/06\/saint-die-vosges-se-lecho-de-journee-mondiale-refugie-e-s-2\/#respond\"]}]},{\"@type\":\"WebPage\",\"@id\":\"https:\/\/vosgesinfo.fr\/saintdieinfo\/2023\/06\/saint-die-vosges-se-lecho-de-journee-mondiale-refugie-e-s-2\/\",\"url\":\"https:\/\/vosgesinfo.fr\/saintdieinfo\/2023\/06\/saint-die-vosges-se-lecho-de-journee-mondiale-refugie-e-s-2\/\",\"name\":\"Saint-Di\u00e9-des-Vosges se fait l\u2019\u00e9cho de la Journ\u00e9e mondiale des r\u00e9fugi\u00e9-e-s - Saint Die Info\",\"isPartOf\":{\"@id\":\"https:\/\/vosgesinfo.fr\/saintdieinfo\/#website\"},\"primaryImageOfPage\":{\"@id\":\"https:\/\/vosgesinfo.fr\/saintdieinfo\/2023\/06\/saint-die-vosges-se-lecho-de-journee-mondiale-refugie-e-s-2\/#primaryimage\"},\"image\":{\"@id\":\"https:\/\/vosgesinfo.fr\/saintdieinfo\/2023\/06\/saint-die-vosges-se-lecho-de-journee-mondiale-refugie-e-s-2\/#primaryimage\"},\"thumbnailUrl\":\"https:\/\/vosgesinfo.fr\/app\/uploads\/sites\/4\/2024\/08\/202306journee-mondiale-refugies-saint-die-20231.png\",\"datePublished\":\"2023-06-16T09:45:13+00:00\",\"dateModified\":\"2023-06-16T09:45:13+00:00\",\"breadcrumb\":{\"@id\":\"https:\/\/vosgesinfo.fr\/saintdieinfo\/2023\/06\/saint-die-vosges-se-lecho-de-journee-mondiale-refugie-e-s-2\/#breadcrumb\"},\"inLanguage\":\"fr-FR\",\"potentialAction\":[{\"@type\":\"ReadAction\",\"target\":[\"https:\/\/vosgesinfo.fr\/saintdieinfo\/2023\/06\/saint-die-vosges-se-lecho-de-journee-mondiale-refugie-e-s-2\/\"]}]},{\"@type\":\"ImageObject\",\"inLanguage\":\"fr-FR\",\"@id\":\"https:\/\/vosgesinfo.fr\/saintdieinfo\/2023\/06\/saint-die-vosges-se-lecho-de-journee-mondiale-refugie-e-s-2\/#primaryimage\",\"url\":\"https:\/\/vosgesinfo.fr\/app\/uploads\/sites\/4\/2024\/08\/202306journee-mondiale-refugies-saint-die-20231.png\",\"contentUrl\":\"https:\/\/vosgesinfo.fr\/app\/uploads\/sites\/4\/2024\/08\/202306journee-mondiale-refugies-saint-die-20231.png\",\"width\":812,\"height\":1122},{\"@type\":\"BreadcrumbList\",\"@id\":\"https:\/\/vosgesinfo.fr\/saintdieinfo\/2023\/06\/saint-die-vosges-se-lecho-de-journee-mondiale-refugie-e-s-2\/#breadcrumb\",\"itemListElement\":[{\"@type\":\"ListItem\",\"position\":1,\"name\":\"Home\",\"item\":\"https:\/\/vosgesinfo.fr\/saintdieinfo\/\"},{\"@type\":\"ListItem\",\"position\":2,\"name\":\"Saint-Di\u00e9-des-Vosges se fait l\u2019\u00e9cho de la Journ\u00e9e mondiale des r\u00e9fugi\u00e9-e-s\"}]},{\"@type\":\"WebSite\",\"@id\":\"https:\/\/vosgesinfo.fr\/saintdieinfo\/#website\",\"url\":\"https:\/\/vosgesinfo.fr\/saintdieinfo\/\",\"name\":\"Saint Die Info\",\"description\":\"Toute l&#039;actualit\u00e9 de Saint-Di\u00e9-Des-Vosges\",\"publisher\":{\"@id\":\"https:\/\/vosgesinfo.fr\/saintdieinfo\/#organization\"},\"alternateName\":\"Toute l'actualit\u00e9 de Saint-Di\u00e9-Des-Vosges\",\"potentialAction\":[{\"@type\":\"SearchAction\",\"target\":{\"@type\":\"EntryPoint\",\"urlTemplate\":\"https:\/\/vosgesinfo.fr\/saintdieinfo\/?s={search_term_string}\"},\"query-input\":\"required name=search_term_string\"}],\"inLanguage\":\"fr-FR\"},{\"@type\":\"Organization\",\"@id\":\"https:\/\/vosgesinfo.fr\/saintdieinfo\/#organization\",\"name\":\"Saint Die Info\",\"url\":\"https:\/\/vosgesinfo.fr\/saintdieinfo\/\",\"logo\":{\"@type\":\"ImageObject\",\"inLanguage\":\"fr-FR\",\"@id\":\"https:\/\/vosgesinfo.fr\/saintdieinfo\/#\/schema\/logo\/image\/\",\"url\":\"https:\/\/vosgesinfo.fr\/app\/uploads\/sites\/4\/2024\/02\/logo-sdi.jpg\",\"contentUrl\":\"https:\/\/vosgesinfo.fr\/app\/uploads\/sites\/4\/2024\/02\/logo-sdi.jpg\",\"width\":600,\"height\":600,\"caption\":\"Saint Die Info\"},\"image\":{\"@id\":\"https:\/\/vosgesinfo.fr\/saintdieinfo\/#\/schema\/logo\/image\/\"},\"sameAs\":[\"https:\/\/www.facebook.com\/Saintdieinfofr\",\"https:\/\/x.com\/VosgesInfo88\",\"https:\/\/www.youtube.com\/@vosgesinfo\"]},{\"@type\":\"Person\",\"@id\":\"https:\/\/vosgesinfo.fr\/saintdieinfo\/#\/schema\/person\/faee6704a21f3977511db84bd1cd450f\",\"name\":\"la r\u00e9daction\",\"image\":{\"@type\":\"ImageObject\",\"inLanguage\":\"fr-FR\",\"@id\":\"https:\/\/vosgesinfo.fr\/saintdieinfo\/#\/schema\/person\/image\/\",\"url\":\"https:\/\/secure.gravatar.com\/avatar\/6673d8bc6a9c17fa9a453eaa3448de834fa308c2ec9635b7aa99441a7c8d2cf6?s=96&d=mm&r=g\",\"contentUrl\":\"https:\/\/secure.gravatar.com\/avatar\/6673d8bc6a9c17fa9a453eaa3448de834fa308c2ec9635b7aa99441a7c8d2cf6?s=96&d=mm&r=g\",\"caption\":\"la r\u00e9daction\"},\"url\":\"https:\/\/vosgesinfo.fr\/saintdieinfo\/author\/redac\/\"}]}<\/script>\n<!-- \/ Yoast SEO plugin. -->","yoast_head_json":{"title":"Saint-Di\u00e9-des-Vosges se fait l\u2019\u00e9cho de la Journ\u00e9e mondiale des r\u00e9fugi\u00e9-e-s - Saint Die Info","robots":{"index":"index","follow":"follow","max-snippet":"max-snippet:-1","max-image-preview":"max-image-preview:large","max-video-preview":"max-video-preview:-1"},"canonical":"https:\/\/vosgesinfo.fr\/saintdieinfo\/2023\/06\/saint-die-vosges-se-lecho-de-journee-mondiale-refugie-e-s-2\/","twitter_card":"summary_large_image","twitter_title":"Saint-Di\u00e9-des-Vosges se fait l\u2019\u00e9cho de la Journ\u00e9e mondiale des r\u00e9fugi\u00e9-e-s - Saint Die Info","twitter_description":"\u00c0 l\u2019occasion de la JOURN\u00c9E MONDIALE DES R\u00c9FUGI\u00c9\u2022E\u2022S un collectif de 6 associations (les antennes d\u00e9odatiennes du Secours Catholique, de [&hellip;]","twitter_image":"https:\/\/vosgesinfo.fr\/app\/uploads\/sites\/4\/2024\/08\/202306journee-mondiale-refugies-saint-die-20231.png","twitter_creator":"@VosgesInfo88","twitter_site":"@VosgesInfo88","twitter_misc":{"\u00c9crit par":"la r\u00e9daction","Dur\u00e9e de lecture estim\u00e9e":"1 minute"},"schema":{"@context":"https:\/\/schema.org","@graph":[{"@type":"Article","@id":"https:\/\/vosgesinfo.fr\/saintdieinfo\/2023\/06\/saint-die-vosges-se-lecho-de-journee-mondiale-refugie-e-s-2\/#article","isPartOf":{"@id":"https:\/\/vosgesinfo.fr\/saintdieinfo\/2023\/06\/saint-die-vosges-se-lecho-de-journee-mondiale-refugie-e-s-2\/"},"author":{"name":"la r\u00e9daction","@id":"https:\/\/vosgesinfo.fr\/saintdieinfo\/#\/schema\/person\/faee6704a21f3977511db84bd1cd450f"},"headline":"Saint-Di\u00e9-des-Vosges se fait l\u2019\u00e9cho de la Journ\u00e9e mondiale des r\u00e9fugi\u00e9-e-s","datePublished":"2023-06-16T09:45:13+00:00","dateModified":"2023-06-16T09:45:13+00:00","mainEntityOfPage":{"@id":"https:\/\/vosgesinfo.fr\/saintdieinfo\/2023\/06\/saint-die-vosges-se-lecho-de-journee-mondiale-refugie-e-s-2\/"},"wordCount":120,"commentCount":0,"publisher":{"@id":"https:\/\/vosgesinfo.fr\/saintdieinfo\/#organization"},"image":{"@id":"https:\/\/vosgesinfo.fr\/saintdieinfo\/2023\/06\/saint-die-vosges-se-lecho-de-journee-mondiale-refugie-e-s-2\/#primaryimage"},"thumbnailUrl":"https:\/\/vosgesinfo.fr\/app\/uploads\/sites\/4\/2024\/08\/202306journee-mondiale-refugies-saint-die-20231.png","keywords":["Journ\u00e9e mondiale des r\u00e9fugi\u00e9.e.s"],"articleSection":["Br\u00e8ves","Saint-Di\u00e9-des-Vosges et son Agglom\u00e9ration","Solidarit\u00e9","Vie Associative"],"inLanguage":"fr-FR","potentialAction":[{"@type":"CommentAction","name":"Comment","target":["https:\/\/vosgesinfo.fr\/saintdieinfo\/2023\/06\/saint-die-vosges-se-lecho-de-journee-mondiale-refugie-e-s-2\/#respond"]}]},{"@type":"WebPage","@id":"https:\/\/vosgesinfo.fr\/saintdieinfo\/2023\/06\/saint-die-vosges-se-lecho-de-journee-mondiale-refugie-e-s-2\/","url":"https:\/\/vosgesinfo.fr\/saintdieinfo\/2023\/06\/saint-die-vosges-se-lecho-de-journee-mondiale-refugie-e-s-2\/","name":"Saint-Di\u00e9-des-Vosges se fait l\u2019\u00e9cho de la Journ\u00e9e mondiale des r\u00e9fugi\u00e9-e-s - Saint Die Info","isPartOf":{"@id":"https:\/\/vosgesinfo.fr\/saintdieinfo\/#website"},"primaryImageOfPage":{"@id":"https:\/\/vosgesinfo.fr\/saintdieinfo\/2023\/06\/saint-die-vosges-se-lecho-de-journee-mondiale-refugie-e-s-2\/#primaryimage"},"image":{"@id":"https:\/\/vosgesinfo.fr\/saintdieinfo\/2023\/06\/saint-die-vosges-se-lecho-de-journee-mondiale-refugie-e-s-2\/#primaryimage"},"thumbnailUrl":"https:\/\/vosgesinfo.fr\/app\/uploads\/sites\/4\/2024\/08\/202306journee-mondiale-refugies-saint-die-20231.png","datePublished":"2023-06-16T09:45:13+00:00","dateModified":"2023-06-16T09:45:13+00:00","breadcrumb":{"@id":"https:\/\/vosgesinfo.fr\/saintdieinfo\/2023\/06\/saint-die-vosges-se-lecho-de-journee-mondiale-refugie-e-s-2\/#breadcrumb"},"inLanguage":"fr-FR","potentialAction":[{"@type":"ReadAction","target":["https:\/\/vosgesinfo.fr\/saintdieinfo\/2023\/06\/saint-die-vosges-se-lecho-de-journee-mondiale-refugie-e-s-2\/"]}]},{"@type":"ImageObject","inLanguage":"fr-FR","@id":"https:\/\/vosgesinfo.fr\/saintdieinfo\/2023\/06\/saint-die-vosges-se-lecho-de-journee-mondiale-refugie-e-s-2\/#primaryimage","url":"https:\/\/vosgesinfo.fr\/app\/uploads\/sites\/4\/2024\/08\/202306journee-mondiale-refugies-saint-die-20231.png","contentUrl":"https:\/\/vosgesinfo.fr\/app\/uploads\/sites\/4\/2024\/08\/202306journee-mondiale-refugies-saint-die-20231.png","width":812,"height":1122},{"@type":"BreadcrumbList","@id":"https:\/\/vosgesinfo.fr\/saintdieinfo\/2023\/06\/saint-die-vosges-se-lecho-de-journee-mondiale-refugie-e-s-2\/#breadcrumb","itemListElement":[{"@type":"ListItem","position":1,"name":"Home","item":"https:\/\/vosgesinfo.fr\/saintdieinfo\/"},{"@type":"ListItem","position":2,"name":"Saint-Di\u00e9-des-Vosges se fait l\u2019\u00e9cho de la Journ\u00e9e mondiale des r\u00e9fugi\u00e9-e-s"}]},{"@type":"WebSite","@id":"https:\/\/vosgesinfo.fr\/saintdieinfo\/#website","url":"https:\/\/vosgesinfo.fr\/saintdieinfo\/","name":"Saint Die Info","description":"Toute l&#039;actualit\u00e9 de Saint-Di\u00e9-Des-Vosges","publisher":{"@id":"https:\/\/vosgesinfo.fr\/saintdieinfo\/#organization"},"alternateName":"Toute l'actualit\u00e9 de Saint-Di\u00e9-Des-Vosges","potentialAction":[{"@type":"SearchAction","target":{"@type":"EntryPoint","urlTemplate":"https:\/\/vosgesinfo.fr\/saintdieinfo\/?s={search_term_string}"},"query-input":"required name=search_term_string"}],"inLanguage":"fr-FR"},{"@type":"Organization","@id":"https:\/\/vosgesinfo.fr\/saintdieinfo\/#organization","name":"Saint Die Info","url":"https:\/\/vosgesinfo.fr\/saintdieinfo\/","logo":{"@type":"ImageObject","inLanguage":"fr-FR","@id":"https:\/\/vosgesinfo.fr\/saintdieinfo\/#\/schema\/logo\/image\/","url":"https:\/\/vosgesinfo.fr\/app\/uploads\/sites\/4\/2024\/02\/logo-sdi.jpg","contentUrl":"https:\/\/vosgesinfo.fr\/app\/uploads\/sites\/4\/2024\/02\/logo-sdi.jpg","width":600,"height":600,"caption":"Saint Die Info"},"image":{"@id":"https:\/\/vosgesinfo.fr\/saintdieinfo\/#\/schema\/logo\/image\/"},"sameAs":["https:\/\/www.facebook.com\/Saintdieinfofr","https:\/\/x.com\/VosgesInfo88","https:\/\/www.youtube.com\/@vosgesinfo"]},{"@type":"Person","@id":"https:\/\/vosgesinfo.fr\/saintdieinfo\/#\/schema\/person\/faee6704a21f3977511db84bd1cd450f","name":"la r\u00e9daction","image":{"@type":"ImageObject","inLanguage":"fr-FR","@id":"https:\/\/vosgesinfo.fr\/saintdieinfo\/#\/schema\/person\/image\/","url":"https:\/\/secure.gravatar.com\/avatar\/6673d8bc6a9c17fa9a453eaa3448de834fa308c2ec9635b7aa99441a7c8d2cf6?s=96&d=mm&r=g","contentUrl":"https:\/\/secure.gravatar.com\/avatar\/6673d8bc6a9c17fa9a453eaa3448de834fa308c2ec9635b7aa99441a7c8d2cf6?s=96&d=mm&r=g","caption":"la r\u00e9daction"},"url":"https:\/\/vosgesinfo.fr\/saintdieinfo\/author\/redac\/"}]}},"_links":{"self":[{"href":"https:\/\/vosgesinfo.fr\/saintdieinfo\/wp-json\/wp\/v2\/posts\/65750","targetHints":{"allow":["GET"]}}],"collection":[{"href":"https:\/\/vosgesinfo.fr\/saintdieinfo\/wp-json\/wp\/v2\/posts"}],"about":[{"href":"https:\/\/vosgesinfo.fr\/saintdieinfo\/wp-json\/wp\/v2\/types\/post"}],"author":[{"embeddable":true,"href":"https:\/\/vosgesinfo.fr\/saintdieinfo\/wp-json\/wp\/v2\/users\/44"}],"replies":[{"embeddable":true,"href":"https:\/\/vosgesinfo.fr\/saintdieinfo\/wp-json\/wp\/v2\/comments?post=65750"}],"version-history":[{"count":0,"href":"https:\/\/vosgesinfo.fr\/saintdieinfo\/wp-json\/wp\/v2\/posts\/65750\/revisions"}],"wp:featuredmedia":[{"embeddable":true,"href":"https:\/\/vosgesinfo.fr\/saintdieinfo\/wp-json\/wp\/v2\/media\/65751"}],"wp:attachment":[{"href":"https:\/\/vosgesinfo.fr\/saintdieinfo\/wp-json\/wp\/v2\/media?parent=65750"}],"wp:term":[{"taxonomy":"category","embeddable":true,"href":"https:\/\/vosgesinfo.fr\/saintdieinfo\/wp-json\/wp\/v2\/categories?post=65750"},{"taxonomy":"post_tag","embeddable":true,"href":"https:\/\/vosgesinfo.fr\/saintdieinfo\/wp-json\/wp\/v2\/tags?post=65750"}],"curies":[{"name":"wp","href":"https:\/\/api.w.org\/{rel}","templated":true}]}}