{"id":65907,"date":"2023-06-20T06:51:26","date_gmt":"2023-06-20T04:51:26","guid":{"rendered":"https:\/\/vosgesinfo.fr\/saintdieinfo\/2023\/06\/ginette-kolinka-survivante-dauschwitz-temoigne-college-vautrin-lud\/"},"modified":"2023-06-20T06:51:26","modified_gmt":"2023-06-20T04:51:26","slug":"ginette-kolinka-survivante-dauschwitz-temoigne-college-vautrin-lud","status":"publish","type":"post","link":"https:\/\/vosgesinfo.fr\/saintdieinfo\/2023\/06\/ginette-kolinka-survivante-dauschwitz-temoigne-college-vautrin-lud\/","title":{"rendered":"Ginette Kolinka, survivante d&rsquo;Auschwitz, t\u00e9moigne au coll\u00e8ge Vautrin-Lud"},"content":{"rendered":"<div id=\"attachment_202916\" style=\"width: 970px\" class=\"wp-caption aligncenter\"><a href=\"\/2023\/06\/T\u00e9moignage_Ginette_Kolinka_Coll\u00e8ge_Vautrin-Lud-1.jpg\" target=\"_blank\" rel=\"noopener\"><img decoding=\"async\" aria-describedby=\"caption-attachment-202916\" class=\"wp-image-202916 size-large\" src=\"\/2023\/06\/T\u00e9moignage_Ginette_Kolinka_Coll\u00e8ge_Vautrin-Lud-1-1024x576.jpg\" alt=\"T\u00e9moignage_Ginette_Kolinka_Coll\u00e8ge_Vautrin-Lud (1)\" width=\"960\" height=\"540\" \/><\/a><p id=\"caption-attachment-202916\" class=\"wp-caption-text\">(Photographies coll\u00e8ge Vautrin-Lud)<\/p><\/div>\n<h2><strong><span style=\"font-size: 14pt;\">Du haut de ses 98 ans, Ginette Kolinka continue de t\u00e9moigner inlassablement sur les crimes nazis&#8230; pour qu&rsquo;ils ne soient ni oubli\u00e9s ni ni\u00e9s. Survivante du camp d&rsquo;extermination d&rsquo;Auschwitz-Birkenau, contrairement \u00e0 son p\u00e8re et son fr\u00e8re qui y ont \u00e9t\u00e9 assassin\u00e9s, elle est all\u00e9e \u00e0 la rencontre des classes de 3e du coll\u00e8ge Vautrin-Lud hier lundi.<\/span><\/strong><\/h2>\n<p><!--more--><\/p>\n<p>Durant 4 heures, c&rsquo;est d\u00e9bordant d&rsquo;\u00e9nergie et avec un grand sens de l&rsquo;humour que Ginette Kolinka a livr\u00e9 son t\u00e9moignage aux coll\u00e9giens d\u00e9odatiens. Elle s&rsquo;est \u00e9galement pr\u00eat\u00e9e au jeu des d\u00e9dicaces. Ces derniers devenant ainsi des passeurs de m\u00e9moire. \u00ab\u00a0Nos \u00e9l\u00e8ves ont assist\u00e9 \u00e0 un moment historique, qui faisait \u00e9cho aux cours d&rsquo;Histoire mais aussi \u00e0 la visite du camp de Natzweiler-Struthof et \u00e9galement au concours national de la R\u00e9sistance et de la D\u00e9portation. <span style=\"color: #3366ff;\"><a style=\"color: #3366ff;\" href=\"https:\/\/saintdieinfo.fr\/2023\/06\/laureats-deodatiens-concours-de-resistance-de-deportation-recompenses\/\" target=\"_blank\" rel=\"noopener\">Un concours dans lequel nous nous sommes distingu\u00e9s, puisque l&rsquo;une de nos \u00e9l\u00e8ves est premi\u00e8re d\u00e9partementale mais aussi premi\u00e8re acad\u00e9mique<\/a><\/span>\u00a0\u00bb souligne Anne Martins, proviseure du coll\u00e8ge Vautrin-Lud.<\/p>\n<p>J.J.<\/p>\n\n","protected":false},"excerpt":{"rendered":"<p>Du haut de ses 98 ans, Ginette Kolinka continue de t\u00e9moigner inlassablement sur les crimes nazis&#8230; pour qu&rsquo;ils ne soient [&hellip;]<\/p>\n","protected":false},"author":44,"featured_media":65908,"comment_status":"open","ping_status":"open","sticky":false,"template":"","format":"standard","meta":{"footnotes":""},"categories":[460,6,2915],"tags":[3169,14582,14583,14584],"class_list":["post-65907","post","type-post","status-publish","format-standard","has-post-thumbnail","hentry","category-a-la-une","category-education","category-saint-die-son-canton","tag-college-vautrin-lud","tag-ginette-kolinka","tag-passeurs-de-memoire","tag-survivante-dauschwitz"],"acf":[],"yoast_head":"<!-- This site is optimized with the Yoast SEO plugin v22.5 - https:\/\/yoast.com\/wordpress\/plugins\/seo\/ -->\n<title>Ginette Kolinka, survivante d&#039;Auschwitz, t\u00e9moigne au coll\u00e8ge Vautrin-Lud - Saint Die Info<\/title>\n<meta name=\"robots\" content=\"index, follow, max-snippet:-1, max-image-preview:large, max-video-preview:-1\" \/>\n<link rel=\"canonical\" href=\"https:\/\/vosgesinfo.fr\/saintdieinfo\/2023\/06\/ginette-kolinka-survivante-dauschwitz-temoigne-college-vautrin-lud\/\" \/>\n<meta name=\"twitter:card\" content=\"summary_large_image\" \/>\n<meta name=\"twitter:title\" content=\"Ginette Kolinka, survivante d&#039;Auschwitz, t\u00e9moigne au coll\u00e8ge Vautrin-Lud - Saint Die Info\" \/>\n<meta name=\"twitter:description\" content=\"Du haut de ses 98 ans, Ginette Kolinka continue de t\u00e9moigner inlassablement sur les crimes nazis&#8230; pour qu&rsquo;ils ne soient [&hellip;]\" \/>\n<meta name=\"twitter:image\" content=\"https:\/\/vosgesinfo.fr\/app\/uploads\/sites\/4\/2024\/08\/202306temoignage-ginette-kolinka-college-vautrin-lud-1-1.jpg\" \/>\n<meta name=\"twitter:creator\" content=\"@VosgesInfo88\" \/>\n<meta name=\"twitter:site\" content=\"@VosgesInfo88\" \/>\n<meta name=\"twitter:label1\" content=\"\u00c9crit par\" \/>\n\t<meta name=\"twitter:data1\" content=\"la r\u00e9daction\" \/>\n\t<meta name=\"twitter:label2\" content=\"Dur\u00e9e de lecture estim\u00e9e\" \/>\n\t<meta name=\"twitter:data2\" content=\"1 minute\" \/>\n<script type=\"application\/ld+json\" class=\"yoast-schema-graph\">{\"@context\":\"https:\/\/schema.org\",\"@graph\":[{\"@type\":\"Article\",\"@id\":\"https:\/\/vosgesinfo.fr\/saintdieinfo\/2023\/06\/ginette-kolinka-survivante-dauschwitz-temoigne-college-vautrin-lud\/#article\",\"isPartOf\":{\"@id\":\"https:\/\/vosgesinfo.fr\/saintdieinfo\/2023\/06\/ginette-kolinka-survivante-dauschwitz-temoigne-college-vautrin-lud\/\"},\"author\":{\"name\":\"la r\u00e9daction\",\"@id\":\"https:\/\/vosgesinfo.fr\/saintdieinfo\/#\/schema\/person\/faee6704a21f3977511db84bd1cd450f\"},\"headline\":\"Ginette Kolinka, survivante d&rsquo;Auschwitz, t\u00e9moigne au coll\u00e8ge Vautrin-Lud\",\"datePublished\":\"2023-06-20T04:51:26+00:00\",\"dateModified\":\"2023-06-20T04:51:26+00:00\",\"mainEntityOfPage\":{\"@id\":\"https:\/\/vosgesinfo.fr\/saintdieinfo\/2023\/06\/ginette-kolinka-survivante-dauschwitz-temoigne-college-vautrin-lud\/\"},\"wordCount\":216,\"commentCount\":0,\"publisher\":{\"@id\":\"https:\/\/vosgesinfo.fr\/saintdieinfo\/#organization\"},\"image\":{\"@id\":\"https:\/\/vosgesinfo.fr\/saintdieinfo\/2023\/06\/ginette-kolinka-survivante-dauschwitz-temoigne-college-vautrin-lud\/#primaryimage\"},\"thumbnailUrl\":\"https:\/\/vosgesinfo.fr\/app\/uploads\/sites\/4\/2024\/08\/202306temoignage-ginette-kolinka-college-vautrin-lud-1-1.jpg\",\"keywords\":[\"Coll\u00e8ge Vautrin-Lud\",\"Ginette Kolinka\",\"Passeurs de M\u00e9moire\",\"Survivante d'Auschwitz\"],\"articleSection\":[\"A la Une\",\"\u00c9ducation\",\"Saint-Di\u00e9-des-Vosges et son Agglom\u00e9ration\"],\"inLanguage\":\"fr-FR\",\"potentialAction\":[{\"@type\":\"CommentAction\",\"name\":\"Comment\",\"target\":[\"https:\/\/vosgesinfo.fr\/saintdieinfo\/2023\/06\/ginette-kolinka-survivante-dauschwitz-temoigne-college-vautrin-lud\/#respond\"]}]},{\"@type\":\"WebPage\",\"@id\":\"https:\/\/vosgesinfo.fr\/saintdieinfo\/2023\/06\/ginette-kolinka-survivante-dauschwitz-temoigne-college-vautrin-lud\/\",\"url\":\"https:\/\/vosgesinfo.fr\/saintdieinfo\/2023\/06\/ginette-kolinka-survivante-dauschwitz-temoigne-college-vautrin-lud\/\",\"name\":\"Ginette Kolinka, survivante d'Auschwitz, t\u00e9moigne au coll\u00e8ge Vautrin-Lud - Saint Die Info\",\"isPartOf\":{\"@id\":\"https:\/\/vosgesinfo.fr\/saintdieinfo\/#website\"},\"primaryImageOfPage\":{\"@id\":\"https:\/\/vosgesinfo.fr\/saintdieinfo\/2023\/06\/ginette-kolinka-survivante-dauschwitz-temoigne-college-vautrin-lud\/#primaryimage\"},\"image\":{\"@id\":\"https:\/\/vosgesinfo.fr\/saintdieinfo\/2023\/06\/ginette-kolinka-survivante-dauschwitz-temoigne-college-vautrin-lud\/#primaryimage\"},\"thumbnailUrl\":\"https:\/\/vosgesinfo.fr\/app\/uploads\/sites\/4\/2024\/08\/202306temoignage-ginette-kolinka-college-vautrin-lud-1-1.jpg\",\"datePublished\":\"2023-06-20T04:51:26+00:00\",\"dateModified\":\"2023-06-20T04:51:26+00:00\",\"breadcrumb\":{\"@id\":\"https:\/\/vosgesinfo.fr\/saintdieinfo\/2023\/06\/ginette-kolinka-survivante-dauschwitz-temoigne-college-vautrin-lud\/#breadcrumb\"},\"inLanguage\":\"fr-FR\",\"potentialAction\":[{\"@type\":\"ReadAction\",\"target\":[\"https:\/\/vosgesinfo.fr\/saintdieinfo\/2023\/06\/ginette-kolinka-survivante-dauschwitz-temoigne-college-vautrin-lud\/\"]}]},{\"@type\":\"ImageObject\",\"inLanguage\":\"fr-FR\",\"@id\":\"https:\/\/vosgesinfo.fr\/saintdieinfo\/2023\/06\/ginette-kolinka-survivante-dauschwitz-temoigne-college-vautrin-lud\/#primaryimage\",\"url\":\"https:\/\/vosgesinfo.fr\/app\/uploads\/sites\/4\/2024\/08\/202306temoignage-ginette-kolinka-college-vautrin-lud-1-1.jpg\",\"contentUrl\":\"https:\/\/vosgesinfo.fr\/app\/uploads\/sites\/4\/2024\/08\/202306temoignage-ginette-kolinka-college-vautrin-lud-1-1.jpg\",\"width\":1600,\"height\":900},{\"@type\":\"BreadcrumbList\",\"@id\":\"https:\/\/vosgesinfo.fr\/saintdieinfo\/2023\/06\/ginette-kolinka-survivante-dauschwitz-temoigne-college-vautrin-lud\/#breadcrumb\",\"itemListElement\":[{\"@type\":\"ListItem\",\"position\":1,\"name\":\"Home\",\"item\":\"https:\/\/vosgesinfo.fr\/saintdieinfo\/\"},{\"@type\":\"ListItem\",\"position\":2,\"name\":\"Ginette Kolinka, survivante d&rsquo;Auschwitz, t\u00e9moigne au coll\u00e8ge Vautrin-Lud\"}]},{\"@type\":\"WebSite\",\"@id\":\"https:\/\/vosgesinfo.fr\/saintdieinfo\/#website\",\"url\":\"https:\/\/vosgesinfo.fr\/saintdieinfo\/\",\"name\":\"Saint Die Info\",\"description\":\"Toute l&#039;actualit\u00e9 de Saint-Di\u00e9-Des-Vosges\",\"publisher\":{\"@id\":\"https:\/\/vosgesinfo.fr\/saintdieinfo\/#organization\"},\"alternateName\":\"Toute l'actualit\u00e9 de Saint-Di\u00e9-Des-Vosges\",\"potentialAction\":[{\"@type\":\"SearchAction\",\"target\":{\"@type\":\"EntryPoint\",\"urlTemplate\":\"https:\/\/vosgesinfo.fr\/saintdieinfo\/?s={search_term_string}\"},\"query-input\":\"required name=search_term_string\"}],\"inLanguage\":\"fr-FR\"},{\"@type\":\"Organization\",\"@id\":\"https:\/\/vosgesinfo.fr\/saintdieinfo\/#organization\",\"name\":\"Saint Die Info\",\"url\":\"https:\/\/vosgesinfo.fr\/saintdieinfo\/\",\"logo\":{\"@type\":\"ImageObject\",\"inLanguage\":\"fr-FR\",\"@id\":\"https:\/\/vosgesinfo.fr\/saintdieinfo\/#\/schema\/logo\/image\/\",\"url\":\"https:\/\/vosgesinfo.fr\/app\/uploads\/sites\/4\/2024\/02\/logo-sdi.jpg\",\"contentUrl\":\"https:\/\/vosgesinfo.fr\/app\/uploads\/sites\/4\/2024\/02\/logo-sdi.jpg\",\"width\":600,\"height\":600,\"caption\":\"Saint Die Info\"},\"image\":{\"@id\":\"https:\/\/vosgesinfo.fr\/saintdieinfo\/#\/schema\/logo\/image\/\"},\"sameAs\":[\"https:\/\/www.facebook.com\/Saintdieinfofr\",\"https:\/\/x.com\/VosgesInfo88\",\"https:\/\/www.youtube.com\/@vosgesinfo\"]},{\"@type\":\"Person\",\"@id\":\"https:\/\/vosgesinfo.fr\/saintdieinfo\/#\/schema\/person\/faee6704a21f3977511db84bd1cd450f\",\"name\":\"la r\u00e9daction\",\"image\":{\"@type\":\"ImageObject\",\"inLanguage\":\"fr-FR\",\"@id\":\"https:\/\/vosgesinfo.fr\/saintdieinfo\/#\/schema\/person\/image\/\",\"url\":\"https:\/\/secure.gravatar.com\/avatar\/6673d8bc6a9c17fa9a453eaa3448de834fa308c2ec9635b7aa99441a7c8d2cf6?s=96&d=mm&r=g\",\"contentUrl\":\"https:\/\/secure.gravatar.com\/avatar\/6673d8bc6a9c17fa9a453eaa3448de834fa308c2ec9635b7aa99441a7c8d2cf6?s=96&d=mm&r=g\",\"caption\":\"la r\u00e9daction\"},\"url\":\"https:\/\/vosgesinfo.fr\/saintdieinfo\/author\/redac\/\"}]}<\/script>\n<!-- \/ Yoast SEO plugin. -->","yoast_head_json":{"title":"Ginette Kolinka, survivante d'Auschwitz, t\u00e9moigne au coll\u00e8ge Vautrin-Lud - Saint Die Info","robots":{"index":"index","follow":"follow","max-snippet":"max-snippet:-1","max-image-preview":"max-image-preview:large","max-video-preview":"max-video-preview:-1"},"canonical":"https:\/\/vosgesinfo.fr\/saintdieinfo\/2023\/06\/ginette-kolinka-survivante-dauschwitz-temoigne-college-vautrin-lud\/","twitter_card":"summary_large_image","twitter_title":"Ginette Kolinka, survivante d'Auschwitz, t\u00e9moigne au coll\u00e8ge Vautrin-Lud - Saint Die Info","twitter_description":"Du haut de ses 98 ans, Ginette Kolinka continue de t\u00e9moigner inlassablement sur les crimes nazis&#8230; pour qu&rsquo;ils ne soient [&hellip;]","twitter_image":"https:\/\/vosgesinfo.fr\/app\/uploads\/sites\/4\/2024\/08\/202306temoignage-ginette-kolinka-college-vautrin-lud-1-1.jpg","twitter_creator":"@VosgesInfo88","twitter_site":"@VosgesInfo88","twitter_misc":{"\u00c9crit par":"la r\u00e9daction","Dur\u00e9e de lecture estim\u00e9e":"1 minute"},"schema":{"@context":"https:\/\/schema.org","@graph":[{"@type":"Article","@id":"https:\/\/vosgesinfo.fr\/saintdieinfo\/2023\/06\/ginette-kolinka-survivante-dauschwitz-temoigne-college-vautrin-lud\/#article","isPartOf":{"@id":"https:\/\/vosgesinfo.fr\/saintdieinfo\/2023\/06\/ginette-kolinka-survivante-dauschwitz-temoigne-college-vautrin-lud\/"},"author":{"name":"la r\u00e9daction","@id":"https:\/\/vosgesinfo.fr\/saintdieinfo\/#\/schema\/person\/faee6704a21f3977511db84bd1cd450f"},"headline":"Ginette Kolinka, survivante d&rsquo;Auschwitz, t\u00e9moigne au coll\u00e8ge Vautrin-Lud","datePublished":"2023-06-20T04:51:26+00:00","dateModified":"2023-06-20T04:51:26+00:00","mainEntityOfPage":{"@id":"https:\/\/vosgesinfo.fr\/saintdieinfo\/2023\/06\/ginette-kolinka-survivante-dauschwitz-temoigne-college-vautrin-lud\/"},"wordCount":216,"commentCount":0,"publisher":{"@id":"https:\/\/vosgesinfo.fr\/saintdieinfo\/#organization"},"image":{"@id":"https:\/\/vosgesinfo.fr\/saintdieinfo\/2023\/06\/ginette-kolinka-survivante-dauschwitz-temoigne-college-vautrin-lud\/#primaryimage"},"thumbnailUrl":"https:\/\/vosgesinfo.fr\/app\/uploads\/sites\/4\/2024\/08\/202306temoignage-ginette-kolinka-college-vautrin-lud-1-1.jpg","keywords":["Coll\u00e8ge Vautrin-Lud","Ginette Kolinka","Passeurs de M\u00e9moire","Survivante d'Auschwitz"],"articleSection":["A la Une","\u00c9ducation","Saint-Di\u00e9-des-Vosges et son Agglom\u00e9ration"],"inLanguage":"fr-FR","potentialAction":[{"@type":"CommentAction","name":"Comment","target":["https:\/\/vosgesinfo.fr\/saintdieinfo\/2023\/06\/ginette-kolinka-survivante-dauschwitz-temoigne-college-vautrin-lud\/#respond"]}]},{"@type":"WebPage","@id":"https:\/\/vosgesinfo.fr\/saintdieinfo\/2023\/06\/ginette-kolinka-survivante-dauschwitz-temoigne-college-vautrin-lud\/","url":"https:\/\/vosgesinfo.fr\/saintdieinfo\/2023\/06\/ginette-kolinka-survivante-dauschwitz-temoigne-college-vautrin-lud\/","name":"Ginette Kolinka, survivante d'Auschwitz, t\u00e9moigne au coll\u00e8ge Vautrin-Lud - Saint Die Info","isPartOf":{"@id":"https:\/\/vosgesinfo.fr\/saintdieinfo\/#website"},"primaryImageOfPage":{"@id":"https:\/\/vosgesinfo.fr\/saintdieinfo\/2023\/06\/ginette-kolinka-survivante-dauschwitz-temoigne-college-vautrin-lud\/#primaryimage"},"image":{"@id":"https:\/\/vosgesinfo.fr\/saintdieinfo\/2023\/06\/ginette-kolinka-survivante-dauschwitz-temoigne-college-vautrin-lud\/#primaryimage"},"thumbnailUrl":"https:\/\/vosgesinfo.fr\/app\/uploads\/sites\/4\/2024\/08\/202306temoignage-ginette-kolinka-college-vautrin-lud-1-1.jpg","datePublished":"2023-06-20T04:51:26+00:00","dateModified":"2023-06-20T04:51:26+00:00","breadcrumb":{"@id":"https:\/\/vosgesinfo.fr\/saintdieinfo\/2023\/06\/ginette-kolinka-survivante-dauschwitz-temoigne-college-vautrin-lud\/#breadcrumb"},"inLanguage":"fr-FR","potentialAction":[{"@type":"ReadAction","target":["https:\/\/vosgesinfo.fr\/saintdieinfo\/2023\/06\/ginette-kolinka-survivante-dauschwitz-temoigne-college-vautrin-lud\/"]}]},{"@type":"ImageObject","inLanguage":"fr-FR","@id":"https:\/\/vosgesinfo.fr\/saintdieinfo\/2023\/06\/ginette-kolinka-survivante-dauschwitz-temoigne-college-vautrin-lud\/#primaryimage","url":"https:\/\/vosgesinfo.fr\/app\/uploads\/sites\/4\/2024\/08\/202306temoignage-ginette-kolinka-college-vautrin-lud-1-1.jpg","contentUrl":"https:\/\/vosgesinfo.fr\/app\/uploads\/sites\/4\/2024\/08\/202306temoignage-ginette-kolinka-college-vautrin-lud-1-1.jpg","width":1600,"height":900},{"@type":"BreadcrumbList","@id":"https:\/\/vosgesinfo.fr\/saintdieinfo\/2023\/06\/ginette-kolinka-survivante-dauschwitz-temoigne-college-vautrin-lud\/#breadcrumb","itemListElement":[{"@type":"ListItem","position":1,"name":"Home","item":"https:\/\/vosgesinfo.fr\/saintdieinfo\/"},{"@type":"ListItem","position":2,"name":"Ginette Kolinka, survivante d&rsquo;Auschwitz, t\u00e9moigne au coll\u00e8ge Vautrin-Lud"}]},{"@type":"WebSite","@id":"https:\/\/vosgesinfo.fr\/saintdieinfo\/#website","url":"https:\/\/vosgesinfo.fr\/saintdieinfo\/","name":"Saint Die Info","description":"Toute l&#039;actualit\u00e9 de Saint-Di\u00e9-Des-Vosges","publisher":{"@id":"https:\/\/vosgesinfo.fr\/saintdieinfo\/#organization"},"alternateName":"Toute l'actualit\u00e9 de Saint-Di\u00e9-Des-Vosges","potentialAction":[{"@type":"SearchAction","target":{"@type":"EntryPoint","urlTemplate":"https:\/\/vosgesinfo.fr\/saintdieinfo\/?s={search_term_string}"},"query-input":"required name=search_term_string"}],"inLanguage":"fr-FR"},{"@type":"Organization","@id":"https:\/\/vosgesinfo.fr\/saintdieinfo\/#organization","name":"Saint Die Info","url":"https:\/\/vosgesinfo.fr\/saintdieinfo\/","logo":{"@type":"ImageObject","inLanguage":"fr-FR","@id":"https:\/\/vosgesinfo.fr\/saintdieinfo\/#\/schema\/logo\/image\/","url":"https:\/\/vosgesinfo.fr\/app\/uploads\/sites\/4\/2024\/02\/logo-sdi.jpg","contentUrl":"https:\/\/vosgesinfo.fr\/app\/uploads\/sites\/4\/2024\/02\/logo-sdi.jpg","width":600,"height":600,"caption":"Saint Die Info"},"image":{"@id":"https:\/\/vosgesinfo.fr\/saintdieinfo\/#\/schema\/logo\/image\/"},"sameAs":["https:\/\/www.facebook.com\/Saintdieinfofr","https:\/\/x.com\/VosgesInfo88","https:\/\/www.youtube.com\/@vosgesinfo"]},{"@type":"Person","@id":"https:\/\/vosgesinfo.fr\/saintdieinfo\/#\/schema\/person\/faee6704a21f3977511db84bd1cd450f","name":"la r\u00e9daction","image":{"@type":"ImageObject","inLanguage":"fr-FR","@id":"https:\/\/vosgesinfo.fr\/saintdieinfo\/#\/schema\/person\/image\/","url":"https:\/\/secure.gravatar.com\/avatar\/6673d8bc6a9c17fa9a453eaa3448de834fa308c2ec9635b7aa99441a7c8d2cf6?s=96&d=mm&r=g","contentUrl":"https:\/\/secure.gravatar.com\/avatar\/6673d8bc6a9c17fa9a453eaa3448de834fa308c2ec9635b7aa99441a7c8d2cf6?s=96&d=mm&r=g","caption":"la r\u00e9daction"},"url":"https:\/\/vosgesinfo.fr\/saintdieinfo\/author\/redac\/"}]}},"_links":{"self":[{"href":"https:\/\/vosgesinfo.fr\/saintdieinfo\/wp-json\/wp\/v2\/posts\/65907","targetHints":{"allow":["GET"]}}],"collection":[{"href":"https:\/\/vosgesinfo.fr\/saintdieinfo\/wp-json\/wp\/v2\/posts"}],"about":[{"href":"https:\/\/vosgesinfo.fr\/saintdieinfo\/wp-json\/wp\/v2\/types\/post"}],"author":[{"embeddable":true,"href":"https:\/\/vosgesinfo.fr\/saintdieinfo\/wp-json\/wp\/v2\/users\/44"}],"replies":[{"embeddable":true,"href":"https:\/\/vosgesinfo.fr\/saintdieinfo\/wp-json\/wp\/v2\/comments?post=65907"}],"version-history":[{"count":0,"href":"https:\/\/vosgesinfo.fr\/saintdieinfo\/wp-json\/wp\/v2\/posts\/65907\/revisions"}],"wp:featuredmedia":[{"embeddable":true,"href":"https:\/\/vosgesinfo.fr\/saintdieinfo\/wp-json\/wp\/v2\/media\/65908"}],"wp:attachment":[{"href":"https:\/\/vosgesinfo.fr\/saintdieinfo\/wp-json\/wp\/v2\/media?parent=65907"}],"wp:term":[{"taxonomy":"category","embeddable":true,"href":"https:\/\/vosgesinfo.fr\/saintdieinfo\/wp-json\/wp\/v2\/categories?post=65907"},{"taxonomy":"post_tag","embeddable":true,"href":"https:\/\/vosgesinfo.fr\/saintdieinfo\/wp-json\/wp\/v2\/tags?post=65907"}],"curies":[{"name":"wp","href":"https:\/\/api.w.org\/{rel}","templated":true}]}}