{"id":65909,"date":"2023-06-20T07:24:35","date_gmt":"2023-06-20T05:24:35","guid":{"rendered":"https:\/\/vosgesinfo.fr\/saintdieinfo\/2023\/06\/fete-de-musique-a-saint-die-vosges-modifications-de-circulation-de-stationnement\/"},"modified":"2023-06-20T07:24:35","modified_gmt":"2023-06-20T05:24:35","slug":"fete-de-musique-a-saint-die-vosges-modifications-de-circulation-de-stationnement","status":"publish","type":"post","link":"https:\/\/vosgesinfo.fr\/saintdieinfo\/2023\/06\/fete-de-musique-a-saint-die-vosges-modifications-de-circulation-de-stationnement\/","title":{"rendered":"F\u00eate de la Musique\u00a0\u00e0 Saint-Di\u00e9-des-Vosges : les modifications de circulation et de stationnement"},"content":{"rendered":"<div id=\"attachment_185476\" style=\"width: 970px\" class=\"wp-caption aligncenter\"><a href=\"\/2022\/06\/F\u00eate_Musique_SDDV_2022-25.jpg\" target=\"_blank\" rel=\"noopener\"><img decoding=\"async\" aria-describedby=\"caption-attachment-185476\" class=\"wp-image-185476 size-large\" src=\"\/2022\/06\/F\u00eate_Musique_SDDV_2022-25-1024x771.jpg\" alt=\"F\u00eate_Musique_SDDV_2022 (25)\" width=\"960\" height=\"723\" \/><\/a><p id=\"caption-attachment-185476\" class=\"wp-caption-text\">(Archive)<\/p><\/div>\n<h2><strong><span style=\"font-size: 14pt;\">C&rsquo;est demain mercredi 21 juin que d\u00e9butera l&rsquo;\u00e9t\u00e9. Et qui dit premier jour de l&rsquo;\u00e9t\u00e9 dit F\u00eate de la Musique, qui fait sa 41e \u00e9dition cette ann\u00e9e. <span style=\"color: #3366ff;\"><a style=\"color: #3366ff;\" href=\"https:\/\/saintdieinfo.fr\/2023\/06\/fete-de-musique-a-saint-die-vosges-demandez-programme-3\/\" target=\"_blank\" rel=\"noopener\">A Saint-Di\u00e9-des-Vosges, les festivit\u00e9s d\u00e9buteront d\u00e8s l&rsquo;apr\u00e8s-midi, avec des animations aux 4 coins de la ville jusqu&rsquo;en toute fin de soir\u00e9e.<\/a><\/span><\/span><\/strong><\/h2>\n<p><!--more--><\/p>\n<h3><strong><span style=\"font-size: 12pt;\">A cette occasion, la circulation et le stationnement seront temporairement interdites dans les rues et places suivantes\u00a0:<\/span><\/strong><\/h3>\n<p><a href=\"\/2023\/06\/F\u00eate_Musique_2023_Stationnement-1.jpg\" target=\"_blank\" rel=\"noopener\"><img decoding=\"async\" class=\"aligncenter wp-image-202925 size-full\" src=\"\/2023\/06\/F\u00eate_Musique_2023_Stationnement-1.jpg\" alt=\"F\u00eate_Musique_2023_Stationnement (1)\" width=\"870\" height=\"822\" \/><\/a><a href=\"\/2023\/06\/F\u00eate_Musique_2023_Stationnement-2.jpg\" target=\"_blank\" rel=\"noopener\"><img decoding=\"async\" class=\"aligncenter wp-image-202926 size-full\" src=\"\/2023\/06\/F\u00eate_Musique_2023_Stationnement-2.jpg\" alt=\"F\u00eate_Musique_2023_Stationnement (2)\" width=\"750\" height=\"743\" \/><\/a><\/p>\n","protected":false},"excerpt":{"rendered":"<p>C&rsquo;est demain mercredi 21 juin que d\u00e9butera l&rsquo;\u00e9t\u00e9. Et qui dit premier jour de l&rsquo;\u00e9t\u00e9 dit F\u00eate de la Musique, [&hellip;]<\/p>\n","protected":false},"author":44,"featured_media":65910,"comment_status":"open","ping_status":"open","sticky":false,"template":"","format":"standard","meta":{"footnotes":""},"categories":[460,20,2915],"tags":[1666,14549],"class_list":["post-65909","post","type-post","status-publish","format-standard","has-post-thumbnail","hentry","category-a-la-une","category-loisirs","category-saint-die-son-canton","tag-fete-de-la-musique","tag-fete-de-la-musique-2023"],"acf":[],"yoast_head":"<!-- This site is optimized with the Yoast SEO plugin v22.5 - https:\/\/yoast.com\/wordpress\/plugins\/seo\/ -->\n<title>F\u00eate de la Musique\u00a0\u00e0 Saint-Di\u00e9-des-Vosges : les modifications de circulation et de stationnement - Saint Die Info<\/title>\n<meta name=\"robots\" content=\"index, follow, max-snippet:-1, max-image-preview:large, max-video-preview:-1\" \/>\n<link rel=\"canonical\" href=\"https:\/\/vosgesinfo.fr\/saintdieinfo\/2023\/06\/fete-de-musique-a-saint-die-vosges-modifications-de-circulation-de-stationnement\/\" \/>\n<meta name=\"twitter:card\" content=\"summary_large_image\" \/>\n<meta name=\"twitter:title\" content=\"F\u00eate de la Musique\u00a0\u00e0 Saint-Di\u00e9-des-Vosges : les modifications de circulation et de stationnement - Saint Die Info\" \/>\n<meta name=\"twitter:description\" content=\"C&rsquo;est demain mercredi 21 juin que d\u00e9butera l&rsquo;\u00e9t\u00e9. Et qui dit premier jour de l&rsquo;\u00e9t\u00e9 dit F\u00eate de la Musique, [&hellip;]\" \/>\n<meta name=\"twitter:image\" content=\"https:\/\/vosgesinfo.fr\/app\/uploads\/sites\/4\/2024\/08\/202206fete-musique-sddv-2022-25-1.jpg\" \/>\n<meta name=\"twitter:creator\" content=\"@VosgesInfo88\" \/>\n<meta name=\"twitter:site\" content=\"@VosgesInfo88\" \/>\n<meta name=\"twitter:label1\" content=\"\u00c9crit par\" \/>\n\t<meta name=\"twitter:data1\" content=\"la r\u00e9daction\" \/>\n<script type=\"application\/ld+json\" class=\"yoast-schema-graph\">{\"@context\":\"https:\/\/schema.org\",\"@graph\":[{\"@type\":\"Article\",\"@id\":\"https:\/\/vosgesinfo.fr\/saintdieinfo\/2023\/06\/fete-de-musique-a-saint-die-vosges-modifications-de-circulation-de-stationnement\/#article\",\"isPartOf\":{\"@id\":\"https:\/\/vosgesinfo.fr\/saintdieinfo\/2023\/06\/fete-de-musique-a-saint-die-vosges-modifications-de-circulation-de-stationnement\/\"},\"author\":{\"name\":\"la r\u00e9daction\",\"@id\":\"https:\/\/vosgesinfo.fr\/saintdieinfo\/#\/schema\/person\/faee6704a21f3977511db84bd1cd450f\"},\"headline\":\"F\u00eate de la Musique\u00a0\u00e0 Saint-Di\u00e9-des-Vosges : les modifications de circulation et de stationnement\",\"datePublished\":\"2023-06-20T05:24:35+00:00\",\"dateModified\":\"2023-06-20T05:24:35+00:00\",\"mainEntityOfPage\":{\"@id\":\"https:\/\/vosgesinfo.fr\/saintdieinfo\/2023\/06\/fete-de-musique-a-saint-die-vosges-modifications-de-circulation-de-stationnement\/\"},\"wordCount\":99,\"commentCount\":0,\"publisher\":{\"@id\":\"https:\/\/vosgesinfo.fr\/saintdieinfo\/#organization\"},\"image\":{\"@id\":\"https:\/\/vosgesinfo.fr\/saintdieinfo\/2023\/06\/fete-de-musique-a-saint-die-vosges-modifications-de-circulation-de-stationnement\/#primaryimage\"},\"thumbnailUrl\":\"https:\/\/vosgesinfo.fr\/app\/uploads\/sites\/4\/2024\/08\/202206fete-musique-sddv-2022-25-1.jpg\",\"keywords\":[\"f\u00eate de la musique\",\"F\u00eate de la Musique 2023\"],\"articleSection\":[\"A la Une\",\"Loisirs\",\"Saint-Di\u00e9-des-Vosges et son Agglom\u00e9ration\"],\"inLanguage\":\"fr-FR\",\"potentialAction\":[{\"@type\":\"CommentAction\",\"name\":\"Comment\",\"target\":[\"https:\/\/vosgesinfo.fr\/saintdieinfo\/2023\/06\/fete-de-musique-a-saint-die-vosges-modifications-de-circulation-de-stationnement\/#respond\"]}]},{\"@type\":\"WebPage\",\"@id\":\"https:\/\/vosgesinfo.fr\/saintdieinfo\/2023\/06\/fete-de-musique-a-saint-die-vosges-modifications-de-circulation-de-stationnement\/\",\"url\":\"https:\/\/vosgesinfo.fr\/saintdieinfo\/2023\/06\/fete-de-musique-a-saint-die-vosges-modifications-de-circulation-de-stationnement\/\",\"name\":\"F\u00eate de la Musique\u00a0\u00e0 Saint-Di\u00e9-des-Vosges : les modifications de circulation et de stationnement - Saint Die Info\",\"isPartOf\":{\"@id\":\"https:\/\/vosgesinfo.fr\/saintdieinfo\/#website\"},\"primaryImageOfPage\":{\"@id\":\"https:\/\/vosgesinfo.fr\/saintdieinfo\/2023\/06\/fete-de-musique-a-saint-die-vosges-modifications-de-circulation-de-stationnement\/#primaryimage\"},\"image\":{\"@id\":\"https:\/\/vosgesinfo.fr\/saintdieinfo\/2023\/06\/fete-de-musique-a-saint-die-vosges-modifications-de-circulation-de-stationnement\/#primaryimage\"},\"thumbnailUrl\":\"https:\/\/vosgesinfo.fr\/app\/uploads\/sites\/4\/2024\/08\/202206fete-musique-sddv-2022-25-1.jpg\",\"datePublished\":\"2023-06-20T05:24:35+00:00\",\"dateModified\":\"2023-06-20T05:24:35+00:00\",\"breadcrumb\":{\"@id\":\"https:\/\/vosgesinfo.fr\/saintdieinfo\/2023\/06\/fete-de-musique-a-saint-die-vosges-modifications-de-circulation-de-stationnement\/#breadcrumb\"},\"inLanguage\":\"fr-FR\",\"potentialAction\":[{\"@type\":\"ReadAction\",\"target\":[\"https:\/\/vosgesinfo.fr\/saintdieinfo\/2023\/06\/fete-de-musique-a-saint-die-vosges-modifications-de-circulation-de-stationnement\/\"]}]},{\"@type\":\"ImageObject\",\"inLanguage\":\"fr-FR\",\"@id\":\"https:\/\/vosgesinfo.fr\/saintdieinfo\/2023\/06\/fete-de-musique-a-saint-die-vosges-modifications-de-circulation-de-stationnement\/#primaryimage\",\"url\":\"https:\/\/vosgesinfo.fr\/app\/uploads\/sites\/4\/2024\/08\/202206fete-musique-sddv-2022-25-1.jpg\",\"contentUrl\":\"https:\/\/vosgesinfo.fr\/app\/uploads\/sites\/4\/2024\/08\/202206fete-musique-sddv-2022-25-1.jpg\",\"width\":1600,\"height\":1205,\"caption\":\"(Archive)\"},{\"@type\":\"BreadcrumbList\",\"@id\":\"https:\/\/vosgesinfo.fr\/saintdieinfo\/2023\/06\/fete-de-musique-a-saint-die-vosges-modifications-de-circulation-de-stationnement\/#breadcrumb\",\"itemListElement\":[{\"@type\":\"ListItem\",\"position\":1,\"name\":\"Home\",\"item\":\"https:\/\/vosgesinfo.fr\/saintdieinfo\/\"},{\"@type\":\"ListItem\",\"position\":2,\"name\":\"F\u00eate de la Musique\u00a0\u00e0 Saint-Di\u00e9-des-Vosges : les modifications de circulation et de stationnement\"}]},{\"@type\":\"WebSite\",\"@id\":\"https:\/\/vosgesinfo.fr\/saintdieinfo\/#website\",\"url\":\"https:\/\/vosgesinfo.fr\/saintdieinfo\/\",\"name\":\"Saint Die Info\",\"description\":\"Toute l&#039;actualit\u00e9 de Saint-Di\u00e9-Des-Vosges\",\"publisher\":{\"@id\":\"https:\/\/vosgesinfo.fr\/saintdieinfo\/#organization\"},\"alternateName\":\"Toute l'actualit\u00e9 de Saint-Di\u00e9-Des-Vosges\",\"potentialAction\":[{\"@type\":\"SearchAction\",\"target\":{\"@type\":\"EntryPoint\",\"urlTemplate\":\"https:\/\/vosgesinfo.fr\/saintdieinfo\/?s={search_term_string}\"},\"query-input\":\"required name=search_term_string\"}],\"inLanguage\":\"fr-FR\"},{\"@type\":\"Organization\",\"@id\":\"https:\/\/vosgesinfo.fr\/saintdieinfo\/#organization\",\"name\":\"Saint Die Info\",\"url\":\"https:\/\/vosgesinfo.fr\/saintdieinfo\/\",\"logo\":{\"@type\":\"ImageObject\",\"inLanguage\":\"fr-FR\",\"@id\":\"https:\/\/vosgesinfo.fr\/saintdieinfo\/#\/schema\/logo\/image\/\",\"url\":\"https:\/\/vosgesinfo.fr\/app\/uploads\/sites\/4\/2024\/02\/logo-sdi.jpg\",\"contentUrl\":\"https:\/\/vosgesinfo.fr\/app\/uploads\/sites\/4\/2024\/02\/logo-sdi.jpg\",\"width\":600,\"height\":600,\"caption\":\"Saint Die Info\"},\"image\":{\"@id\":\"https:\/\/vosgesinfo.fr\/saintdieinfo\/#\/schema\/logo\/image\/\"},\"sameAs\":[\"https:\/\/www.facebook.com\/Saintdieinfofr\",\"https:\/\/x.com\/VosgesInfo88\",\"https:\/\/www.youtube.com\/@vosgesinfo\"]},{\"@type\":\"Person\",\"@id\":\"https:\/\/vosgesinfo.fr\/saintdieinfo\/#\/schema\/person\/faee6704a21f3977511db84bd1cd450f\",\"name\":\"la r\u00e9daction\",\"image\":{\"@type\":\"ImageObject\",\"inLanguage\":\"fr-FR\",\"@id\":\"https:\/\/vosgesinfo.fr\/saintdieinfo\/#\/schema\/person\/image\/\",\"url\":\"https:\/\/secure.gravatar.com\/avatar\/6673d8bc6a9c17fa9a453eaa3448de834fa308c2ec9635b7aa99441a7c8d2cf6?s=96&d=mm&r=g\",\"contentUrl\":\"https:\/\/secure.gravatar.com\/avatar\/6673d8bc6a9c17fa9a453eaa3448de834fa308c2ec9635b7aa99441a7c8d2cf6?s=96&d=mm&r=g\",\"caption\":\"la r\u00e9daction\"},\"url\":\"https:\/\/vosgesinfo.fr\/saintdieinfo\/author\/redac\/\"}]}<\/script>\n<!-- \/ Yoast SEO plugin. -->","yoast_head_json":{"title":"F\u00eate de la Musique\u00a0\u00e0 Saint-Di\u00e9-des-Vosges : les modifications de circulation et de stationnement - Saint Die Info","robots":{"index":"index","follow":"follow","max-snippet":"max-snippet:-1","max-image-preview":"max-image-preview:large","max-video-preview":"max-video-preview:-1"},"canonical":"https:\/\/vosgesinfo.fr\/saintdieinfo\/2023\/06\/fete-de-musique-a-saint-die-vosges-modifications-de-circulation-de-stationnement\/","twitter_card":"summary_large_image","twitter_title":"F\u00eate de la Musique\u00a0\u00e0 Saint-Di\u00e9-des-Vosges : les modifications de circulation et de stationnement - Saint Die Info","twitter_description":"C&rsquo;est demain mercredi 21 juin que d\u00e9butera l&rsquo;\u00e9t\u00e9. Et qui dit premier jour de l&rsquo;\u00e9t\u00e9 dit F\u00eate de la Musique, [&hellip;]","twitter_image":"https:\/\/vosgesinfo.fr\/app\/uploads\/sites\/4\/2024\/08\/202206fete-musique-sddv-2022-25-1.jpg","twitter_creator":"@VosgesInfo88","twitter_site":"@VosgesInfo88","twitter_misc":{"\u00c9crit par":"la r\u00e9daction"},"schema":{"@context":"https:\/\/schema.org","@graph":[{"@type":"Article","@id":"https:\/\/vosgesinfo.fr\/saintdieinfo\/2023\/06\/fete-de-musique-a-saint-die-vosges-modifications-de-circulation-de-stationnement\/#article","isPartOf":{"@id":"https:\/\/vosgesinfo.fr\/saintdieinfo\/2023\/06\/fete-de-musique-a-saint-die-vosges-modifications-de-circulation-de-stationnement\/"},"author":{"name":"la r\u00e9daction","@id":"https:\/\/vosgesinfo.fr\/saintdieinfo\/#\/schema\/person\/faee6704a21f3977511db84bd1cd450f"},"headline":"F\u00eate de la Musique\u00a0\u00e0 Saint-Di\u00e9-des-Vosges : les modifications de circulation et de stationnement","datePublished":"2023-06-20T05:24:35+00:00","dateModified":"2023-06-20T05:24:35+00:00","mainEntityOfPage":{"@id":"https:\/\/vosgesinfo.fr\/saintdieinfo\/2023\/06\/fete-de-musique-a-saint-die-vosges-modifications-de-circulation-de-stationnement\/"},"wordCount":99,"commentCount":0,"publisher":{"@id":"https:\/\/vosgesinfo.fr\/saintdieinfo\/#organization"},"image":{"@id":"https:\/\/vosgesinfo.fr\/saintdieinfo\/2023\/06\/fete-de-musique-a-saint-die-vosges-modifications-de-circulation-de-stationnement\/#primaryimage"},"thumbnailUrl":"https:\/\/vosgesinfo.fr\/app\/uploads\/sites\/4\/2024\/08\/202206fete-musique-sddv-2022-25-1.jpg","keywords":["f\u00eate de la musique","F\u00eate de la Musique 2023"],"articleSection":["A la Une","Loisirs","Saint-Di\u00e9-des-Vosges et son Agglom\u00e9ration"],"inLanguage":"fr-FR","potentialAction":[{"@type":"CommentAction","name":"Comment","target":["https:\/\/vosgesinfo.fr\/saintdieinfo\/2023\/06\/fete-de-musique-a-saint-die-vosges-modifications-de-circulation-de-stationnement\/#respond"]}]},{"@type":"WebPage","@id":"https:\/\/vosgesinfo.fr\/saintdieinfo\/2023\/06\/fete-de-musique-a-saint-die-vosges-modifications-de-circulation-de-stationnement\/","url":"https:\/\/vosgesinfo.fr\/saintdieinfo\/2023\/06\/fete-de-musique-a-saint-die-vosges-modifications-de-circulation-de-stationnement\/","name":"F\u00eate de la Musique\u00a0\u00e0 Saint-Di\u00e9-des-Vosges : les modifications de circulation et de stationnement - Saint Die Info","isPartOf":{"@id":"https:\/\/vosgesinfo.fr\/saintdieinfo\/#website"},"primaryImageOfPage":{"@id":"https:\/\/vosgesinfo.fr\/saintdieinfo\/2023\/06\/fete-de-musique-a-saint-die-vosges-modifications-de-circulation-de-stationnement\/#primaryimage"},"image":{"@id":"https:\/\/vosgesinfo.fr\/saintdieinfo\/2023\/06\/fete-de-musique-a-saint-die-vosges-modifications-de-circulation-de-stationnement\/#primaryimage"},"thumbnailUrl":"https:\/\/vosgesinfo.fr\/app\/uploads\/sites\/4\/2024\/08\/202206fete-musique-sddv-2022-25-1.jpg","datePublished":"2023-06-20T05:24:35+00:00","dateModified":"2023-06-20T05:24:35+00:00","breadcrumb":{"@id":"https:\/\/vosgesinfo.fr\/saintdieinfo\/2023\/06\/fete-de-musique-a-saint-die-vosges-modifications-de-circulation-de-stationnement\/#breadcrumb"},"inLanguage":"fr-FR","potentialAction":[{"@type":"ReadAction","target":["https:\/\/vosgesinfo.fr\/saintdieinfo\/2023\/06\/fete-de-musique-a-saint-die-vosges-modifications-de-circulation-de-stationnement\/"]}]},{"@type":"ImageObject","inLanguage":"fr-FR","@id":"https:\/\/vosgesinfo.fr\/saintdieinfo\/2023\/06\/fete-de-musique-a-saint-die-vosges-modifications-de-circulation-de-stationnement\/#primaryimage","url":"https:\/\/vosgesinfo.fr\/app\/uploads\/sites\/4\/2024\/08\/202206fete-musique-sddv-2022-25-1.jpg","contentUrl":"https:\/\/vosgesinfo.fr\/app\/uploads\/sites\/4\/2024\/08\/202206fete-musique-sddv-2022-25-1.jpg","width":1600,"height":1205,"caption":"(Archive)"},{"@type":"BreadcrumbList","@id":"https:\/\/vosgesinfo.fr\/saintdieinfo\/2023\/06\/fete-de-musique-a-saint-die-vosges-modifications-de-circulation-de-stationnement\/#breadcrumb","itemListElement":[{"@type":"ListItem","position":1,"name":"Home","item":"https:\/\/vosgesinfo.fr\/saintdieinfo\/"},{"@type":"ListItem","position":2,"name":"F\u00eate de la Musique\u00a0\u00e0 Saint-Di\u00e9-des-Vosges : les modifications de circulation et de stationnement"}]},{"@type":"WebSite","@id":"https:\/\/vosgesinfo.fr\/saintdieinfo\/#website","url":"https:\/\/vosgesinfo.fr\/saintdieinfo\/","name":"Saint Die Info","description":"Toute l&#039;actualit\u00e9 de Saint-Di\u00e9-Des-Vosges","publisher":{"@id":"https:\/\/vosgesinfo.fr\/saintdieinfo\/#organization"},"alternateName":"Toute l'actualit\u00e9 de Saint-Di\u00e9-Des-Vosges","potentialAction":[{"@type":"SearchAction","target":{"@type":"EntryPoint","urlTemplate":"https:\/\/vosgesinfo.fr\/saintdieinfo\/?s={search_term_string}"},"query-input":"required name=search_term_string"}],"inLanguage":"fr-FR"},{"@type":"Organization","@id":"https:\/\/vosgesinfo.fr\/saintdieinfo\/#organization","name":"Saint Die Info","url":"https:\/\/vosgesinfo.fr\/saintdieinfo\/","logo":{"@type":"ImageObject","inLanguage":"fr-FR","@id":"https:\/\/vosgesinfo.fr\/saintdieinfo\/#\/schema\/logo\/image\/","url":"https:\/\/vosgesinfo.fr\/app\/uploads\/sites\/4\/2024\/02\/logo-sdi.jpg","contentUrl":"https:\/\/vosgesinfo.fr\/app\/uploads\/sites\/4\/2024\/02\/logo-sdi.jpg","width":600,"height":600,"caption":"Saint Die Info"},"image":{"@id":"https:\/\/vosgesinfo.fr\/saintdieinfo\/#\/schema\/logo\/image\/"},"sameAs":["https:\/\/www.facebook.com\/Saintdieinfofr","https:\/\/x.com\/VosgesInfo88","https:\/\/www.youtube.com\/@vosgesinfo"]},{"@type":"Person","@id":"https:\/\/vosgesinfo.fr\/saintdieinfo\/#\/schema\/person\/faee6704a21f3977511db84bd1cd450f","name":"la r\u00e9daction","image":{"@type":"ImageObject","inLanguage":"fr-FR","@id":"https:\/\/vosgesinfo.fr\/saintdieinfo\/#\/schema\/person\/image\/","url":"https:\/\/secure.gravatar.com\/avatar\/6673d8bc6a9c17fa9a453eaa3448de834fa308c2ec9635b7aa99441a7c8d2cf6?s=96&d=mm&r=g","contentUrl":"https:\/\/secure.gravatar.com\/avatar\/6673d8bc6a9c17fa9a453eaa3448de834fa308c2ec9635b7aa99441a7c8d2cf6?s=96&d=mm&r=g","caption":"la r\u00e9daction"},"url":"https:\/\/vosgesinfo.fr\/saintdieinfo\/author\/redac\/"}]}},"_links":{"self":[{"href":"https:\/\/vosgesinfo.fr\/saintdieinfo\/wp-json\/wp\/v2\/posts\/65909","targetHints":{"allow":["GET"]}}],"collection":[{"href":"https:\/\/vosgesinfo.fr\/saintdieinfo\/wp-json\/wp\/v2\/posts"}],"about":[{"href":"https:\/\/vosgesinfo.fr\/saintdieinfo\/wp-json\/wp\/v2\/types\/post"}],"author":[{"embeddable":true,"href":"https:\/\/vosgesinfo.fr\/saintdieinfo\/wp-json\/wp\/v2\/users\/44"}],"replies":[{"embeddable":true,"href":"https:\/\/vosgesinfo.fr\/saintdieinfo\/wp-json\/wp\/v2\/comments?post=65909"}],"version-history":[{"count":0,"href":"https:\/\/vosgesinfo.fr\/saintdieinfo\/wp-json\/wp\/v2\/posts\/65909\/revisions"}],"wp:featuredmedia":[{"embeddable":true,"href":"https:\/\/vosgesinfo.fr\/saintdieinfo\/wp-json\/wp\/v2\/media\/65910"}],"wp:attachment":[{"href":"https:\/\/vosgesinfo.fr\/saintdieinfo\/wp-json\/wp\/v2\/media?parent=65909"}],"wp:term":[{"taxonomy":"category","embeddable":true,"href":"https:\/\/vosgesinfo.fr\/saintdieinfo\/wp-json\/wp\/v2\/categories?post=65909"},{"taxonomy":"post_tag","embeddable":true,"href":"https:\/\/vosgesinfo.fr\/saintdieinfo\/wp-json\/wp\/v2\/tags?post=65909"}],"curies":[{"name":"wp","href":"https:\/\/api.w.org\/{rel}","templated":true}]}}