{"id":65946,"date":"2023-06-21T11:49:19","date_gmt":"2023-06-21T09:49:19","guid":{"rendered":"https:\/\/vosgesinfo.fr\/saintdieinfo\/2023\/06\/eveil-musical-elise-eschbach-1000-enfants-de-deodatie\/"},"modified":"2023-06-21T11:49:19","modified_gmt":"2023-06-21T09:49:19","slug":"eveil-musical-elise-eschbach-1000-enfants-de-deodatie","status":"publish","type":"post","link":"https:\/\/vosgesinfo.fr\/saintdieinfo\/2023\/06\/eveil-musical-elise-eschbach-1000-enfants-de-deodatie\/","title":{"rendered":"Eveil musical avec Elise Eschbach pour 1000 enfants de la D\u00e9odatie"},"content":{"rendered":"<p><a href=\"\/2023\/06\/Intervention_Elise_Eschbach-4.jpg\" target=\"_blank\" rel=\"noopener\"><img decoding=\"async\" class=\"aligncenter wp-image-202996 size-large\" src=\"\/2023\/06\/Intervention_Elise_Eschbach-4-1024x576.jpg\" alt=\"Intervention_Elise_Eschbach (4)\" width=\"960\" height=\"540\" \/><\/a><\/p>\n<h2><strong><span style=\"font-size: 14pt;\">Sign\u00e9 \u00e0 l&rsquo;automne 2020, le Contrat Territorial d&rsquo;Education Artistique et Culturelle \u2013 CTEAC \u2013 \u00e9mane de la volont\u00e9 de la Communaut\u00e9 d&rsquo;Agglom\u00e9ration de Saint-Di\u00e9-des-Vosges de d\u00e9velopper des actions d&rsquo;\u00e9ducation artistique et culturelle prenant en compte tous les temps de la vie des jeunes. Soit les temps de l&rsquo;\u00e9veil et scolaire, ainsi que les temps p\u00e9riscolaire, extrascolaire et familial.<\/span><\/strong><\/h2>\n<p><!--more--><\/p>\n<p>C&rsquo;est dans le cadre du CTEAC que la musicienne-intervenante Elise Eschbach m\u00e8ne une action d&rsquo;\u00e9veil musical aupr\u00e8s d&rsquo;enfants de la D\u00e9odatie. Ce projet a pu voir le jour gr\u00e2ce \u00e0 un partenariat avec le Conservatoire Olivier-Douchain, qui met \u00e0 disposition Elise Eschbach du CTEAC. Originaire d&rsquo;Alsace, cette derni\u00e8re est dipl\u00f4m\u00e9e du Dipl\u00f4me Universitaire de Musicien-Intervenant \u2013 DUMI \u2013 et dispose d&rsquo;une riche exp\u00e9rience en banlieue parisienne, notamment aupr\u00e8s d&rsquo;\u00e9l\u00e8ves \u00e2g\u00e9s de 6 \u00e0 10 ans.<\/p>\n<p>Tout au long de l&rsquo;ann\u00e9e scolaire, de fin septembre \u00e0 d\u00e9but juin, c&rsquo;est accompagn\u00e9e de sa guitare et de plusieurs figures d&rsquo;animaux que Elise Escbach est intervenue dans les 22 structures b\u00e9n\u00e9ficiaires de cette action, r\u00e9parties sur tout le territoire intercommunal, en proposant des temps d&rsquo;\u00e9coute, de chant et de manipulation d&rsquo;instruments, \u00e0 pr\u00e8s de 1000 enfants lors de 339 s\u00e9ances.<\/p>\n<p>Des interventions en temps scolaire qui donnent lieu \u00e0 des restitutions, qui ont d\u00e9but\u00e9 aux \u00e9coles La Neuveville et Les Tilleuls de Raon-l&rsquo;Etape. Les restitutions se poursuivront ces prochaines semaines, avec une de pr\u00e9vue le samedi 24 juin \u00e0 l&rsquo;\u00e9cole de La Bourgonce et une autre le samedi 1er juillet \u00e0 la salle Michel-Heissat d&rsquo;Etival-Clairefontaine. Une derni\u00e8re restitution est programm\u00e9e \u00e0 l&rsquo;\u00e9cole de Saint-Michel-sur-Meurthe, \u00e0 une date qui sera prochainement d\u00e9finie.<\/p>\n<p>J.J.<\/p>\n<p><a href=\"\/2023\/06\/Intervention_Elise_Eschbach-5.jpg\" target=\"_blank\" rel=\"noopener\"><img decoding=\"async\" class=\"aligncenter wp-image-203004 size-large\" src=\"\/2023\/06\/Intervention_Elise_Eschbach-5-576x1024.jpg\" alt=\"Intervention_Elise_Eschbach (5)\" width=\"576\" height=\"1024\" \/><\/a><\/p>\n","protected":false},"excerpt":{"rendered":"<p>Sign\u00e9 \u00e0 l&rsquo;automne 2020, le Contrat Territorial d&rsquo;Education Artistique et Culturelle \u2013 CTEAC \u2013 \u00e9mane de la volont\u00e9 de la [&hellip;]<\/p>\n","protected":false},"author":44,"featured_media":65947,"comment_status":"open","ping_status":"open","sticky":false,"template":"","format":"standard","meta":{"footnotes":""},"categories":[460,6,3532,20,2915],"tags":[4584,3838,3481,14593],"class_list":["post-65946","post","type-post","status-publish","format-standard","has-post-thumbnail","hentry","category-a-la-une","category-education","category-enfants","category-loisirs","category-saint-die-son-canton","tag-conservatoire-olivier-douchain","tag-contrat-territorial-deducation-artistique-et-culturelle","tag-cteac-de-la-communaute-dagglomeration-de-saint-die-des-vosges","tag-elise-eschbach"],"acf":[],"yoast_head":"<!-- This site is optimized with the Yoast SEO plugin v22.5 - https:\/\/yoast.com\/wordpress\/plugins\/seo\/ -->\n<title>Eveil musical avec Elise Eschbach pour 1000 enfants de la D\u00e9odatie - Saint Die Info<\/title>\n<meta name=\"robots\" content=\"index, follow, max-snippet:-1, max-image-preview:large, max-video-preview:-1\" \/>\n<link rel=\"canonical\" href=\"https:\/\/vosgesinfo.fr\/saintdieinfo\/2023\/06\/eveil-musical-elise-eschbach-1000-enfants-de-deodatie\/\" \/>\n<meta name=\"twitter:card\" content=\"summary_large_image\" \/>\n<meta name=\"twitter:title\" content=\"Eveil musical avec Elise Eschbach pour 1000 enfants de la D\u00e9odatie - Saint Die Info\" \/>\n<meta name=\"twitter:description\" content=\"Sign\u00e9 \u00e0 l&rsquo;automne 2020, le Contrat Territorial d&rsquo;Education Artistique et Culturelle \u2013 CTEAC \u2013 \u00e9mane de la volont\u00e9 de la [&hellip;]\" \/>\n<meta name=\"twitter:image\" content=\"https:\/\/vosgesinfo.fr\/app\/uploads\/sites\/4\/2024\/08\/202306intervention-elise-eschbach-4.jpg\" \/>\n<meta name=\"twitter:creator\" content=\"@VosgesInfo88\" \/>\n<meta name=\"twitter:site\" content=\"@VosgesInfo88\" \/>\n<meta name=\"twitter:label1\" content=\"\u00c9crit par\" \/>\n\t<meta name=\"twitter:data1\" content=\"la r\u00e9daction\" \/>\n\t<meta name=\"twitter:label2\" content=\"Dur\u00e9e de lecture estim\u00e9e\" \/>\n\t<meta name=\"twitter:data2\" content=\"1 minute\" \/>\n<script type=\"application\/ld+json\" class=\"yoast-schema-graph\">{\"@context\":\"https:\/\/schema.org\",\"@graph\":[{\"@type\":\"Article\",\"@id\":\"https:\/\/vosgesinfo.fr\/saintdieinfo\/2023\/06\/eveil-musical-elise-eschbach-1000-enfants-de-deodatie\/#article\",\"isPartOf\":{\"@id\":\"https:\/\/vosgesinfo.fr\/saintdieinfo\/2023\/06\/eveil-musical-elise-eschbach-1000-enfants-de-deodatie\/\"},\"author\":{\"name\":\"la r\u00e9daction\",\"@id\":\"https:\/\/vosgesinfo.fr\/saintdieinfo\/#\/schema\/person\/faee6704a21f3977511db84bd1cd450f\"},\"headline\":\"Eveil musical avec Elise Eschbach pour 1000 enfants de la D\u00e9odatie\",\"datePublished\":\"2023-06-21T09:49:19+00:00\",\"dateModified\":\"2023-06-21T09:49:19+00:00\",\"mainEntityOfPage\":{\"@id\":\"https:\/\/vosgesinfo.fr\/saintdieinfo\/2023\/06\/eveil-musical-elise-eschbach-1000-enfants-de-deodatie\/\"},\"wordCount\":305,\"commentCount\":0,\"publisher\":{\"@id\":\"https:\/\/vosgesinfo.fr\/saintdieinfo\/#organization\"},\"image\":{\"@id\":\"https:\/\/vosgesinfo.fr\/saintdieinfo\/2023\/06\/eveil-musical-elise-eschbach-1000-enfants-de-deodatie\/#primaryimage\"},\"thumbnailUrl\":\"https:\/\/vosgesinfo.fr\/app\/uploads\/sites\/4\/2024\/08\/202306intervention-elise-eschbach-4.jpg\",\"keywords\":[\"Conservatoire Olivier-Douchain\",\"Contrat Territorial d'Education Artistique et Culturelle\",\"CTEAC de la Communaut\u00e9 d'Agglom\u00e9ration de Saint-Di\u00e9-des-Vosges\",\"Elise Eschbach\"],\"articleSection\":[\"A la Une\",\"\u00c9ducation\",\"Enfants\",\"Loisirs\",\"Saint-Di\u00e9-des-Vosges et son Agglom\u00e9ration\"],\"inLanguage\":\"fr-FR\",\"potentialAction\":[{\"@type\":\"CommentAction\",\"name\":\"Comment\",\"target\":[\"https:\/\/vosgesinfo.fr\/saintdieinfo\/2023\/06\/eveil-musical-elise-eschbach-1000-enfants-de-deodatie\/#respond\"]}]},{\"@type\":\"WebPage\",\"@id\":\"https:\/\/vosgesinfo.fr\/saintdieinfo\/2023\/06\/eveil-musical-elise-eschbach-1000-enfants-de-deodatie\/\",\"url\":\"https:\/\/vosgesinfo.fr\/saintdieinfo\/2023\/06\/eveil-musical-elise-eschbach-1000-enfants-de-deodatie\/\",\"name\":\"Eveil musical avec Elise Eschbach pour 1000 enfants de la D\u00e9odatie - Saint Die Info\",\"isPartOf\":{\"@id\":\"https:\/\/vosgesinfo.fr\/saintdieinfo\/#website\"},\"primaryImageOfPage\":{\"@id\":\"https:\/\/vosgesinfo.fr\/saintdieinfo\/2023\/06\/eveil-musical-elise-eschbach-1000-enfants-de-deodatie\/#primaryimage\"},\"image\":{\"@id\":\"https:\/\/vosgesinfo.fr\/saintdieinfo\/2023\/06\/eveil-musical-elise-eschbach-1000-enfants-de-deodatie\/#primaryimage\"},\"thumbnailUrl\":\"https:\/\/vosgesinfo.fr\/app\/uploads\/sites\/4\/2024\/08\/202306intervention-elise-eschbach-4.jpg\",\"datePublished\":\"2023-06-21T09:49:19+00:00\",\"dateModified\":\"2023-06-21T09:49:19+00:00\",\"breadcrumb\":{\"@id\":\"https:\/\/vosgesinfo.fr\/saintdieinfo\/2023\/06\/eveil-musical-elise-eschbach-1000-enfants-de-deodatie\/#breadcrumb\"},\"inLanguage\":\"fr-FR\",\"potentialAction\":[{\"@type\":\"ReadAction\",\"target\":[\"https:\/\/vosgesinfo.fr\/saintdieinfo\/2023\/06\/eveil-musical-elise-eschbach-1000-enfants-de-deodatie\/\"]}]},{\"@type\":\"ImageObject\",\"inLanguage\":\"fr-FR\",\"@id\":\"https:\/\/vosgesinfo.fr\/saintdieinfo\/2023\/06\/eveil-musical-elise-eschbach-1000-enfants-de-deodatie\/#primaryimage\",\"url\":\"https:\/\/vosgesinfo.fr\/app\/uploads\/sites\/4\/2024\/08\/202306intervention-elise-eschbach-4.jpg\",\"contentUrl\":\"https:\/\/vosgesinfo.fr\/app\/uploads\/sites\/4\/2024\/08\/202306intervention-elise-eschbach-4.jpg\",\"width\":1921,\"height\":1080},{\"@type\":\"BreadcrumbList\",\"@id\":\"https:\/\/vosgesinfo.fr\/saintdieinfo\/2023\/06\/eveil-musical-elise-eschbach-1000-enfants-de-deodatie\/#breadcrumb\",\"itemListElement\":[{\"@type\":\"ListItem\",\"position\":1,\"name\":\"Home\",\"item\":\"https:\/\/vosgesinfo.fr\/saintdieinfo\/\"},{\"@type\":\"ListItem\",\"position\":2,\"name\":\"Eveil musical avec Elise Eschbach pour 1000 enfants de la D\u00e9odatie\"}]},{\"@type\":\"WebSite\",\"@id\":\"https:\/\/vosgesinfo.fr\/saintdieinfo\/#website\",\"url\":\"https:\/\/vosgesinfo.fr\/saintdieinfo\/\",\"name\":\"Saint Die Info\",\"description\":\"Toute l&#039;actualit\u00e9 de Saint-Di\u00e9-Des-Vosges\",\"publisher\":{\"@id\":\"https:\/\/vosgesinfo.fr\/saintdieinfo\/#organization\"},\"alternateName\":\"Toute l'actualit\u00e9 de Saint-Di\u00e9-Des-Vosges\",\"potentialAction\":[{\"@type\":\"SearchAction\",\"target\":{\"@type\":\"EntryPoint\",\"urlTemplate\":\"https:\/\/vosgesinfo.fr\/saintdieinfo\/?s={search_term_string}\"},\"query-input\":\"required name=search_term_string\"}],\"inLanguage\":\"fr-FR\"},{\"@type\":\"Organization\",\"@id\":\"https:\/\/vosgesinfo.fr\/saintdieinfo\/#organization\",\"name\":\"Saint Die Info\",\"url\":\"https:\/\/vosgesinfo.fr\/saintdieinfo\/\",\"logo\":{\"@type\":\"ImageObject\",\"inLanguage\":\"fr-FR\",\"@id\":\"https:\/\/vosgesinfo.fr\/saintdieinfo\/#\/schema\/logo\/image\/\",\"url\":\"https:\/\/vosgesinfo.fr\/app\/uploads\/sites\/4\/2024\/02\/logo-sdi.jpg\",\"contentUrl\":\"https:\/\/vosgesinfo.fr\/app\/uploads\/sites\/4\/2024\/02\/logo-sdi.jpg\",\"width\":600,\"height\":600,\"caption\":\"Saint Die Info\"},\"image\":{\"@id\":\"https:\/\/vosgesinfo.fr\/saintdieinfo\/#\/schema\/logo\/image\/\"},\"sameAs\":[\"https:\/\/www.facebook.com\/Saintdieinfofr\",\"https:\/\/x.com\/VosgesInfo88\",\"https:\/\/www.youtube.com\/@vosgesinfo\"]},{\"@type\":\"Person\",\"@id\":\"https:\/\/vosgesinfo.fr\/saintdieinfo\/#\/schema\/person\/faee6704a21f3977511db84bd1cd450f\",\"name\":\"la r\u00e9daction\",\"image\":{\"@type\":\"ImageObject\",\"inLanguage\":\"fr-FR\",\"@id\":\"https:\/\/vosgesinfo.fr\/saintdieinfo\/#\/schema\/person\/image\/\",\"url\":\"https:\/\/secure.gravatar.com\/avatar\/6673d8bc6a9c17fa9a453eaa3448de834fa308c2ec9635b7aa99441a7c8d2cf6?s=96&d=mm&r=g\",\"contentUrl\":\"https:\/\/secure.gravatar.com\/avatar\/6673d8bc6a9c17fa9a453eaa3448de834fa308c2ec9635b7aa99441a7c8d2cf6?s=96&d=mm&r=g\",\"caption\":\"la r\u00e9daction\"},\"url\":\"https:\/\/vosgesinfo.fr\/saintdieinfo\/author\/redac\/\"}]}<\/script>\n<!-- \/ Yoast SEO plugin. -->","yoast_head_json":{"title":"Eveil musical avec Elise Eschbach pour 1000 enfants de la D\u00e9odatie - Saint Die Info","robots":{"index":"index","follow":"follow","max-snippet":"max-snippet:-1","max-image-preview":"max-image-preview:large","max-video-preview":"max-video-preview:-1"},"canonical":"https:\/\/vosgesinfo.fr\/saintdieinfo\/2023\/06\/eveil-musical-elise-eschbach-1000-enfants-de-deodatie\/","twitter_card":"summary_large_image","twitter_title":"Eveil musical avec Elise Eschbach pour 1000 enfants de la D\u00e9odatie - Saint Die Info","twitter_description":"Sign\u00e9 \u00e0 l&rsquo;automne 2020, le Contrat Territorial d&rsquo;Education Artistique et Culturelle \u2013 CTEAC \u2013 \u00e9mane de la volont\u00e9 de la [&hellip;]","twitter_image":"https:\/\/vosgesinfo.fr\/app\/uploads\/sites\/4\/2024\/08\/202306intervention-elise-eschbach-4.jpg","twitter_creator":"@VosgesInfo88","twitter_site":"@VosgesInfo88","twitter_misc":{"\u00c9crit par":"la r\u00e9daction","Dur\u00e9e de lecture estim\u00e9e":"1 minute"},"schema":{"@context":"https:\/\/schema.org","@graph":[{"@type":"Article","@id":"https:\/\/vosgesinfo.fr\/saintdieinfo\/2023\/06\/eveil-musical-elise-eschbach-1000-enfants-de-deodatie\/#article","isPartOf":{"@id":"https:\/\/vosgesinfo.fr\/saintdieinfo\/2023\/06\/eveil-musical-elise-eschbach-1000-enfants-de-deodatie\/"},"author":{"name":"la r\u00e9daction","@id":"https:\/\/vosgesinfo.fr\/saintdieinfo\/#\/schema\/person\/faee6704a21f3977511db84bd1cd450f"},"headline":"Eveil musical avec Elise Eschbach pour 1000 enfants de la D\u00e9odatie","datePublished":"2023-06-21T09:49:19+00:00","dateModified":"2023-06-21T09:49:19+00:00","mainEntityOfPage":{"@id":"https:\/\/vosgesinfo.fr\/saintdieinfo\/2023\/06\/eveil-musical-elise-eschbach-1000-enfants-de-deodatie\/"},"wordCount":305,"commentCount":0,"publisher":{"@id":"https:\/\/vosgesinfo.fr\/saintdieinfo\/#organization"},"image":{"@id":"https:\/\/vosgesinfo.fr\/saintdieinfo\/2023\/06\/eveil-musical-elise-eschbach-1000-enfants-de-deodatie\/#primaryimage"},"thumbnailUrl":"https:\/\/vosgesinfo.fr\/app\/uploads\/sites\/4\/2024\/08\/202306intervention-elise-eschbach-4.jpg","keywords":["Conservatoire Olivier-Douchain","Contrat Territorial d'Education Artistique et Culturelle","CTEAC de la Communaut\u00e9 d'Agglom\u00e9ration de Saint-Di\u00e9-des-Vosges","Elise Eschbach"],"articleSection":["A la Une","\u00c9ducation","Enfants","Loisirs","Saint-Di\u00e9-des-Vosges et son Agglom\u00e9ration"],"inLanguage":"fr-FR","potentialAction":[{"@type":"CommentAction","name":"Comment","target":["https:\/\/vosgesinfo.fr\/saintdieinfo\/2023\/06\/eveil-musical-elise-eschbach-1000-enfants-de-deodatie\/#respond"]}]},{"@type":"WebPage","@id":"https:\/\/vosgesinfo.fr\/saintdieinfo\/2023\/06\/eveil-musical-elise-eschbach-1000-enfants-de-deodatie\/","url":"https:\/\/vosgesinfo.fr\/saintdieinfo\/2023\/06\/eveil-musical-elise-eschbach-1000-enfants-de-deodatie\/","name":"Eveil musical avec Elise Eschbach pour 1000 enfants de la D\u00e9odatie - Saint Die Info","isPartOf":{"@id":"https:\/\/vosgesinfo.fr\/saintdieinfo\/#website"},"primaryImageOfPage":{"@id":"https:\/\/vosgesinfo.fr\/saintdieinfo\/2023\/06\/eveil-musical-elise-eschbach-1000-enfants-de-deodatie\/#primaryimage"},"image":{"@id":"https:\/\/vosgesinfo.fr\/saintdieinfo\/2023\/06\/eveil-musical-elise-eschbach-1000-enfants-de-deodatie\/#primaryimage"},"thumbnailUrl":"https:\/\/vosgesinfo.fr\/app\/uploads\/sites\/4\/2024\/08\/202306intervention-elise-eschbach-4.jpg","datePublished":"2023-06-21T09:49:19+00:00","dateModified":"2023-06-21T09:49:19+00:00","breadcrumb":{"@id":"https:\/\/vosgesinfo.fr\/saintdieinfo\/2023\/06\/eveil-musical-elise-eschbach-1000-enfants-de-deodatie\/#breadcrumb"},"inLanguage":"fr-FR","potentialAction":[{"@type":"ReadAction","target":["https:\/\/vosgesinfo.fr\/saintdieinfo\/2023\/06\/eveil-musical-elise-eschbach-1000-enfants-de-deodatie\/"]}]},{"@type":"ImageObject","inLanguage":"fr-FR","@id":"https:\/\/vosgesinfo.fr\/saintdieinfo\/2023\/06\/eveil-musical-elise-eschbach-1000-enfants-de-deodatie\/#primaryimage","url":"https:\/\/vosgesinfo.fr\/app\/uploads\/sites\/4\/2024\/08\/202306intervention-elise-eschbach-4.jpg","contentUrl":"https:\/\/vosgesinfo.fr\/app\/uploads\/sites\/4\/2024\/08\/202306intervention-elise-eschbach-4.jpg","width":1921,"height":1080},{"@type":"BreadcrumbList","@id":"https:\/\/vosgesinfo.fr\/saintdieinfo\/2023\/06\/eveil-musical-elise-eschbach-1000-enfants-de-deodatie\/#breadcrumb","itemListElement":[{"@type":"ListItem","position":1,"name":"Home","item":"https:\/\/vosgesinfo.fr\/saintdieinfo\/"},{"@type":"ListItem","position":2,"name":"Eveil musical avec Elise Eschbach pour 1000 enfants de la D\u00e9odatie"}]},{"@type":"WebSite","@id":"https:\/\/vosgesinfo.fr\/saintdieinfo\/#website","url":"https:\/\/vosgesinfo.fr\/saintdieinfo\/","name":"Saint Die Info","description":"Toute l&#039;actualit\u00e9 de Saint-Di\u00e9-Des-Vosges","publisher":{"@id":"https:\/\/vosgesinfo.fr\/saintdieinfo\/#organization"},"alternateName":"Toute l'actualit\u00e9 de Saint-Di\u00e9-Des-Vosges","potentialAction":[{"@type":"SearchAction","target":{"@type":"EntryPoint","urlTemplate":"https:\/\/vosgesinfo.fr\/saintdieinfo\/?s={search_term_string}"},"query-input":"required name=search_term_string"}],"inLanguage":"fr-FR"},{"@type":"Organization","@id":"https:\/\/vosgesinfo.fr\/saintdieinfo\/#organization","name":"Saint Die Info","url":"https:\/\/vosgesinfo.fr\/saintdieinfo\/","logo":{"@type":"ImageObject","inLanguage":"fr-FR","@id":"https:\/\/vosgesinfo.fr\/saintdieinfo\/#\/schema\/logo\/image\/","url":"https:\/\/vosgesinfo.fr\/app\/uploads\/sites\/4\/2024\/02\/logo-sdi.jpg","contentUrl":"https:\/\/vosgesinfo.fr\/app\/uploads\/sites\/4\/2024\/02\/logo-sdi.jpg","width":600,"height":600,"caption":"Saint Die Info"},"image":{"@id":"https:\/\/vosgesinfo.fr\/saintdieinfo\/#\/schema\/logo\/image\/"},"sameAs":["https:\/\/www.facebook.com\/Saintdieinfofr","https:\/\/x.com\/VosgesInfo88","https:\/\/www.youtube.com\/@vosgesinfo"]},{"@type":"Person","@id":"https:\/\/vosgesinfo.fr\/saintdieinfo\/#\/schema\/person\/faee6704a21f3977511db84bd1cd450f","name":"la r\u00e9daction","image":{"@type":"ImageObject","inLanguage":"fr-FR","@id":"https:\/\/vosgesinfo.fr\/saintdieinfo\/#\/schema\/person\/image\/","url":"https:\/\/secure.gravatar.com\/avatar\/6673d8bc6a9c17fa9a453eaa3448de834fa308c2ec9635b7aa99441a7c8d2cf6?s=96&d=mm&r=g","contentUrl":"https:\/\/secure.gravatar.com\/avatar\/6673d8bc6a9c17fa9a453eaa3448de834fa308c2ec9635b7aa99441a7c8d2cf6?s=96&d=mm&r=g","caption":"la r\u00e9daction"},"url":"https:\/\/vosgesinfo.fr\/saintdieinfo\/author\/redac\/"}]}},"_links":{"self":[{"href":"https:\/\/vosgesinfo.fr\/saintdieinfo\/wp-json\/wp\/v2\/posts\/65946","targetHints":{"allow":["GET"]}}],"collection":[{"href":"https:\/\/vosgesinfo.fr\/saintdieinfo\/wp-json\/wp\/v2\/posts"}],"about":[{"href":"https:\/\/vosgesinfo.fr\/saintdieinfo\/wp-json\/wp\/v2\/types\/post"}],"author":[{"embeddable":true,"href":"https:\/\/vosgesinfo.fr\/saintdieinfo\/wp-json\/wp\/v2\/users\/44"}],"replies":[{"embeddable":true,"href":"https:\/\/vosgesinfo.fr\/saintdieinfo\/wp-json\/wp\/v2\/comments?post=65946"}],"version-history":[{"count":0,"href":"https:\/\/vosgesinfo.fr\/saintdieinfo\/wp-json\/wp\/v2\/posts\/65946\/revisions"}],"wp:featuredmedia":[{"embeddable":true,"href":"https:\/\/vosgesinfo.fr\/saintdieinfo\/wp-json\/wp\/v2\/media\/65947"}],"wp:attachment":[{"href":"https:\/\/vosgesinfo.fr\/saintdieinfo\/wp-json\/wp\/v2\/media?parent=65946"}],"wp:term":[{"taxonomy":"category","embeddable":true,"href":"https:\/\/vosgesinfo.fr\/saintdieinfo\/wp-json\/wp\/v2\/categories?post=65946"},{"taxonomy":"post_tag","embeddable":true,"href":"https:\/\/vosgesinfo.fr\/saintdieinfo\/wp-json\/wp\/v2\/tags?post=65946"}],"curies":[{"name":"wp","href":"https:\/\/api.w.org\/{rel}","templated":true}]}}