{"id":65949,"date":"2023-06-21T13:52:40","date_gmt":"2023-06-21T11:52:40","guid":{"rendered":"https:\/\/vosgesinfo.fr\/saintdieinfo\/2023\/06\/club-coeur-sante-de-saint-die-vosges-a-fete-benevoles\/"},"modified":"2023-06-21T13:52:40","modified_gmt":"2023-06-21T11:52:40","slug":"club-coeur-sante-de-saint-die-vosges-a-fete-benevoles","status":"publish","type":"post","link":"https:\/\/vosgesinfo.fr\/saintdieinfo\/2023\/06\/club-coeur-sante-de-saint-die-vosges-a-fete-benevoles\/","title":{"rendered":"Le club Coeur et Sant\u00e9 de Saint-Di\u00e9-des-Vosges a f\u00eat\u00e9 ses b\u00e9n\u00e9voles"},"content":{"rendered":"<div id=\"attachment_203019\" style=\"width: 970px\" class=\"wp-caption aligncenter\"><a href=\"\/2023\/06\/fete-des-benevoles-20-06-2023-scaled.jpg\" target=\"_blank\" rel=\"noopener\"><img decoding=\"async\" aria-describedby=\"caption-attachment-203019\" class=\"wp-image-203019 size-large\" src=\"\/2023\/06\/fete-des-benevoles-20-06-2023-scaled-1024x487.jpg\" alt=\"fete-des-benevoles-20-06-2023-scaled\" width=\"960\" height=\"457\" \/><\/a><p id=\"caption-attachment-203019\" class=\"wp-caption-text\">(Photographies Club Coeur et Sant\u00e9 de Saint-Di\u00e9-des-Vosges)<\/p><\/div>\n<h2><strong><span style=\"font-size: 14pt;\">Ce mardi 20 juin a eu lieu la f\u00eate des b\u00e9n\u00e9voles du club Coeur et Sant\u00e9 de Saint-Di\u00e9-des-Vosges, qui est aussi un des grands moments de convivialit\u00e9 du club.<\/span><\/strong><\/h2>\n<p><!--more--><\/p>\n<p>Cette manifestation traditionnelle de fin d&rsquo;ann\u00e9e scolaire qui s\u2019est tenue \u00e0 Beaulieu Parc \u00e0 Etival-Clairefontaine a r\u00e9uni 71 personnes soit plus de la moiti\u00e9 des adh\u00e9rents. La marche sur les hauteurs de la cit\u00e9 papeti\u00e8re qui \u00e9tait pr\u00e9vue a \u00e9t\u00e9 annul\u00e9e en raison de la m\u00e9t\u00e9o (temp\u00e9rature pr\u00e9vue \u00e0 31\u00b0C et risque d\u2019orages avec fortes rafales de vent).<\/p>\n<p>Le pr\u00e9sident Michel Antoine a chaleureusement remerci\u00e9 les 61 adh\u00e9rents, soit pr\u00e9s de la moiti\u00e9 des adh\u00e9rents de l&rsquo;association, qui se sont investis tout au long de l\u2019ann\u00e9e pour l\u2019encadrement des activit\u00e9s r\u00e9guli\u00e8res du club :<\/p>\n<ul>\n<li>marches du samedi et certains dimanches et vendredis, auxquelles s\u2019ajoutent des sorties sur les cr\u00eates (observation des chamois et raquettes)<\/li>\n<li>marche nordique le lundi (ou, si ce dernier est f\u00e9ri\u00e9, le mardi),<\/li>\n<li>sortie en v\u00e9lo du jeudi et du dimanche matin et randonn\u00e9e de 4 jours en juin,<\/li>\n<li>gymnastique le lundi.<\/li>\n<\/ul>\n<p>Mais les b\u00e9n\u00e9voles ont aussi tr\u00e8s nombreux pour les grandes actions en direction du public.<\/p>\n<ul>\n<li>Semaine du Coeur fin septembre (avec une marche, une randonn\u00e9e urbaine en v\u00e9lo et une conf\u00e9rence)<\/li>\n<li>Gestes qui sauvent tout au long de l\u2019ann\u00e9e, gr\u00e2ce \u00e0 31 b\u00e9n\u00e9voles, pour les scolaires (les 24 et 25 novembre pour les CM2, le 13 juin pour les \u00e9l\u00e8ves de 5\u00e8me du coll\u00e8ge Jules Ferry et le 16 juin pour la classe de l\u2019ASVSA \u00e0 Foucharupt) et pour le grand public (\u00e0 Saint-Di\u00e9 le 24 novembre et le 25 mai, \u00e0 Bertrimoutier le 6 mai, \u00e0 Bruy\u00e8res le 10 juin et Nayemont les Fosses le 14 juin et lors du Parcours du Coeur).<\/li>\n<\/ul>\n<ul>\n<li>Parcours Coeur scolaire le 6 avril et grand public le 16 avril (61 b\u00e9n\u00e9voles mobilis\u00e9s pour ces deux manifestations).<\/li>\n<\/ul>\n<p>Enfin il faut aussi rappeler le r\u00f4le des partenaires du club Coeur et Sant\u00e9 qui permettent la mise en place de nos actions :<\/p>\n<ul>\n<li>L\u2019Education nationale, la Ville, l\u2019h\u00f4pital et l\u2019Institut de Formation en Soins Infirmiers,<\/li>\n<li>Les moniteurs pour la formation aux gestes qui sauvent (Croix Rouge, Gendarmerie, Protection Civile, Sapeurs Pompiers, SNS, Ufolep) ainsi plusieurs professionnels de sant\u00e9 b\u00e9n\u00e9voles,<\/li>\n<li>L\u2019engrenage notre partenaire pour la randonn\u00e9e urbaine en v\u00e9lo de la semaine du Coeur.<\/li>\n<\/ul>\n<p>Si l\u2019ann\u00e9e scolaire va se terminer le 7 juillet, l\u2019\u00e9t\u00e9 ne sera pas pour autant le temps des vacances, puisque trois des principales activit\u00e9s du club se poursuivent :<\/p>\n<ul>\n<li>durant les mois de juillet et ao\u00fbt pour la marche nordique (sauf le 14 ao\u00fbt) et le v\u00e9lo (avec pour les cyclistes deux grandes sorties de la journ\u00e9e les 20 juillet et 24 ao\u00fbt).<\/li>\n<li>marche du samedi jusqu\u2019au 22 juillet.<\/li>\n<\/ul>\n<p>D\u00e9but septembre, ce sont l\u2019ensemble des activit\u00e9s qui vont reprendre avec comme temps forts pour le premier trimestre 2023-2024 :<\/p>\n<ul>\n<li>Semaine du Coeur en septembre (v\u00e9lo le samedi 23 et marche le dimanche 24),<\/li>\n<li>Gestes qui sauvent en novembre (scolaires les 23 et 24 et grand public le 23 \u00e0 18 h 15).<\/li>\n<\/ul>\n<p>En attendant, le Club Coeur et Sant\u00e9 vous souhaite un bon \u00e9t\u00e9, \u00e0 toutes et \u00e0 tous.<\/p>\n\n","protected":false},"excerpt":{"rendered":"<p>Ce mardi 20 juin a eu lieu la f\u00eate des b\u00e9n\u00e9voles du club Coeur et Sant\u00e9 de Saint-Di\u00e9-des-Vosges, qui est [&hellip;]<\/p>\n","protected":false},"author":44,"featured_media":65950,"comment_status":"open","ping_status":"open","sticky":false,"template":"","format":"standard","meta":{"footnotes":""},"categories":[460,2915,17],"tags":[3314],"class_list":["post-65949","post","type-post","status-publish","format-standard","has-post-thumbnail","hentry","category-a-la-une","category-saint-die-son-canton","category-vie-associative","tag-club-coeur-et-sante-de-saint-die-des-vosges"],"acf":[],"yoast_head":"<!-- This site is optimized with the Yoast SEO plugin v22.5 - https:\/\/yoast.com\/wordpress\/plugins\/seo\/ -->\n<title>Le club Coeur et Sant\u00e9 de Saint-Di\u00e9-des-Vosges a f\u00eat\u00e9 ses b\u00e9n\u00e9voles - Saint Die Info<\/title>\n<meta name=\"robots\" content=\"index, follow, max-snippet:-1, max-image-preview:large, max-video-preview:-1\" \/>\n<link rel=\"canonical\" href=\"https:\/\/vosgesinfo.fr\/saintdieinfo\/2023\/06\/club-coeur-sante-de-saint-die-vosges-a-fete-benevoles\/\" \/>\n<meta name=\"twitter:card\" content=\"summary_large_image\" \/>\n<meta name=\"twitter:title\" content=\"Le club Coeur et Sant\u00e9 de Saint-Di\u00e9-des-Vosges a f\u00eat\u00e9 ses b\u00e9n\u00e9voles - Saint Die Info\" \/>\n<meta name=\"twitter:description\" content=\"Ce mardi 20 juin a eu lieu la f\u00eate des b\u00e9n\u00e9voles du club Coeur et Sant\u00e9 de Saint-Di\u00e9-des-Vosges, qui est [&hellip;]\" \/>\n<meta name=\"twitter:image\" content=\"https:\/\/vosgesinfo.fr\/app\/uploads\/sites\/4\/2024\/08\/202306fete-des-benevoles-20-06-2023-scaled-1.jpg\" \/>\n<meta name=\"twitter:creator\" content=\"@VosgesInfo88\" \/>\n<meta name=\"twitter:site\" content=\"@VosgesInfo88\" \/>\n<meta name=\"twitter:label1\" content=\"\u00c9crit par\" \/>\n\t<meta name=\"twitter:data1\" content=\"la r\u00e9daction\" \/>\n\t<meta name=\"twitter:label2\" content=\"Dur\u00e9e de lecture estim\u00e9e\" \/>\n\t<meta name=\"twitter:data2\" content=\"3 minutes\" \/>\n<script type=\"application\/ld+json\" class=\"yoast-schema-graph\">{\"@context\":\"https:\/\/schema.org\",\"@graph\":[{\"@type\":\"Article\",\"@id\":\"https:\/\/vosgesinfo.fr\/saintdieinfo\/2023\/06\/club-coeur-sante-de-saint-die-vosges-a-fete-benevoles\/#article\",\"isPartOf\":{\"@id\":\"https:\/\/vosgesinfo.fr\/saintdieinfo\/2023\/06\/club-coeur-sante-de-saint-die-vosges-a-fete-benevoles\/\"},\"author\":{\"name\":\"la r\u00e9daction\",\"@id\":\"https:\/\/vosgesinfo.fr\/saintdieinfo\/#\/schema\/person\/faee6704a21f3977511db84bd1cd450f\"},\"headline\":\"Le club Coeur et Sant\u00e9 de Saint-Di\u00e9-des-Vosges a f\u00eat\u00e9 ses b\u00e9n\u00e9voles\",\"datePublished\":\"2023-06-21T11:52:40+00:00\",\"dateModified\":\"2023-06-21T11:52:40+00:00\",\"mainEntityOfPage\":{\"@id\":\"https:\/\/vosgesinfo.fr\/saintdieinfo\/2023\/06\/club-coeur-sante-de-saint-die-vosges-a-fete-benevoles\/\"},\"wordCount\":587,\"commentCount\":0,\"publisher\":{\"@id\":\"https:\/\/vosgesinfo.fr\/saintdieinfo\/#organization\"},\"image\":{\"@id\":\"https:\/\/vosgesinfo.fr\/saintdieinfo\/2023\/06\/club-coeur-sante-de-saint-die-vosges-a-fete-benevoles\/#primaryimage\"},\"thumbnailUrl\":\"https:\/\/vosgesinfo.fr\/app\/uploads\/sites\/4\/2024\/08\/202306fete-des-benevoles-20-06-2023-scaled-1.jpg\",\"keywords\":[\"Club Coeur et Sant\u00e9 de Saint-Di\u00e9-des-Vosges\"],\"articleSection\":[\"A la Une\",\"Saint-Di\u00e9-des-Vosges et son Agglom\u00e9ration\",\"Vie Associative\"],\"inLanguage\":\"fr-FR\",\"potentialAction\":[{\"@type\":\"CommentAction\",\"name\":\"Comment\",\"target\":[\"https:\/\/vosgesinfo.fr\/saintdieinfo\/2023\/06\/club-coeur-sante-de-saint-die-vosges-a-fete-benevoles\/#respond\"]}]},{\"@type\":\"WebPage\",\"@id\":\"https:\/\/vosgesinfo.fr\/saintdieinfo\/2023\/06\/club-coeur-sante-de-saint-die-vosges-a-fete-benevoles\/\",\"url\":\"https:\/\/vosgesinfo.fr\/saintdieinfo\/2023\/06\/club-coeur-sante-de-saint-die-vosges-a-fete-benevoles\/\",\"name\":\"Le club Coeur et Sant\u00e9 de Saint-Di\u00e9-des-Vosges a f\u00eat\u00e9 ses b\u00e9n\u00e9voles - Saint Die Info\",\"isPartOf\":{\"@id\":\"https:\/\/vosgesinfo.fr\/saintdieinfo\/#website\"},\"primaryImageOfPage\":{\"@id\":\"https:\/\/vosgesinfo.fr\/saintdieinfo\/2023\/06\/club-coeur-sante-de-saint-die-vosges-a-fete-benevoles\/#primaryimage\"},\"image\":{\"@id\":\"https:\/\/vosgesinfo.fr\/saintdieinfo\/2023\/06\/club-coeur-sante-de-saint-die-vosges-a-fete-benevoles\/#primaryimage\"},\"thumbnailUrl\":\"https:\/\/vosgesinfo.fr\/app\/uploads\/sites\/4\/2024\/08\/202306fete-des-benevoles-20-06-2023-scaled-1.jpg\",\"datePublished\":\"2023-06-21T11:52:40+00:00\",\"dateModified\":\"2023-06-21T11:52:40+00:00\",\"breadcrumb\":{\"@id\":\"https:\/\/vosgesinfo.fr\/saintdieinfo\/2023\/06\/club-coeur-sante-de-saint-die-vosges-a-fete-benevoles\/#breadcrumb\"},\"inLanguage\":\"fr-FR\",\"potentialAction\":[{\"@type\":\"ReadAction\",\"target\":[\"https:\/\/vosgesinfo.fr\/saintdieinfo\/2023\/06\/club-coeur-sante-de-saint-die-vosges-a-fete-benevoles\/\"]}]},{\"@type\":\"ImageObject\",\"inLanguage\":\"fr-FR\",\"@id\":\"https:\/\/vosgesinfo.fr\/saintdieinfo\/2023\/06\/club-coeur-sante-de-saint-die-vosges-a-fete-benevoles\/#primaryimage\",\"url\":\"https:\/\/vosgesinfo.fr\/app\/uploads\/sites\/4\/2024\/08\/202306fete-des-benevoles-20-06-2023-scaled-1.jpg\",\"contentUrl\":\"https:\/\/vosgesinfo.fr\/app\/uploads\/sites\/4\/2024\/08\/202306fete-des-benevoles-20-06-2023-scaled-1.jpg\",\"width\":2048,\"height\":973},{\"@type\":\"BreadcrumbList\",\"@id\":\"https:\/\/vosgesinfo.fr\/saintdieinfo\/2023\/06\/club-coeur-sante-de-saint-die-vosges-a-fete-benevoles\/#breadcrumb\",\"itemListElement\":[{\"@type\":\"ListItem\",\"position\":1,\"name\":\"Home\",\"item\":\"https:\/\/vosgesinfo.fr\/saintdieinfo\/\"},{\"@type\":\"ListItem\",\"position\":2,\"name\":\"Le club Coeur et Sant\u00e9 de Saint-Di\u00e9-des-Vosges a f\u00eat\u00e9 ses b\u00e9n\u00e9voles\"}]},{\"@type\":\"WebSite\",\"@id\":\"https:\/\/vosgesinfo.fr\/saintdieinfo\/#website\",\"url\":\"https:\/\/vosgesinfo.fr\/saintdieinfo\/\",\"name\":\"Saint Die Info\",\"description\":\"Toute l&#039;actualit\u00e9 de Saint-Di\u00e9-Des-Vosges\",\"publisher\":{\"@id\":\"https:\/\/vosgesinfo.fr\/saintdieinfo\/#organization\"},\"alternateName\":\"Toute l'actualit\u00e9 de Saint-Di\u00e9-Des-Vosges\",\"potentialAction\":[{\"@type\":\"SearchAction\",\"target\":{\"@type\":\"EntryPoint\",\"urlTemplate\":\"https:\/\/vosgesinfo.fr\/saintdieinfo\/?s={search_term_string}\"},\"query-input\":\"required name=search_term_string\"}],\"inLanguage\":\"fr-FR\"},{\"@type\":\"Organization\",\"@id\":\"https:\/\/vosgesinfo.fr\/saintdieinfo\/#organization\",\"name\":\"Saint Die Info\",\"url\":\"https:\/\/vosgesinfo.fr\/saintdieinfo\/\",\"logo\":{\"@type\":\"ImageObject\",\"inLanguage\":\"fr-FR\",\"@id\":\"https:\/\/vosgesinfo.fr\/saintdieinfo\/#\/schema\/logo\/image\/\",\"url\":\"https:\/\/vosgesinfo.fr\/app\/uploads\/sites\/4\/2024\/02\/logo-sdi.jpg\",\"contentUrl\":\"https:\/\/vosgesinfo.fr\/app\/uploads\/sites\/4\/2024\/02\/logo-sdi.jpg\",\"width\":600,\"height\":600,\"caption\":\"Saint Die Info\"},\"image\":{\"@id\":\"https:\/\/vosgesinfo.fr\/saintdieinfo\/#\/schema\/logo\/image\/\"},\"sameAs\":[\"https:\/\/www.facebook.com\/Saintdieinfofr\",\"https:\/\/x.com\/VosgesInfo88\",\"https:\/\/www.youtube.com\/@vosgesinfo\"]},{\"@type\":\"Person\",\"@id\":\"https:\/\/vosgesinfo.fr\/saintdieinfo\/#\/schema\/person\/faee6704a21f3977511db84bd1cd450f\",\"name\":\"la r\u00e9daction\",\"image\":{\"@type\":\"ImageObject\",\"inLanguage\":\"fr-FR\",\"@id\":\"https:\/\/vosgesinfo.fr\/saintdieinfo\/#\/schema\/person\/image\/\",\"url\":\"https:\/\/secure.gravatar.com\/avatar\/6673d8bc6a9c17fa9a453eaa3448de834fa308c2ec9635b7aa99441a7c8d2cf6?s=96&d=mm&r=g\",\"contentUrl\":\"https:\/\/secure.gravatar.com\/avatar\/6673d8bc6a9c17fa9a453eaa3448de834fa308c2ec9635b7aa99441a7c8d2cf6?s=96&d=mm&r=g\",\"caption\":\"la r\u00e9daction\"},\"url\":\"https:\/\/vosgesinfo.fr\/saintdieinfo\/author\/redac\/\"}]}<\/script>\n<!-- \/ Yoast SEO plugin. -->","yoast_head_json":{"title":"Le club Coeur et Sant\u00e9 de Saint-Di\u00e9-des-Vosges a f\u00eat\u00e9 ses b\u00e9n\u00e9voles - Saint Die Info","robots":{"index":"index","follow":"follow","max-snippet":"max-snippet:-1","max-image-preview":"max-image-preview:large","max-video-preview":"max-video-preview:-1"},"canonical":"https:\/\/vosgesinfo.fr\/saintdieinfo\/2023\/06\/club-coeur-sante-de-saint-die-vosges-a-fete-benevoles\/","twitter_card":"summary_large_image","twitter_title":"Le club Coeur et Sant\u00e9 de Saint-Di\u00e9-des-Vosges a f\u00eat\u00e9 ses b\u00e9n\u00e9voles - Saint Die Info","twitter_description":"Ce mardi 20 juin a eu lieu la f\u00eate des b\u00e9n\u00e9voles du club Coeur et Sant\u00e9 de Saint-Di\u00e9-des-Vosges, qui est [&hellip;]","twitter_image":"https:\/\/vosgesinfo.fr\/app\/uploads\/sites\/4\/2024\/08\/202306fete-des-benevoles-20-06-2023-scaled-1.jpg","twitter_creator":"@VosgesInfo88","twitter_site":"@VosgesInfo88","twitter_misc":{"\u00c9crit par":"la r\u00e9daction","Dur\u00e9e de lecture estim\u00e9e":"3 minutes"},"schema":{"@context":"https:\/\/schema.org","@graph":[{"@type":"Article","@id":"https:\/\/vosgesinfo.fr\/saintdieinfo\/2023\/06\/club-coeur-sante-de-saint-die-vosges-a-fete-benevoles\/#article","isPartOf":{"@id":"https:\/\/vosgesinfo.fr\/saintdieinfo\/2023\/06\/club-coeur-sante-de-saint-die-vosges-a-fete-benevoles\/"},"author":{"name":"la r\u00e9daction","@id":"https:\/\/vosgesinfo.fr\/saintdieinfo\/#\/schema\/person\/faee6704a21f3977511db84bd1cd450f"},"headline":"Le club Coeur et Sant\u00e9 de Saint-Di\u00e9-des-Vosges a f\u00eat\u00e9 ses b\u00e9n\u00e9voles","datePublished":"2023-06-21T11:52:40+00:00","dateModified":"2023-06-21T11:52:40+00:00","mainEntityOfPage":{"@id":"https:\/\/vosgesinfo.fr\/saintdieinfo\/2023\/06\/club-coeur-sante-de-saint-die-vosges-a-fete-benevoles\/"},"wordCount":587,"commentCount":0,"publisher":{"@id":"https:\/\/vosgesinfo.fr\/saintdieinfo\/#organization"},"image":{"@id":"https:\/\/vosgesinfo.fr\/saintdieinfo\/2023\/06\/club-coeur-sante-de-saint-die-vosges-a-fete-benevoles\/#primaryimage"},"thumbnailUrl":"https:\/\/vosgesinfo.fr\/app\/uploads\/sites\/4\/2024\/08\/202306fete-des-benevoles-20-06-2023-scaled-1.jpg","keywords":["Club Coeur et Sant\u00e9 de Saint-Di\u00e9-des-Vosges"],"articleSection":["A la Une","Saint-Di\u00e9-des-Vosges et son Agglom\u00e9ration","Vie Associative"],"inLanguage":"fr-FR","potentialAction":[{"@type":"CommentAction","name":"Comment","target":["https:\/\/vosgesinfo.fr\/saintdieinfo\/2023\/06\/club-coeur-sante-de-saint-die-vosges-a-fete-benevoles\/#respond"]}]},{"@type":"WebPage","@id":"https:\/\/vosgesinfo.fr\/saintdieinfo\/2023\/06\/club-coeur-sante-de-saint-die-vosges-a-fete-benevoles\/","url":"https:\/\/vosgesinfo.fr\/saintdieinfo\/2023\/06\/club-coeur-sante-de-saint-die-vosges-a-fete-benevoles\/","name":"Le club Coeur et Sant\u00e9 de Saint-Di\u00e9-des-Vosges a f\u00eat\u00e9 ses b\u00e9n\u00e9voles - Saint Die Info","isPartOf":{"@id":"https:\/\/vosgesinfo.fr\/saintdieinfo\/#website"},"primaryImageOfPage":{"@id":"https:\/\/vosgesinfo.fr\/saintdieinfo\/2023\/06\/club-coeur-sante-de-saint-die-vosges-a-fete-benevoles\/#primaryimage"},"image":{"@id":"https:\/\/vosgesinfo.fr\/saintdieinfo\/2023\/06\/club-coeur-sante-de-saint-die-vosges-a-fete-benevoles\/#primaryimage"},"thumbnailUrl":"https:\/\/vosgesinfo.fr\/app\/uploads\/sites\/4\/2024\/08\/202306fete-des-benevoles-20-06-2023-scaled-1.jpg","datePublished":"2023-06-21T11:52:40+00:00","dateModified":"2023-06-21T11:52:40+00:00","breadcrumb":{"@id":"https:\/\/vosgesinfo.fr\/saintdieinfo\/2023\/06\/club-coeur-sante-de-saint-die-vosges-a-fete-benevoles\/#breadcrumb"},"inLanguage":"fr-FR","potentialAction":[{"@type":"ReadAction","target":["https:\/\/vosgesinfo.fr\/saintdieinfo\/2023\/06\/club-coeur-sante-de-saint-die-vosges-a-fete-benevoles\/"]}]},{"@type":"ImageObject","inLanguage":"fr-FR","@id":"https:\/\/vosgesinfo.fr\/saintdieinfo\/2023\/06\/club-coeur-sante-de-saint-die-vosges-a-fete-benevoles\/#primaryimage","url":"https:\/\/vosgesinfo.fr\/app\/uploads\/sites\/4\/2024\/08\/202306fete-des-benevoles-20-06-2023-scaled-1.jpg","contentUrl":"https:\/\/vosgesinfo.fr\/app\/uploads\/sites\/4\/2024\/08\/202306fete-des-benevoles-20-06-2023-scaled-1.jpg","width":2048,"height":973},{"@type":"BreadcrumbList","@id":"https:\/\/vosgesinfo.fr\/saintdieinfo\/2023\/06\/club-coeur-sante-de-saint-die-vosges-a-fete-benevoles\/#breadcrumb","itemListElement":[{"@type":"ListItem","position":1,"name":"Home","item":"https:\/\/vosgesinfo.fr\/saintdieinfo\/"},{"@type":"ListItem","position":2,"name":"Le club Coeur et Sant\u00e9 de Saint-Di\u00e9-des-Vosges a f\u00eat\u00e9 ses b\u00e9n\u00e9voles"}]},{"@type":"WebSite","@id":"https:\/\/vosgesinfo.fr\/saintdieinfo\/#website","url":"https:\/\/vosgesinfo.fr\/saintdieinfo\/","name":"Saint Die Info","description":"Toute l&#039;actualit\u00e9 de Saint-Di\u00e9-Des-Vosges","publisher":{"@id":"https:\/\/vosgesinfo.fr\/saintdieinfo\/#organization"},"alternateName":"Toute l'actualit\u00e9 de Saint-Di\u00e9-Des-Vosges","potentialAction":[{"@type":"SearchAction","target":{"@type":"EntryPoint","urlTemplate":"https:\/\/vosgesinfo.fr\/saintdieinfo\/?s={search_term_string}"},"query-input":"required name=search_term_string"}],"inLanguage":"fr-FR"},{"@type":"Organization","@id":"https:\/\/vosgesinfo.fr\/saintdieinfo\/#organization","name":"Saint Die Info","url":"https:\/\/vosgesinfo.fr\/saintdieinfo\/","logo":{"@type":"ImageObject","inLanguage":"fr-FR","@id":"https:\/\/vosgesinfo.fr\/saintdieinfo\/#\/schema\/logo\/image\/","url":"https:\/\/vosgesinfo.fr\/app\/uploads\/sites\/4\/2024\/02\/logo-sdi.jpg","contentUrl":"https:\/\/vosgesinfo.fr\/app\/uploads\/sites\/4\/2024\/02\/logo-sdi.jpg","width":600,"height":600,"caption":"Saint Die Info"},"image":{"@id":"https:\/\/vosgesinfo.fr\/saintdieinfo\/#\/schema\/logo\/image\/"},"sameAs":["https:\/\/www.facebook.com\/Saintdieinfofr","https:\/\/x.com\/VosgesInfo88","https:\/\/www.youtube.com\/@vosgesinfo"]},{"@type":"Person","@id":"https:\/\/vosgesinfo.fr\/saintdieinfo\/#\/schema\/person\/faee6704a21f3977511db84bd1cd450f","name":"la r\u00e9daction","image":{"@type":"ImageObject","inLanguage":"fr-FR","@id":"https:\/\/vosgesinfo.fr\/saintdieinfo\/#\/schema\/person\/image\/","url":"https:\/\/secure.gravatar.com\/avatar\/6673d8bc6a9c17fa9a453eaa3448de834fa308c2ec9635b7aa99441a7c8d2cf6?s=96&d=mm&r=g","contentUrl":"https:\/\/secure.gravatar.com\/avatar\/6673d8bc6a9c17fa9a453eaa3448de834fa308c2ec9635b7aa99441a7c8d2cf6?s=96&d=mm&r=g","caption":"la r\u00e9daction"},"url":"https:\/\/vosgesinfo.fr\/saintdieinfo\/author\/redac\/"}]}},"_links":{"self":[{"href":"https:\/\/vosgesinfo.fr\/saintdieinfo\/wp-json\/wp\/v2\/posts\/65949","targetHints":{"allow":["GET"]}}],"collection":[{"href":"https:\/\/vosgesinfo.fr\/saintdieinfo\/wp-json\/wp\/v2\/posts"}],"about":[{"href":"https:\/\/vosgesinfo.fr\/saintdieinfo\/wp-json\/wp\/v2\/types\/post"}],"author":[{"embeddable":true,"href":"https:\/\/vosgesinfo.fr\/saintdieinfo\/wp-json\/wp\/v2\/users\/44"}],"replies":[{"embeddable":true,"href":"https:\/\/vosgesinfo.fr\/saintdieinfo\/wp-json\/wp\/v2\/comments?post=65949"}],"version-history":[{"count":0,"href":"https:\/\/vosgesinfo.fr\/saintdieinfo\/wp-json\/wp\/v2\/posts\/65949\/revisions"}],"wp:featuredmedia":[{"embeddable":true,"href":"https:\/\/vosgesinfo.fr\/saintdieinfo\/wp-json\/wp\/v2\/media\/65950"}],"wp:attachment":[{"href":"https:\/\/vosgesinfo.fr\/saintdieinfo\/wp-json\/wp\/v2\/media?parent=65949"}],"wp:term":[{"taxonomy":"category","embeddable":true,"href":"https:\/\/vosgesinfo.fr\/saintdieinfo\/wp-json\/wp\/v2\/categories?post=65949"},{"taxonomy":"post_tag","embeddable":true,"href":"https:\/\/vosgesinfo.fr\/saintdieinfo\/wp-json\/wp\/v2\/tags?post=65949"}],"curies":[{"name":"wp","href":"https:\/\/api.w.org\/{rel}","templated":true}]}}