{"id":65958,"date":"2023-06-21T15:26:26","date_gmt":"2023-06-21T13:26:26","guid":{"rendered":"https:\/\/vosgesinfo.fr\/saintdieinfo\/2023\/06\/repas-concerts-de-ludac-quatre-soirees-autant-dambiances-differentes-cet-ete\/"},"modified":"2023-06-21T15:26:26","modified_gmt":"2023-06-21T13:26:26","slug":"repas-concerts-de-ludac-quatre-soirees-autant-dambiances-differentes-cet-ete","status":"publish","type":"post","link":"https:\/\/vosgesinfo.fr\/saintdieinfo\/2023\/06\/repas-concerts-de-ludac-quatre-soirees-autant-dambiances-differentes-cet-ete\/","title":{"rendered":"Repas-concerts de l&rsquo;UDAC : quatre soir\u00e9es pour autant d&rsquo;ambiances diff\u00e9rentes cet \u00e9t\u00e9"},"content":{"rendered":"<div id=\"attachment_202976\" style=\"width: 970px\" class=\"wp-caption aligncenter\"><a href=\"\/2023\/06\/Repas-Concerts_UDAC-2.jpg\" target=\"_blank\" rel=\"noopener\"><img decoding=\"async\" aria-describedby=\"caption-attachment-202976\" class=\"wp-image-202976 size-large\" src=\"\/2023\/06\/Repas-Concerts_UDAC-2-1024x771.jpg\" alt=\"Repas-Concerts_UDAC (2)\" width=\"960\" height=\"723\" \/><\/a><p id=\"caption-attachment-202976\" class=\"wp-caption-text\">Eric Antoine, tr\u00e9sorier de l&rsquo;UDAC, nous a pr\u00e9sent\u00e9 ce mercredi le programme des 4 repas-concerts de l&rsquo;\u00e9t\u00e9 2023 organis\u00e9s par l&rsquo;association de commer\u00e7ants et artisans d\u00e9odatiens.<\/p><\/div>\n<h2><strong><span style=\"font-size: 14pt;\">Initi\u00e9s il y a une dizaine d&rsquo;ann\u00e9es par l&rsquo;Union D\u00e9odatienne des Artisans et Commer\u00e7ants \u2013 UDAC \u2013 les repas-concerts des vendredis soirs sur la place du G\u00e9n\u00e9ral-de-Gaulle figurent parmi les rendez-vous incontournables de l&rsquo;\u00e9t\u00e9 d\u00e9odatien.<\/span><\/strong><\/h2>\n<p><!--more--><\/p>\n<p>Cette ann\u00e9e, l&rsquo;UDAC animera 4 des 10 soir\u00e9es de cette saison estivale 2023. Quatre soir\u00e9es pour autant d&rsquo;ambiances diff\u00e9rentes. Les menus concoct\u00e9s par l&rsquo;association et ses partenaires seront vari\u00e9s et davantage recherch\u00e9s que l&rsquo;an dernier, avec le duo de DJs G&amp;N aux platines pour assurer la partie musicale. Les repas seront servis \u00e0 partir de 19h, et la musique jouera de 19h30 \u00e0 minuit.<\/p>\n<p>Vendredi 30 juin, les ann\u00e9es 80 seront mises \u00e0 l&rsquo;honneur, avec au menu un demi poulet label A agr\u00e9ment\u00e9 de sauce tomate, d&rsquo;oignons et de pommes de terre rissol\u00e9es. Le vendredi suivant, soit le 7 juillet, le couscous royal 4 viandes sera d\u00e9gust\u00e9 aux sons des \u00ab\u00a0Summer Hits\u00a0\u00bb&#8230; soit les grands tubes de l&rsquo;\u00e9t\u00e9. Apr\u00e8s une parenth\u00e8se d&rsquo;un peu plus d&rsquo;un mois, l&rsquo;UDAC sera de retour pour animer les 2 derniers repas-concerts de la saison. Au programme : ambiance tropicale et plancha party le vendredi 18 ao\u00fbt, grand final avec une surprise le 25 ao\u00fbt, en guise de conclusion de l&rsquo;\u00e9t\u00e9. Ce soir-l\u00e0, le menu propos\u00e9 se composera d&rsquo;un cac\u00f4t \u2013 un jambonneau de 500grs du Val-d&rsquo;Ajol \u2013 \u00e9galement accompagn\u00e9 d&rsquo;une sauce tomate, d&rsquo;oignons et de pommes de terre.<\/p>\n<p>Chacun des 4 repas sera propos\u00e9 au prix de 15\u20ac par personne, sachant qu&rsquo;un ap\u00e9ritif est offert et que le dessert est compris dans le menu. Et comme chaque \u00e9t\u00e9, une buvette sera tenue par les b\u00e9n\u00e9voles de l&rsquo;UDAC, qui seront une quinzaine \u00e0 se mobiliser avec le renfort d&rsquo;autres commer\u00e7ants de la ville. Tous les ingr\u00e9dients \u00e9tant r\u00e9unis pour passer 4 bonnes soir\u00e9es festives et conviviales, il ne reste d\u00e9sormais plus qu&rsquo;\u00e0 esp\u00e9rer une belle m\u00e9t\u00e9o !<\/p>\n<p><a href=\"\/2023\/06\/Repas-Concerts_UDAC.jpg\" target=\"_blank\" rel=\"noopener\"><img decoding=\"async\" class=\"aligncenter wp-image-203029 size-large\" src=\"\/2023\/06\/Repas-Concerts_UDAC-724x1024.jpg\" alt=\"Repas-Concerts_UDAC\" width=\"724\" height=\"1024\" \/><\/a><\/p>\n","protected":false},"excerpt":{"rendered":"<p>Initi\u00e9s il y a une dizaine d&rsquo;ann\u00e9es par l&rsquo;Union D\u00e9odatienne des Artisans et Commer\u00e7ants \u2013 UDAC \u2013 les repas-concerts des [&hellip;]<\/p>\n","protected":false},"author":44,"featured_media":65959,"comment_status":"open","ping_status":"open","sticky":false,"template":"","format":"standard","meta":{"footnotes":""},"categories":[460,20,2915,17],"tags":[3039,3144,2934,3267],"class_list":["post-65958","post","type-post","status-publish","format-standard","has-post-thumbnail","hentry","category-a-la-une","category-loisirs","category-saint-die-son-canton","category-vie-associative","tag-place-du-general-de-gaulle","tag-repas-concerts-de-lete","tag-udac","tag-union-deodatienne-des-artisans-et-commercants"],"acf":[],"yoast_head":"<!-- This site is optimized with the Yoast SEO plugin v22.5 - https:\/\/yoast.com\/wordpress\/plugins\/seo\/ -->\n<title>Repas-concerts de l&#039;UDAC : quatre soir\u00e9es pour autant d&#039;ambiances diff\u00e9rentes cet \u00e9t\u00e9 - Saint Die Info<\/title>\n<meta name=\"robots\" content=\"index, follow, max-snippet:-1, max-image-preview:large, max-video-preview:-1\" \/>\n<link rel=\"canonical\" href=\"https:\/\/vosgesinfo.fr\/saintdieinfo\/2023\/06\/repas-concerts-de-ludac-quatre-soirees-autant-dambiances-differentes-cet-ete\/\" \/>\n<meta name=\"twitter:card\" content=\"summary_large_image\" \/>\n<meta name=\"twitter:title\" content=\"Repas-concerts de l&#039;UDAC : quatre soir\u00e9es pour autant d&#039;ambiances diff\u00e9rentes cet \u00e9t\u00e9 - Saint Die Info\" \/>\n<meta name=\"twitter:description\" content=\"Initi\u00e9s il y a une dizaine d&rsquo;ann\u00e9es par l&rsquo;Union D\u00e9odatienne des Artisans et Commer\u00e7ants \u2013 UDAC \u2013 les repas-concerts des [&hellip;]\" \/>\n<meta name=\"twitter:image\" content=\"https:\/\/vosgesinfo.fr\/app\/uploads\/sites\/4\/2024\/08\/202306repas-concerts-udac-2-1.jpg\" \/>\n<meta name=\"twitter:creator\" content=\"@VosgesInfo88\" \/>\n<meta name=\"twitter:site\" content=\"@VosgesInfo88\" \/>\n<meta name=\"twitter:label1\" content=\"\u00c9crit par\" \/>\n\t<meta name=\"twitter:data1\" content=\"la r\u00e9daction\" \/>\n\t<meta name=\"twitter:label2\" content=\"Dur\u00e9e de lecture estim\u00e9e\" \/>\n\t<meta name=\"twitter:data2\" content=\"2 minutes\" \/>\n<script type=\"application\/ld+json\" class=\"yoast-schema-graph\">{\"@context\":\"https:\/\/schema.org\",\"@graph\":[{\"@type\":\"Article\",\"@id\":\"https:\/\/vosgesinfo.fr\/saintdieinfo\/2023\/06\/repas-concerts-de-ludac-quatre-soirees-autant-dambiances-differentes-cet-ete\/#article\",\"isPartOf\":{\"@id\":\"https:\/\/vosgesinfo.fr\/saintdieinfo\/2023\/06\/repas-concerts-de-ludac-quatre-soirees-autant-dambiances-differentes-cet-ete\/\"},\"author\":{\"name\":\"la r\u00e9daction\",\"@id\":\"https:\/\/vosgesinfo.fr\/saintdieinfo\/#\/schema\/person\/faee6704a21f3977511db84bd1cd450f\"},\"headline\":\"Repas-concerts de l&rsquo;UDAC : quatre soir\u00e9es pour autant d&rsquo;ambiances diff\u00e9rentes cet \u00e9t\u00e9\",\"datePublished\":\"2023-06-21T13:26:26+00:00\",\"dateModified\":\"2023-06-21T13:26:26+00:00\",\"mainEntityOfPage\":{\"@id\":\"https:\/\/vosgesinfo.fr\/saintdieinfo\/2023\/06\/repas-concerts-de-ludac-quatre-soirees-autant-dambiances-differentes-cet-ete\/\"},\"wordCount\":394,\"commentCount\":0,\"publisher\":{\"@id\":\"https:\/\/vosgesinfo.fr\/saintdieinfo\/#organization\"},\"image\":{\"@id\":\"https:\/\/vosgesinfo.fr\/saintdieinfo\/2023\/06\/repas-concerts-de-ludac-quatre-soirees-autant-dambiances-differentes-cet-ete\/#primaryimage\"},\"thumbnailUrl\":\"https:\/\/vosgesinfo.fr\/app\/uploads\/sites\/4\/2024\/08\/202306repas-concerts-udac-2-1.jpg\",\"keywords\":[\"Place du G\u00e9n\u00e9ral de Gaulle\",\"Repas-concerts de l'\u00e9t\u00e9\",\"UDAC\",\"Union D\u00e9odatienne des Artisans et Commer\u00e7ants\"],\"articleSection\":[\"A la Une\",\"Loisirs\",\"Saint-Di\u00e9-des-Vosges et son Agglom\u00e9ration\",\"Vie Associative\"],\"inLanguage\":\"fr-FR\",\"potentialAction\":[{\"@type\":\"CommentAction\",\"name\":\"Comment\",\"target\":[\"https:\/\/vosgesinfo.fr\/saintdieinfo\/2023\/06\/repas-concerts-de-ludac-quatre-soirees-autant-dambiances-differentes-cet-ete\/#respond\"]}]},{\"@type\":\"WebPage\",\"@id\":\"https:\/\/vosgesinfo.fr\/saintdieinfo\/2023\/06\/repas-concerts-de-ludac-quatre-soirees-autant-dambiances-differentes-cet-ete\/\",\"url\":\"https:\/\/vosgesinfo.fr\/saintdieinfo\/2023\/06\/repas-concerts-de-ludac-quatre-soirees-autant-dambiances-differentes-cet-ete\/\",\"name\":\"Repas-concerts de l'UDAC : quatre soir\u00e9es pour autant d'ambiances diff\u00e9rentes cet \u00e9t\u00e9 - Saint Die Info\",\"isPartOf\":{\"@id\":\"https:\/\/vosgesinfo.fr\/saintdieinfo\/#website\"},\"primaryImageOfPage\":{\"@id\":\"https:\/\/vosgesinfo.fr\/saintdieinfo\/2023\/06\/repas-concerts-de-ludac-quatre-soirees-autant-dambiances-differentes-cet-ete\/#primaryimage\"},\"image\":{\"@id\":\"https:\/\/vosgesinfo.fr\/saintdieinfo\/2023\/06\/repas-concerts-de-ludac-quatre-soirees-autant-dambiances-differentes-cet-ete\/#primaryimage\"},\"thumbnailUrl\":\"https:\/\/vosgesinfo.fr\/app\/uploads\/sites\/4\/2024\/08\/202306repas-concerts-udac-2-1.jpg\",\"datePublished\":\"2023-06-21T13:26:26+00:00\",\"dateModified\":\"2023-06-21T13:26:26+00:00\",\"breadcrumb\":{\"@id\":\"https:\/\/vosgesinfo.fr\/saintdieinfo\/2023\/06\/repas-concerts-de-ludac-quatre-soirees-autant-dambiances-differentes-cet-ete\/#breadcrumb\"},\"inLanguage\":\"fr-FR\",\"potentialAction\":[{\"@type\":\"ReadAction\",\"target\":[\"https:\/\/vosgesinfo.fr\/saintdieinfo\/2023\/06\/repas-concerts-de-ludac-quatre-soirees-autant-dambiances-differentes-cet-ete\/\"]}]},{\"@type\":\"ImageObject\",\"inLanguage\":\"fr-FR\",\"@id\":\"https:\/\/vosgesinfo.fr\/saintdieinfo\/2023\/06\/repas-concerts-de-ludac-quatre-soirees-autant-dambiances-differentes-cet-ete\/#primaryimage\",\"url\":\"https:\/\/vosgesinfo.fr\/app\/uploads\/sites\/4\/2024\/08\/202306repas-concerts-udac-2-1.jpg\",\"contentUrl\":\"https:\/\/vosgesinfo.fr\/app\/uploads\/sites\/4\/2024\/08\/202306repas-concerts-udac-2-1.jpg\",\"width\":1600,\"height\":1205},{\"@type\":\"BreadcrumbList\",\"@id\":\"https:\/\/vosgesinfo.fr\/saintdieinfo\/2023\/06\/repas-concerts-de-ludac-quatre-soirees-autant-dambiances-differentes-cet-ete\/#breadcrumb\",\"itemListElement\":[{\"@type\":\"ListItem\",\"position\":1,\"name\":\"Home\",\"item\":\"https:\/\/vosgesinfo.fr\/saintdieinfo\/\"},{\"@type\":\"ListItem\",\"position\":2,\"name\":\"Repas-concerts de l&rsquo;UDAC : quatre soir\u00e9es pour autant d&rsquo;ambiances diff\u00e9rentes cet \u00e9t\u00e9\"}]},{\"@type\":\"WebSite\",\"@id\":\"https:\/\/vosgesinfo.fr\/saintdieinfo\/#website\",\"url\":\"https:\/\/vosgesinfo.fr\/saintdieinfo\/\",\"name\":\"Saint Die Info\",\"description\":\"Toute l&#039;actualit\u00e9 de Saint-Di\u00e9-Des-Vosges\",\"publisher\":{\"@id\":\"https:\/\/vosgesinfo.fr\/saintdieinfo\/#organization\"},\"alternateName\":\"Toute l'actualit\u00e9 de Saint-Di\u00e9-Des-Vosges\",\"potentialAction\":[{\"@type\":\"SearchAction\",\"target\":{\"@type\":\"EntryPoint\",\"urlTemplate\":\"https:\/\/vosgesinfo.fr\/saintdieinfo\/?s={search_term_string}\"},\"query-input\":\"required name=search_term_string\"}],\"inLanguage\":\"fr-FR\"},{\"@type\":\"Organization\",\"@id\":\"https:\/\/vosgesinfo.fr\/saintdieinfo\/#organization\",\"name\":\"Saint Die Info\",\"url\":\"https:\/\/vosgesinfo.fr\/saintdieinfo\/\",\"logo\":{\"@type\":\"ImageObject\",\"inLanguage\":\"fr-FR\",\"@id\":\"https:\/\/vosgesinfo.fr\/saintdieinfo\/#\/schema\/logo\/image\/\",\"url\":\"https:\/\/vosgesinfo.fr\/app\/uploads\/sites\/4\/2024\/02\/logo-sdi.jpg\",\"contentUrl\":\"https:\/\/vosgesinfo.fr\/app\/uploads\/sites\/4\/2024\/02\/logo-sdi.jpg\",\"width\":600,\"height\":600,\"caption\":\"Saint Die Info\"},\"image\":{\"@id\":\"https:\/\/vosgesinfo.fr\/saintdieinfo\/#\/schema\/logo\/image\/\"},\"sameAs\":[\"https:\/\/www.facebook.com\/Saintdieinfofr\",\"https:\/\/x.com\/VosgesInfo88\",\"https:\/\/www.youtube.com\/@vosgesinfo\"]},{\"@type\":\"Person\",\"@id\":\"https:\/\/vosgesinfo.fr\/saintdieinfo\/#\/schema\/person\/faee6704a21f3977511db84bd1cd450f\",\"name\":\"la r\u00e9daction\",\"image\":{\"@type\":\"ImageObject\",\"inLanguage\":\"fr-FR\",\"@id\":\"https:\/\/vosgesinfo.fr\/saintdieinfo\/#\/schema\/person\/image\/\",\"url\":\"https:\/\/secure.gravatar.com\/avatar\/6673d8bc6a9c17fa9a453eaa3448de834fa308c2ec9635b7aa99441a7c8d2cf6?s=96&d=mm&r=g\",\"contentUrl\":\"https:\/\/secure.gravatar.com\/avatar\/6673d8bc6a9c17fa9a453eaa3448de834fa308c2ec9635b7aa99441a7c8d2cf6?s=96&d=mm&r=g\",\"caption\":\"la r\u00e9daction\"},\"url\":\"https:\/\/vosgesinfo.fr\/saintdieinfo\/author\/redac\/\"}]}<\/script>\n<!-- \/ Yoast SEO plugin. -->","yoast_head_json":{"title":"Repas-concerts de l'UDAC : quatre soir\u00e9es pour autant d'ambiances diff\u00e9rentes cet \u00e9t\u00e9 - Saint Die Info","robots":{"index":"index","follow":"follow","max-snippet":"max-snippet:-1","max-image-preview":"max-image-preview:large","max-video-preview":"max-video-preview:-1"},"canonical":"https:\/\/vosgesinfo.fr\/saintdieinfo\/2023\/06\/repas-concerts-de-ludac-quatre-soirees-autant-dambiances-differentes-cet-ete\/","twitter_card":"summary_large_image","twitter_title":"Repas-concerts de l'UDAC : quatre soir\u00e9es pour autant d'ambiances diff\u00e9rentes cet \u00e9t\u00e9 - Saint Die Info","twitter_description":"Initi\u00e9s il y a une dizaine d&rsquo;ann\u00e9es par l&rsquo;Union D\u00e9odatienne des Artisans et Commer\u00e7ants \u2013 UDAC \u2013 les repas-concerts des [&hellip;]","twitter_image":"https:\/\/vosgesinfo.fr\/app\/uploads\/sites\/4\/2024\/08\/202306repas-concerts-udac-2-1.jpg","twitter_creator":"@VosgesInfo88","twitter_site":"@VosgesInfo88","twitter_misc":{"\u00c9crit par":"la r\u00e9daction","Dur\u00e9e de lecture estim\u00e9e":"2 minutes"},"schema":{"@context":"https:\/\/schema.org","@graph":[{"@type":"Article","@id":"https:\/\/vosgesinfo.fr\/saintdieinfo\/2023\/06\/repas-concerts-de-ludac-quatre-soirees-autant-dambiances-differentes-cet-ete\/#article","isPartOf":{"@id":"https:\/\/vosgesinfo.fr\/saintdieinfo\/2023\/06\/repas-concerts-de-ludac-quatre-soirees-autant-dambiances-differentes-cet-ete\/"},"author":{"name":"la r\u00e9daction","@id":"https:\/\/vosgesinfo.fr\/saintdieinfo\/#\/schema\/person\/faee6704a21f3977511db84bd1cd450f"},"headline":"Repas-concerts de l&rsquo;UDAC : quatre soir\u00e9es pour autant d&rsquo;ambiances diff\u00e9rentes cet \u00e9t\u00e9","datePublished":"2023-06-21T13:26:26+00:00","dateModified":"2023-06-21T13:26:26+00:00","mainEntityOfPage":{"@id":"https:\/\/vosgesinfo.fr\/saintdieinfo\/2023\/06\/repas-concerts-de-ludac-quatre-soirees-autant-dambiances-differentes-cet-ete\/"},"wordCount":394,"commentCount":0,"publisher":{"@id":"https:\/\/vosgesinfo.fr\/saintdieinfo\/#organization"},"image":{"@id":"https:\/\/vosgesinfo.fr\/saintdieinfo\/2023\/06\/repas-concerts-de-ludac-quatre-soirees-autant-dambiances-differentes-cet-ete\/#primaryimage"},"thumbnailUrl":"https:\/\/vosgesinfo.fr\/app\/uploads\/sites\/4\/2024\/08\/202306repas-concerts-udac-2-1.jpg","keywords":["Place du G\u00e9n\u00e9ral de Gaulle","Repas-concerts de l'\u00e9t\u00e9","UDAC","Union D\u00e9odatienne des Artisans et Commer\u00e7ants"],"articleSection":["A la Une","Loisirs","Saint-Di\u00e9-des-Vosges et son Agglom\u00e9ration","Vie Associative"],"inLanguage":"fr-FR","potentialAction":[{"@type":"CommentAction","name":"Comment","target":["https:\/\/vosgesinfo.fr\/saintdieinfo\/2023\/06\/repas-concerts-de-ludac-quatre-soirees-autant-dambiances-differentes-cet-ete\/#respond"]}]},{"@type":"WebPage","@id":"https:\/\/vosgesinfo.fr\/saintdieinfo\/2023\/06\/repas-concerts-de-ludac-quatre-soirees-autant-dambiances-differentes-cet-ete\/","url":"https:\/\/vosgesinfo.fr\/saintdieinfo\/2023\/06\/repas-concerts-de-ludac-quatre-soirees-autant-dambiances-differentes-cet-ete\/","name":"Repas-concerts de l'UDAC : quatre soir\u00e9es pour autant d'ambiances diff\u00e9rentes cet \u00e9t\u00e9 - Saint Die Info","isPartOf":{"@id":"https:\/\/vosgesinfo.fr\/saintdieinfo\/#website"},"primaryImageOfPage":{"@id":"https:\/\/vosgesinfo.fr\/saintdieinfo\/2023\/06\/repas-concerts-de-ludac-quatre-soirees-autant-dambiances-differentes-cet-ete\/#primaryimage"},"image":{"@id":"https:\/\/vosgesinfo.fr\/saintdieinfo\/2023\/06\/repas-concerts-de-ludac-quatre-soirees-autant-dambiances-differentes-cet-ete\/#primaryimage"},"thumbnailUrl":"https:\/\/vosgesinfo.fr\/app\/uploads\/sites\/4\/2024\/08\/202306repas-concerts-udac-2-1.jpg","datePublished":"2023-06-21T13:26:26+00:00","dateModified":"2023-06-21T13:26:26+00:00","breadcrumb":{"@id":"https:\/\/vosgesinfo.fr\/saintdieinfo\/2023\/06\/repas-concerts-de-ludac-quatre-soirees-autant-dambiances-differentes-cet-ete\/#breadcrumb"},"inLanguage":"fr-FR","potentialAction":[{"@type":"ReadAction","target":["https:\/\/vosgesinfo.fr\/saintdieinfo\/2023\/06\/repas-concerts-de-ludac-quatre-soirees-autant-dambiances-differentes-cet-ete\/"]}]},{"@type":"ImageObject","inLanguage":"fr-FR","@id":"https:\/\/vosgesinfo.fr\/saintdieinfo\/2023\/06\/repas-concerts-de-ludac-quatre-soirees-autant-dambiances-differentes-cet-ete\/#primaryimage","url":"https:\/\/vosgesinfo.fr\/app\/uploads\/sites\/4\/2024\/08\/202306repas-concerts-udac-2-1.jpg","contentUrl":"https:\/\/vosgesinfo.fr\/app\/uploads\/sites\/4\/2024\/08\/202306repas-concerts-udac-2-1.jpg","width":1600,"height":1205},{"@type":"BreadcrumbList","@id":"https:\/\/vosgesinfo.fr\/saintdieinfo\/2023\/06\/repas-concerts-de-ludac-quatre-soirees-autant-dambiances-differentes-cet-ete\/#breadcrumb","itemListElement":[{"@type":"ListItem","position":1,"name":"Home","item":"https:\/\/vosgesinfo.fr\/saintdieinfo\/"},{"@type":"ListItem","position":2,"name":"Repas-concerts de l&rsquo;UDAC : quatre soir\u00e9es pour autant d&rsquo;ambiances diff\u00e9rentes cet \u00e9t\u00e9"}]},{"@type":"WebSite","@id":"https:\/\/vosgesinfo.fr\/saintdieinfo\/#website","url":"https:\/\/vosgesinfo.fr\/saintdieinfo\/","name":"Saint Die Info","description":"Toute l&#039;actualit\u00e9 de Saint-Di\u00e9-Des-Vosges","publisher":{"@id":"https:\/\/vosgesinfo.fr\/saintdieinfo\/#organization"},"alternateName":"Toute l'actualit\u00e9 de Saint-Di\u00e9-Des-Vosges","potentialAction":[{"@type":"SearchAction","target":{"@type":"EntryPoint","urlTemplate":"https:\/\/vosgesinfo.fr\/saintdieinfo\/?s={search_term_string}"},"query-input":"required name=search_term_string"}],"inLanguage":"fr-FR"},{"@type":"Organization","@id":"https:\/\/vosgesinfo.fr\/saintdieinfo\/#organization","name":"Saint Die Info","url":"https:\/\/vosgesinfo.fr\/saintdieinfo\/","logo":{"@type":"ImageObject","inLanguage":"fr-FR","@id":"https:\/\/vosgesinfo.fr\/saintdieinfo\/#\/schema\/logo\/image\/","url":"https:\/\/vosgesinfo.fr\/app\/uploads\/sites\/4\/2024\/02\/logo-sdi.jpg","contentUrl":"https:\/\/vosgesinfo.fr\/app\/uploads\/sites\/4\/2024\/02\/logo-sdi.jpg","width":600,"height":600,"caption":"Saint Die Info"},"image":{"@id":"https:\/\/vosgesinfo.fr\/saintdieinfo\/#\/schema\/logo\/image\/"},"sameAs":["https:\/\/www.facebook.com\/Saintdieinfofr","https:\/\/x.com\/VosgesInfo88","https:\/\/www.youtube.com\/@vosgesinfo"]},{"@type":"Person","@id":"https:\/\/vosgesinfo.fr\/saintdieinfo\/#\/schema\/person\/faee6704a21f3977511db84bd1cd450f","name":"la r\u00e9daction","image":{"@type":"ImageObject","inLanguage":"fr-FR","@id":"https:\/\/vosgesinfo.fr\/saintdieinfo\/#\/schema\/person\/image\/","url":"https:\/\/secure.gravatar.com\/avatar\/6673d8bc6a9c17fa9a453eaa3448de834fa308c2ec9635b7aa99441a7c8d2cf6?s=96&d=mm&r=g","contentUrl":"https:\/\/secure.gravatar.com\/avatar\/6673d8bc6a9c17fa9a453eaa3448de834fa308c2ec9635b7aa99441a7c8d2cf6?s=96&d=mm&r=g","caption":"la r\u00e9daction"},"url":"https:\/\/vosgesinfo.fr\/saintdieinfo\/author\/redac\/"}]}},"_links":{"self":[{"href":"https:\/\/vosgesinfo.fr\/saintdieinfo\/wp-json\/wp\/v2\/posts\/65958","targetHints":{"allow":["GET"]}}],"collection":[{"href":"https:\/\/vosgesinfo.fr\/saintdieinfo\/wp-json\/wp\/v2\/posts"}],"about":[{"href":"https:\/\/vosgesinfo.fr\/saintdieinfo\/wp-json\/wp\/v2\/types\/post"}],"author":[{"embeddable":true,"href":"https:\/\/vosgesinfo.fr\/saintdieinfo\/wp-json\/wp\/v2\/users\/44"}],"replies":[{"embeddable":true,"href":"https:\/\/vosgesinfo.fr\/saintdieinfo\/wp-json\/wp\/v2\/comments?post=65958"}],"version-history":[{"count":0,"href":"https:\/\/vosgesinfo.fr\/saintdieinfo\/wp-json\/wp\/v2\/posts\/65958\/revisions"}],"wp:featuredmedia":[{"embeddable":true,"href":"https:\/\/vosgesinfo.fr\/saintdieinfo\/wp-json\/wp\/v2\/media\/65959"}],"wp:attachment":[{"href":"https:\/\/vosgesinfo.fr\/saintdieinfo\/wp-json\/wp\/v2\/media?parent=65958"}],"wp:term":[{"taxonomy":"category","embeddable":true,"href":"https:\/\/vosgesinfo.fr\/saintdieinfo\/wp-json\/wp\/v2\/categories?post=65958"},{"taxonomy":"post_tag","embeddable":true,"href":"https:\/\/vosgesinfo.fr\/saintdieinfo\/wp-json\/wp\/v2\/tags?post=65958"}],"curies":[{"name":"wp","href":"https:\/\/api.w.org\/{rel}","templated":true}]}}