{"id":66015,"date":"2023-06-22T12:39:16","date_gmt":"2023-06-22T10:39:16","guid":{"rendered":"https:\/\/vosgesinfo.fr\/saintdieinfo\/2023\/06\/se-rendre-aux-urgences-de-saint-die-vosges\/"},"modified":"2023-06-22T12:39:16","modified_gmt":"2023-06-22T10:39:16","slug":"se-rendre-aux-urgences-de-saint-die-vosges","status":"publish","type":"post","link":"https:\/\/vosgesinfo.fr\/saintdieinfo\/2023\/06\/se-rendre-aux-urgences-de-saint-die-vosges\/","title":{"rendered":"Quand se rendre aux urgences de Saint-Di\u00e9-des-Vosges ?"},"content":{"rendered":"<div id=\"attachment_195286\" style=\"width: 970px\" class=\"wp-caption aligncenter\"><a href=\"\/2023\/01\/Point_Urgences_CH_SDDV-3.jpg\" target=\"_blank\" rel=\"noopener\"><img decoding=\"async\" aria-describedby=\"caption-attachment-195286\" class=\"wp-image-195286 size-large\" src=\"\/2023\/01\/Point_Urgences_CH_SDDV-3-1024x771.jpg\" alt=\"Point_Urgences_CH_SDDV (3)\" width=\"960\" height=\"723\" \/><\/a><p id=\"caption-attachment-195286\" class=\"wp-caption-text\">(Archives)<\/p><\/div>\n<h2><strong><span style=\"font-size: 14pt;\">Tout au long de l\u2019ann\u00e9e, et plus encore en p\u00e9riode estivale, les services d\u2019urgences font face \u00e0 des tensions importantes. Ces services sont essentiels pour fournir des soins m\u00e9dicaux urgents et vitaux \u00e0 ceux qui en ont besoin.<\/span><\/strong><\/h2>\n<p><!--more--><\/p>\n<p>Si vous avez besoin de soins imm\u00e9diats, appelez d&rsquo;abord votre m\u00e9decin ou son rempla\u00e7ant. En son absence, d&rsquo;autres lieux de soins sans rendez-vous peuvent vous accueillir. Si vous avez un doute sur la gravit\u00e9 de votre situation, appelez le 15 avant de vous d\u00e9placer. Les services d\u2019urgences sont d\u2019abord destin\u00e9s \u00e0 prendre en charge les urgences vitales.<\/p>\n<h3><strong><span style=\"font-size: 12pt;\">Les solutions alternatives aux urgences<\/span><\/strong><\/h3>\n<ul>\n<li>Votre m\u00e9decin traitant \/ m\u00e9decin g\u00e9n\u00e9raliste s&rsquo;il est disponible. Tr\u00e8s souvent, votre m\u00e9decin traitant \/ m\u00e9decin g\u00e9n\u00e9raliste peut vous soigner et vous donner rapidement les meilleurs conseils. Il doit toujours \u00eatre l\u2019interlocuteur \u00e0 privil\u00e9gier.<\/li>\n<li>Les Centres 15. Les m\u00e9decins des Centres15 assurent une \u00e9coute m\u00e9dicale t\u00e9l\u00e9phonique permanente et vous donnent les premiers conseils m\u00e9dicaux. Ils vous proposent le cas \u00e9ch\u00e9ant une solution adapt\u00e9e \u00e0 votre situation :<\/li>\n<\/ul>\n<p>\u2022 renvoi vers un m\u00e9decin de garde ou une autre structure de consultation<br \/>\n\u2022 ou recommandation pour vous rendre aux urgences,<br \/>\n\u2022 ou envoi d&rsquo;un v\u00e9hicule m\u00e9dicalis\u00e9 en cas d\u2019urgence vitale<\/p>\n<p>\u260eComposez le 15 ou 0 820 33 20 20. Si vous \u00eates malentendant, composez le 114<\/p>\n<p>Les services d&rsquo;urgence peuvent \u00eatre tr\u00e8s fr\u00e9quent\u00e9s et les temps d&rsquo;attente peuvent varier en fonction de l&rsquo;affluence et de la gravit\u00e9 des cas. Soyez patient et comprenez que les professionnels de la sant\u00e9 font de leur mieux pour fournir des soins \u00e0 tous les patients. Les cas les plus urgents sont trait\u00e9s en priorit\u00e9, ce qui signifie que votre attente peut \u00eatre prolong\u00e9e. Votre coop\u00e9ration et votre compr\u00e9hension sont essentielles pour maintenir un environnement de soins s\u00fbr et efficace pour tous. Ensemble, nous pouvons contribuer \u00e0 garantir un acc\u00e8s \u00e9quitable aux soins et \u00e0 promouvoir la s\u00e9curit\u00e9 et le bien-\u00eatre de tous.<\/p>\n","protected":false},"excerpt":{"rendered":"<p>Tout au long de l\u2019ann\u00e9e, et plus encore en p\u00e9riode estivale, les services d\u2019urgences font face \u00e0 des tensions importantes. [&hellip;]<\/p>\n","protected":false},"author":44,"featured_media":25357,"comment_status":"open","ping_status":"open","sticky":false,"template":"","format":"standard","meta":{"footnotes":""},"categories":[460,2915,4152,13],"tags":[3056,3146,4153],"class_list":["post-66015","post","type-post","status-publish","format-standard","has-post-thumbnail","hentry","category-a-la-une","category-saint-die-son-canton","category-sante","category-societe","tag-centre-hospitalier-de-saint-die-des-vosges","tag-hopitaux-du-massif-des-vosges","tag-urgences-de-saint-die-des-vosges"],"acf":[],"yoast_head":"<!-- This site is optimized with the Yoast SEO plugin v22.5 - https:\/\/yoast.com\/wordpress\/plugins\/seo\/ -->\n<title>Quand se rendre aux urgences de Saint-Di\u00e9-des-Vosges ? - Saint Die Info<\/title>\n<meta name=\"robots\" content=\"index, follow, max-snippet:-1, max-image-preview:large, max-video-preview:-1\" \/>\n<link rel=\"canonical\" href=\"https:\/\/vosgesinfo.fr\/saintdieinfo\/2023\/06\/se-rendre-aux-urgences-de-saint-die-vosges\/\" \/>\n<meta name=\"twitter:card\" content=\"summary_large_image\" \/>\n<meta name=\"twitter:title\" content=\"Quand se rendre aux urgences de Saint-Di\u00e9-des-Vosges ? - Saint Die Info\" \/>\n<meta name=\"twitter:description\" content=\"Tout au long de l\u2019ann\u00e9e, et plus encore en p\u00e9riode estivale, les services d\u2019urgences font face \u00e0 des tensions importantes. [&hellip;]\" \/>\n<meta name=\"twitter:image\" content=\"https:\/\/vosgesinfo.fr\/app\/uploads\/sites\/4\/2023\/01\/point-urgences-ch-sddv-3.jpg\" \/>\n<meta name=\"twitter:creator\" content=\"@VosgesInfo88\" \/>\n<meta name=\"twitter:site\" content=\"@VosgesInfo88\" \/>\n<meta name=\"twitter:label1\" content=\"\u00c9crit par\" \/>\n\t<meta name=\"twitter:data1\" content=\"la r\u00e9daction\" \/>\n\t<meta name=\"twitter:label2\" content=\"Dur\u00e9e de lecture estim\u00e9e\" \/>\n\t<meta name=\"twitter:data2\" content=\"2 minutes\" \/>\n<script type=\"application\/ld+json\" class=\"yoast-schema-graph\">{\"@context\":\"https:\/\/schema.org\",\"@graph\":[{\"@type\":\"Article\",\"@id\":\"https:\/\/vosgesinfo.fr\/saintdieinfo\/2023\/06\/se-rendre-aux-urgences-de-saint-die-vosges\/#article\",\"isPartOf\":{\"@id\":\"https:\/\/vosgesinfo.fr\/saintdieinfo\/2023\/06\/se-rendre-aux-urgences-de-saint-die-vosges\/\"},\"author\":{\"name\":\"la r\u00e9daction\",\"@id\":\"https:\/\/vosgesinfo.fr\/saintdieinfo\/#\/schema\/person\/faee6704a21f3977511db84bd1cd450f\"},\"headline\":\"Quand se rendre aux urgences de Saint-Di\u00e9-des-Vosges ?\",\"datePublished\":\"2023-06-22T10:39:16+00:00\",\"dateModified\":\"2023-06-22T10:39:16+00:00\",\"mainEntityOfPage\":{\"@id\":\"https:\/\/vosgesinfo.fr\/saintdieinfo\/2023\/06\/se-rendre-aux-urgences-de-saint-die-vosges\/\"},\"wordCount\":361,\"commentCount\":0,\"publisher\":{\"@id\":\"https:\/\/vosgesinfo.fr\/saintdieinfo\/#organization\"},\"image\":{\"@id\":\"https:\/\/vosgesinfo.fr\/saintdieinfo\/2023\/06\/se-rendre-aux-urgences-de-saint-die-vosges\/#primaryimage\"},\"thumbnailUrl\":\"https:\/\/vosgesinfo.fr\/app\/uploads\/sites\/4\/2023\/01\/point-urgences-ch-sddv-3.jpg\",\"keywords\":[\"Centre Hospitalier de Saint-Di\u00e9-des-Vosges\",\"H\u00f4pitaux du Massif des Vosges\",\"Urgences de Saint-Di\u00e9-des-Vosges\"],\"articleSection\":[\"A la Une\",\"Saint-Di\u00e9-des-Vosges et son Agglom\u00e9ration\",\"Sant\u00e9\",\"Soci\u00e9t\u00e9\"],\"inLanguage\":\"fr-FR\",\"potentialAction\":[{\"@type\":\"CommentAction\",\"name\":\"Comment\",\"target\":[\"https:\/\/vosgesinfo.fr\/saintdieinfo\/2023\/06\/se-rendre-aux-urgences-de-saint-die-vosges\/#respond\"]}]},{\"@type\":\"WebPage\",\"@id\":\"https:\/\/vosgesinfo.fr\/saintdieinfo\/2023\/06\/se-rendre-aux-urgences-de-saint-die-vosges\/\",\"url\":\"https:\/\/vosgesinfo.fr\/saintdieinfo\/2023\/06\/se-rendre-aux-urgences-de-saint-die-vosges\/\",\"name\":\"Quand se rendre aux urgences de Saint-Di\u00e9-des-Vosges ? - Saint Die Info\",\"isPartOf\":{\"@id\":\"https:\/\/vosgesinfo.fr\/saintdieinfo\/#website\"},\"primaryImageOfPage\":{\"@id\":\"https:\/\/vosgesinfo.fr\/saintdieinfo\/2023\/06\/se-rendre-aux-urgences-de-saint-die-vosges\/#primaryimage\"},\"image\":{\"@id\":\"https:\/\/vosgesinfo.fr\/saintdieinfo\/2023\/06\/se-rendre-aux-urgences-de-saint-die-vosges\/#primaryimage\"},\"thumbnailUrl\":\"https:\/\/vosgesinfo.fr\/app\/uploads\/sites\/4\/2023\/01\/point-urgences-ch-sddv-3.jpg\",\"datePublished\":\"2023-06-22T10:39:16+00:00\",\"dateModified\":\"2023-06-22T10:39:16+00:00\",\"breadcrumb\":{\"@id\":\"https:\/\/vosgesinfo.fr\/saintdieinfo\/2023\/06\/se-rendre-aux-urgences-de-saint-die-vosges\/#breadcrumb\"},\"inLanguage\":\"fr-FR\",\"potentialAction\":[{\"@type\":\"ReadAction\",\"target\":[\"https:\/\/vosgesinfo.fr\/saintdieinfo\/2023\/06\/se-rendre-aux-urgences-de-saint-die-vosges\/\"]}]},{\"@type\":\"ImageObject\",\"inLanguage\":\"fr-FR\",\"@id\":\"https:\/\/vosgesinfo.fr\/saintdieinfo\/2023\/06\/se-rendre-aux-urgences-de-saint-die-vosges\/#primaryimage\",\"url\":\"https:\/\/vosgesinfo.fr\/app\/uploads\/sites\/4\/2023\/01\/point-urgences-ch-sddv-3.jpg\",\"contentUrl\":\"https:\/\/vosgesinfo.fr\/app\/uploads\/sites\/4\/2023\/01\/point-urgences-ch-sddv-3.jpg\",\"width\":1600,\"height\":1205},{\"@type\":\"BreadcrumbList\",\"@id\":\"https:\/\/vosgesinfo.fr\/saintdieinfo\/2023\/06\/se-rendre-aux-urgences-de-saint-die-vosges\/#breadcrumb\",\"itemListElement\":[{\"@type\":\"ListItem\",\"position\":1,\"name\":\"Home\",\"item\":\"https:\/\/vosgesinfo.fr\/saintdieinfo\/\"},{\"@type\":\"ListItem\",\"position\":2,\"name\":\"Quand se rendre aux urgences de Saint-Di\u00e9-des-Vosges ?\"}]},{\"@type\":\"WebSite\",\"@id\":\"https:\/\/vosgesinfo.fr\/saintdieinfo\/#website\",\"url\":\"https:\/\/vosgesinfo.fr\/saintdieinfo\/\",\"name\":\"Saint Die Info\",\"description\":\"Toute l&#039;actualit\u00e9 de Saint-Di\u00e9-Des-Vosges\",\"publisher\":{\"@id\":\"https:\/\/vosgesinfo.fr\/saintdieinfo\/#organization\"},\"alternateName\":\"Toute l'actualit\u00e9 de Saint-Di\u00e9-Des-Vosges\",\"potentialAction\":[{\"@type\":\"SearchAction\",\"target\":{\"@type\":\"EntryPoint\",\"urlTemplate\":\"https:\/\/vosgesinfo.fr\/saintdieinfo\/?s={search_term_string}\"},\"query-input\":\"required name=search_term_string\"}],\"inLanguage\":\"fr-FR\"},{\"@type\":\"Organization\",\"@id\":\"https:\/\/vosgesinfo.fr\/saintdieinfo\/#organization\",\"name\":\"Saint Die Info\",\"url\":\"https:\/\/vosgesinfo.fr\/saintdieinfo\/\",\"logo\":{\"@type\":\"ImageObject\",\"inLanguage\":\"fr-FR\",\"@id\":\"https:\/\/vosgesinfo.fr\/saintdieinfo\/#\/schema\/logo\/image\/\",\"url\":\"https:\/\/vosgesinfo.fr\/app\/uploads\/sites\/4\/2024\/02\/logo-sdi.jpg\",\"contentUrl\":\"https:\/\/vosgesinfo.fr\/app\/uploads\/sites\/4\/2024\/02\/logo-sdi.jpg\",\"width\":600,\"height\":600,\"caption\":\"Saint Die Info\"},\"image\":{\"@id\":\"https:\/\/vosgesinfo.fr\/saintdieinfo\/#\/schema\/logo\/image\/\"},\"sameAs\":[\"https:\/\/www.facebook.com\/Saintdieinfofr\",\"https:\/\/x.com\/VosgesInfo88\",\"https:\/\/www.youtube.com\/@vosgesinfo\"]},{\"@type\":\"Person\",\"@id\":\"https:\/\/vosgesinfo.fr\/saintdieinfo\/#\/schema\/person\/faee6704a21f3977511db84bd1cd450f\",\"name\":\"la r\u00e9daction\",\"image\":{\"@type\":\"ImageObject\",\"inLanguage\":\"fr-FR\",\"@id\":\"https:\/\/vosgesinfo.fr\/saintdieinfo\/#\/schema\/person\/image\/\",\"url\":\"https:\/\/secure.gravatar.com\/avatar\/6673d8bc6a9c17fa9a453eaa3448de834fa308c2ec9635b7aa99441a7c8d2cf6?s=96&d=mm&r=g\",\"contentUrl\":\"https:\/\/secure.gravatar.com\/avatar\/6673d8bc6a9c17fa9a453eaa3448de834fa308c2ec9635b7aa99441a7c8d2cf6?s=96&d=mm&r=g\",\"caption\":\"la r\u00e9daction\"},\"url\":\"https:\/\/vosgesinfo.fr\/saintdieinfo\/author\/redac\/\"}]}<\/script>\n<!-- \/ Yoast SEO plugin. -->","yoast_head_json":{"title":"Quand se rendre aux urgences de Saint-Di\u00e9-des-Vosges ? - Saint Die Info","robots":{"index":"index","follow":"follow","max-snippet":"max-snippet:-1","max-image-preview":"max-image-preview:large","max-video-preview":"max-video-preview:-1"},"canonical":"https:\/\/vosgesinfo.fr\/saintdieinfo\/2023\/06\/se-rendre-aux-urgences-de-saint-die-vosges\/","twitter_card":"summary_large_image","twitter_title":"Quand se rendre aux urgences de Saint-Di\u00e9-des-Vosges ? - Saint Die Info","twitter_description":"Tout au long de l\u2019ann\u00e9e, et plus encore en p\u00e9riode estivale, les services d\u2019urgences font face \u00e0 des tensions importantes. [&hellip;]","twitter_image":"https:\/\/vosgesinfo.fr\/app\/uploads\/sites\/4\/2023\/01\/point-urgences-ch-sddv-3.jpg","twitter_creator":"@VosgesInfo88","twitter_site":"@VosgesInfo88","twitter_misc":{"\u00c9crit par":"la r\u00e9daction","Dur\u00e9e de lecture estim\u00e9e":"2 minutes"},"schema":{"@context":"https:\/\/schema.org","@graph":[{"@type":"Article","@id":"https:\/\/vosgesinfo.fr\/saintdieinfo\/2023\/06\/se-rendre-aux-urgences-de-saint-die-vosges\/#article","isPartOf":{"@id":"https:\/\/vosgesinfo.fr\/saintdieinfo\/2023\/06\/se-rendre-aux-urgences-de-saint-die-vosges\/"},"author":{"name":"la r\u00e9daction","@id":"https:\/\/vosgesinfo.fr\/saintdieinfo\/#\/schema\/person\/faee6704a21f3977511db84bd1cd450f"},"headline":"Quand se rendre aux urgences de Saint-Di\u00e9-des-Vosges ?","datePublished":"2023-06-22T10:39:16+00:00","dateModified":"2023-06-22T10:39:16+00:00","mainEntityOfPage":{"@id":"https:\/\/vosgesinfo.fr\/saintdieinfo\/2023\/06\/se-rendre-aux-urgences-de-saint-die-vosges\/"},"wordCount":361,"commentCount":0,"publisher":{"@id":"https:\/\/vosgesinfo.fr\/saintdieinfo\/#organization"},"image":{"@id":"https:\/\/vosgesinfo.fr\/saintdieinfo\/2023\/06\/se-rendre-aux-urgences-de-saint-die-vosges\/#primaryimage"},"thumbnailUrl":"https:\/\/vosgesinfo.fr\/app\/uploads\/sites\/4\/2023\/01\/point-urgences-ch-sddv-3.jpg","keywords":["Centre Hospitalier de Saint-Di\u00e9-des-Vosges","H\u00f4pitaux du Massif des Vosges","Urgences de Saint-Di\u00e9-des-Vosges"],"articleSection":["A la Une","Saint-Di\u00e9-des-Vosges et son Agglom\u00e9ration","Sant\u00e9","Soci\u00e9t\u00e9"],"inLanguage":"fr-FR","potentialAction":[{"@type":"CommentAction","name":"Comment","target":["https:\/\/vosgesinfo.fr\/saintdieinfo\/2023\/06\/se-rendre-aux-urgences-de-saint-die-vosges\/#respond"]}]},{"@type":"WebPage","@id":"https:\/\/vosgesinfo.fr\/saintdieinfo\/2023\/06\/se-rendre-aux-urgences-de-saint-die-vosges\/","url":"https:\/\/vosgesinfo.fr\/saintdieinfo\/2023\/06\/se-rendre-aux-urgences-de-saint-die-vosges\/","name":"Quand se rendre aux urgences de Saint-Di\u00e9-des-Vosges ? - Saint Die Info","isPartOf":{"@id":"https:\/\/vosgesinfo.fr\/saintdieinfo\/#website"},"primaryImageOfPage":{"@id":"https:\/\/vosgesinfo.fr\/saintdieinfo\/2023\/06\/se-rendre-aux-urgences-de-saint-die-vosges\/#primaryimage"},"image":{"@id":"https:\/\/vosgesinfo.fr\/saintdieinfo\/2023\/06\/se-rendre-aux-urgences-de-saint-die-vosges\/#primaryimage"},"thumbnailUrl":"https:\/\/vosgesinfo.fr\/app\/uploads\/sites\/4\/2023\/01\/point-urgences-ch-sddv-3.jpg","datePublished":"2023-06-22T10:39:16+00:00","dateModified":"2023-06-22T10:39:16+00:00","breadcrumb":{"@id":"https:\/\/vosgesinfo.fr\/saintdieinfo\/2023\/06\/se-rendre-aux-urgences-de-saint-die-vosges\/#breadcrumb"},"inLanguage":"fr-FR","potentialAction":[{"@type":"ReadAction","target":["https:\/\/vosgesinfo.fr\/saintdieinfo\/2023\/06\/se-rendre-aux-urgences-de-saint-die-vosges\/"]}]},{"@type":"ImageObject","inLanguage":"fr-FR","@id":"https:\/\/vosgesinfo.fr\/saintdieinfo\/2023\/06\/se-rendre-aux-urgences-de-saint-die-vosges\/#primaryimage","url":"https:\/\/vosgesinfo.fr\/app\/uploads\/sites\/4\/2023\/01\/point-urgences-ch-sddv-3.jpg","contentUrl":"https:\/\/vosgesinfo.fr\/app\/uploads\/sites\/4\/2023\/01\/point-urgences-ch-sddv-3.jpg","width":1600,"height":1205},{"@type":"BreadcrumbList","@id":"https:\/\/vosgesinfo.fr\/saintdieinfo\/2023\/06\/se-rendre-aux-urgences-de-saint-die-vosges\/#breadcrumb","itemListElement":[{"@type":"ListItem","position":1,"name":"Home","item":"https:\/\/vosgesinfo.fr\/saintdieinfo\/"},{"@type":"ListItem","position":2,"name":"Quand se rendre aux urgences de Saint-Di\u00e9-des-Vosges ?"}]},{"@type":"WebSite","@id":"https:\/\/vosgesinfo.fr\/saintdieinfo\/#website","url":"https:\/\/vosgesinfo.fr\/saintdieinfo\/","name":"Saint Die Info","description":"Toute l&#039;actualit\u00e9 de Saint-Di\u00e9-Des-Vosges","publisher":{"@id":"https:\/\/vosgesinfo.fr\/saintdieinfo\/#organization"},"alternateName":"Toute l'actualit\u00e9 de Saint-Di\u00e9-Des-Vosges","potentialAction":[{"@type":"SearchAction","target":{"@type":"EntryPoint","urlTemplate":"https:\/\/vosgesinfo.fr\/saintdieinfo\/?s={search_term_string}"},"query-input":"required name=search_term_string"}],"inLanguage":"fr-FR"},{"@type":"Organization","@id":"https:\/\/vosgesinfo.fr\/saintdieinfo\/#organization","name":"Saint Die Info","url":"https:\/\/vosgesinfo.fr\/saintdieinfo\/","logo":{"@type":"ImageObject","inLanguage":"fr-FR","@id":"https:\/\/vosgesinfo.fr\/saintdieinfo\/#\/schema\/logo\/image\/","url":"https:\/\/vosgesinfo.fr\/app\/uploads\/sites\/4\/2024\/02\/logo-sdi.jpg","contentUrl":"https:\/\/vosgesinfo.fr\/app\/uploads\/sites\/4\/2024\/02\/logo-sdi.jpg","width":600,"height":600,"caption":"Saint Die Info"},"image":{"@id":"https:\/\/vosgesinfo.fr\/saintdieinfo\/#\/schema\/logo\/image\/"},"sameAs":["https:\/\/www.facebook.com\/Saintdieinfofr","https:\/\/x.com\/VosgesInfo88","https:\/\/www.youtube.com\/@vosgesinfo"]},{"@type":"Person","@id":"https:\/\/vosgesinfo.fr\/saintdieinfo\/#\/schema\/person\/faee6704a21f3977511db84bd1cd450f","name":"la r\u00e9daction","image":{"@type":"ImageObject","inLanguage":"fr-FR","@id":"https:\/\/vosgesinfo.fr\/saintdieinfo\/#\/schema\/person\/image\/","url":"https:\/\/secure.gravatar.com\/avatar\/6673d8bc6a9c17fa9a453eaa3448de834fa308c2ec9635b7aa99441a7c8d2cf6?s=96&d=mm&r=g","contentUrl":"https:\/\/secure.gravatar.com\/avatar\/6673d8bc6a9c17fa9a453eaa3448de834fa308c2ec9635b7aa99441a7c8d2cf6?s=96&d=mm&r=g","caption":"la r\u00e9daction"},"url":"https:\/\/vosgesinfo.fr\/saintdieinfo\/author\/redac\/"}]}},"_links":{"self":[{"href":"https:\/\/vosgesinfo.fr\/saintdieinfo\/wp-json\/wp\/v2\/posts\/66015","targetHints":{"allow":["GET"]}}],"collection":[{"href":"https:\/\/vosgesinfo.fr\/saintdieinfo\/wp-json\/wp\/v2\/posts"}],"about":[{"href":"https:\/\/vosgesinfo.fr\/saintdieinfo\/wp-json\/wp\/v2\/types\/post"}],"author":[{"embeddable":true,"href":"https:\/\/vosgesinfo.fr\/saintdieinfo\/wp-json\/wp\/v2\/users\/44"}],"replies":[{"embeddable":true,"href":"https:\/\/vosgesinfo.fr\/saintdieinfo\/wp-json\/wp\/v2\/comments?post=66015"}],"version-history":[{"count":0,"href":"https:\/\/vosgesinfo.fr\/saintdieinfo\/wp-json\/wp\/v2\/posts\/66015\/revisions"}],"wp:featuredmedia":[{"embeddable":true,"href":"https:\/\/vosgesinfo.fr\/saintdieinfo\/wp-json\/wp\/v2\/media\/25357"}],"wp:attachment":[{"href":"https:\/\/vosgesinfo.fr\/saintdieinfo\/wp-json\/wp\/v2\/media?parent=66015"}],"wp:term":[{"taxonomy":"category","embeddable":true,"href":"https:\/\/vosgesinfo.fr\/saintdieinfo\/wp-json\/wp\/v2\/categories?post=66015"},{"taxonomy":"post_tag","embeddable":true,"href":"https:\/\/vosgesinfo.fr\/saintdieinfo\/wp-json\/wp\/v2\/tags?post=66015"}],"curies":[{"name":"wp","href":"https:\/\/api.w.org\/{rel}","templated":true}]}}