{"id":66039,"date":"2023-06-23T08:47:02","date_gmt":"2023-06-23T06:47:02","guid":{"rendered":"https:\/\/vosgesinfo.fr\/saintdieinfo\/2023\/06\/marche-decouverte-legendes-de-montagne-dormont-lassociation-berian\/"},"modified":"2023-06-23T08:47:02","modified_gmt":"2023-06-23T06:47:02","slug":"marche-decouverte-legendes-de-montagne-dormont-lassociation-berian","status":"publish","type":"post","link":"https:\/\/vosgesinfo.fr\/saintdieinfo\/2023\/06\/marche-decouverte-legendes-de-montagne-dormont-lassociation-berian\/","title":{"rendered":"Marche d\u00e9couverte \u00ab\u00a0Les l\u00e9gendes de la montagne d&rsquo;Ormont\u00a0\u00bb avec l&rsquo;association BERIAN"},"content":{"rendered":"<h2><strong><span style=\"font-size: 14pt;\">\u00ab\u00a0Les l\u00e9gendes de la montagne d&rsquo;Ormont\u00a0\u00bb \u00e0 Saint-Di\u00e9-des-Vosges est une marche-d\u00e9couverte organis\u00e9e chaque ann\u00e9e par l&rsquo;association naturaliste historienne et naturaliste BERIAN. La prochaine est organis\u00e9e le dimanche 2 juillet, avec un rendez-vous donn\u00e9 \u00e0 10h dans le secteur de Robache. Le lieu exact de rendez-vous \u00e9tant donn\u00e9 \u00e0 l&rsquo;inscription.<\/span><\/strong><\/h2>\n<p><!--more-->La balade durera environ 5h et parcourra 8 km pour un d\u00e9nivel\u00e9 de 272 m. Pique-nique tir\u00e9 du sac. <u>L\u2019entr\u00e9e<\/u> est \u00e0 10 \u20ac par personne, 5 \u20ac pour les enfants jusqu&rsquo;\u00e0 12 ans et pour les adh\u00e9rents de BERIAN (1 fois par an), gratuit pour les enfants jusqu&rsquo;\u00e0 5 ans. Renseignements compl\u00e9mentaires et inscriptions sur : <span style=\"color: #3366ff;\"><a style=\"color: #3366ff;\" href=\"https:\/\/berian.jimdosite.com\" target=\"_blank\" rel=\"noopener\">https:\/\/berian.jimdosite.com<\/a><\/span>.<\/p>\n<p>\u00ab Saviez-vous qu\u2019un immense lac souterrain se trouve dans les entrailles de l\u2019Ormont et menace de noyer Saint-Di\u00e9 ? Ou que des g\u00e9ants sommeillent \u00e0 l\u2019int\u00e9rieur des grands rochers ? Pour tout savoir remontez le temps avec Siegfrid le Barbare et d\u00e9couvrez la montagne mythologique d&rsquo;Ormont, ses l\u00e9gendes et ses cr\u00e9atures fantastiques ! \u00bb<\/p>\n<p><a href=\"\/2023\/06\/Marche_D\u00e9couverte_Ormont_BERIAN.jpg\" target=\"_blank\" rel=\"noopener\"><img decoding=\"async\" class=\"aligncenter wp-image-203153 size-full\" src=\"\/2023\/06\/Marche_D\u00e9couverte_Ormont_BERIAN.jpg\" alt=\"Marche_D\u00e9couverte_Ormont_BERIAN\" width=\"704\" height=\"945\" \/><\/a><\/p>\n","protected":false},"excerpt":{"rendered":"<p>\u00ab\u00a0Les l\u00e9gendes de la montagne d&rsquo;Ormont\u00a0\u00bb \u00e0 Saint-Di\u00e9-des-Vosges est une marche-d\u00e9couverte organis\u00e9e chaque ann\u00e9e par l&rsquo;association naturaliste historienne et naturaliste [&hellip;]<\/p>\n","protected":false},"author":44,"featured_media":66040,"comment_status":"open","ping_status":"open","sticky":false,"template":"","format":"standard","meta":{"footnotes":""},"categories":[3900,2915,17],"tags":[3010,14598,14599,2995],"class_list":["post-66039","post","type-post","status-publish","format-standard","has-post-thumbnail","hentry","category-breves","category-saint-die-son-canton","category-vie-associative","tag-berian","tag-les-legendes-de-la-montagne-dormont","tag-marche-decouverte","tag-massif-de-lormont"],"acf":[],"yoast_head":"<!-- This site is optimized with the Yoast SEO plugin v22.5 - https:\/\/yoast.com\/wordpress\/plugins\/seo\/ -->\n<title>Marche d\u00e9couverte &quot;Les l\u00e9gendes de la montagne d&#039;Ormont&quot; avec l&#039;association BERIAN - Saint Die Info<\/title>\n<meta name=\"robots\" content=\"index, follow, max-snippet:-1, max-image-preview:large, max-video-preview:-1\" \/>\n<link rel=\"canonical\" href=\"https:\/\/vosgesinfo.fr\/saintdieinfo\/2023\/06\/marche-decouverte-legendes-de-montagne-dormont-lassociation-berian\/\" \/>\n<meta name=\"twitter:card\" content=\"summary_large_image\" \/>\n<meta name=\"twitter:title\" content=\"Marche d\u00e9couverte &quot;Les l\u00e9gendes de la montagne d&#039;Ormont&quot; avec l&#039;association BERIAN - Saint Die Info\" \/>\n<meta name=\"twitter:description\" content=\"\u00ab\u00a0Les l\u00e9gendes de la montagne d&rsquo;Ormont\u00a0\u00bb \u00e0 Saint-Di\u00e9-des-Vosges est une marche-d\u00e9couverte organis\u00e9e chaque ann\u00e9e par l&rsquo;association naturaliste historienne et naturaliste [&hellip;]\" \/>\n<meta name=\"twitter:image\" content=\"https:\/\/vosgesinfo.fr\/app\/uploads\/sites\/4\/2024\/08\/202306marche-decouverte-ormont-berian.jpg\" \/>\n<meta name=\"twitter:creator\" content=\"@VosgesInfo88\" \/>\n<meta name=\"twitter:site\" content=\"@VosgesInfo88\" \/>\n<meta name=\"twitter:label1\" content=\"\u00c9crit par\" \/>\n\t<meta name=\"twitter:data1\" content=\"la r\u00e9daction\" \/>\n\t<meta name=\"twitter:label2\" content=\"Dur\u00e9e de lecture estim\u00e9e\" \/>\n\t<meta name=\"twitter:data2\" content=\"1 minute\" \/>\n<script type=\"application\/ld+json\" class=\"yoast-schema-graph\">{\"@context\":\"https:\/\/schema.org\",\"@graph\":[{\"@type\":\"Article\",\"@id\":\"https:\/\/vosgesinfo.fr\/saintdieinfo\/2023\/06\/marche-decouverte-legendes-de-montagne-dormont-lassociation-berian\/#article\",\"isPartOf\":{\"@id\":\"https:\/\/vosgesinfo.fr\/saintdieinfo\/2023\/06\/marche-decouverte-legendes-de-montagne-dormont-lassociation-berian\/\"},\"author\":{\"name\":\"la r\u00e9daction\",\"@id\":\"https:\/\/vosgesinfo.fr\/saintdieinfo\/#\/schema\/person\/faee6704a21f3977511db84bd1cd450f\"},\"headline\":\"Marche d\u00e9couverte \u00ab\u00a0Les l\u00e9gendes de la montagne d&rsquo;Ormont\u00a0\u00bb avec l&rsquo;association BERIAN\",\"datePublished\":\"2023-06-23T06:47:02+00:00\",\"dateModified\":\"2023-06-23T06:47:02+00:00\",\"mainEntityOfPage\":{\"@id\":\"https:\/\/vosgesinfo.fr\/saintdieinfo\/2023\/06\/marche-decouverte-legendes-de-montagne-dormont-lassociation-berian\/\"},\"wordCount\":181,\"commentCount\":0,\"publisher\":{\"@id\":\"https:\/\/vosgesinfo.fr\/saintdieinfo\/#organization\"},\"image\":{\"@id\":\"https:\/\/vosgesinfo.fr\/saintdieinfo\/2023\/06\/marche-decouverte-legendes-de-montagne-dormont-lassociation-berian\/#primaryimage\"},\"thumbnailUrl\":\"https:\/\/vosgesinfo.fr\/app\/uploads\/sites\/4\/2024\/08\/202306marche-decouverte-ormont-berian.jpg\",\"keywords\":[\"BERIAN\",\"Les l\u00e9gendes de la montagne d'Ormont\",\"Marche d\u00e9couverte\",\"Massif de l'Ormont\"],\"articleSection\":[\"Br\u00e8ves\",\"Saint-Di\u00e9-des-Vosges et son Agglom\u00e9ration\",\"Vie Associative\"],\"inLanguage\":\"fr-FR\",\"potentialAction\":[{\"@type\":\"CommentAction\",\"name\":\"Comment\",\"target\":[\"https:\/\/vosgesinfo.fr\/saintdieinfo\/2023\/06\/marche-decouverte-legendes-de-montagne-dormont-lassociation-berian\/#respond\"]}]},{\"@type\":\"WebPage\",\"@id\":\"https:\/\/vosgesinfo.fr\/saintdieinfo\/2023\/06\/marche-decouverte-legendes-de-montagne-dormont-lassociation-berian\/\",\"url\":\"https:\/\/vosgesinfo.fr\/saintdieinfo\/2023\/06\/marche-decouverte-legendes-de-montagne-dormont-lassociation-berian\/\",\"name\":\"Marche d\u00e9couverte \\\"Les l\u00e9gendes de la montagne d'Ormont\\\" avec l'association BERIAN - Saint Die Info\",\"isPartOf\":{\"@id\":\"https:\/\/vosgesinfo.fr\/saintdieinfo\/#website\"},\"primaryImageOfPage\":{\"@id\":\"https:\/\/vosgesinfo.fr\/saintdieinfo\/2023\/06\/marche-decouverte-legendes-de-montagne-dormont-lassociation-berian\/#primaryimage\"},\"image\":{\"@id\":\"https:\/\/vosgesinfo.fr\/saintdieinfo\/2023\/06\/marche-decouverte-legendes-de-montagne-dormont-lassociation-berian\/#primaryimage\"},\"thumbnailUrl\":\"https:\/\/vosgesinfo.fr\/app\/uploads\/sites\/4\/2024\/08\/202306marche-decouverte-ormont-berian.jpg\",\"datePublished\":\"2023-06-23T06:47:02+00:00\",\"dateModified\":\"2023-06-23T06:47:02+00:00\",\"breadcrumb\":{\"@id\":\"https:\/\/vosgesinfo.fr\/saintdieinfo\/2023\/06\/marche-decouverte-legendes-de-montagne-dormont-lassociation-berian\/#breadcrumb\"},\"inLanguage\":\"fr-FR\",\"potentialAction\":[{\"@type\":\"ReadAction\",\"target\":[\"https:\/\/vosgesinfo.fr\/saintdieinfo\/2023\/06\/marche-decouverte-legendes-de-montagne-dormont-lassociation-berian\/\"]}]},{\"@type\":\"ImageObject\",\"inLanguage\":\"fr-FR\",\"@id\":\"https:\/\/vosgesinfo.fr\/saintdieinfo\/2023\/06\/marche-decouverte-legendes-de-montagne-dormont-lassociation-berian\/#primaryimage\",\"url\":\"https:\/\/vosgesinfo.fr\/app\/uploads\/sites\/4\/2024\/08\/202306marche-decouverte-ormont-berian.jpg\",\"contentUrl\":\"https:\/\/vosgesinfo.fr\/app\/uploads\/sites\/4\/2024\/08\/202306marche-decouverte-ormont-berian.jpg\",\"width\":704,\"height\":945},{\"@type\":\"BreadcrumbList\",\"@id\":\"https:\/\/vosgesinfo.fr\/saintdieinfo\/2023\/06\/marche-decouverte-legendes-de-montagne-dormont-lassociation-berian\/#breadcrumb\",\"itemListElement\":[{\"@type\":\"ListItem\",\"position\":1,\"name\":\"Home\",\"item\":\"https:\/\/vosgesinfo.fr\/saintdieinfo\/\"},{\"@type\":\"ListItem\",\"position\":2,\"name\":\"Marche d\u00e9couverte \u00ab\u00a0Les l\u00e9gendes de la montagne d&rsquo;Ormont\u00a0\u00bb avec l&rsquo;association BERIAN\"}]},{\"@type\":\"WebSite\",\"@id\":\"https:\/\/vosgesinfo.fr\/saintdieinfo\/#website\",\"url\":\"https:\/\/vosgesinfo.fr\/saintdieinfo\/\",\"name\":\"Saint Die Info\",\"description\":\"Toute l&#039;actualit\u00e9 de Saint-Di\u00e9-Des-Vosges\",\"publisher\":{\"@id\":\"https:\/\/vosgesinfo.fr\/saintdieinfo\/#organization\"},\"alternateName\":\"Toute l'actualit\u00e9 de Saint-Di\u00e9-Des-Vosges\",\"potentialAction\":[{\"@type\":\"SearchAction\",\"target\":{\"@type\":\"EntryPoint\",\"urlTemplate\":\"https:\/\/vosgesinfo.fr\/saintdieinfo\/?s={search_term_string}\"},\"query-input\":\"required name=search_term_string\"}],\"inLanguage\":\"fr-FR\"},{\"@type\":\"Organization\",\"@id\":\"https:\/\/vosgesinfo.fr\/saintdieinfo\/#organization\",\"name\":\"Saint Die Info\",\"url\":\"https:\/\/vosgesinfo.fr\/saintdieinfo\/\",\"logo\":{\"@type\":\"ImageObject\",\"inLanguage\":\"fr-FR\",\"@id\":\"https:\/\/vosgesinfo.fr\/saintdieinfo\/#\/schema\/logo\/image\/\",\"url\":\"https:\/\/vosgesinfo.fr\/app\/uploads\/sites\/4\/2024\/02\/logo-sdi.jpg\",\"contentUrl\":\"https:\/\/vosgesinfo.fr\/app\/uploads\/sites\/4\/2024\/02\/logo-sdi.jpg\",\"width\":600,\"height\":600,\"caption\":\"Saint Die Info\"},\"image\":{\"@id\":\"https:\/\/vosgesinfo.fr\/saintdieinfo\/#\/schema\/logo\/image\/\"},\"sameAs\":[\"https:\/\/www.facebook.com\/Saintdieinfofr\",\"https:\/\/x.com\/VosgesInfo88\",\"https:\/\/www.youtube.com\/@vosgesinfo\"]},{\"@type\":\"Person\",\"@id\":\"https:\/\/vosgesinfo.fr\/saintdieinfo\/#\/schema\/person\/faee6704a21f3977511db84bd1cd450f\",\"name\":\"la r\u00e9daction\",\"image\":{\"@type\":\"ImageObject\",\"inLanguage\":\"fr-FR\",\"@id\":\"https:\/\/vosgesinfo.fr\/saintdieinfo\/#\/schema\/person\/image\/\",\"url\":\"https:\/\/secure.gravatar.com\/avatar\/6673d8bc6a9c17fa9a453eaa3448de834fa308c2ec9635b7aa99441a7c8d2cf6?s=96&d=mm&r=g\",\"contentUrl\":\"https:\/\/secure.gravatar.com\/avatar\/6673d8bc6a9c17fa9a453eaa3448de834fa308c2ec9635b7aa99441a7c8d2cf6?s=96&d=mm&r=g\",\"caption\":\"la r\u00e9daction\"},\"url\":\"https:\/\/vosgesinfo.fr\/saintdieinfo\/author\/redac\/\"}]}<\/script>\n<!-- \/ Yoast SEO plugin. -->","yoast_head_json":{"title":"Marche d\u00e9couverte \"Les l\u00e9gendes de la montagne d'Ormont\" avec l'association BERIAN - Saint Die Info","robots":{"index":"index","follow":"follow","max-snippet":"max-snippet:-1","max-image-preview":"max-image-preview:large","max-video-preview":"max-video-preview:-1"},"canonical":"https:\/\/vosgesinfo.fr\/saintdieinfo\/2023\/06\/marche-decouverte-legendes-de-montagne-dormont-lassociation-berian\/","twitter_card":"summary_large_image","twitter_title":"Marche d\u00e9couverte \"Les l\u00e9gendes de la montagne d'Ormont\" avec l'association BERIAN - Saint Die Info","twitter_description":"\u00ab\u00a0Les l\u00e9gendes de la montagne d&rsquo;Ormont\u00a0\u00bb \u00e0 Saint-Di\u00e9-des-Vosges est une marche-d\u00e9couverte organis\u00e9e chaque ann\u00e9e par l&rsquo;association naturaliste historienne et naturaliste [&hellip;]","twitter_image":"https:\/\/vosgesinfo.fr\/app\/uploads\/sites\/4\/2024\/08\/202306marche-decouverte-ormont-berian.jpg","twitter_creator":"@VosgesInfo88","twitter_site":"@VosgesInfo88","twitter_misc":{"\u00c9crit par":"la r\u00e9daction","Dur\u00e9e de lecture estim\u00e9e":"1 minute"},"schema":{"@context":"https:\/\/schema.org","@graph":[{"@type":"Article","@id":"https:\/\/vosgesinfo.fr\/saintdieinfo\/2023\/06\/marche-decouverte-legendes-de-montagne-dormont-lassociation-berian\/#article","isPartOf":{"@id":"https:\/\/vosgesinfo.fr\/saintdieinfo\/2023\/06\/marche-decouverte-legendes-de-montagne-dormont-lassociation-berian\/"},"author":{"name":"la r\u00e9daction","@id":"https:\/\/vosgesinfo.fr\/saintdieinfo\/#\/schema\/person\/faee6704a21f3977511db84bd1cd450f"},"headline":"Marche d\u00e9couverte \u00ab\u00a0Les l\u00e9gendes de la montagne d&rsquo;Ormont\u00a0\u00bb avec l&rsquo;association BERIAN","datePublished":"2023-06-23T06:47:02+00:00","dateModified":"2023-06-23T06:47:02+00:00","mainEntityOfPage":{"@id":"https:\/\/vosgesinfo.fr\/saintdieinfo\/2023\/06\/marche-decouverte-legendes-de-montagne-dormont-lassociation-berian\/"},"wordCount":181,"commentCount":0,"publisher":{"@id":"https:\/\/vosgesinfo.fr\/saintdieinfo\/#organization"},"image":{"@id":"https:\/\/vosgesinfo.fr\/saintdieinfo\/2023\/06\/marche-decouverte-legendes-de-montagne-dormont-lassociation-berian\/#primaryimage"},"thumbnailUrl":"https:\/\/vosgesinfo.fr\/app\/uploads\/sites\/4\/2024\/08\/202306marche-decouverte-ormont-berian.jpg","keywords":["BERIAN","Les l\u00e9gendes de la montagne d'Ormont","Marche d\u00e9couverte","Massif de l'Ormont"],"articleSection":["Br\u00e8ves","Saint-Di\u00e9-des-Vosges et son Agglom\u00e9ration","Vie Associative"],"inLanguage":"fr-FR","potentialAction":[{"@type":"CommentAction","name":"Comment","target":["https:\/\/vosgesinfo.fr\/saintdieinfo\/2023\/06\/marche-decouverte-legendes-de-montagne-dormont-lassociation-berian\/#respond"]}]},{"@type":"WebPage","@id":"https:\/\/vosgesinfo.fr\/saintdieinfo\/2023\/06\/marche-decouverte-legendes-de-montagne-dormont-lassociation-berian\/","url":"https:\/\/vosgesinfo.fr\/saintdieinfo\/2023\/06\/marche-decouverte-legendes-de-montagne-dormont-lassociation-berian\/","name":"Marche d\u00e9couverte \"Les l\u00e9gendes de la montagne d'Ormont\" avec l'association BERIAN - Saint Die Info","isPartOf":{"@id":"https:\/\/vosgesinfo.fr\/saintdieinfo\/#website"},"primaryImageOfPage":{"@id":"https:\/\/vosgesinfo.fr\/saintdieinfo\/2023\/06\/marche-decouverte-legendes-de-montagne-dormont-lassociation-berian\/#primaryimage"},"image":{"@id":"https:\/\/vosgesinfo.fr\/saintdieinfo\/2023\/06\/marche-decouverte-legendes-de-montagne-dormont-lassociation-berian\/#primaryimage"},"thumbnailUrl":"https:\/\/vosgesinfo.fr\/app\/uploads\/sites\/4\/2024\/08\/202306marche-decouverte-ormont-berian.jpg","datePublished":"2023-06-23T06:47:02+00:00","dateModified":"2023-06-23T06:47:02+00:00","breadcrumb":{"@id":"https:\/\/vosgesinfo.fr\/saintdieinfo\/2023\/06\/marche-decouverte-legendes-de-montagne-dormont-lassociation-berian\/#breadcrumb"},"inLanguage":"fr-FR","potentialAction":[{"@type":"ReadAction","target":["https:\/\/vosgesinfo.fr\/saintdieinfo\/2023\/06\/marche-decouverte-legendes-de-montagne-dormont-lassociation-berian\/"]}]},{"@type":"ImageObject","inLanguage":"fr-FR","@id":"https:\/\/vosgesinfo.fr\/saintdieinfo\/2023\/06\/marche-decouverte-legendes-de-montagne-dormont-lassociation-berian\/#primaryimage","url":"https:\/\/vosgesinfo.fr\/app\/uploads\/sites\/4\/2024\/08\/202306marche-decouverte-ormont-berian.jpg","contentUrl":"https:\/\/vosgesinfo.fr\/app\/uploads\/sites\/4\/2024\/08\/202306marche-decouverte-ormont-berian.jpg","width":704,"height":945},{"@type":"BreadcrumbList","@id":"https:\/\/vosgesinfo.fr\/saintdieinfo\/2023\/06\/marche-decouverte-legendes-de-montagne-dormont-lassociation-berian\/#breadcrumb","itemListElement":[{"@type":"ListItem","position":1,"name":"Home","item":"https:\/\/vosgesinfo.fr\/saintdieinfo\/"},{"@type":"ListItem","position":2,"name":"Marche d\u00e9couverte \u00ab\u00a0Les l\u00e9gendes de la montagne d&rsquo;Ormont\u00a0\u00bb avec l&rsquo;association BERIAN"}]},{"@type":"WebSite","@id":"https:\/\/vosgesinfo.fr\/saintdieinfo\/#website","url":"https:\/\/vosgesinfo.fr\/saintdieinfo\/","name":"Saint Die Info","description":"Toute l&#039;actualit\u00e9 de Saint-Di\u00e9-Des-Vosges","publisher":{"@id":"https:\/\/vosgesinfo.fr\/saintdieinfo\/#organization"},"alternateName":"Toute l'actualit\u00e9 de Saint-Di\u00e9-Des-Vosges","potentialAction":[{"@type":"SearchAction","target":{"@type":"EntryPoint","urlTemplate":"https:\/\/vosgesinfo.fr\/saintdieinfo\/?s={search_term_string}"},"query-input":"required name=search_term_string"}],"inLanguage":"fr-FR"},{"@type":"Organization","@id":"https:\/\/vosgesinfo.fr\/saintdieinfo\/#organization","name":"Saint Die Info","url":"https:\/\/vosgesinfo.fr\/saintdieinfo\/","logo":{"@type":"ImageObject","inLanguage":"fr-FR","@id":"https:\/\/vosgesinfo.fr\/saintdieinfo\/#\/schema\/logo\/image\/","url":"https:\/\/vosgesinfo.fr\/app\/uploads\/sites\/4\/2024\/02\/logo-sdi.jpg","contentUrl":"https:\/\/vosgesinfo.fr\/app\/uploads\/sites\/4\/2024\/02\/logo-sdi.jpg","width":600,"height":600,"caption":"Saint Die Info"},"image":{"@id":"https:\/\/vosgesinfo.fr\/saintdieinfo\/#\/schema\/logo\/image\/"},"sameAs":["https:\/\/www.facebook.com\/Saintdieinfofr","https:\/\/x.com\/VosgesInfo88","https:\/\/www.youtube.com\/@vosgesinfo"]},{"@type":"Person","@id":"https:\/\/vosgesinfo.fr\/saintdieinfo\/#\/schema\/person\/faee6704a21f3977511db84bd1cd450f","name":"la r\u00e9daction","image":{"@type":"ImageObject","inLanguage":"fr-FR","@id":"https:\/\/vosgesinfo.fr\/saintdieinfo\/#\/schema\/person\/image\/","url":"https:\/\/secure.gravatar.com\/avatar\/6673d8bc6a9c17fa9a453eaa3448de834fa308c2ec9635b7aa99441a7c8d2cf6?s=96&d=mm&r=g","contentUrl":"https:\/\/secure.gravatar.com\/avatar\/6673d8bc6a9c17fa9a453eaa3448de834fa308c2ec9635b7aa99441a7c8d2cf6?s=96&d=mm&r=g","caption":"la r\u00e9daction"},"url":"https:\/\/vosgesinfo.fr\/saintdieinfo\/author\/redac\/"}]}},"_links":{"self":[{"href":"https:\/\/vosgesinfo.fr\/saintdieinfo\/wp-json\/wp\/v2\/posts\/66039","targetHints":{"allow":["GET"]}}],"collection":[{"href":"https:\/\/vosgesinfo.fr\/saintdieinfo\/wp-json\/wp\/v2\/posts"}],"about":[{"href":"https:\/\/vosgesinfo.fr\/saintdieinfo\/wp-json\/wp\/v2\/types\/post"}],"author":[{"embeddable":true,"href":"https:\/\/vosgesinfo.fr\/saintdieinfo\/wp-json\/wp\/v2\/users\/44"}],"replies":[{"embeddable":true,"href":"https:\/\/vosgesinfo.fr\/saintdieinfo\/wp-json\/wp\/v2\/comments?post=66039"}],"version-history":[{"count":0,"href":"https:\/\/vosgesinfo.fr\/saintdieinfo\/wp-json\/wp\/v2\/posts\/66039\/revisions"}],"wp:featuredmedia":[{"embeddable":true,"href":"https:\/\/vosgesinfo.fr\/saintdieinfo\/wp-json\/wp\/v2\/media\/66040"}],"wp:attachment":[{"href":"https:\/\/vosgesinfo.fr\/saintdieinfo\/wp-json\/wp\/v2\/media?parent=66039"}],"wp:term":[{"taxonomy":"category","embeddable":true,"href":"https:\/\/vosgesinfo.fr\/saintdieinfo\/wp-json\/wp\/v2\/categories?post=66039"},{"taxonomy":"post_tag","embeddable":true,"href":"https:\/\/vosgesinfo.fr\/saintdieinfo\/wp-json\/wp\/v2\/tags?post=66039"}],"curies":[{"name":"wp","href":"https:\/\/api.w.org\/{rel}","templated":true}]}}