{"id":66045,"date":"2023-06-23T09:40:04","date_gmt":"2023-06-23T07:40:04","guid":{"rendered":"https:\/\/vosgesinfo.fr\/saintdieinfo\/2023\/06\/10-jeunes-de-deodatie-decrochent-brevet-dinitiation-aeronautique\/"},"modified":"2023-06-23T09:40:04","modified_gmt":"2023-06-23T07:40:04","slug":"10-jeunes-de-deodatie-decrochent-brevet-dinitiation-aeronautique","status":"publish","type":"post","link":"https:\/\/vosgesinfo.fr\/saintdieinfo\/2023\/06\/10-jeunes-de-deodatie-decrochent-brevet-dinitiation-aeronautique\/","title":{"rendered":"10 jeunes de la D\u00e9odatie d\u00e9crochent leur Brevet d&rsquo;Initiation A\u00e9ronautique"},"content":{"rendered":"<div id=\"attachment_201236\" style=\"width: 970px\" class=\"wp-caption aligncenter\"><a href=\"\/2023\/05\/Remomeix-BIA_Lyc\u00e9e_Georges-Baumont-1.jpg\" target=\"_blank\" rel=\"noopener\"><img decoding=\"async\" aria-describedby=\"caption-attachment-201236\" class=\"wp-image-201236 size-large\" src=\"\/2023\/05\/Remomeix-BIA_Lyc\u00e9e_Georges-Baumont-1-1024x769.jpg\" alt=\"Remomeix-BIA_Lyc\u00e9e_Georges-Baumont (1)\" width=\"960\" height=\"721\" \/><\/a><p id=\"caption-attachment-201236\" class=\"wp-caption-text\">(Archive)<\/p><\/div>\n<h2><strong><span style=\"font-size: 14pt;\">13 jeunes de la D\u00e9odatie ont suivi une formation en vue de d\u00e9crocher leur Brevet d&rsquo;Initiation A\u00e9ronautique \u2013 BIA \u2013 durant cette ann\u00e9e scolaire.<\/span><\/strong><\/h2>\n<p><!--more--><\/p>\n<p>Propos\u00e9e gratuitement, cette formation de 40h est pilot\u00e9e sur le territoire par le lyc\u00e9e Georges-Baumont et se d\u00e9roule les samedis matins dans les locaux de l&rsquo;IUT de Saint-Di\u00e9-des-Vosges. Articul\u00e9e autour des 5 th\u00e9matiques \u00ab\u00a0M\u00e9t\u00e9orologie et a\u00e9rologie\u00a0\u00bb, \u00ab\u00a0A\u00e9rodynamique, a\u00e9rostatique et principes de vols\u00a0\u00bb, \u00ab\u00a0Etude des a\u00e9ronefs et des engins spatiaux\u00a0\u00bb, \u00ab\u00a0Navigation, r\u00e9glementation, s\u00e9curit\u00e9 des vols\u00a0\u00bb, et \u00ab\u00a0Histoire et culture de l&rsquo;a\u00e9ronautique et du spatial\u00a0\u00bb, <span style=\"color: #3366ff;\"><a style=\"color: #3366ff;\" href=\"https:\/\/saintdieinfo.fr\/2023\/05\/remomeix-jeunes-de-deodatie-visitent-laerodrome-rene-fonck\/\" target=\"_blank\" rel=\"noopener\">la formation a notamment amen\u00e9 les 13 jeunes \u00e0 visiter l&rsquo;a\u00e9rodrome Ren\u00e9-Fonck de Remomeix le 13 mai dernier.<\/a><\/span><\/p>\n<p>L&rsquo;examen s&rsquo;est tenu quelques jours plus tard, le 30 mai, et ils sont 10 \u00e0 avoir obtenu leur BIA. Avec une mention \u00ab\u00a0Tr\u00e8s Bien\u00a0\u00bb pour 4 d&rsquo;entre eux, et une mention \u00ab\u00a0Bien\u00a0\u00bb pour 4 autres jeunes dipl\u00f4m\u00e9s. Ce samedi 24 juin, l&rsquo;ensemble des laur\u00e9ats est invit\u00e9e \u00e0 participer \u00e0 des vols d&rsquo;initiation au d\u00e9part de l&rsquo;a\u00e9rodrome remoncourtois.<\/p>\n<h3><strong><span style=\"font-size: 12pt;\">La liste des laur\u00e9ats\u00a0:<\/span><\/strong><\/h3>\n<ul>\n<li>L\u00e9o Bernuzzi\u00a0;<\/li>\n<li>Jules Claudel (mention Bien)\u00a0;<\/li>\n<li>Thomas Colin (mention Tr\u00e8s Bien)\u00a0;<\/li>\n<li>Eliot Fessler\u00a0;<\/li>\n<li>Eliott Muller (mention Bien)\u00a0;<\/li>\n<li>Jonathan Rivat (mention Bien)\u00a0;<\/li>\n<li>Oc\u00e9ane Sartelet (mention Tr\u00e8s Bien)\u00a0;<\/li>\n<li>Antoine Thil (mention Bien)\u00a0;<\/li>\n<li>Diane Roussel (mention Tr\u00e8s Bien)\u00a0;<\/li>\n<li>Brieuc Picot (mention Tr\u00e8s Bien).<\/li>\n<\/ul>\n<p>J.J.<\/p>\n","protected":false},"excerpt":{"rendered":"<p>13 jeunes de la D\u00e9odatie ont suivi une formation en vue de d\u00e9crocher leur Brevet d&rsquo;Initiation A\u00e9ronautique \u2013 BIA \u2013 [&hellip;]<\/p>\n","protected":false},"author":44,"featured_media":66046,"comment_status":"open","ping_status":"open","sticky":false,"template":"","format":"standard","meta":{"footnotes":""},"categories":[460,6,2915],"tags":[11756,14350,14351,3205,3371,3262],"class_list":["post-66045","post","type-post","status-publish","format-standard","has-post-thumbnail","hentry","category-a-la-une","category-education","category-saint-die-son-canton","tag-aerodrome-rene-fonck","tag-bia","tag-brevet-dinitiation-aeronautique","tag-iut-de-saint-die-des-vosges","tag-lycee-georges-baumont","tag-remomeix"],"acf":[],"yoast_head":"<!-- This site is optimized with the Yoast SEO plugin v22.5 - https:\/\/yoast.com\/wordpress\/plugins\/seo\/ -->\n<title>10 jeunes de la D\u00e9odatie d\u00e9crochent leur Brevet d&#039;Initiation A\u00e9ronautique - Saint Die Info<\/title>\n<meta name=\"robots\" content=\"index, follow, max-snippet:-1, max-image-preview:large, max-video-preview:-1\" \/>\n<link rel=\"canonical\" href=\"https:\/\/vosgesinfo.fr\/saintdieinfo\/2023\/06\/10-jeunes-de-deodatie-decrochent-brevet-dinitiation-aeronautique\/\" \/>\n<meta name=\"twitter:card\" content=\"summary_large_image\" \/>\n<meta name=\"twitter:title\" content=\"10 jeunes de la D\u00e9odatie d\u00e9crochent leur Brevet d&#039;Initiation A\u00e9ronautique - Saint Die Info\" \/>\n<meta name=\"twitter:description\" content=\"13 jeunes de la D\u00e9odatie ont suivi une formation en vue de d\u00e9crocher leur Brevet d&rsquo;Initiation A\u00e9ronautique \u2013 BIA \u2013 [&hellip;]\" \/>\n<meta name=\"twitter:image\" content=\"https:\/\/vosgesinfo.fr\/app\/uploads\/sites\/4\/2024\/08\/202305remomeix-bia-lycee-georges-baumont-1-2.jpg\" \/>\n<meta name=\"twitter:creator\" content=\"@VosgesInfo88\" \/>\n<meta name=\"twitter:site\" content=\"@VosgesInfo88\" \/>\n<meta name=\"twitter:label1\" content=\"\u00c9crit par\" \/>\n\t<meta name=\"twitter:data1\" content=\"la r\u00e9daction\" \/>\n\t<meta name=\"twitter:label2\" content=\"Dur\u00e9e de lecture estim\u00e9e\" \/>\n\t<meta name=\"twitter:data2\" content=\"1 minute\" \/>\n<script type=\"application\/ld+json\" class=\"yoast-schema-graph\">{\"@context\":\"https:\/\/schema.org\",\"@graph\":[{\"@type\":\"Article\",\"@id\":\"https:\/\/vosgesinfo.fr\/saintdieinfo\/2023\/06\/10-jeunes-de-deodatie-decrochent-brevet-dinitiation-aeronautique\/#article\",\"isPartOf\":{\"@id\":\"https:\/\/vosgesinfo.fr\/saintdieinfo\/2023\/06\/10-jeunes-de-deodatie-decrochent-brevet-dinitiation-aeronautique\/\"},\"author\":{\"name\":\"la r\u00e9daction\",\"@id\":\"https:\/\/vosgesinfo.fr\/saintdieinfo\/#\/schema\/person\/faee6704a21f3977511db84bd1cd450f\"},\"headline\":\"10 jeunes de la D\u00e9odatie d\u00e9crochent leur Brevet d&rsquo;Initiation A\u00e9ronautique\",\"datePublished\":\"2023-06-23T07:40:04+00:00\",\"dateModified\":\"2023-06-23T07:40:04+00:00\",\"mainEntityOfPage\":{\"@id\":\"https:\/\/vosgesinfo.fr\/saintdieinfo\/2023\/06\/10-jeunes-de-deodatie-decrochent-brevet-dinitiation-aeronautique\/\"},\"wordCount\":260,\"commentCount\":0,\"publisher\":{\"@id\":\"https:\/\/vosgesinfo.fr\/saintdieinfo\/#organization\"},\"image\":{\"@id\":\"https:\/\/vosgesinfo.fr\/saintdieinfo\/2023\/06\/10-jeunes-de-deodatie-decrochent-brevet-dinitiation-aeronautique\/#primaryimage\"},\"thumbnailUrl\":\"https:\/\/vosgesinfo.fr\/app\/uploads\/sites\/4\/2024\/08\/202305remomeix-bia-lycee-georges-baumont-1-2.jpg\",\"keywords\":[\"A\u00e9rodrome Ren\u00e9 Fonck\",\"BIA\",\"Br\u00e9vet d'Initiation A\u00e9ronautique\",\"IUT de Saint-Di\u00e9-des-Vosges\",\"Lyc\u00e9e Georges-Baumont\",\"Remomeix\"],\"articleSection\":[\"A la Une\",\"\u00c9ducation\",\"Saint-Di\u00e9-des-Vosges et son Agglom\u00e9ration\"],\"inLanguage\":\"fr-FR\",\"potentialAction\":[{\"@type\":\"CommentAction\",\"name\":\"Comment\",\"target\":[\"https:\/\/vosgesinfo.fr\/saintdieinfo\/2023\/06\/10-jeunes-de-deodatie-decrochent-brevet-dinitiation-aeronautique\/#respond\"]}]},{\"@type\":\"WebPage\",\"@id\":\"https:\/\/vosgesinfo.fr\/saintdieinfo\/2023\/06\/10-jeunes-de-deodatie-decrochent-brevet-dinitiation-aeronautique\/\",\"url\":\"https:\/\/vosgesinfo.fr\/saintdieinfo\/2023\/06\/10-jeunes-de-deodatie-decrochent-brevet-dinitiation-aeronautique\/\",\"name\":\"10 jeunes de la D\u00e9odatie d\u00e9crochent leur Brevet d'Initiation A\u00e9ronautique - Saint Die Info\",\"isPartOf\":{\"@id\":\"https:\/\/vosgesinfo.fr\/saintdieinfo\/#website\"},\"primaryImageOfPage\":{\"@id\":\"https:\/\/vosgesinfo.fr\/saintdieinfo\/2023\/06\/10-jeunes-de-deodatie-decrochent-brevet-dinitiation-aeronautique\/#primaryimage\"},\"image\":{\"@id\":\"https:\/\/vosgesinfo.fr\/saintdieinfo\/2023\/06\/10-jeunes-de-deodatie-decrochent-brevet-dinitiation-aeronautique\/#primaryimage\"},\"thumbnailUrl\":\"https:\/\/vosgesinfo.fr\/app\/uploads\/sites\/4\/2024\/08\/202305remomeix-bia-lycee-georges-baumont-1-2.jpg\",\"datePublished\":\"2023-06-23T07:40:04+00:00\",\"dateModified\":\"2023-06-23T07:40:04+00:00\",\"breadcrumb\":{\"@id\":\"https:\/\/vosgesinfo.fr\/saintdieinfo\/2023\/06\/10-jeunes-de-deodatie-decrochent-brevet-dinitiation-aeronautique\/#breadcrumb\"},\"inLanguage\":\"fr-FR\",\"potentialAction\":[{\"@type\":\"ReadAction\",\"target\":[\"https:\/\/vosgesinfo.fr\/saintdieinfo\/2023\/06\/10-jeunes-de-deodatie-decrochent-brevet-dinitiation-aeronautique\/\"]}]},{\"@type\":\"ImageObject\",\"inLanguage\":\"fr-FR\",\"@id\":\"https:\/\/vosgesinfo.fr\/saintdieinfo\/2023\/06\/10-jeunes-de-deodatie-decrochent-brevet-dinitiation-aeronautique\/#primaryimage\",\"url\":\"https:\/\/vosgesinfo.fr\/app\/uploads\/sites\/4\/2024\/08\/202305remomeix-bia-lycee-georges-baumont-1-2.jpg\",\"contentUrl\":\"https:\/\/vosgesinfo.fr\/app\/uploads\/sites\/4\/2024\/08\/202305remomeix-bia-lycee-georges-baumont-1-2.jpg\",\"width\":1600,\"height\":1201},{\"@type\":\"BreadcrumbList\",\"@id\":\"https:\/\/vosgesinfo.fr\/saintdieinfo\/2023\/06\/10-jeunes-de-deodatie-decrochent-brevet-dinitiation-aeronautique\/#breadcrumb\",\"itemListElement\":[{\"@type\":\"ListItem\",\"position\":1,\"name\":\"Home\",\"item\":\"https:\/\/vosgesinfo.fr\/saintdieinfo\/\"},{\"@type\":\"ListItem\",\"position\":2,\"name\":\"10 jeunes de la D\u00e9odatie d\u00e9crochent leur Brevet d&rsquo;Initiation A\u00e9ronautique\"}]},{\"@type\":\"WebSite\",\"@id\":\"https:\/\/vosgesinfo.fr\/saintdieinfo\/#website\",\"url\":\"https:\/\/vosgesinfo.fr\/saintdieinfo\/\",\"name\":\"Saint Die Info\",\"description\":\"Toute l&#039;actualit\u00e9 de Saint-Di\u00e9-Des-Vosges\",\"publisher\":{\"@id\":\"https:\/\/vosgesinfo.fr\/saintdieinfo\/#organization\"},\"alternateName\":\"Toute l'actualit\u00e9 de Saint-Di\u00e9-Des-Vosges\",\"potentialAction\":[{\"@type\":\"SearchAction\",\"target\":{\"@type\":\"EntryPoint\",\"urlTemplate\":\"https:\/\/vosgesinfo.fr\/saintdieinfo\/?s={search_term_string}\"},\"query-input\":\"required name=search_term_string\"}],\"inLanguage\":\"fr-FR\"},{\"@type\":\"Organization\",\"@id\":\"https:\/\/vosgesinfo.fr\/saintdieinfo\/#organization\",\"name\":\"Saint Die Info\",\"url\":\"https:\/\/vosgesinfo.fr\/saintdieinfo\/\",\"logo\":{\"@type\":\"ImageObject\",\"inLanguage\":\"fr-FR\",\"@id\":\"https:\/\/vosgesinfo.fr\/saintdieinfo\/#\/schema\/logo\/image\/\",\"url\":\"https:\/\/vosgesinfo.fr\/app\/uploads\/sites\/4\/2024\/02\/logo-sdi.jpg\",\"contentUrl\":\"https:\/\/vosgesinfo.fr\/app\/uploads\/sites\/4\/2024\/02\/logo-sdi.jpg\",\"width\":600,\"height\":600,\"caption\":\"Saint Die Info\"},\"image\":{\"@id\":\"https:\/\/vosgesinfo.fr\/saintdieinfo\/#\/schema\/logo\/image\/\"},\"sameAs\":[\"https:\/\/www.facebook.com\/Saintdieinfofr\",\"https:\/\/x.com\/VosgesInfo88\",\"https:\/\/www.youtube.com\/@vosgesinfo\"]},{\"@type\":\"Person\",\"@id\":\"https:\/\/vosgesinfo.fr\/saintdieinfo\/#\/schema\/person\/faee6704a21f3977511db84bd1cd450f\",\"name\":\"la r\u00e9daction\",\"image\":{\"@type\":\"ImageObject\",\"inLanguage\":\"fr-FR\",\"@id\":\"https:\/\/vosgesinfo.fr\/saintdieinfo\/#\/schema\/person\/image\/\",\"url\":\"https:\/\/secure.gravatar.com\/avatar\/6673d8bc6a9c17fa9a453eaa3448de834fa308c2ec9635b7aa99441a7c8d2cf6?s=96&d=mm&r=g\",\"contentUrl\":\"https:\/\/secure.gravatar.com\/avatar\/6673d8bc6a9c17fa9a453eaa3448de834fa308c2ec9635b7aa99441a7c8d2cf6?s=96&d=mm&r=g\",\"caption\":\"la r\u00e9daction\"},\"url\":\"https:\/\/vosgesinfo.fr\/saintdieinfo\/author\/redac\/\"}]}<\/script>\n<!-- \/ Yoast SEO plugin. -->","yoast_head_json":{"title":"10 jeunes de la D\u00e9odatie d\u00e9crochent leur Brevet d'Initiation A\u00e9ronautique - Saint Die Info","robots":{"index":"index","follow":"follow","max-snippet":"max-snippet:-1","max-image-preview":"max-image-preview:large","max-video-preview":"max-video-preview:-1"},"canonical":"https:\/\/vosgesinfo.fr\/saintdieinfo\/2023\/06\/10-jeunes-de-deodatie-decrochent-brevet-dinitiation-aeronautique\/","twitter_card":"summary_large_image","twitter_title":"10 jeunes de la D\u00e9odatie d\u00e9crochent leur Brevet d'Initiation A\u00e9ronautique - Saint Die Info","twitter_description":"13 jeunes de la D\u00e9odatie ont suivi une formation en vue de d\u00e9crocher leur Brevet d&rsquo;Initiation A\u00e9ronautique \u2013 BIA \u2013 [&hellip;]","twitter_image":"https:\/\/vosgesinfo.fr\/app\/uploads\/sites\/4\/2024\/08\/202305remomeix-bia-lycee-georges-baumont-1-2.jpg","twitter_creator":"@VosgesInfo88","twitter_site":"@VosgesInfo88","twitter_misc":{"\u00c9crit par":"la r\u00e9daction","Dur\u00e9e de lecture estim\u00e9e":"1 minute"},"schema":{"@context":"https:\/\/schema.org","@graph":[{"@type":"Article","@id":"https:\/\/vosgesinfo.fr\/saintdieinfo\/2023\/06\/10-jeunes-de-deodatie-decrochent-brevet-dinitiation-aeronautique\/#article","isPartOf":{"@id":"https:\/\/vosgesinfo.fr\/saintdieinfo\/2023\/06\/10-jeunes-de-deodatie-decrochent-brevet-dinitiation-aeronautique\/"},"author":{"name":"la r\u00e9daction","@id":"https:\/\/vosgesinfo.fr\/saintdieinfo\/#\/schema\/person\/faee6704a21f3977511db84bd1cd450f"},"headline":"10 jeunes de la D\u00e9odatie d\u00e9crochent leur Brevet d&rsquo;Initiation A\u00e9ronautique","datePublished":"2023-06-23T07:40:04+00:00","dateModified":"2023-06-23T07:40:04+00:00","mainEntityOfPage":{"@id":"https:\/\/vosgesinfo.fr\/saintdieinfo\/2023\/06\/10-jeunes-de-deodatie-decrochent-brevet-dinitiation-aeronautique\/"},"wordCount":260,"commentCount":0,"publisher":{"@id":"https:\/\/vosgesinfo.fr\/saintdieinfo\/#organization"},"image":{"@id":"https:\/\/vosgesinfo.fr\/saintdieinfo\/2023\/06\/10-jeunes-de-deodatie-decrochent-brevet-dinitiation-aeronautique\/#primaryimage"},"thumbnailUrl":"https:\/\/vosgesinfo.fr\/app\/uploads\/sites\/4\/2024\/08\/202305remomeix-bia-lycee-georges-baumont-1-2.jpg","keywords":["A\u00e9rodrome Ren\u00e9 Fonck","BIA","Br\u00e9vet d'Initiation A\u00e9ronautique","IUT de Saint-Di\u00e9-des-Vosges","Lyc\u00e9e Georges-Baumont","Remomeix"],"articleSection":["A la Une","\u00c9ducation","Saint-Di\u00e9-des-Vosges et son Agglom\u00e9ration"],"inLanguage":"fr-FR","potentialAction":[{"@type":"CommentAction","name":"Comment","target":["https:\/\/vosgesinfo.fr\/saintdieinfo\/2023\/06\/10-jeunes-de-deodatie-decrochent-brevet-dinitiation-aeronautique\/#respond"]}]},{"@type":"WebPage","@id":"https:\/\/vosgesinfo.fr\/saintdieinfo\/2023\/06\/10-jeunes-de-deodatie-decrochent-brevet-dinitiation-aeronautique\/","url":"https:\/\/vosgesinfo.fr\/saintdieinfo\/2023\/06\/10-jeunes-de-deodatie-decrochent-brevet-dinitiation-aeronautique\/","name":"10 jeunes de la D\u00e9odatie d\u00e9crochent leur Brevet d'Initiation A\u00e9ronautique - Saint Die Info","isPartOf":{"@id":"https:\/\/vosgesinfo.fr\/saintdieinfo\/#website"},"primaryImageOfPage":{"@id":"https:\/\/vosgesinfo.fr\/saintdieinfo\/2023\/06\/10-jeunes-de-deodatie-decrochent-brevet-dinitiation-aeronautique\/#primaryimage"},"image":{"@id":"https:\/\/vosgesinfo.fr\/saintdieinfo\/2023\/06\/10-jeunes-de-deodatie-decrochent-brevet-dinitiation-aeronautique\/#primaryimage"},"thumbnailUrl":"https:\/\/vosgesinfo.fr\/app\/uploads\/sites\/4\/2024\/08\/202305remomeix-bia-lycee-georges-baumont-1-2.jpg","datePublished":"2023-06-23T07:40:04+00:00","dateModified":"2023-06-23T07:40:04+00:00","breadcrumb":{"@id":"https:\/\/vosgesinfo.fr\/saintdieinfo\/2023\/06\/10-jeunes-de-deodatie-decrochent-brevet-dinitiation-aeronautique\/#breadcrumb"},"inLanguage":"fr-FR","potentialAction":[{"@type":"ReadAction","target":["https:\/\/vosgesinfo.fr\/saintdieinfo\/2023\/06\/10-jeunes-de-deodatie-decrochent-brevet-dinitiation-aeronautique\/"]}]},{"@type":"ImageObject","inLanguage":"fr-FR","@id":"https:\/\/vosgesinfo.fr\/saintdieinfo\/2023\/06\/10-jeunes-de-deodatie-decrochent-brevet-dinitiation-aeronautique\/#primaryimage","url":"https:\/\/vosgesinfo.fr\/app\/uploads\/sites\/4\/2024\/08\/202305remomeix-bia-lycee-georges-baumont-1-2.jpg","contentUrl":"https:\/\/vosgesinfo.fr\/app\/uploads\/sites\/4\/2024\/08\/202305remomeix-bia-lycee-georges-baumont-1-2.jpg","width":1600,"height":1201},{"@type":"BreadcrumbList","@id":"https:\/\/vosgesinfo.fr\/saintdieinfo\/2023\/06\/10-jeunes-de-deodatie-decrochent-brevet-dinitiation-aeronautique\/#breadcrumb","itemListElement":[{"@type":"ListItem","position":1,"name":"Home","item":"https:\/\/vosgesinfo.fr\/saintdieinfo\/"},{"@type":"ListItem","position":2,"name":"10 jeunes de la D\u00e9odatie d\u00e9crochent leur Brevet d&rsquo;Initiation A\u00e9ronautique"}]},{"@type":"WebSite","@id":"https:\/\/vosgesinfo.fr\/saintdieinfo\/#website","url":"https:\/\/vosgesinfo.fr\/saintdieinfo\/","name":"Saint Die Info","description":"Toute l&#039;actualit\u00e9 de Saint-Di\u00e9-Des-Vosges","publisher":{"@id":"https:\/\/vosgesinfo.fr\/saintdieinfo\/#organization"},"alternateName":"Toute l'actualit\u00e9 de Saint-Di\u00e9-Des-Vosges","potentialAction":[{"@type":"SearchAction","target":{"@type":"EntryPoint","urlTemplate":"https:\/\/vosgesinfo.fr\/saintdieinfo\/?s={search_term_string}"},"query-input":"required name=search_term_string"}],"inLanguage":"fr-FR"},{"@type":"Organization","@id":"https:\/\/vosgesinfo.fr\/saintdieinfo\/#organization","name":"Saint Die Info","url":"https:\/\/vosgesinfo.fr\/saintdieinfo\/","logo":{"@type":"ImageObject","inLanguage":"fr-FR","@id":"https:\/\/vosgesinfo.fr\/saintdieinfo\/#\/schema\/logo\/image\/","url":"https:\/\/vosgesinfo.fr\/app\/uploads\/sites\/4\/2024\/02\/logo-sdi.jpg","contentUrl":"https:\/\/vosgesinfo.fr\/app\/uploads\/sites\/4\/2024\/02\/logo-sdi.jpg","width":600,"height":600,"caption":"Saint Die Info"},"image":{"@id":"https:\/\/vosgesinfo.fr\/saintdieinfo\/#\/schema\/logo\/image\/"},"sameAs":["https:\/\/www.facebook.com\/Saintdieinfofr","https:\/\/x.com\/VosgesInfo88","https:\/\/www.youtube.com\/@vosgesinfo"]},{"@type":"Person","@id":"https:\/\/vosgesinfo.fr\/saintdieinfo\/#\/schema\/person\/faee6704a21f3977511db84bd1cd450f","name":"la r\u00e9daction","image":{"@type":"ImageObject","inLanguage":"fr-FR","@id":"https:\/\/vosgesinfo.fr\/saintdieinfo\/#\/schema\/person\/image\/","url":"https:\/\/secure.gravatar.com\/avatar\/6673d8bc6a9c17fa9a453eaa3448de834fa308c2ec9635b7aa99441a7c8d2cf6?s=96&d=mm&r=g","contentUrl":"https:\/\/secure.gravatar.com\/avatar\/6673d8bc6a9c17fa9a453eaa3448de834fa308c2ec9635b7aa99441a7c8d2cf6?s=96&d=mm&r=g","caption":"la r\u00e9daction"},"url":"https:\/\/vosgesinfo.fr\/saintdieinfo\/author\/redac\/"}]}},"_links":{"self":[{"href":"https:\/\/vosgesinfo.fr\/saintdieinfo\/wp-json\/wp\/v2\/posts\/66045","targetHints":{"allow":["GET"]}}],"collection":[{"href":"https:\/\/vosgesinfo.fr\/saintdieinfo\/wp-json\/wp\/v2\/posts"}],"about":[{"href":"https:\/\/vosgesinfo.fr\/saintdieinfo\/wp-json\/wp\/v2\/types\/post"}],"author":[{"embeddable":true,"href":"https:\/\/vosgesinfo.fr\/saintdieinfo\/wp-json\/wp\/v2\/users\/44"}],"replies":[{"embeddable":true,"href":"https:\/\/vosgesinfo.fr\/saintdieinfo\/wp-json\/wp\/v2\/comments?post=66045"}],"version-history":[{"count":0,"href":"https:\/\/vosgesinfo.fr\/saintdieinfo\/wp-json\/wp\/v2\/posts\/66045\/revisions"}],"wp:featuredmedia":[{"embeddable":true,"href":"https:\/\/vosgesinfo.fr\/saintdieinfo\/wp-json\/wp\/v2\/media\/66046"}],"wp:attachment":[{"href":"https:\/\/vosgesinfo.fr\/saintdieinfo\/wp-json\/wp\/v2\/media?parent=66045"}],"wp:term":[{"taxonomy":"category","embeddable":true,"href":"https:\/\/vosgesinfo.fr\/saintdieinfo\/wp-json\/wp\/v2\/categories?post=66045"},{"taxonomy":"post_tag","embeddable":true,"href":"https:\/\/vosgesinfo.fr\/saintdieinfo\/wp-json\/wp\/v2\/tags?post=66045"}],"curies":[{"name":"wp","href":"https:\/\/api.w.org\/{rel}","templated":true}]}}