{"id":66047,"date":"2023-06-23T14:04:11","date_gmt":"2023-06-23T12:04:11","guid":{"rendered":"https:\/\/vosgesinfo.fr\/saintdieinfo\/2023\/06\/saint-michel-meurthe-eleves-lycee-baumont-a-decouverte-de-numalliance\/"},"modified":"2023-06-23T14:04:11","modified_gmt":"2023-06-23T12:04:11","slug":"saint-michel-meurthe-eleves-lycee-baumont-a-decouverte-de-numalliance","status":"publish","type":"post","link":"https:\/\/vosgesinfo.fr\/saintdieinfo\/2023\/06\/saint-michel-meurthe-eleves-lycee-baumont-a-decouverte-de-numalliance\/","title":{"rendered":"Saint-Michel-sur-Meurthe \u2013 Des \u00e9l\u00e8ves du lyc\u00e9e Baumont \u00e0 la d\u00e9couverte de Numalliance"},"content":{"rendered":"<p><a href=\"\/2023\/06\/El\u00e8ves_Lyc\u00e9e_Georges-Baumont_Numalliance-5.jpg\" target=\"_blank\" rel=\"noopener\"><img decoding=\"async\" class=\"aligncenter wp-image-203171 size-large\" src=\"\/2023\/06\/El\u00e8ves_Lyc\u00e9e_Georges-Baumont_Numalliance-5-1024x771.jpg\" alt=\"El\u00e8ves_Lyc\u00e9e_Georges-Baumont_Numalliance (5)\" width=\"960\" height=\"723\" \/><\/a><\/p>\n<h2><strong><span style=\"font-size: 14pt;\">Dans le cadre des Cord\u00e9es de la R\u00e9ussite, le lyc\u00e9e Georges-Baumont, \u00ab\u00a0t\u00eate de cord\u00e9e\u00a0\u00bb dans le dispositif, donne la possibilit\u00e9 \u00e0 des \u00e9l\u00e8ves volontaires des classes de Seconde de d\u00e9couvrir des entreprises du territoire, dont le secteur d&rsquo;activit\u00e9 est en lien avec les fili\u00e8res ou sp\u00e9cialit\u00e9s de leur future Premi\u00e8re.<\/span><\/strong><\/h2>\n<p><!--more--><\/p>\n<p>Ce qui fut le cas ces lundi, mardi et jeudi pour Arthur, Astrid, Clara, Na\u00ebllia et Val\u00e9rie, qui ont d\u00e9couvert l&rsquo;entreprise Numalliance de Saint-Michel-sur-Meurthe. Leader en solutions de productivit\u00e9 pour le pliage du fil, du tube et du m\u00e9plat, Numalliance emploie 170 collaborateurs sur son site michellois. Durant leurs 3 jours de d\u00e9couverte, les lyc\u00e9ens ont pu prendre conscience de l&rsquo;organisation et du fonctionnement de l&rsquo;entreprise. Notamment en mati\u00e8re de Responsabilit\u00e9 Soci\u00e9tale des Entreprises \u2013 RSE \u2013 et de service qualit\u00e9. A noter que au titre des \u00ab\u00a0Cord\u00e9es de la R\u00e9ussite\u00a0\u00bb, le taxi \u00e9tait pris en charge pour v\u00e9hiculer les \u00e9l\u00e8ves entre leur domicile et l&rsquo;entreprise.<\/p>\n<p>Ces 3 jours de d\u00e9couverte, duquel les 5 adolescents en ont tir\u00e9 un bilan positif, s&rsquo;inscrivaient dans la continuit\u00e9 de l&rsquo;accompagnement personnalis\u00e9 en classe, qui permet de d\u00e9finir et construire une orientation. Comme l&rsquo;a soulign\u00e9 Eric Bogeat, proviseur du lyc\u00e9e polyvalent d\u00e9odatien, \u00ab\u00a0nous avons la volont\u00e9 de d\u00e9velopper ces stages en entreprises sur la base du volontariat, en d\u00e9veloppant des partenariats avec d&rsquo;autres industriels. Il y aura peut-\u00eatre m\u00eame un partenariat en anglais l&rsquo;ann\u00e9e prochaine. Ces stages donnent du sens \u00e0 la scolarit\u00e9 des \u00e9l\u00e8ves. Car pour leur faire rentrer dans un parcours avec une motivation, il est essentiel qu&rsquo;ils d\u00e9couvrent, qu&rsquo;ils fassent preuve de curiosit\u00e9 et d&rsquo;ouverture sur l&rsquo;ext\u00e9rieur. L&rsquo;un des leviers de la motivation, c&rsquo;est donner \u00e0 se projeter.\u00a0\u00bb<\/p>\n<p>J.J.<\/p>\n\n","protected":false},"excerpt":{"rendered":"<p>Dans le cadre des Cord\u00e9es de la R\u00e9ussite, le lyc\u00e9e Georges-Baumont, \u00ab\u00a0t\u00eate de cord\u00e9e\u00a0\u00bb dans le dispositif, donne la possibilit\u00e9 [&hellip;]<\/p>\n","protected":false},"author":44,"featured_media":66048,"comment_status":"open","ping_status":"open","sticky":false,"template":"","format":"standard","meta":{"footnotes":""},"categories":[460,6,2915],"tags":[3371,4893,3863],"class_list":["post-66047","post","type-post","status-publish","format-standard","has-post-thumbnail","hentry","category-a-la-une","category-education","category-saint-die-son-canton","tag-lycee-georges-baumont","tag-numalliance","tag-saint-michel-sur-meurthe"],"acf":[],"yoast_head":"<!-- This site is optimized with the Yoast SEO plugin v22.5 - https:\/\/yoast.com\/wordpress\/plugins\/seo\/ -->\n<title>Saint-Michel-sur-Meurthe \u2013 Des \u00e9l\u00e8ves du lyc\u00e9e Baumont \u00e0 la d\u00e9couverte de Numalliance - Saint Die Info<\/title>\n<meta name=\"robots\" content=\"index, follow, max-snippet:-1, max-image-preview:large, max-video-preview:-1\" \/>\n<link rel=\"canonical\" href=\"https:\/\/vosgesinfo.fr\/saintdieinfo\/2023\/06\/saint-michel-meurthe-eleves-lycee-baumont-a-decouverte-de-numalliance\/\" \/>\n<meta name=\"twitter:card\" content=\"summary_large_image\" \/>\n<meta name=\"twitter:title\" content=\"Saint-Michel-sur-Meurthe \u2013 Des \u00e9l\u00e8ves du lyc\u00e9e Baumont \u00e0 la d\u00e9couverte de Numalliance - Saint Die Info\" \/>\n<meta name=\"twitter:description\" content=\"Dans le cadre des Cord\u00e9es de la R\u00e9ussite, le lyc\u00e9e Georges-Baumont, \u00ab\u00a0t\u00eate de cord\u00e9e\u00a0\u00bb dans le dispositif, donne la possibilit\u00e9 [&hellip;]\" \/>\n<meta name=\"twitter:image\" content=\"https:\/\/vosgesinfo.fr\/app\/uploads\/sites\/4\/2024\/08\/202306eleves-lycee-georges-baumont-numalliance-5.jpg\" \/>\n<meta name=\"twitter:creator\" content=\"@VosgesInfo88\" \/>\n<meta name=\"twitter:site\" content=\"@VosgesInfo88\" \/>\n<meta name=\"twitter:label1\" content=\"\u00c9crit par\" \/>\n\t<meta name=\"twitter:data1\" content=\"la r\u00e9daction\" \/>\n\t<meta name=\"twitter:label2\" content=\"Dur\u00e9e de lecture estim\u00e9e\" \/>\n\t<meta name=\"twitter:data2\" content=\"2 minutes\" \/>\n<script type=\"application\/ld+json\" class=\"yoast-schema-graph\">{\"@context\":\"https:\/\/schema.org\",\"@graph\":[{\"@type\":\"Article\",\"@id\":\"https:\/\/vosgesinfo.fr\/saintdieinfo\/2023\/06\/saint-michel-meurthe-eleves-lycee-baumont-a-decouverte-de-numalliance\/#article\",\"isPartOf\":{\"@id\":\"https:\/\/vosgesinfo.fr\/saintdieinfo\/2023\/06\/saint-michel-meurthe-eleves-lycee-baumont-a-decouverte-de-numalliance\/\"},\"author\":{\"name\":\"la r\u00e9daction\",\"@id\":\"https:\/\/vosgesinfo.fr\/saintdieinfo\/#\/schema\/person\/faee6704a21f3977511db84bd1cd450f\"},\"headline\":\"Saint-Michel-sur-Meurthe \u2013 Des \u00e9l\u00e8ves du lyc\u00e9e Baumont \u00e0 la d\u00e9couverte de Numalliance\",\"datePublished\":\"2023-06-23T12:04:11+00:00\",\"dateModified\":\"2023-06-23T12:04:11+00:00\",\"mainEntityOfPage\":{\"@id\":\"https:\/\/vosgesinfo.fr\/saintdieinfo\/2023\/06\/saint-michel-meurthe-eleves-lycee-baumont-a-decouverte-de-numalliance\/\"},\"wordCount\":340,\"commentCount\":0,\"publisher\":{\"@id\":\"https:\/\/vosgesinfo.fr\/saintdieinfo\/#organization\"},\"image\":{\"@id\":\"https:\/\/vosgesinfo.fr\/saintdieinfo\/2023\/06\/saint-michel-meurthe-eleves-lycee-baumont-a-decouverte-de-numalliance\/#primaryimage\"},\"thumbnailUrl\":\"https:\/\/vosgesinfo.fr\/app\/uploads\/sites\/4\/2024\/08\/202306eleves-lycee-georges-baumont-numalliance-5.jpg\",\"keywords\":[\"Lyc\u00e9e Georges-Baumont\",\"Numalliance\",\"Saint-Michel-sur-Meurthe\"],\"articleSection\":[\"A la Une\",\"\u00c9ducation\",\"Saint-Di\u00e9-des-Vosges et son Agglom\u00e9ration\"],\"inLanguage\":\"fr-FR\",\"potentialAction\":[{\"@type\":\"CommentAction\",\"name\":\"Comment\",\"target\":[\"https:\/\/vosgesinfo.fr\/saintdieinfo\/2023\/06\/saint-michel-meurthe-eleves-lycee-baumont-a-decouverte-de-numalliance\/#respond\"]}]},{\"@type\":\"WebPage\",\"@id\":\"https:\/\/vosgesinfo.fr\/saintdieinfo\/2023\/06\/saint-michel-meurthe-eleves-lycee-baumont-a-decouverte-de-numalliance\/\",\"url\":\"https:\/\/vosgesinfo.fr\/saintdieinfo\/2023\/06\/saint-michel-meurthe-eleves-lycee-baumont-a-decouverte-de-numalliance\/\",\"name\":\"Saint-Michel-sur-Meurthe \u2013 Des \u00e9l\u00e8ves du lyc\u00e9e Baumont \u00e0 la d\u00e9couverte de Numalliance - Saint Die Info\",\"isPartOf\":{\"@id\":\"https:\/\/vosgesinfo.fr\/saintdieinfo\/#website\"},\"primaryImageOfPage\":{\"@id\":\"https:\/\/vosgesinfo.fr\/saintdieinfo\/2023\/06\/saint-michel-meurthe-eleves-lycee-baumont-a-decouverte-de-numalliance\/#primaryimage\"},\"image\":{\"@id\":\"https:\/\/vosgesinfo.fr\/saintdieinfo\/2023\/06\/saint-michel-meurthe-eleves-lycee-baumont-a-decouverte-de-numalliance\/#primaryimage\"},\"thumbnailUrl\":\"https:\/\/vosgesinfo.fr\/app\/uploads\/sites\/4\/2024\/08\/202306eleves-lycee-georges-baumont-numalliance-5.jpg\",\"datePublished\":\"2023-06-23T12:04:11+00:00\",\"dateModified\":\"2023-06-23T12:04:11+00:00\",\"breadcrumb\":{\"@id\":\"https:\/\/vosgesinfo.fr\/saintdieinfo\/2023\/06\/saint-michel-meurthe-eleves-lycee-baumont-a-decouverte-de-numalliance\/#breadcrumb\"},\"inLanguage\":\"fr-FR\",\"potentialAction\":[{\"@type\":\"ReadAction\",\"target\":[\"https:\/\/vosgesinfo.fr\/saintdieinfo\/2023\/06\/saint-michel-meurthe-eleves-lycee-baumont-a-decouverte-de-numalliance\/\"]}]},{\"@type\":\"ImageObject\",\"inLanguage\":\"fr-FR\",\"@id\":\"https:\/\/vosgesinfo.fr\/saintdieinfo\/2023\/06\/saint-michel-meurthe-eleves-lycee-baumont-a-decouverte-de-numalliance\/#primaryimage\",\"url\":\"https:\/\/vosgesinfo.fr\/app\/uploads\/sites\/4\/2024\/08\/202306eleves-lycee-georges-baumont-numalliance-5.jpg\",\"contentUrl\":\"https:\/\/vosgesinfo.fr\/app\/uploads\/sites\/4\/2024\/08\/202306eleves-lycee-georges-baumont-numalliance-5.jpg\",\"width\":1600,\"height\":1205},{\"@type\":\"BreadcrumbList\",\"@id\":\"https:\/\/vosgesinfo.fr\/saintdieinfo\/2023\/06\/saint-michel-meurthe-eleves-lycee-baumont-a-decouverte-de-numalliance\/#breadcrumb\",\"itemListElement\":[{\"@type\":\"ListItem\",\"position\":1,\"name\":\"Home\",\"item\":\"https:\/\/vosgesinfo.fr\/saintdieinfo\/\"},{\"@type\":\"ListItem\",\"position\":2,\"name\":\"Saint-Michel-sur-Meurthe \u2013 Des \u00e9l\u00e8ves du lyc\u00e9e Baumont \u00e0 la d\u00e9couverte de Numalliance\"}]},{\"@type\":\"WebSite\",\"@id\":\"https:\/\/vosgesinfo.fr\/saintdieinfo\/#website\",\"url\":\"https:\/\/vosgesinfo.fr\/saintdieinfo\/\",\"name\":\"Saint Die Info\",\"description\":\"Toute l&#039;actualit\u00e9 de Saint-Di\u00e9-Des-Vosges\",\"publisher\":{\"@id\":\"https:\/\/vosgesinfo.fr\/saintdieinfo\/#organization\"},\"alternateName\":\"Toute l'actualit\u00e9 de Saint-Di\u00e9-Des-Vosges\",\"potentialAction\":[{\"@type\":\"SearchAction\",\"target\":{\"@type\":\"EntryPoint\",\"urlTemplate\":\"https:\/\/vosgesinfo.fr\/saintdieinfo\/?s={search_term_string}\"},\"query-input\":\"required name=search_term_string\"}],\"inLanguage\":\"fr-FR\"},{\"@type\":\"Organization\",\"@id\":\"https:\/\/vosgesinfo.fr\/saintdieinfo\/#organization\",\"name\":\"Saint Die Info\",\"url\":\"https:\/\/vosgesinfo.fr\/saintdieinfo\/\",\"logo\":{\"@type\":\"ImageObject\",\"inLanguage\":\"fr-FR\",\"@id\":\"https:\/\/vosgesinfo.fr\/saintdieinfo\/#\/schema\/logo\/image\/\",\"url\":\"https:\/\/vosgesinfo.fr\/app\/uploads\/sites\/4\/2024\/02\/logo-sdi.jpg\",\"contentUrl\":\"https:\/\/vosgesinfo.fr\/app\/uploads\/sites\/4\/2024\/02\/logo-sdi.jpg\",\"width\":600,\"height\":600,\"caption\":\"Saint Die Info\"},\"image\":{\"@id\":\"https:\/\/vosgesinfo.fr\/saintdieinfo\/#\/schema\/logo\/image\/\"},\"sameAs\":[\"https:\/\/www.facebook.com\/Saintdieinfofr\",\"https:\/\/x.com\/VosgesInfo88\",\"https:\/\/www.youtube.com\/@vosgesinfo\"]},{\"@type\":\"Person\",\"@id\":\"https:\/\/vosgesinfo.fr\/saintdieinfo\/#\/schema\/person\/faee6704a21f3977511db84bd1cd450f\",\"name\":\"la r\u00e9daction\",\"image\":{\"@type\":\"ImageObject\",\"inLanguage\":\"fr-FR\",\"@id\":\"https:\/\/vosgesinfo.fr\/saintdieinfo\/#\/schema\/person\/image\/\",\"url\":\"https:\/\/secure.gravatar.com\/avatar\/6673d8bc6a9c17fa9a453eaa3448de834fa308c2ec9635b7aa99441a7c8d2cf6?s=96&d=mm&r=g\",\"contentUrl\":\"https:\/\/secure.gravatar.com\/avatar\/6673d8bc6a9c17fa9a453eaa3448de834fa308c2ec9635b7aa99441a7c8d2cf6?s=96&d=mm&r=g\",\"caption\":\"la r\u00e9daction\"},\"url\":\"https:\/\/vosgesinfo.fr\/saintdieinfo\/author\/redac\/\"}]}<\/script>\n<!-- \/ Yoast SEO plugin. -->","yoast_head_json":{"title":"Saint-Michel-sur-Meurthe \u2013 Des \u00e9l\u00e8ves du lyc\u00e9e Baumont \u00e0 la d\u00e9couverte de Numalliance - Saint Die Info","robots":{"index":"index","follow":"follow","max-snippet":"max-snippet:-1","max-image-preview":"max-image-preview:large","max-video-preview":"max-video-preview:-1"},"canonical":"https:\/\/vosgesinfo.fr\/saintdieinfo\/2023\/06\/saint-michel-meurthe-eleves-lycee-baumont-a-decouverte-de-numalliance\/","twitter_card":"summary_large_image","twitter_title":"Saint-Michel-sur-Meurthe \u2013 Des \u00e9l\u00e8ves du lyc\u00e9e Baumont \u00e0 la d\u00e9couverte de Numalliance - Saint Die Info","twitter_description":"Dans le cadre des Cord\u00e9es de la R\u00e9ussite, le lyc\u00e9e Georges-Baumont, \u00ab\u00a0t\u00eate de cord\u00e9e\u00a0\u00bb dans le dispositif, donne la possibilit\u00e9 [&hellip;]","twitter_image":"https:\/\/vosgesinfo.fr\/app\/uploads\/sites\/4\/2024\/08\/202306eleves-lycee-georges-baumont-numalliance-5.jpg","twitter_creator":"@VosgesInfo88","twitter_site":"@VosgesInfo88","twitter_misc":{"\u00c9crit par":"la r\u00e9daction","Dur\u00e9e de lecture estim\u00e9e":"2 minutes"},"schema":{"@context":"https:\/\/schema.org","@graph":[{"@type":"Article","@id":"https:\/\/vosgesinfo.fr\/saintdieinfo\/2023\/06\/saint-michel-meurthe-eleves-lycee-baumont-a-decouverte-de-numalliance\/#article","isPartOf":{"@id":"https:\/\/vosgesinfo.fr\/saintdieinfo\/2023\/06\/saint-michel-meurthe-eleves-lycee-baumont-a-decouverte-de-numalliance\/"},"author":{"name":"la r\u00e9daction","@id":"https:\/\/vosgesinfo.fr\/saintdieinfo\/#\/schema\/person\/faee6704a21f3977511db84bd1cd450f"},"headline":"Saint-Michel-sur-Meurthe \u2013 Des \u00e9l\u00e8ves du lyc\u00e9e Baumont \u00e0 la d\u00e9couverte de Numalliance","datePublished":"2023-06-23T12:04:11+00:00","dateModified":"2023-06-23T12:04:11+00:00","mainEntityOfPage":{"@id":"https:\/\/vosgesinfo.fr\/saintdieinfo\/2023\/06\/saint-michel-meurthe-eleves-lycee-baumont-a-decouverte-de-numalliance\/"},"wordCount":340,"commentCount":0,"publisher":{"@id":"https:\/\/vosgesinfo.fr\/saintdieinfo\/#organization"},"image":{"@id":"https:\/\/vosgesinfo.fr\/saintdieinfo\/2023\/06\/saint-michel-meurthe-eleves-lycee-baumont-a-decouverte-de-numalliance\/#primaryimage"},"thumbnailUrl":"https:\/\/vosgesinfo.fr\/app\/uploads\/sites\/4\/2024\/08\/202306eleves-lycee-georges-baumont-numalliance-5.jpg","keywords":["Lyc\u00e9e Georges-Baumont","Numalliance","Saint-Michel-sur-Meurthe"],"articleSection":["A la Une","\u00c9ducation","Saint-Di\u00e9-des-Vosges et son Agglom\u00e9ration"],"inLanguage":"fr-FR","potentialAction":[{"@type":"CommentAction","name":"Comment","target":["https:\/\/vosgesinfo.fr\/saintdieinfo\/2023\/06\/saint-michel-meurthe-eleves-lycee-baumont-a-decouverte-de-numalliance\/#respond"]}]},{"@type":"WebPage","@id":"https:\/\/vosgesinfo.fr\/saintdieinfo\/2023\/06\/saint-michel-meurthe-eleves-lycee-baumont-a-decouverte-de-numalliance\/","url":"https:\/\/vosgesinfo.fr\/saintdieinfo\/2023\/06\/saint-michel-meurthe-eleves-lycee-baumont-a-decouverte-de-numalliance\/","name":"Saint-Michel-sur-Meurthe \u2013 Des \u00e9l\u00e8ves du lyc\u00e9e Baumont \u00e0 la d\u00e9couverte de Numalliance - Saint Die Info","isPartOf":{"@id":"https:\/\/vosgesinfo.fr\/saintdieinfo\/#website"},"primaryImageOfPage":{"@id":"https:\/\/vosgesinfo.fr\/saintdieinfo\/2023\/06\/saint-michel-meurthe-eleves-lycee-baumont-a-decouverte-de-numalliance\/#primaryimage"},"image":{"@id":"https:\/\/vosgesinfo.fr\/saintdieinfo\/2023\/06\/saint-michel-meurthe-eleves-lycee-baumont-a-decouverte-de-numalliance\/#primaryimage"},"thumbnailUrl":"https:\/\/vosgesinfo.fr\/app\/uploads\/sites\/4\/2024\/08\/202306eleves-lycee-georges-baumont-numalliance-5.jpg","datePublished":"2023-06-23T12:04:11+00:00","dateModified":"2023-06-23T12:04:11+00:00","breadcrumb":{"@id":"https:\/\/vosgesinfo.fr\/saintdieinfo\/2023\/06\/saint-michel-meurthe-eleves-lycee-baumont-a-decouverte-de-numalliance\/#breadcrumb"},"inLanguage":"fr-FR","potentialAction":[{"@type":"ReadAction","target":["https:\/\/vosgesinfo.fr\/saintdieinfo\/2023\/06\/saint-michel-meurthe-eleves-lycee-baumont-a-decouverte-de-numalliance\/"]}]},{"@type":"ImageObject","inLanguage":"fr-FR","@id":"https:\/\/vosgesinfo.fr\/saintdieinfo\/2023\/06\/saint-michel-meurthe-eleves-lycee-baumont-a-decouverte-de-numalliance\/#primaryimage","url":"https:\/\/vosgesinfo.fr\/app\/uploads\/sites\/4\/2024\/08\/202306eleves-lycee-georges-baumont-numalliance-5.jpg","contentUrl":"https:\/\/vosgesinfo.fr\/app\/uploads\/sites\/4\/2024\/08\/202306eleves-lycee-georges-baumont-numalliance-5.jpg","width":1600,"height":1205},{"@type":"BreadcrumbList","@id":"https:\/\/vosgesinfo.fr\/saintdieinfo\/2023\/06\/saint-michel-meurthe-eleves-lycee-baumont-a-decouverte-de-numalliance\/#breadcrumb","itemListElement":[{"@type":"ListItem","position":1,"name":"Home","item":"https:\/\/vosgesinfo.fr\/saintdieinfo\/"},{"@type":"ListItem","position":2,"name":"Saint-Michel-sur-Meurthe \u2013 Des \u00e9l\u00e8ves du lyc\u00e9e Baumont \u00e0 la d\u00e9couverte de Numalliance"}]},{"@type":"WebSite","@id":"https:\/\/vosgesinfo.fr\/saintdieinfo\/#website","url":"https:\/\/vosgesinfo.fr\/saintdieinfo\/","name":"Saint Die Info","description":"Toute l&#039;actualit\u00e9 de Saint-Di\u00e9-Des-Vosges","publisher":{"@id":"https:\/\/vosgesinfo.fr\/saintdieinfo\/#organization"},"alternateName":"Toute l'actualit\u00e9 de Saint-Di\u00e9-Des-Vosges","potentialAction":[{"@type":"SearchAction","target":{"@type":"EntryPoint","urlTemplate":"https:\/\/vosgesinfo.fr\/saintdieinfo\/?s={search_term_string}"},"query-input":"required name=search_term_string"}],"inLanguage":"fr-FR"},{"@type":"Organization","@id":"https:\/\/vosgesinfo.fr\/saintdieinfo\/#organization","name":"Saint Die Info","url":"https:\/\/vosgesinfo.fr\/saintdieinfo\/","logo":{"@type":"ImageObject","inLanguage":"fr-FR","@id":"https:\/\/vosgesinfo.fr\/saintdieinfo\/#\/schema\/logo\/image\/","url":"https:\/\/vosgesinfo.fr\/app\/uploads\/sites\/4\/2024\/02\/logo-sdi.jpg","contentUrl":"https:\/\/vosgesinfo.fr\/app\/uploads\/sites\/4\/2024\/02\/logo-sdi.jpg","width":600,"height":600,"caption":"Saint Die Info"},"image":{"@id":"https:\/\/vosgesinfo.fr\/saintdieinfo\/#\/schema\/logo\/image\/"},"sameAs":["https:\/\/www.facebook.com\/Saintdieinfofr","https:\/\/x.com\/VosgesInfo88","https:\/\/www.youtube.com\/@vosgesinfo"]},{"@type":"Person","@id":"https:\/\/vosgesinfo.fr\/saintdieinfo\/#\/schema\/person\/faee6704a21f3977511db84bd1cd450f","name":"la r\u00e9daction","image":{"@type":"ImageObject","inLanguage":"fr-FR","@id":"https:\/\/vosgesinfo.fr\/saintdieinfo\/#\/schema\/person\/image\/","url":"https:\/\/secure.gravatar.com\/avatar\/6673d8bc6a9c17fa9a453eaa3448de834fa308c2ec9635b7aa99441a7c8d2cf6?s=96&d=mm&r=g","contentUrl":"https:\/\/secure.gravatar.com\/avatar\/6673d8bc6a9c17fa9a453eaa3448de834fa308c2ec9635b7aa99441a7c8d2cf6?s=96&d=mm&r=g","caption":"la r\u00e9daction"},"url":"https:\/\/vosgesinfo.fr\/saintdieinfo\/author\/redac\/"}]}},"_links":{"self":[{"href":"https:\/\/vosgesinfo.fr\/saintdieinfo\/wp-json\/wp\/v2\/posts\/66047","targetHints":{"allow":["GET"]}}],"collection":[{"href":"https:\/\/vosgesinfo.fr\/saintdieinfo\/wp-json\/wp\/v2\/posts"}],"about":[{"href":"https:\/\/vosgesinfo.fr\/saintdieinfo\/wp-json\/wp\/v2\/types\/post"}],"author":[{"embeddable":true,"href":"https:\/\/vosgesinfo.fr\/saintdieinfo\/wp-json\/wp\/v2\/users\/44"}],"replies":[{"embeddable":true,"href":"https:\/\/vosgesinfo.fr\/saintdieinfo\/wp-json\/wp\/v2\/comments?post=66047"}],"version-history":[{"count":0,"href":"https:\/\/vosgesinfo.fr\/saintdieinfo\/wp-json\/wp\/v2\/posts\/66047\/revisions"}],"wp:featuredmedia":[{"embeddable":true,"href":"https:\/\/vosgesinfo.fr\/saintdieinfo\/wp-json\/wp\/v2\/media\/66048"}],"wp:attachment":[{"href":"https:\/\/vosgesinfo.fr\/saintdieinfo\/wp-json\/wp\/v2\/media?parent=66047"}],"wp:term":[{"taxonomy":"category","embeddable":true,"href":"https:\/\/vosgesinfo.fr\/saintdieinfo\/wp-json\/wp\/v2\/categories?post=66047"},{"taxonomy":"post_tag","embeddable":true,"href":"https:\/\/vosgesinfo.fr\/saintdieinfo\/wp-json\/wp\/v2\/tags?post=66047"}],"curies":[{"name":"wp","href":"https:\/\/api.w.org\/{rel}","templated":true}]}}