{"id":66209,"date":"2023-06-29T10:39:20","date_gmt":"2023-06-29T08:39:20","guid":{"rendered":"https:\/\/vosgesinfo.fr\/saintdieinfo\/2023\/06\/produits-de-buyer-drap-francais-a-lelysee\/"},"modified":"2023-06-29T10:39:20","modified_gmt":"2023-06-29T08:39:20","slug":"produits-de-buyer-drap-francais-a-lelysee","status":"publish","type":"post","link":"https:\/\/vosgesinfo.fr\/saintdieinfo\/2023\/06\/produits-de-buyer-drap-francais-a-lelysee\/","title":{"rendered":"Des produits De Buyer et Le Drap Fran\u00e7ais \u00e0 l&rsquo;Elys\u00e9e"},"content":{"rendered":"<p><a href=\"\/2023\/06\/Grande_Exposition_Fabriqu\u00e9_en_France.jpg\" target=\"_blank\" rel=\"noopener\"><img decoding=\"async\" class=\"aligncenter wp-image-203447 size-full\" src=\"\/2023\/06\/Grande_Exposition_Fabriqu\u00e9_en_France.jpg\" alt=\"Grande_Exposition_Fabriqu\u00e9_en_France\" width=\"800\" height=\"420\" \/><\/a><\/p>\n<h2><strong><span style=\"font-size: 14pt;\">La Grande Exposition du Fabriqu\u00e9 en France fait son retour en 2023 pour une troisi\u00e8me \u00e9dition. Gratuite, l&rsquo;exposition est \u00e0 d\u00e9couvrir les 1 et 2 juillet au Palais de l\u2019Elys\u00e9e. Pr\u00e8s de 9000 visiteurs sont attendus. Pour s\u2019inscrire, c\u2019est simple : d\u00e8s le mercredi 28 juin 2023, il sera possible de r\u00e9server sa visite sur le site <span style=\"color: #3366ff;\"><a style=\"color: #3366ff;\" href=\"https:\/\/elysee.fr\" target=\"_blank\" rel=\"noopener\">elysee.fr<\/a><\/span> en s\u00e9lectionnant un cr\u00e9neau horaire entre 9h et 18h pour le samedi 1er ou le dimanche 2 juillet. Les places sont limit\u00e9es. A cette occasion, 124 produits fabriqu\u00e9s en France sont expos\u00e9s \u00e0 l\u2019Elys\u00e9e, parmi lesquels 2 sont originaires des Vosges : une po\u00eale ronde en acier De Buyer et une parure de linge de lit en lin fran\u00e7ais du Drap Fran\u00e7ais.<\/span><\/strong><\/h2>\n<p><!--more--><\/p>\n<p>Initi\u00e9 par le Pr\u00e9sident de la R\u00e9publique en janvier 2020, ce rendez-vous met \u00e0 l\u2019honneur les entreprises, les artisans, les producteurs et les industriels qui s\u2019engagent pleinement dans la\u00a0 fabrication fran\u00e7aise. Ouvert au public et gratuit, l\u2019\u00e9v\u00e9nement a pour but d\u2019inciter chacun \u2013 collectivit\u00e9s, distributeurs, entreprises, associations et citoyens \u2013 \u00e0 prendre sa part dans la dynamique engag\u00e9e en faveur de notre souverainet\u00e9 \u00e9conomique et de la transition \u00e9cologique 124 produits fabriqu\u00e9s en France et issus de tous les d\u00e9partements et territoires de m\u00e9tropole et d\u2019Outre-mer seront ainsi expos\u00e9 au Palais de l\u2019\u00c9lys\u00e9e, dans les jardins, les salons et la Cour d\u2019honneur.<\/p>\n<p>Objets du quotidien, sp\u00e9cialit\u00e9s locales, outils industriels ou innovations embl\u00e9matiques, ils sont cr\u00e9\u00e9s par des entreprises de toutes tailles et de tous les secteurs d\u2019activit\u00e9. Ils illustrent chacun la grande richesse des savoir-faire fran\u00e7ais. Lors du vernissage de l\u2019Exposition, le vendredi 30 juin au Palais de l\u2019Elys\u00e9e, le Pr\u00e9sident de la R\u00e9publique recevra les laur\u00e9ats de l\u2019exposition et les \u00e9lus des territoires repr\u00e9sent\u00e9s, les acteurs du Fabriqu\u00e9 en France, ainsi que, pour la premi\u00e8re fois, des classes de lyc\u00e9ens professionnels pour mettre leur voie \u00e0 l\u2019honneur.<\/p>\n<p>Chaque visiteur y retrouvera un \u00e0 deux produits ambassadeurs de son d\u00e9partement et d\u00e9couvrira en m\u00eame temps tout ce que notre pays cr\u00e9e de meilleur, et qui fait notre fiert\u00e9 collective. Cette ann\u00e9e, un accent particulier a \u00e9t\u00e9 mis sur les candidats s\u2019inscrivant dans une d\u00e9marche de production respectueuse de l\u2019environnement, socialement innovante ainsi qu\u2019utile au maintien des savoir-faire r\u00e9gionaux et au d\u00e9veloppement \u00e9conomique local.<\/p>\n<p>Le Pr\u00e9sident de la R\u00e9publique r\u00e9v\u00e8lera, en pr\u00e9sence de l\u2019\u00e9quipe de France des m\u00e9tiers \u00ab WorldSkills \u00bb, la mascotte qui repr\u00e9sentera l\u2019\u00e9quipe de France lors des finales mondiales de la comp\u00e9tition \u00ab WorldSkills \u00bb \u00e0 Lyon, en 2024.<\/p>\n","protected":false},"excerpt":{"rendered":"<p>La Grande Exposition du Fabriqu\u00e9 en France fait son retour en 2023 pour une troisi\u00e8me \u00e9dition. Gratuite, l&rsquo;exposition est \u00e0 [&hellip;]<\/p>\n","protected":false},"author":44,"featured_media":66210,"comment_status":"open","ping_status":"open","sticky":false,"template":"","format":"standard","meta":{"footnotes":""},"categories":[460,18],"tags":[8945,5038,8247,1691],"class_list":["post-66209","post","type-post","status-publish","format-standard","has-post-thumbnail","hentry","category-a-la-une","category-vosges","tag-de-buyer","tag-elysee","tag-grande-exposition-du-fabrique-en-france","tag-le-drap-francais"],"acf":[],"yoast_head":"<!-- This site is optimized with the Yoast SEO plugin v22.5 - https:\/\/yoast.com\/wordpress\/plugins\/seo\/ -->\n<title>Des produits De Buyer et Le Drap Fran\u00e7ais \u00e0 l&#039;Elys\u00e9e - Saint Die Info<\/title>\n<meta name=\"robots\" content=\"index, follow, max-snippet:-1, max-image-preview:large, max-video-preview:-1\" \/>\n<link rel=\"canonical\" href=\"https:\/\/vosgesinfo.fr\/saintdieinfo\/2023\/06\/produits-de-buyer-drap-francais-a-lelysee\/\" \/>\n<meta name=\"twitter:card\" content=\"summary_large_image\" \/>\n<meta name=\"twitter:title\" content=\"Des produits De Buyer et Le Drap Fran\u00e7ais \u00e0 l&#039;Elys\u00e9e - Saint Die Info\" \/>\n<meta name=\"twitter:description\" content=\"La Grande Exposition du Fabriqu\u00e9 en France fait son retour en 2023 pour une troisi\u00e8me \u00e9dition. Gratuite, l&rsquo;exposition est \u00e0 [&hellip;]\" \/>\n<meta name=\"twitter:image\" content=\"https:\/\/vosgesinfo.fr\/app\/uploads\/sites\/4\/2024\/08\/202306grande-exposition-fabrique-en-france.jpg\" \/>\n<meta name=\"twitter:creator\" content=\"@VosgesInfo88\" \/>\n<meta name=\"twitter:site\" content=\"@VosgesInfo88\" \/>\n<meta name=\"twitter:label1\" content=\"\u00c9crit par\" \/>\n\t<meta name=\"twitter:data1\" content=\"la r\u00e9daction\" \/>\n\t<meta name=\"twitter:label2\" content=\"Dur\u00e9e de lecture estim\u00e9e\" \/>\n\t<meta name=\"twitter:data2\" content=\"2 minutes\" \/>\n<script type=\"application\/ld+json\" class=\"yoast-schema-graph\">{\"@context\":\"https:\/\/schema.org\",\"@graph\":[{\"@type\":\"Article\",\"@id\":\"https:\/\/vosgesinfo.fr\/saintdieinfo\/2023\/06\/produits-de-buyer-drap-francais-a-lelysee\/#article\",\"isPartOf\":{\"@id\":\"https:\/\/vosgesinfo.fr\/saintdieinfo\/2023\/06\/produits-de-buyer-drap-francais-a-lelysee\/\"},\"author\":{\"name\":\"la r\u00e9daction\",\"@id\":\"https:\/\/vosgesinfo.fr\/saintdieinfo\/#\/schema\/person\/faee6704a21f3977511db84bd1cd450f\"},\"headline\":\"Des produits De Buyer et Le Drap Fran\u00e7ais \u00e0 l&rsquo;Elys\u00e9e\",\"datePublished\":\"2023-06-29T08:39:20+00:00\",\"dateModified\":\"2023-06-29T08:39:20+00:00\",\"mainEntityOfPage\":{\"@id\":\"https:\/\/vosgesinfo.fr\/saintdieinfo\/2023\/06\/produits-de-buyer-drap-francais-a-lelysee\/\"},\"wordCount\":472,\"commentCount\":0,\"publisher\":{\"@id\":\"https:\/\/vosgesinfo.fr\/saintdieinfo\/#organization\"},\"image\":{\"@id\":\"https:\/\/vosgesinfo.fr\/saintdieinfo\/2023\/06\/produits-de-buyer-drap-francais-a-lelysee\/#primaryimage\"},\"thumbnailUrl\":\"https:\/\/vosgesinfo.fr\/app\/uploads\/sites\/4\/2024\/08\/202306grande-exposition-fabrique-en-france.jpg\",\"keywords\":[\"De Buyer\",\"Elys\u00e9e\",\"Grande Exposition du Fabriqu\u00e9 en France\",\"Le Drap Fran\u00e7ais\"],\"articleSection\":[\"A la Une\",\"Vosges\"],\"inLanguage\":\"fr-FR\",\"potentialAction\":[{\"@type\":\"CommentAction\",\"name\":\"Comment\",\"target\":[\"https:\/\/vosgesinfo.fr\/saintdieinfo\/2023\/06\/produits-de-buyer-drap-francais-a-lelysee\/#respond\"]}]},{\"@type\":\"WebPage\",\"@id\":\"https:\/\/vosgesinfo.fr\/saintdieinfo\/2023\/06\/produits-de-buyer-drap-francais-a-lelysee\/\",\"url\":\"https:\/\/vosgesinfo.fr\/saintdieinfo\/2023\/06\/produits-de-buyer-drap-francais-a-lelysee\/\",\"name\":\"Des produits De Buyer et Le Drap Fran\u00e7ais \u00e0 l'Elys\u00e9e - Saint Die Info\",\"isPartOf\":{\"@id\":\"https:\/\/vosgesinfo.fr\/saintdieinfo\/#website\"},\"primaryImageOfPage\":{\"@id\":\"https:\/\/vosgesinfo.fr\/saintdieinfo\/2023\/06\/produits-de-buyer-drap-francais-a-lelysee\/#primaryimage\"},\"image\":{\"@id\":\"https:\/\/vosgesinfo.fr\/saintdieinfo\/2023\/06\/produits-de-buyer-drap-francais-a-lelysee\/#primaryimage\"},\"thumbnailUrl\":\"https:\/\/vosgesinfo.fr\/app\/uploads\/sites\/4\/2024\/08\/202306grande-exposition-fabrique-en-france.jpg\",\"datePublished\":\"2023-06-29T08:39:20+00:00\",\"dateModified\":\"2023-06-29T08:39:20+00:00\",\"breadcrumb\":{\"@id\":\"https:\/\/vosgesinfo.fr\/saintdieinfo\/2023\/06\/produits-de-buyer-drap-francais-a-lelysee\/#breadcrumb\"},\"inLanguage\":\"fr-FR\",\"potentialAction\":[{\"@type\":\"ReadAction\",\"target\":[\"https:\/\/vosgesinfo.fr\/saintdieinfo\/2023\/06\/produits-de-buyer-drap-francais-a-lelysee\/\"]}]},{\"@type\":\"ImageObject\",\"inLanguage\":\"fr-FR\",\"@id\":\"https:\/\/vosgesinfo.fr\/saintdieinfo\/2023\/06\/produits-de-buyer-drap-francais-a-lelysee\/#primaryimage\",\"url\":\"https:\/\/vosgesinfo.fr\/app\/uploads\/sites\/4\/2024\/08\/202306grande-exposition-fabrique-en-france.jpg\",\"contentUrl\":\"https:\/\/vosgesinfo.fr\/app\/uploads\/sites\/4\/2024\/08\/202306grande-exposition-fabrique-en-france.jpg\",\"width\":800,\"height\":420},{\"@type\":\"BreadcrumbList\",\"@id\":\"https:\/\/vosgesinfo.fr\/saintdieinfo\/2023\/06\/produits-de-buyer-drap-francais-a-lelysee\/#breadcrumb\",\"itemListElement\":[{\"@type\":\"ListItem\",\"position\":1,\"name\":\"Home\",\"item\":\"https:\/\/vosgesinfo.fr\/saintdieinfo\/\"},{\"@type\":\"ListItem\",\"position\":2,\"name\":\"Des produits De Buyer et Le Drap Fran\u00e7ais \u00e0 l&rsquo;Elys\u00e9e\"}]},{\"@type\":\"WebSite\",\"@id\":\"https:\/\/vosgesinfo.fr\/saintdieinfo\/#website\",\"url\":\"https:\/\/vosgesinfo.fr\/saintdieinfo\/\",\"name\":\"Saint Die Info\",\"description\":\"Toute l&#039;actualit\u00e9 de Saint-Di\u00e9-Des-Vosges\",\"publisher\":{\"@id\":\"https:\/\/vosgesinfo.fr\/saintdieinfo\/#organization\"},\"alternateName\":\"Toute l'actualit\u00e9 de Saint-Di\u00e9-Des-Vosges\",\"potentialAction\":[{\"@type\":\"SearchAction\",\"target\":{\"@type\":\"EntryPoint\",\"urlTemplate\":\"https:\/\/vosgesinfo.fr\/saintdieinfo\/?s={search_term_string}\"},\"query-input\":\"required name=search_term_string\"}],\"inLanguage\":\"fr-FR\"},{\"@type\":\"Organization\",\"@id\":\"https:\/\/vosgesinfo.fr\/saintdieinfo\/#organization\",\"name\":\"Saint Die Info\",\"url\":\"https:\/\/vosgesinfo.fr\/saintdieinfo\/\",\"logo\":{\"@type\":\"ImageObject\",\"inLanguage\":\"fr-FR\",\"@id\":\"https:\/\/vosgesinfo.fr\/saintdieinfo\/#\/schema\/logo\/image\/\",\"url\":\"https:\/\/vosgesinfo.fr\/app\/uploads\/sites\/4\/2024\/02\/logo-sdi.jpg\",\"contentUrl\":\"https:\/\/vosgesinfo.fr\/app\/uploads\/sites\/4\/2024\/02\/logo-sdi.jpg\",\"width\":600,\"height\":600,\"caption\":\"Saint Die Info\"},\"image\":{\"@id\":\"https:\/\/vosgesinfo.fr\/saintdieinfo\/#\/schema\/logo\/image\/\"},\"sameAs\":[\"https:\/\/www.facebook.com\/Saintdieinfofr\",\"https:\/\/x.com\/VosgesInfo88\",\"https:\/\/www.youtube.com\/@vosgesinfo\"]},{\"@type\":\"Person\",\"@id\":\"https:\/\/vosgesinfo.fr\/saintdieinfo\/#\/schema\/person\/faee6704a21f3977511db84bd1cd450f\",\"name\":\"la r\u00e9daction\",\"image\":{\"@type\":\"ImageObject\",\"inLanguage\":\"fr-FR\",\"@id\":\"https:\/\/vosgesinfo.fr\/saintdieinfo\/#\/schema\/person\/image\/\",\"url\":\"https:\/\/secure.gravatar.com\/avatar\/6673d8bc6a9c17fa9a453eaa3448de834fa308c2ec9635b7aa99441a7c8d2cf6?s=96&d=mm&r=g\",\"contentUrl\":\"https:\/\/secure.gravatar.com\/avatar\/6673d8bc6a9c17fa9a453eaa3448de834fa308c2ec9635b7aa99441a7c8d2cf6?s=96&d=mm&r=g\",\"caption\":\"la r\u00e9daction\"},\"url\":\"https:\/\/vosgesinfo.fr\/saintdieinfo\/author\/redac\/\"}]}<\/script>\n<!-- \/ Yoast SEO plugin. -->","yoast_head_json":{"title":"Des produits De Buyer et Le Drap Fran\u00e7ais \u00e0 l'Elys\u00e9e - Saint Die Info","robots":{"index":"index","follow":"follow","max-snippet":"max-snippet:-1","max-image-preview":"max-image-preview:large","max-video-preview":"max-video-preview:-1"},"canonical":"https:\/\/vosgesinfo.fr\/saintdieinfo\/2023\/06\/produits-de-buyer-drap-francais-a-lelysee\/","twitter_card":"summary_large_image","twitter_title":"Des produits De Buyer et Le Drap Fran\u00e7ais \u00e0 l'Elys\u00e9e - Saint Die Info","twitter_description":"La Grande Exposition du Fabriqu\u00e9 en France fait son retour en 2023 pour une troisi\u00e8me \u00e9dition. Gratuite, l&rsquo;exposition est \u00e0 [&hellip;]","twitter_image":"https:\/\/vosgesinfo.fr\/app\/uploads\/sites\/4\/2024\/08\/202306grande-exposition-fabrique-en-france.jpg","twitter_creator":"@VosgesInfo88","twitter_site":"@VosgesInfo88","twitter_misc":{"\u00c9crit par":"la r\u00e9daction","Dur\u00e9e de lecture estim\u00e9e":"2 minutes"},"schema":{"@context":"https:\/\/schema.org","@graph":[{"@type":"Article","@id":"https:\/\/vosgesinfo.fr\/saintdieinfo\/2023\/06\/produits-de-buyer-drap-francais-a-lelysee\/#article","isPartOf":{"@id":"https:\/\/vosgesinfo.fr\/saintdieinfo\/2023\/06\/produits-de-buyer-drap-francais-a-lelysee\/"},"author":{"name":"la r\u00e9daction","@id":"https:\/\/vosgesinfo.fr\/saintdieinfo\/#\/schema\/person\/faee6704a21f3977511db84bd1cd450f"},"headline":"Des produits De Buyer et Le Drap Fran\u00e7ais \u00e0 l&rsquo;Elys\u00e9e","datePublished":"2023-06-29T08:39:20+00:00","dateModified":"2023-06-29T08:39:20+00:00","mainEntityOfPage":{"@id":"https:\/\/vosgesinfo.fr\/saintdieinfo\/2023\/06\/produits-de-buyer-drap-francais-a-lelysee\/"},"wordCount":472,"commentCount":0,"publisher":{"@id":"https:\/\/vosgesinfo.fr\/saintdieinfo\/#organization"},"image":{"@id":"https:\/\/vosgesinfo.fr\/saintdieinfo\/2023\/06\/produits-de-buyer-drap-francais-a-lelysee\/#primaryimage"},"thumbnailUrl":"https:\/\/vosgesinfo.fr\/app\/uploads\/sites\/4\/2024\/08\/202306grande-exposition-fabrique-en-france.jpg","keywords":["De Buyer","Elys\u00e9e","Grande Exposition du Fabriqu\u00e9 en France","Le Drap Fran\u00e7ais"],"articleSection":["A la Une","Vosges"],"inLanguage":"fr-FR","potentialAction":[{"@type":"CommentAction","name":"Comment","target":["https:\/\/vosgesinfo.fr\/saintdieinfo\/2023\/06\/produits-de-buyer-drap-francais-a-lelysee\/#respond"]}]},{"@type":"WebPage","@id":"https:\/\/vosgesinfo.fr\/saintdieinfo\/2023\/06\/produits-de-buyer-drap-francais-a-lelysee\/","url":"https:\/\/vosgesinfo.fr\/saintdieinfo\/2023\/06\/produits-de-buyer-drap-francais-a-lelysee\/","name":"Des produits De Buyer et Le Drap Fran\u00e7ais \u00e0 l'Elys\u00e9e - Saint Die Info","isPartOf":{"@id":"https:\/\/vosgesinfo.fr\/saintdieinfo\/#website"},"primaryImageOfPage":{"@id":"https:\/\/vosgesinfo.fr\/saintdieinfo\/2023\/06\/produits-de-buyer-drap-francais-a-lelysee\/#primaryimage"},"image":{"@id":"https:\/\/vosgesinfo.fr\/saintdieinfo\/2023\/06\/produits-de-buyer-drap-francais-a-lelysee\/#primaryimage"},"thumbnailUrl":"https:\/\/vosgesinfo.fr\/app\/uploads\/sites\/4\/2024\/08\/202306grande-exposition-fabrique-en-france.jpg","datePublished":"2023-06-29T08:39:20+00:00","dateModified":"2023-06-29T08:39:20+00:00","breadcrumb":{"@id":"https:\/\/vosgesinfo.fr\/saintdieinfo\/2023\/06\/produits-de-buyer-drap-francais-a-lelysee\/#breadcrumb"},"inLanguage":"fr-FR","potentialAction":[{"@type":"ReadAction","target":["https:\/\/vosgesinfo.fr\/saintdieinfo\/2023\/06\/produits-de-buyer-drap-francais-a-lelysee\/"]}]},{"@type":"ImageObject","inLanguage":"fr-FR","@id":"https:\/\/vosgesinfo.fr\/saintdieinfo\/2023\/06\/produits-de-buyer-drap-francais-a-lelysee\/#primaryimage","url":"https:\/\/vosgesinfo.fr\/app\/uploads\/sites\/4\/2024\/08\/202306grande-exposition-fabrique-en-france.jpg","contentUrl":"https:\/\/vosgesinfo.fr\/app\/uploads\/sites\/4\/2024\/08\/202306grande-exposition-fabrique-en-france.jpg","width":800,"height":420},{"@type":"BreadcrumbList","@id":"https:\/\/vosgesinfo.fr\/saintdieinfo\/2023\/06\/produits-de-buyer-drap-francais-a-lelysee\/#breadcrumb","itemListElement":[{"@type":"ListItem","position":1,"name":"Home","item":"https:\/\/vosgesinfo.fr\/saintdieinfo\/"},{"@type":"ListItem","position":2,"name":"Des produits De Buyer et Le Drap Fran\u00e7ais \u00e0 l&rsquo;Elys\u00e9e"}]},{"@type":"WebSite","@id":"https:\/\/vosgesinfo.fr\/saintdieinfo\/#website","url":"https:\/\/vosgesinfo.fr\/saintdieinfo\/","name":"Saint Die Info","description":"Toute l&#039;actualit\u00e9 de Saint-Di\u00e9-Des-Vosges","publisher":{"@id":"https:\/\/vosgesinfo.fr\/saintdieinfo\/#organization"},"alternateName":"Toute l'actualit\u00e9 de Saint-Di\u00e9-Des-Vosges","potentialAction":[{"@type":"SearchAction","target":{"@type":"EntryPoint","urlTemplate":"https:\/\/vosgesinfo.fr\/saintdieinfo\/?s={search_term_string}"},"query-input":"required name=search_term_string"}],"inLanguage":"fr-FR"},{"@type":"Organization","@id":"https:\/\/vosgesinfo.fr\/saintdieinfo\/#organization","name":"Saint Die Info","url":"https:\/\/vosgesinfo.fr\/saintdieinfo\/","logo":{"@type":"ImageObject","inLanguage":"fr-FR","@id":"https:\/\/vosgesinfo.fr\/saintdieinfo\/#\/schema\/logo\/image\/","url":"https:\/\/vosgesinfo.fr\/app\/uploads\/sites\/4\/2024\/02\/logo-sdi.jpg","contentUrl":"https:\/\/vosgesinfo.fr\/app\/uploads\/sites\/4\/2024\/02\/logo-sdi.jpg","width":600,"height":600,"caption":"Saint Die Info"},"image":{"@id":"https:\/\/vosgesinfo.fr\/saintdieinfo\/#\/schema\/logo\/image\/"},"sameAs":["https:\/\/www.facebook.com\/Saintdieinfofr","https:\/\/x.com\/VosgesInfo88","https:\/\/www.youtube.com\/@vosgesinfo"]},{"@type":"Person","@id":"https:\/\/vosgesinfo.fr\/saintdieinfo\/#\/schema\/person\/faee6704a21f3977511db84bd1cd450f","name":"la r\u00e9daction","image":{"@type":"ImageObject","inLanguage":"fr-FR","@id":"https:\/\/vosgesinfo.fr\/saintdieinfo\/#\/schema\/person\/image\/","url":"https:\/\/secure.gravatar.com\/avatar\/6673d8bc6a9c17fa9a453eaa3448de834fa308c2ec9635b7aa99441a7c8d2cf6?s=96&d=mm&r=g","contentUrl":"https:\/\/secure.gravatar.com\/avatar\/6673d8bc6a9c17fa9a453eaa3448de834fa308c2ec9635b7aa99441a7c8d2cf6?s=96&d=mm&r=g","caption":"la r\u00e9daction"},"url":"https:\/\/vosgesinfo.fr\/saintdieinfo\/author\/redac\/"}]}},"_links":{"self":[{"href":"https:\/\/vosgesinfo.fr\/saintdieinfo\/wp-json\/wp\/v2\/posts\/66209","targetHints":{"allow":["GET"]}}],"collection":[{"href":"https:\/\/vosgesinfo.fr\/saintdieinfo\/wp-json\/wp\/v2\/posts"}],"about":[{"href":"https:\/\/vosgesinfo.fr\/saintdieinfo\/wp-json\/wp\/v2\/types\/post"}],"author":[{"embeddable":true,"href":"https:\/\/vosgesinfo.fr\/saintdieinfo\/wp-json\/wp\/v2\/users\/44"}],"replies":[{"embeddable":true,"href":"https:\/\/vosgesinfo.fr\/saintdieinfo\/wp-json\/wp\/v2\/comments?post=66209"}],"version-history":[{"count":0,"href":"https:\/\/vosgesinfo.fr\/saintdieinfo\/wp-json\/wp\/v2\/posts\/66209\/revisions"}],"wp:featuredmedia":[{"embeddable":true,"href":"https:\/\/vosgesinfo.fr\/saintdieinfo\/wp-json\/wp\/v2\/media\/66210"}],"wp:attachment":[{"href":"https:\/\/vosgesinfo.fr\/saintdieinfo\/wp-json\/wp\/v2\/media?parent=66209"}],"wp:term":[{"taxonomy":"category","embeddable":true,"href":"https:\/\/vosgesinfo.fr\/saintdieinfo\/wp-json\/wp\/v2\/categories?post=66209"},{"taxonomy":"post_tag","embeddable":true,"href":"https:\/\/vosgesinfo.fr\/saintdieinfo\/wp-json\/wp\/v2\/tags?post=66209"}],"curies":[{"name":"wp","href":"https:\/\/api.w.org\/{rel}","templated":true}]}}