{"id":66246,"date":"2023-06-30T12:32:42","date_gmt":"2023-06-30T10:32:42","guid":{"rendered":"https:\/\/vosgesinfo.fr\/saintdieinfo\/2023\/06\/raon-letape-personnels-college-louis-pasteur-tirent-sonnette-dalarme\/"},"modified":"2023-06-30T12:32:42","modified_gmt":"2023-06-30T10:32:42","slug":"raon-letape-personnels-college-louis-pasteur-tirent-sonnette-dalarme","status":"publish","type":"post","link":"https:\/\/vosgesinfo.fr\/saintdieinfo\/2023\/06\/raon-letape-personnels-college-louis-pasteur-tirent-sonnette-dalarme\/","title":{"rendered":"Raon-l&rsquo;Etape \u2013 Les personnels du coll\u00e8ge Louis-Pasteur tirent la sonnette d&rsquo;alarme"},"content":{"rendered":"<p>Lorsque Mme l\u2019Inspectrice d\u2019Acade\u0301mie (IA-DASEN) des Vosges, nous a rec\u0327us en audience le lundi 3 avril 2023 afin d\u2019e\u0301voquer la dotation horaire insuffisante du colle\u0300ge Pasteur de Raon l\u2019E\u0301tape pour la rentre\u0301 e prochaine, elle a fait e\u0301tat d\u2019un \u00ab seuil d\u2019alerte \u00bb de 27 e\u0301le\u0300ves par classe pour obtenir des moyens d\u2019enseignement supple\u0301mentaires. Au vu des effectifs de l\u2019an prochain, ce seuil d\u2019alerte est atteint au colle\u0300ge sur 2 niveaux, quelle que soit la re\u0301 partition des moyens retenue.<\/p>\n<p>Et pourtant&#8230; Rien !! Aucune rallonge n\u2019a e\u0301te\u0301 propose\u0301 e au colle\u0300ge pour l\u2019an prochain lors de la fameuse phase d\u2019ajustement de juin. L\u2019IA DASEN confirme ce faisant la suppression de 2 classes pour la rentre\u0301 e 2023-2024. L\u2019E\u0301ducation Nationale est sans doute le seul endroit ou\u0300 il ne suffit pas d\u2019atteindre un seuil d\u2019alerte pour alerter. Pire, il ne suffit me\u0302me pas de le de\u0301 passer comme ce sera le cas avec des classes a\u0300 28 e\u0301le\u0300ves a\u0300 la rentre\u0301 e prochaine.<\/p>\n<p>Pendant ce temps le ministe\u0300re se gargarise de fausses augmentations de salaires et de moyens de remplacements artificiels avec le fameux PACTE qu\u2019il demande aux enseignants de signer pour faire des heures supple\u0301mentaires. Pour le fameux \u00ab travailler plus pour gagner plus \u00bb, on met des moyens. Pour que les e\u0301le\u0300ves travaillent dans de bonnes conditions, on n\u2019en met le moins possible.<\/p>\n<p>Pourtant le repre\u0301sentant du maire de Raon l\u2019E\u0301tape et les enseignants pre\u0301sents a\u0300 cette audience du 3 avril avaient bien pris soin d\u2019insister sur la situation du bassin d\u2019emploi de Raon l\u2019E\u0301tape et sur l\u2019indice de position sociale du colle\u0300ge, l\u2019un des plus bas des Vosges. Les personnels du Colle\u0300ge Pasteur se mobilisent et se rassembleront devant le portail du colle\u0300ge lundi 3<br \/>\njuillet sur la pause me\u0301ridienne, veille du conseil d\u2019administration ou\u0300 sera pre\u0301sente\u0301 e la dotation conteste\u0301e de l\u2019e\u0301tablissement pour la rentre\u0301e prochaine. Les personnels du Colle\u0300ge Pasteur appellent les personnels des e\u0301tablissements ayant une situation similaire a\u0300 faire de me\u0302me.<\/p>\n<p>Faisons entendre que la situation dans les Vosges est alarmante. Conside\u0301rant l&rsquo;E\u0301ducation comme un enjeu prioritaire de socie\u0301te\u0301 , les professeurs du Colle\u0300ge Pasteur continueront a\u0300 se mobiliser pour obtenir des conditions de travail qui leur permettent d&rsquo;assurer un service public d&rsquo;e\u0301ducation de qualite\u0301.<\/p>\n<p style=\"text-align: right;\"><strong>Les personnels du coll\u00e8ge Louis-Pasteur de Raon-l&rsquo;Etape<\/strong><\/p>\n","protected":false},"excerpt":{"rendered":"<p>Lorsque Mme l\u2019Inspectrice d\u2019Acade\u0301mie (IA-DASEN) des Vosges, nous a rec\u0327us en audience le lundi 3 avril 2023 afin d\u2019e\u0301voquer la [&hellip;]<\/p>\n","protected":false},"author":44,"featured_media":24919,"comment_status":"open","ping_status":"open","sticky":false,"template":"","format":"standard","meta":{"footnotes":""},"categories":[460,6,2915],"tags":[4147,2654],"class_list":["post-66246","post","type-post","status-publish","format-standard","has-post-thumbnail","hentry","category-a-la-une","category-education","category-saint-die-son-canton","tag-college-louis-pasteur","tag-raon-letape"],"acf":[],"yoast_head":"<!-- This site is optimized with the Yoast SEO plugin v22.5 - https:\/\/yoast.com\/wordpress\/plugins\/seo\/ -->\n<title>Raon-l&#039;Etape \u2013 Les personnels du coll\u00e8ge Louis-Pasteur tirent la sonnette d&#039;alarme - Saint Die Info<\/title>\n<meta name=\"robots\" content=\"index, follow, max-snippet:-1, max-image-preview:large, max-video-preview:-1\" \/>\n<link rel=\"canonical\" href=\"https:\/\/vosgesinfo.fr\/saintdieinfo\/2023\/06\/raon-letape-personnels-college-louis-pasteur-tirent-sonnette-dalarme\/\" \/>\n<meta name=\"twitter:card\" content=\"summary_large_image\" \/>\n<meta name=\"twitter:title\" content=\"Raon-l&#039;Etape \u2013 Les personnels du coll\u00e8ge Louis-Pasteur tirent la sonnette d&#039;alarme - Saint Die Info\" \/>\n<meta name=\"twitter:description\" content=\"Lorsque Mme l\u2019Inspectrice d\u2019Acade\u0301mie (IA-DASEN) des Vosges, nous a rec\u0327us en audience le lundi 3 avril 2023 afin d\u2019e\u0301voquer la [&hellip;]\" \/>\n<meta name=\"twitter:image\" content=\"https:\/\/vosgesinfo.fr\/app\/uploads\/sites\/4\/2024\/02\/raon-letape-college-louis-pasteur.jpg\" \/>\n<meta name=\"twitter:creator\" content=\"@VosgesInfo88\" \/>\n<meta name=\"twitter:site\" content=\"@VosgesInfo88\" \/>\n<meta name=\"twitter:label1\" content=\"\u00c9crit par\" \/>\n\t<meta name=\"twitter:data1\" content=\"la r\u00e9daction\" \/>\n\t<meta name=\"twitter:label2\" content=\"Dur\u00e9e de lecture estim\u00e9e\" \/>\n\t<meta name=\"twitter:data2\" content=\"2 minutes\" \/>\n<script type=\"application\/ld+json\" class=\"yoast-schema-graph\">{\"@context\":\"https:\/\/schema.org\",\"@graph\":[{\"@type\":\"Article\",\"@id\":\"https:\/\/vosgesinfo.fr\/saintdieinfo\/2023\/06\/raon-letape-personnels-college-louis-pasteur-tirent-sonnette-dalarme\/#article\",\"isPartOf\":{\"@id\":\"https:\/\/vosgesinfo.fr\/saintdieinfo\/2023\/06\/raon-letape-personnels-college-louis-pasteur-tirent-sonnette-dalarme\/\"},\"author\":{\"name\":\"la r\u00e9daction\",\"@id\":\"https:\/\/vosgesinfo.fr\/saintdieinfo\/#\/schema\/person\/faee6704a21f3977511db84bd1cd450f\"},\"headline\":\"Raon-l&rsquo;Etape \u2013 Les personnels du coll\u00e8ge Louis-Pasteur tirent la sonnette d&rsquo;alarme\",\"datePublished\":\"2023-06-30T10:32:42+00:00\",\"dateModified\":\"2023-06-30T10:32:42+00:00\",\"mainEntityOfPage\":{\"@id\":\"https:\/\/vosgesinfo.fr\/saintdieinfo\/2023\/06\/raon-letape-personnels-college-louis-pasteur-tirent-sonnette-dalarme\/\"},\"wordCount\":449,\"commentCount\":0,\"publisher\":{\"@id\":\"https:\/\/vosgesinfo.fr\/saintdieinfo\/#organization\"},\"image\":{\"@id\":\"https:\/\/vosgesinfo.fr\/saintdieinfo\/2023\/06\/raon-letape-personnels-college-louis-pasteur-tirent-sonnette-dalarme\/#primaryimage\"},\"thumbnailUrl\":\"https:\/\/vosgesinfo.fr\/app\/uploads\/sites\/4\/2024\/02\/raon-letape-college-louis-pasteur.jpg\",\"keywords\":[\"Coll\u00e8ge Louis-Pasteur\",\"Raon-l\u2019Etape\"],\"articleSection\":[\"A la Une\",\"\u00c9ducation\",\"Saint-Di\u00e9-des-Vosges et son Agglom\u00e9ration\"],\"inLanguage\":\"fr-FR\",\"potentialAction\":[{\"@type\":\"CommentAction\",\"name\":\"Comment\",\"target\":[\"https:\/\/vosgesinfo.fr\/saintdieinfo\/2023\/06\/raon-letape-personnels-college-louis-pasteur-tirent-sonnette-dalarme\/#respond\"]}]},{\"@type\":\"WebPage\",\"@id\":\"https:\/\/vosgesinfo.fr\/saintdieinfo\/2023\/06\/raon-letape-personnels-college-louis-pasteur-tirent-sonnette-dalarme\/\",\"url\":\"https:\/\/vosgesinfo.fr\/saintdieinfo\/2023\/06\/raon-letape-personnels-college-louis-pasteur-tirent-sonnette-dalarme\/\",\"name\":\"Raon-l'Etape \u2013 Les personnels du coll\u00e8ge Louis-Pasteur tirent la sonnette d'alarme - Saint Die Info\",\"isPartOf\":{\"@id\":\"https:\/\/vosgesinfo.fr\/saintdieinfo\/#website\"},\"primaryImageOfPage\":{\"@id\":\"https:\/\/vosgesinfo.fr\/saintdieinfo\/2023\/06\/raon-letape-personnels-college-louis-pasteur-tirent-sonnette-dalarme\/#primaryimage\"},\"image\":{\"@id\":\"https:\/\/vosgesinfo.fr\/saintdieinfo\/2023\/06\/raon-letape-personnels-college-louis-pasteur-tirent-sonnette-dalarme\/#primaryimage\"},\"thumbnailUrl\":\"https:\/\/vosgesinfo.fr\/app\/uploads\/sites\/4\/2024\/02\/raon-letape-college-louis-pasteur.jpg\",\"datePublished\":\"2023-06-30T10:32:42+00:00\",\"dateModified\":\"2023-06-30T10:32:42+00:00\",\"breadcrumb\":{\"@id\":\"https:\/\/vosgesinfo.fr\/saintdieinfo\/2023\/06\/raon-letape-personnels-college-louis-pasteur-tirent-sonnette-dalarme\/#breadcrumb\"},\"inLanguage\":\"fr-FR\",\"potentialAction\":[{\"@type\":\"ReadAction\",\"target\":[\"https:\/\/vosgesinfo.fr\/saintdieinfo\/2023\/06\/raon-letape-personnels-college-louis-pasteur-tirent-sonnette-dalarme\/\"]}]},{\"@type\":\"ImageObject\",\"inLanguage\":\"fr-FR\",\"@id\":\"https:\/\/vosgesinfo.fr\/saintdieinfo\/2023\/06\/raon-letape-personnels-college-louis-pasteur-tirent-sonnette-dalarme\/#primaryimage\",\"url\":\"https:\/\/vosgesinfo.fr\/app\/uploads\/sites\/4\/2024\/02\/raon-letape-college-louis-pasteur.jpg\",\"contentUrl\":\"https:\/\/vosgesinfo.fr\/app\/uploads\/sites\/4\/2024\/02\/raon-letape-college-louis-pasteur.jpg\",\"width\":1308,\"height\":754},{\"@type\":\"BreadcrumbList\",\"@id\":\"https:\/\/vosgesinfo.fr\/saintdieinfo\/2023\/06\/raon-letape-personnels-college-louis-pasteur-tirent-sonnette-dalarme\/#breadcrumb\",\"itemListElement\":[{\"@type\":\"ListItem\",\"position\":1,\"name\":\"Home\",\"item\":\"https:\/\/vosgesinfo.fr\/saintdieinfo\/\"},{\"@type\":\"ListItem\",\"position\":2,\"name\":\"Raon-l&rsquo;Etape \u2013 Les personnels du coll\u00e8ge Louis-Pasteur tirent la sonnette d&rsquo;alarme\"}]},{\"@type\":\"WebSite\",\"@id\":\"https:\/\/vosgesinfo.fr\/saintdieinfo\/#website\",\"url\":\"https:\/\/vosgesinfo.fr\/saintdieinfo\/\",\"name\":\"Saint Die Info\",\"description\":\"Toute l&#039;actualit\u00e9 de Saint-Di\u00e9-Des-Vosges\",\"publisher\":{\"@id\":\"https:\/\/vosgesinfo.fr\/saintdieinfo\/#organization\"},\"alternateName\":\"Toute l'actualit\u00e9 de Saint-Di\u00e9-Des-Vosges\",\"potentialAction\":[{\"@type\":\"SearchAction\",\"target\":{\"@type\":\"EntryPoint\",\"urlTemplate\":\"https:\/\/vosgesinfo.fr\/saintdieinfo\/?s={search_term_string}\"},\"query-input\":\"required name=search_term_string\"}],\"inLanguage\":\"fr-FR\"},{\"@type\":\"Organization\",\"@id\":\"https:\/\/vosgesinfo.fr\/saintdieinfo\/#organization\",\"name\":\"Saint Die Info\",\"url\":\"https:\/\/vosgesinfo.fr\/saintdieinfo\/\",\"logo\":{\"@type\":\"ImageObject\",\"inLanguage\":\"fr-FR\",\"@id\":\"https:\/\/vosgesinfo.fr\/saintdieinfo\/#\/schema\/logo\/image\/\",\"url\":\"https:\/\/vosgesinfo.fr\/app\/uploads\/sites\/4\/2024\/02\/logo-sdi.jpg\",\"contentUrl\":\"https:\/\/vosgesinfo.fr\/app\/uploads\/sites\/4\/2024\/02\/logo-sdi.jpg\",\"width\":600,\"height\":600,\"caption\":\"Saint Die Info\"},\"image\":{\"@id\":\"https:\/\/vosgesinfo.fr\/saintdieinfo\/#\/schema\/logo\/image\/\"},\"sameAs\":[\"https:\/\/www.facebook.com\/Saintdieinfofr\",\"https:\/\/x.com\/VosgesInfo88\",\"https:\/\/www.youtube.com\/@vosgesinfo\"]},{\"@type\":\"Person\",\"@id\":\"https:\/\/vosgesinfo.fr\/saintdieinfo\/#\/schema\/person\/faee6704a21f3977511db84bd1cd450f\",\"name\":\"la r\u00e9daction\",\"image\":{\"@type\":\"ImageObject\",\"inLanguage\":\"fr-FR\",\"@id\":\"https:\/\/vosgesinfo.fr\/saintdieinfo\/#\/schema\/person\/image\/\",\"url\":\"https:\/\/secure.gravatar.com\/avatar\/6673d8bc6a9c17fa9a453eaa3448de834fa308c2ec9635b7aa99441a7c8d2cf6?s=96&d=mm&r=g\",\"contentUrl\":\"https:\/\/secure.gravatar.com\/avatar\/6673d8bc6a9c17fa9a453eaa3448de834fa308c2ec9635b7aa99441a7c8d2cf6?s=96&d=mm&r=g\",\"caption\":\"la r\u00e9daction\"},\"url\":\"https:\/\/vosgesinfo.fr\/saintdieinfo\/author\/redac\/\"}]}<\/script>\n<!-- \/ Yoast SEO plugin. -->","yoast_head_json":{"title":"Raon-l'Etape \u2013 Les personnels du coll\u00e8ge Louis-Pasteur tirent la sonnette d'alarme - Saint Die Info","robots":{"index":"index","follow":"follow","max-snippet":"max-snippet:-1","max-image-preview":"max-image-preview:large","max-video-preview":"max-video-preview:-1"},"canonical":"https:\/\/vosgesinfo.fr\/saintdieinfo\/2023\/06\/raon-letape-personnels-college-louis-pasteur-tirent-sonnette-dalarme\/","twitter_card":"summary_large_image","twitter_title":"Raon-l'Etape \u2013 Les personnels du coll\u00e8ge Louis-Pasteur tirent la sonnette d'alarme - Saint Die Info","twitter_description":"Lorsque Mme l\u2019Inspectrice d\u2019Acade\u0301mie (IA-DASEN) des Vosges, nous a rec\u0327us en audience le lundi 3 avril 2023 afin d\u2019e\u0301voquer la [&hellip;]","twitter_image":"https:\/\/vosgesinfo.fr\/app\/uploads\/sites\/4\/2024\/02\/raon-letape-college-louis-pasteur.jpg","twitter_creator":"@VosgesInfo88","twitter_site":"@VosgesInfo88","twitter_misc":{"\u00c9crit par":"la r\u00e9daction","Dur\u00e9e de lecture estim\u00e9e":"2 minutes"},"schema":{"@context":"https:\/\/schema.org","@graph":[{"@type":"Article","@id":"https:\/\/vosgesinfo.fr\/saintdieinfo\/2023\/06\/raon-letape-personnels-college-louis-pasteur-tirent-sonnette-dalarme\/#article","isPartOf":{"@id":"https:\/\/vosgesinfo.fr\/saintdieinfo\/2023\/06\/raon-letape-personnels-college-louis-pasteur-tirent-sonnette-dalarme\/"},"author":{"name":"la r\u00e9daction","@id":"https:\/\/vosgesinfo.fr\/saintdieinfo\/#\/schema\/person\/faee6704a21f3977511db84bd1cd450f"},"headline":"Raon-l&rsquo;Etape \u2013 Les personnels du coll\u00e8ge Louis-Pasteur tirent la sonnette d&rsquo;alarme","datePublished":"2023-06-30T10:32:42+00:00","dateModified":"2023-06-30T10:32:42+00:00","mainEntityOfPage":{"@id":"https:\/\/vosgesinfo.fr\/saintdieinfo\/2023\/06\/raon-letape-personnels-college-louis-pasteur-tirent-sonnette-dalarme\/"},"wordCount":449,"commentCount":0,"publisher":{"@id":"https:\/\/vosgesinfo.fr\/saintdieinfo\/#organization"},"image":{"@id":"https:\/\/vosgesinfo.fr\/saintdieinfo\/2023\/06\/raon-letape-personnels-college-louis-pasteur-tirent-sonnette-dalarme\/#primaryimage"},"thumbnailUrl":"https:\/\/vosgesinfo.fr\/app\/uploads\/sites\/4\/2024\/02\/raon-letape-college-louis-pasteur.jpg","keywords":["Coll\u00e8ge Louis-Pasteur","Raon-l\u2019Etape"],"articleSection":["A la Une","\u00c9ducation","Saint-Di\u00e9-des-Vosges et son Agglom\u00e9ration"],"inLanguage":"fr-FR","potentialAction":[{"@type":"CommentAction","name":"Comment","target":["https:\/\/vosgesinfo.fr\/saintdieinfo\/2023\/06\/raon-letape-personnels-college-louis-pasteur-tirent-sonnette-dalarme\/#respond"]}]},{"@type":"WebPage","@id":"https:\/\/vosgesinfo.fr\/saintdieinfo\/2023\/06\/raon-letape-personnels-college-louis-pasteur-tirent-sonnette-dalarme\/","url":"https:\/\/vosgesinfo.fr\/saintdieinfo\/2023\/06\/raon-letape-personnels-college-louis-pasteur-tirent-sonnette-dalarme\/","name":"Raon-l'Etape \u2013 Les personnels du coll\u00e8ge Louis-Pasteur tirent la sonnette d'alarme - Saint Die Info","isPartOf":{"@id":"https:\/\/vosgesinfo.fr\/saintdieinfo\/#website"},"primaryImageOfPage":{"@id":"https:\/\/vosgesinfo.fr\/saintdieinfo\/2023\/06\/raon-letape-personnels-college-louis-pasteur-tirent-sonnette-dalarme\/#primaryimage"},"image":{"@id":"https:\/\/vosgesinfo.fr\/saintdieinfo\/2023\/06\/raon-letape-personnels-college-louis-pasteur-tirent-sonnette-dalarme\/#primaryimage"},"thumbnailUrl":"https:\/\/vosgesinfo.fr\/app\/uploads\/sites\/4\/2024\/02\/raon-letape-college-louis-pasteur.jpg","datePublished":"2023-06-30T10:32:42+00:00","dateModified":"2023-06-30T10:32:42+00:00","breadcrumb":{"@id":"https:\/\/vosgesinfo.fr\/saintdieinfo\/2023\/06\/raon-letape-personnels-college-louis-pasteur-tirent-sonnette-dalarme\/#breadcrumb"},"inLanguage":"fr-FR","potentialAction":[{"@type":"ReadAction","target":["https:\/\/vosgesinfo.fr\/saintdieinfo\/2023\/06\/raon-letape-personnels-college-louis-pasteur-tirent-sonnette-dalarme\/"]}]},{"@type":"ImageObject","inLanguage":"fr-FR","@id":"https:\/\/vosgesinfo.fr\/saintdieinfo\/2023\/06\/raon-letape-personnels-college-louis-pasteur-tirent-sonnette-dalarme\/#primaryimage","url":"https:\/\/vosgesinfo.fr\/app\/uploads\/sites\/4\/2024\/02\/raon-letape-college-louis-pasteur.jpg","contentUrl":"https:\/\/vosgesinfo.fr\/app\/uploads\/sites\/4\/2024\/02\/raon-letape-college-louis-pasteur.jpg","width":1308,"height":754},{"@type":"BreadcrumbList","@id":"https:\/\/vosgesinfo.fr\/saintdieinfo\/2023\/06\/raon-letape-personnels-college-louis-pasteur-tirent-sonnette-dalarme\/#breadcrumb","itemListElement":[{"@type":"ListItem","position":1,"name":"Home","item":"https:\/\/vosgesinfo.fr\/saintdieinfo\/"},{"@type":"ListItem","position":2,"name":"Raon-l&rsquo;Etape \u2013 Les personnels du coll\u00e8ge Louis-Pasteur tirent la sonnette d&rsquo;alarme"}]},{"@type":"WebSite","@id":"https:\/\/vosgesinfo.fr\/saintdieinfo\/#website","url":"https:\/\/vosgesinfo.fr\/saintdieinfo\/","name":"Saint Die Info","description":"Toute l&#039;actualit\u00e9 de Saint-Di\u00e9-Des-Vosges","publisher":{"@id":"https:\/\/vosgesinfo.fr\/saintdieinfo\/#organization"},"alternateName":"Toute l'actualit\u00e9 de Saint-Di\u00e9-Des-Vosges","potentialAction":[{"@type":"SearchAction","target":{"@type":"EntryPoint","urlTemplate":"https:\/\/vosgesinfo.fr\/saintdieinfo\/?s={search_term_string}"},"query-input":"required name=search_term_string"}],"inLanguage":"fr-FR"},{"@type":"Organization","@id":"https:\/\/vosgesinfo.fr\/saintdieinfo\/#organization","name":"Saint Die Info","url":"https:\/\/vosgesinfo.fr\/saintdieinfo\/","logo":{"@type":"ImageObject","inLanguage":"fr-FR","@id":"https:\/\/vosgesinfo.fr\/saintdieinfo\/#\/schema\/logo\/image\/","url":"https:\/\/vosgesinfo.fr\/app\/uploads\/sites\/4\/2024\/02\/logo-sdi.jpg","contentUrl":"https:\/\/vosgesinfo.fr\/app\/uploads\/sites\/4\/2024\/02\/logo-sdi.jpg","width":600,"height":600,"caption":"Saint Die Info"},"image":{"@id":"https:\/\/vosgesinfo.fr\/saintdieinfo\/#\/schema\/logo\/image\/"},"sameAs":["https:\/\/www.facebook.com\/Saintdieinfofr","https:\/\/x.com\/VosgesInfo88","https:\/\/www.youtube.com\/@vosgesinfo"]},{"@type":"Person","@id":"https:\/\/vosgesinfo.fr\/saintdieinfo\/#\/schema\/person\/faee6704a21f3977511db84bd1cd450f","name":"la r\u00e9daction","image":{"@type":"ImageObject","inLanguage":"fr-FR","@id":"https:\/\/vosgesinfo.fr\/saintdieinfo\/#\/schema\/person\/image\/","url":"https:\/\/secure.gravatar.com\/avatar\/6673d8bc6a9c17fa9a453eaa3448de834fa308c2ec9635b7aa99441a7c8d2cf6?s=96&d=mm&r=g","contentUrl":"https:\/\/secure.gravatar.com\/avatar\/6673d8bc6a9c17fa9a453eaa3448de834fa308c2ec9635b7aa99441a7c8d2cf6?s=96&d=mm&r=g","caption":"la r\u00e9daction"},"url":"https:\/\/vosgesinfo.fr\/saintdieinfo\/author\/redac\/"}]}},"_links":{"self":[{"href":"https:\/\/vosgesinfo.fr\/saintdieinfo\/wp-json\/wp\/v2\/posts\/66246","targetHints":{"allow":["GET"]}}],"collection":[{"href":"https:\/\/vosgesinfo.fr\/saintdieinfo\/wp-json\/wp\/v2\/posts"}],"about":[{"href":"https:\/\/vosgesinfo.fr\/saintdieinfo\/wp-json\/wp\/v2\/types\/post"}],"author":[{"embeddable":true,"href":"https:\/\/vosgesinfo.fr\/saintdieinfo\/wp-json\/wp\/v2\/users\/44"}],"replies":[{"embeddable":true,"href":"https:\/\/vosgesinfo.fr\/saintdieinfo\/wp-json\/wp\/v2\/comments?post=66246"}],"version-history":[{"count":0,"href":"https:\/\/vosgesinfo.fr\/saintdieinfo\/wp-json\/wp\/v2\/posts\/66246\/revisions"}],"wp:featuredmedia":[{"embeddable":true,"href":"https:\/\/vosgesinfo.fr\/saintdieinfo\/wp-json\/wp\/v2\/media\/24919"}],"wp:attachment":[{"href":"https:\/\/vosgesinfo.fr\/saintdieinfo\/wp-json\/wp\/v2\/media?parent=66246"}],"wp:term":[{"taxonomy":"category","embeddable":true,"href":"https:\/\/vosgesinfo.fr\/saintdieinfo\/wp-json\/wp\/v2\/categories?post=66246"},{"taxonomy":"post_tag","embeddable":true,"href":"https:\/\/vosgesinfo.fr\/saintdieinfo\/wp-json\/wp\/v2\/tags?post=66246"}],"curies":[{"name":"wp","href":"https:\/\/api.w.org\/{rel}","templated":true}]}}