{"id":66247,"date":"2023-06-30T18:29:44","date_gmt":"2023-06-30T16:29:44","guid":{"rendered":"https:\/\/vosgesinfo.fr\/saintdieinfo\/2023\/06\/bilan-de-mi-parcours-projet-alimentaire-territorial-de-deodatie\/"},"modified":"2023-06-30T18:29:44","modified_gmt":"2023-06-30T16:29:44","slug":"bilan-de-mi-parcours-projet-alimentaire-territorial-de-deodatie","status":"publish","type":"post","link":"https:\/\/vosgesinfo.fr\/saintdieinfo\/2023\/06\/bilan-de-mi-parcours-projet-alimentaire-territorial-de-deodatie\/","title":{"rendered":"Bilan de mi-parcours pour le Projet Alimentaire Territorial de la D\u00e9odatie"},"content":{"rendered":"<p><a href=\"\/2023\/06\/Bilan_Mi-Parcours_PAT_CHSDDV.jpg\" target=\"_blank\" rel=\"noopener\"><img decoding=\"async\" class=\"aligncenter wp-image-203516 size-large\" src=\"\/2023\/06\/Bilan_Mi-Parcours_PAT_CHSDDV-1024x771.jpg\" alt=\"Bilan_Mi-Parcours_PAT_CHSDDV\" width=\"960\" height=\"723\" \/><\/a><\/p>\n<h2><strong><span style=\"font-size: 14pt;\">Le Projet Alimentaire Territorial \u2013 PAT \u2013 de la D\u00e9odatie a \u00e9t\u00e9 lanc\u00e9 au d\u00e9but de l&rsquo;ann\u00e9e 2022, pour se terminer \u00e0 l&rsquo;\u00e9t\u00e9 2024. Port\u00e9 par le PETR du Pays de la D\u00e9odatie, ce projet a pour objectif \u00ab\u00a0de faire lever dans les processus d&rsquo;installation, transmission et favoriser la diversification des exploitations agricoles.\u00a0\u00bb<\/span><\/strong><\/h2>\n<p><!--more--><\/p>\n<p>Concr\u00e8tement cela se traduit par l&rsquo;accompagnement des communes dans l&rsquo;identification et la gestion du foncier disponible\u00a0; le soutien des candidats dans la d\u00e9finition de leurs besoins\u00a0; la v\u00e9rification de l&rsquo;ad\u00e9quation entre les sites pressentis et le(s) projet(s) agricole(s)\u00a0; l&rsquo;organisation de temps d&rsquo;\u00e9change sur retours d&rsquo;exp\u00e9riences. 40 communes du territoire et 15 producteurs locaux participent au PAT de la D\u00e9odatie.<\/p>\n<p>Parmi les actions men\u00e9es dans le cadre de ce projet, on citera par exemple des ateliers de cuisine destin\u00e9s aux \u00e9tudiants afin de mieux manger et moins gaspiller, l&rsquo;exp\u00e9rimentation men\u00e9e d&rsquo;octobre \u00e0 d\u00e9cembre 2022 au lyc\u00e9e Jean-Lur\u00e7at de Bruy\u00e8res en vue d&rsquo;un \u00e9ventuel retour du steak hach\u00e9 dans la restauration collective, <span style=\"color: #3366ff;\"><a style=\"color: #3366ff;\" href=\"https:\/\/saintdieinfo.fr\/2022\/06\/menu-100-local-centre-hospitalier-de-saint-die-vosges\/\" target=\"_blank\" rel=\"noopener\">ou les menus du restaurant du personnel du Centre Hospitalier de Saint-Di\u00e9-des-Vosges qui int\u00e8grent autant que possible des produits locaux.<\/a><\/span><\/p>\n<p>C&rsquo;est pr\u00e9cis\u00e9ment dans le restaurant du personnel de l&rsquo;h\u00f4pital d\u00e9odatien qu&rsquo;un bilan de mi-parcours du PAT a \u00e9t\u00e9 dress\u00e9 ce vendredi apr\u00e8s-midi, en pr\u00e9sence d&rsquo;agriculteurs et producteurs participant au projet. Corinne Clasquin, en sa qualit\u00e9 de charg\u00e9e de mission Alimentation au PETR du Pays de la D\u00e9odatie, a rappel\u00e9 le plan d&rsquo;action du PAT.<\/p>\n<p>A savoir s&rsquo;adapter au changement climatique et soutenir le d\u00e9veloppement d&rsquo;une alimentaire locale, durable et de qualit\u00e9\u00a0; stimuler la demande locale en produits de proximit\u00e9 en circuits courts\u00a0; maintenir et d\u00e9velopper l&rsquo;offre en favorisant les activit\u00e9s agricoles et locales durables\u00a0; g\u00e9rer l&rsquo;alimentation de fa\u00e7on int\u00e9gr\u00e9e depuis la lutte contre le gaspillage \u00e0 la gestion des biod\u00e9chets.<\/p>\n<p>J.J.<\/p>\n","protected":false},"excerpt":{"rendered":"<p>Le Projet Alimentaire Territorial \u2013 PAT \u2013 de la D\u00e9odatie a \u00e9t\u00e9 lanc\u00e9 au d\u00e9but de l&rsquo;ann\u00e9e 2022, pour se [&hellip;]<\/p>\n","protected":false},"author":44,"featured_media":66248,"comment_status":"open","ping_status":"open","sticky":false,"template":"","format":"standard","meta":{"footnotes":""},"categories":[460,2915],"tags":[3056,3507,4718],"class_list":["post-66247","post","type-post","status-publish","format-standard","has-post-thumbnail","hentry","category-a-la-une","category-saint-die-son-canton","tag-centre-hospitalier-de-saint-die-des-vosges","tag-petr-du-pays-de-la-deodatie","tag-projet-alimentaire-territorial-de-la-deodatie"],"acf":[],"yoast_head":"<!-- This site is optimized with the Yoast SEO plugin v22.5 - https:\/\/yoast.com\/wordpress\/plugins\/seo\/ -->\n<title>Bilan de mi-parcours pour le Projet Alimentaire Territorial de la D\u00e9odatie - Saint Die Info<\/title>\n<meta name=\"robots\" content=\"index, follow, max-snippet:-1, max-image-preview:large, max-video-preview:-1\" \/>\n<link rel=\"canonical\" href=\"https:\/\/vosgesinfo.fr\/saintdieinfo\/2023\/06\/bilan-de-mi-parcours-projet-alimentaire-territorial-de-deodatie\/\" \/>\n<meta name=\"twitter:card\" content=\"summary_large_image\" \/>\n<meta name=\"twitter:title\" content=\"Bilan de mi-parcours pour le Projet Alimentaire Territorial de la D\u00e9odatie - Saint Die Info\" \/>\n<meta name=\"twitter:description\" content=\"Le Projet Alimentaire Territorial \u2013 PAT \u2013 de la D\u00e9odatie a \u00e9t\u00e9 lanc\u00e9 au d\u00e9but de l&rsquo;ann\u00e9e 2022, pour se [&hellip;]\" \/>\n<meta name=\"twitter:image\" content=\"https:\/\/vosgesinfo.fr\/app\/uploads\/sites\/4\/2024\/08\/202306bilan-mi-parcours-pat-chsddv.jpg\" \/>\n<meta name=\"twitter:creator\" content=\"@VosgesInfo88\" \/>\n<meta name=\"twitter:site\" content=\"@VosgesInfo88\" \/>\n<meta name=\"twitter:label1\" content=\"\u00c9crit par\" \/>\n\t<meta name=\"twitter:data1\" content=\"la r\u00e9daction\" \/>\n\t<meta name=\"twitter:label2\" content=\"Dur\u00e9e de lecture estim\u00e9e\" \/>\n\t<meta name=\"twitter:data2\" content=\"2 minutes\" \/>\n<script type=\"application\/ld+json\" class=\"yoast-schema-graph\">{\"@context\":\"https:\/\/schema.org\",\"@graph\":[{\"@type\":\"Article\",\"@id\":\"https:\/\/vosgesinfo.fr\/saintdieinfo\/2023\/06\/bilan-de-mi-parcours-projet-alimentaire-territorial-de-deodatie\/#article\",\"isPartOf\":{\"@id\":\"https:\/\/vosgesinfo.fr\/saintdieinfo\/2023\/06\/bilan-de-mi-parcours-projet-alimentaire-territorial-de-deodatie\/\"},\"author\":{\"name\":\"la r\u00e9daction\",\"@id\":\"https:\/\/vosgesinfo.fr\/saintdieinfo\/#\/schema\/person\/faee6704a21f3977511db84bd1cd450f\"},\"headline\":\"Bilan de mi-parcours pour le Projet Alimentaire Territorial de la D\u00e9odatie\",\"datePublished\":\"2023-06-30T16:29:44+00:00\",\"dateModified\":\"2023-06-30T16:29:44+00:00\",\"mainEntityOfPage\":{\"@id\":\"https:\/\/vosgesinfo.fr\/saintdieinfo\/2023\/06\/bilan-de-mi-parcours-projet-alimentaire-territorial-de-deodatie\/\"},\"wordCount\":357,\"commentCount\":0,\"publisher\":{\"@id\":\"https:\/\/vosgesinfo.fr\/saintdieinfo\/#organization\"},\"image\":{\"@id\":\"https:\/\/vosgesinfo.fr\/saintdieinfo\/2023\/06\/bilan-de-mi-parcours-projet-alimentaire-territorial-de-deodatie\/#primaryimage\"},\"thumbnailUrl\":\"https:\/\/vosgesinfo.fr\/app\/uploads\/sites\/4\/2024\/08\/202306bilan-mi-parcours-pat-chsddv.jpg\",\"keywords\":[\"Centre Hospitalier de Saint-Di\u00e9-des-Vosges\",\"PETR du Pays de la D\u00e9odatie\",\"Projet Alimentaire Territorial de la D\u00e9odatie\"],\"articleSection\":[\"A la Une\",\"Saint-Di\u00e9-des-Vosges et son Agglom\u00e9ration\"],\"inLanguage\":\"fr-FR\",\"potentialAction\":[{\"@type\":\"CommentAction\",\"name\":\"Comment\",\"target\":[\"https:\/\/vosgesinfo.fr\/saintdieinfo\/2023\/06\/bilan-de-mi-parcours-projet-alimentaire-territorial-de-deodatie\/#respond\"]}]},{\"@type\":\"WebPage\",\"@id\":\"https:\/\/vosgesinfo.fr\/saintdieinfo\/2023\/06\/bilan-de-mi-parcours-projet-alimentaire-territorial-de-deodatie\/\",\"url\":\"https:\/\/vosgesinfo.fr\/saintdieinfo\/2023\/06\/bilan-de-mi-parcours-projet-alimentaire-territorial-de-deodatie\/\",\"name\":\"Bilan de mi-parcours pour le Projet Alimentaire Territorial de la D\u00e9odatie - Saint Die Info\",\"isPartOf\":{\"@id\":\"https:\/\/vosgesinfo.fr\/saintdieinfo\/#website\"},\"primaryImageOfPage\":{\"@id\":\"https:\/\/vosgesinfo.fr\/saintdieinfo\/2023\/06\/bilan-de-mi-parcours-projet-alimentaire-territorial-de-deodatie\/#primaryimage\"},\"image\":{\"@id\":\"https:\/\/vosgesinfo.fr\/saintdieinfo\/2023\/06\/bilan-de-mi-parcours-projet-alimentaire-territorial-de-deodatie\/#primaryimage\"},\"thumbnailUrl\":\"https:\/\/vosgesinfo.fr\/app\/uploads\/sites\/4\/2024\/08\/202306bilan-mi-parcours-pat-chsddv.jpg\",\"datePublished\":\"2023-06-30T16:29:44+00:00\",\"dateModified\":\"2023-06-30T16:29:44+00:00\",\"breadcrumb\":{\"@id\":\"https:\/\/vosgesinfo.fr\/saintdieinfo\/2023\/06\/bilan-de-mi-parcours-projet-alimentaire-territorial-de-deodatie\/#breadcrumb\"},\"inLanguage\":\"fr-FR\",\"potentialAction\":[{\"@type\":\"ReadAction\",\"target\":[\"https:\/\/vosgesinfo.fr\/saintdieinfo\/2023\/06\/bilan-de-mi-parcours-projet-alimentaire-territorial-de-deodatie\/\"]}]},{\"@type\":\"ImageObject\",\"inLanguage\":\"fr-FR\",\"@id\":\"https:\/\/vosgesinfo.fr\/saintdieinfo\/2023\/06\/bilan-de-mi-parcours-projet-alimentaire-territorial-de-deodatie\/#primaryimage\",\"url\":\"https:\/\/vosgesinfo.fr\/app\/uploads\/sites\/4\/2024\/08\/202306bilan-mi-parcours-pat-chsddv.jpg\",\"contentUrl\":\"https:\/\/vosgesinfo.fr\/app\/uploads\/sites\/4\/2024\/08\/202306bilan-mi-parcours-pat-chsddv.jpg\",\"width\":1600,\"height\":1205},{\"@type\":\"BreadcrumbList\",\"@id\":\"https:\/\/vosgesinfo.fr\/saintdieinfo\/2023\/06\/bilan-de-mi-parcours-projet-alimentaire-territorial-de-deodatie\/#breadcrumb\",\"itemListElement\":[{\"@type\":\"ListItem\",\"position\":1,\"name\":\"Home\",\"item\":\"https:\/\/vosgesinfo.fr\/saintdieinfo\/\"},{\"@type\":\"ListItem\",\"position\":2,\"name\":\"Bilan de mi-parcours pour le Projet Alimentaire Territorial de la D\u00e9odatie\"}]},{\"@type\":\"WebSite\",\"@id\":\"https:\/\/vosgesinfo.fr\/saintdieinfo\/#website\",\"url\":\"https:\/\/vosgesinfo.fr\/saintdieinfo\/\",\"name\":\"Saint Die Info\",\"description\":\"Toute l&#039;actualit\u00e9 de Saint-Di\u00e9-Des-Vosges\",\"publisher\":{\"@id\":\"https:\/\/vosgesinfo.fr\/saintdieinfo\/#organization\"},\"alternateName\":\"Toute l'actualit\u00e9 de Saint-Di\u00e9-Des-Vosges\",\"potentialAction\":[{\"@type\":\"SearchAction\",\"target\":{\"@type\":\"EntryPoint\",\"urlTemplate\":\"https:\/\/vosgesinfo.fr\/saintdieinfo\/?s={search_term_string}\"},\"query-input\":\"required name=search_term_string\"}],\"inLanguage\":\"fr-FR\"},{\"@type\":\"Organization\",\"@id\":\"https:\/\/vosgesinfo.fr\/saintdieinfo\/#organization\",\"name\":\"Saint Die Info\",\"url\":\"https:\/\/vosgesinfo.fr\/saintdieinfo\/\",\"logo\":{\"@type\":\"ImageObject\",\"inLanguage\":\"fr-FR\",\"@id\":\"https:\/\/vosgesinfo.fr\/saintdieinfo\/#\/schema\/logo\/image\/\",\"url\":\"https:\/\/vosgesinfo.fr\/app\/uploads\/sites\/4\/2024\/02\/logo-sdi.jpg\",\"contentUrl\":\"https:\/\/vosgesinfo.fr\/app\/uploads\/sites\/4\/2024\/02\/logo-sdi.jpg\",\"width\":600,\"height\":600,\"caption\":\"Saint Die Info\"},\"image\":{\"@id\":\"https:\/\/vosgesinfo.fr\/saintdieinfo\/#\/schema\/logo\/image\/\"},\"sameAs\":[\"https:\/\/www.facebook.com\/Saintdieinfofr\",\"https:\/\/x.com\/VosgesInfo88\",\"https:\/\/www.youtube.com\/@vosgesinfo\"]},{\"@type\":\"Person\",\"@id\":\"https:\/\/vosgesinfo.fr\/saintdieinfo\/#\/schema\/person\/faee6704a21f3977511db84bd1cd450f\",\"name\":\"la r\u00e9daction\",\"image\":{\"@type\":\"ImageObject\",\"inLanguage\":\"fr-FR\",\"@id\":\"https:\/\/vosgesinfo.fr\/saintdieinfo\/#\/schema\/person\/image\/\",\"url\":\"https:\/\/secure.gravatar.com\/avatar\/6673d8bc6a9c17fa9a453eaa3448de834fa308c2ec9635b7aa99441a7c8d2cf6?s=96&d=mm&r=g\",\"contentUrl\":\"https:\/\/secure.gravatar.com\/avatar\/6673d8bc6a9c17fa9a453eaa3448de834fa308c2ec9635b7aa99441a7c8d2cf6?s=96&d=mm&r=g\",\"caption\":\"la r\u00e9daction\"},\"url\":\"https:\/\/vosgesinfo.fr\/saintdieinfo\/author\/redac\/\"}]}<\/script>\n<!-- \/ Yoast SEO plugin. -->","yoast_head_json":{"title":"Bilan de mi-parcours pour le Projet Alimentaire Territorial de la D\u00e9odatie - Saint Die Info","robots":{"index":"index","follow":"follow","max-snippet":"max-snippet:-1","max-image-preview":"max-image-preview:large","max-video-preview":"max-video-preview:-1"},"canonical":"https:\/\/vosgesinfo.fr\/saintdieinfo\/2023\/06\/bilan-de-mi-parcours-projet-alimentaire-territorial-de-deodatie\/","twitter_card":"summary_large_image","twitter_title":"Bilan de mi-parcours pour le Projet Alimentaire Territorial de la D\u00e9odatie - Saint Die Info","twitter_description":"Le Projet Alimentaire Territorial \u2013 PAT \u2013 de la D\u00e9odatie a \u00e9t\u00e9 lanc\u00e9 au d\u00e9but de l&rsquo;ann\u00e9e 2022, pour se [&hellip;]","twitter_image":"https:\/\/vosgesinfo.fr\/app\/uploads\/sites\/4\/2024\/08\/202306bilan-mi-parcours-pat-chsddv.jpg","twitter_creator":"@VosgesInfo88","twitter_site":"@VosgesInfo88","twitter_misc":{"\u00c9crit par":"la r\u00e9daction","Dur\u00e9e de lecture estim\u00e9e":"2 minutes"},"schema":{"@context":"https:\/\/schema.org","@graph":[{"@type":"Article","@id":"https:\/\/vosgesinfo.fr\/saintdieinfo\/2023\/06\/bilan-de-mi-parcours-projet-alimentaire-territorial-de-deodatie\/#article","isPartOf":{"@id":"https:\/\/vosgesinfo.fr\/saintdieinfo\/2023\/06\/bilan-de-mi-parcours-projet-alimentaire-territorial-de-deodatie\/"},"author":{"name":"la r\u00e9daction","@id":"https:\/\/vosgesinfo.fr\/saintdieinfo\/#\/schema\/person\/faee6704a21f3977511db84bd1cd450f"},"headline":"Bilan de mi-parcours pour le Projet Alimentaire Territorial de la D\u00e9odatie","datePublished":"2023-06-30T16:29:44+00:00","dateModified":"2023-06-30T16:29:44+00:00","mainEntityOfPage":{"@id":"https:\/\/vosgesinfo.fr\/saintdieinfo\/2023\/06\/bilan-de-mi-parcours-projet-alimentaire-territorial-de-deodatie\/"},"wordCount":357,"commentCount":0,"publisher":{"@id":"https:\/\/vosgesinfo.fr\/saintdieinfo\/#organization"},"image":{"@id":"https:\/\/vosgesinfo.fr\/saintdieinfo\/2023\/06\/bilan-de-mi-parcours-projet-alimentaire-territorial-de-deodatie\/#primaryimage"},"thumbnailUrl":"https:\/\/vosgesinfo.fr\/app\/uploads\/sites\/4\/2024\/08\/202306bilan-mi-parcours-pat-chsddv.jpg","keywords":["Centre Hospitalier de Saint-Di\u00e9-des-Vosges","PETR du Pays de la D\u00e9odatie","Projet Alimentaire Territorial de la D\u00e9odatie"],"articleSection":["A la Une","Saint-Di\u00e9-des-Vosges et son Agglom\u00e9ration"],"inLanguage":"fr-FR","potentialAction":[{"@type":"CommentAction","name":"Comment","target":["https:\/\/vosgesinfo.fr\/saintdieinfo\/2023\/06\/bilan-de-mi-parcours-projet-alimentaire-territorial-de-deodatie\/#respond"]}]},{"@type":"WebPage","@id":"https:\/\/vosgesinfo.fr\/saintdieinfo\/2023\/06\/bilan-de-mi-parcours-projet-alimentaire-territorial-de-deodatie\/","url":"https:\/\/vosgesinfo.fr\/saintdieinfo\/2023\/06\/bilan-de-mi-parcours-projet-alimentaire-territorial-de-deodatie\/","name":"Bilan de mi-parcours pour le Projet Alimentaire Territorial de la D\u00e9odatie - Saint Die Info","isPartOf":{"@id":"https:\/\/vosgesinfo.fr\/saintdieinfo\/#website"},"primaryImageOfPage":{"@id":"https:\/\/vosgesinfo.fr\/saintdieinfo\/2023\/06\/bilan-de-mi-parcours-projet-alimentaire-territorial-de-deodatie\/#primaryimage"},"image":{"@id":"https:\/\/vosgesinfo.fr\/saintdieinfo\/2023\/06\/bilan-de-mi-parcours-projet-alimentaire-territorial-de-deodatie\/#primaryimage"},"thumbnailUrl":"https:\/\/vosgesinfo.fr\/app\/uploads\/sites\/4\/2024\/08\/202306bilan-mi-parcours-pat-chsddv.jpg","datePublished":"2023-06-30T16:29:44+00:00","dateModified":"2023-06-30T16:29:44+00:00","breadcrumb":{"@id":"https:\/\/vosgesinfo.fr\/saintdieinfo\/2023\/06\/bilan-de-mi-parcours-projet-alimentaire-territorial-de-deodatie\/#breadcrumb"},"inLanguage":"fr-FR","potentialAction":[{"@type":"ReadAction","target":["https:\/\/vosgesinfo.fr\/saintdieinfo\/2023\/06\/bilan-de-mi-parcours-projet-alimentaire-territorial-de-deodatie\/"]}]},{"@type":"ImageObject","inLanguage":"fr-FR","@id":"https:\/\/vosgesinfo.fr\/saintdieinfo\/2023\/06\/bilan-de-mi-parcours-projet-alimentaire-territorial-de-deodatie\/#primaryimage","url":"https:\/\/vosgesinfo.fr\/app\/uploads\/sites\/4\/2024\/08\/202306bilan-mi-parcours-pat-chsddv.jpg","contentUrl":"https:\/\/vosgesinfo.fr\/app\/uploads\/sites\/4\/2024\/08\/202306bilan-mi-parcours-pat-chsddv.jpg","width":1600,"height":1205},{"@type":"BreadcrumbList","@id":"https:\/\/vosgesinfo.fr\/saintdieinfo\/2023\/06\/bilan-de-mi-parcours-projet-alimentaire-territorial-de-deodatie\/#breadcrumb","itemListElement":[{"@type":"ListItem","position":1,"name":"Home","item":"https:\/\/vosgesinfo.fr\/saintdieinfo\/"},{"@type":"ListItem","position":2,"name":"Bilan de mi-parcours pour le Projet Alimentaire Territorial de la D\u00e9odatie"}]},{"@type":"WebSite","@id":"https:\/\/vosgesinfo.fr\/saintdieinfo\/#website","url":"https:\/\/vosgesinfo.fr\/saintdieinfo\/","name":"Saint Die Info","description":"Toute l&#039;actualit\u00e9 de Saint-Di\u00e9-Des-Vosges","publisher":{"@id":"https:\/\/vosgesinfo.fr\/saintdieinfo\/#organization"},"alternateName":"Toute l'actualit\u00e9 de Saint-Di\u00e9-Des-Vosges","potentialAction":[{"@type":"SearchAction","target":{"@type":"EntryPoint","urlTemplate":"https:\/\/vosgesinfo.fr\/saintdieinfo\/?s={search_term_string}"},"query-input":"required name=search_term_string"}],"inLanguage":"fr-FR"},{"@type":"Organization","@id":"https:\/\/vosgesinfo.fr\/saintdieinfo\/#organization","name":"Saint Die Info","url":"https:\/\/vosgesinfo.fr\/saintdieinfo\/","logo":{"@type":"ImageObject","inLanguage":"fr-FR","@id":"https:\/\/vosgesinfo.fr\/saintdieinfo\/#\/schema\/logo\/image\/","url":"https:\/\/vosgesinfo.fr\/app\/uploads\/sites\/4\/2024\/02\/logo-sdi.jpg","contentUrl":"https:\/\/vosgesinfo.fr\/app\/uploads\/sites\/4\/2024\/02\/logo-sdi.jpg","width":600,"height":600,"caption":"Saint Die Info"},"image":{"@id":"https:\/\/vosgesinfo.fr\/saintdieinfo\/#\/schema\/logo\/image\/"},"sameAs":["https:\/\/www.facebook.com\/Saintdieinfofr","https:\/\/x.com\/VosgesInfo88","https:\/\/www.youtube.com\/@vosgesinfo"]},{"@type":"Person","@id":"https:\/\/vosgesinfo.fr\/saintdieinfo\/#\/schema\/person\/faee6704a21f3977511db84bd1cd450f","name":"la r\u00e9daction","image":{"@type":"ImageObject","inLanguage":"fr-FR","@id":"https:\/\/vosgesinfo.fr\/saintdieinfo\/#\/schema\/person\/image\/","url":"https:\/\/secure.gravatar.com\/avatar\/6673d8bc6a9c17fa9a453eaa3448de834fa308c2ec9635b7aa99441a7c8d2cf6?s=96&d=mm&r=g","contentUrl":"https:\/\/secure.gravatar.com\/avatar\/6673d8bc6a9c17fa9a453eaa3448de834fa308c2ec9635b7aa99441a7c8d2cf6?s=96&d=mm&r=g","caption":"la r\u00e9daction"},"url":"https:\/\/vosgesinfo.fr\/saintdieinfo\/author\/redac\/"}]}},"_links":{"self":[{"href":"https:\/\/vosgesinfo.fr\/saintdieinfo\/wp-json\/wp\/v2\/posts\/66247","targetHints":{"allow":["GET"]}}],"collection":[{"href":"https:\/\/vosgesinfo.fr\/saintdieinfo\/wp-json\/wp\/v2\/posts"}],"about":[{"href":"https:\/\/vosgesinfo.fr\/saintdieinfo\/wp-json\/wp\/v2\/types\/post"}],"author":[{"embeddable":true,"href":"https:\/\/vosgesinfo.fr\/saintdieinfo\/wp-json\/wp\/v2\/users\/44"}],"replies":[{"embeddable":true,"href":"https:\/\/vosgesinfo.fr\/saintdieinfo\/wp-json\/wp\/v2\/comments?post=66247"}],"version-history":[{"count":0,"href":"https:\/\/vosgesinfo.fr\/saintdieinfo\/wp-json\/wp\/v2\/posts\/66247\/revisions"}],"wp:featuredmedia":[{"embeddable":true,"href":"https:\/\/vosgesinfo.fr\/saintdieinfo\/wp-json\/wp\/v2\/media\/66248"}],"wp:attachment":[{"href":"https:\/\/vosgesinfo.fr\/saintdieinfo\/wp-json\/wp\/v2\/media?parent=66247"}],"wp:term":[{"taxonomy":"category","embeddable":true,"href":"https:\/\/vosgesinfo.fr\/saintdieinfo\/wp-json\/wp\/v2\/categories?post=66247"},{"taxonomy":"post_tag","embeddable":true,"href":"https:\/\/vosgesinfo.fr\/saintdieinfo\/wp-json\/wp\/v2\/tags?post=66247"}],"curies":[{"name":"wp","href":"https:\/\/api.w.org\/{rel}","templated":true}]}}