{"id":66254,"date":"2023-06-30T19:00:49","date_gmt":"2023-06-30T17:00:49","guid":{"rendered":"https:\/\/vosgesinfo.fr\/saintdieinfo\/2023\/06\/granges-vologne-julien-cuny-sebastien-montag-exposent-a-petite-galerie\/"},"modified":"2023-06-30T19:00:49","modified_gmt":"2023-06-30T17:00:49","slug":"granges-vologne-julien-cuny-sebastien-montag-exposent-a-petite-galerie","status":"publish","type":"post","link":"https:\/\/vosgesinfo.fr\/saintdieinfo\/2023\/06\/granges-vologne-julien-cuny-sebastien-montag-exposent-a-petite-galerie\/","title":{"rendered":"Granges-sur-Vologne \u2013 Julien Cuny et S\u00e9bastien Montag exposent \u00e0 la Petite Galerie"},"content":{"rendered":"\n<h2><strong><span style=\"font-size: 14pt;\">La Petite Galerie de Granges-sur-Vologne, situ\u00e9e au 5 rue Ancel-Seitz, accueillera \u00ab\u00a0Varia Natura\u00a0\u00bb du 8 juillet au 13 ao\u00fbt, une exposition pr\u00e9sentant les sculptures de Julien Cuny et les peintures de S\u00e9bastien Montag. Entr\u00e9e libre les samedis et dimanches, de 14h30 \u00e0 18h30, en sachant que le lieu accessible aux personnes \u00e0 mobilit\u00e9 r\u00e9duite. Vernissage samedi 8 juillet \u00e0 17h.<br \/>\n<\/span><\/strong><!--more--><\/h2>\n<h3><strong><span style=\"font-size: 12pt;\">Plusieurs \u00e9v\u00e9nements sont organis\u00e9s autour de l&rsquo;exposition :<\/span><br \/>\n<\/strong><\/h3>\n<ul>\n<li>Lecture par le po\u00e8te Richard ROGNET dimanche 30 juillet \u00e0 16h\u2028pour cet \u00e9v\u00e9nement jauge limit\u00e9e, r\u00e9servation au 06 72 81 50 01;<\/li>\n<li>H\u00e9l\u00e8ne JOFA, monotype samedi 22 et dimanche 23 juillet;<\/li>\n<li>Corinne PENIN, peinture samedi 5 et dimanche 6 ao\u00fbt.<\/li>\n<\/ul>\n<p>Pour suivre l&rsquo;actualit\u00e9 de la Petite Galerie : <span style=\"color: #3366ff;\"><a style=\"color: #3366ff;\" href=\"https:\/\/www.facebook.com\/lapetitegalerie88\/\" target=\"_blank\" rel=\"noopener\">https:\/\/www.facebook.com\/lapetitegalerie88\/<\/a><\/span><\/p>\n<p><a href=\"\/2023\/06\/Granges-Exposition_Julien_Cuny_S\u00e9bastien_Montag_La_Petite_Galerie-1.jpg\" target=\"_blank\" rel=\"noopener\"><img decoding=\"async\" class=\"aligncenter wp-image-203520 size-large\" src=\"\/2023\/06\/Granges-Exposition_Julien_Cuny_S\u00e9bastien_Montag_La_Petite_Galerie-1-724x1024.jpg\" alt=\"Granges-Exposition_Julien_Cuny_S\u00e9bastien_Montag_La_Petite_Galerie (1)\" width=\"724\" height=\"1024\" \/><\/a><\/p>\n","protected":false},"excerpt":{"rendered":"<p>La Petite Galerie de Granges-sur-Vologne, situ\u00e9e au 5 rue Ancel-Seitz, accueillera \u00ab\u00a0Varia Natura\u00a0\u00bb du 8 juillet au 13 ao\u00fbt, une [&hellip;]<\/p>\n","protected":false},"author":44,"featured_media":66255,"comment_status":"open","ping_status":"open","sticky":false,"template":"","format":"standard","meta":{"footnotes":""},"categories":[8019,3900,7847,18],"tags":[200,4508,3760,8066],"class_list":["post-66254","post","type-post","status-publish","format-standard","has-post-thumbnail","hentry","category-vie-artistique-art-culture","category-breves","category-art-culture","category-vosges","tag-exposition","tag-granges-sur-vologne","tag-julien-cuny","tag-sebastien-montag"],"acf":[],"yoast_head":"<!-- This site is optimized with the Yoast SEO plugin v22.5 - https:\/\/yoast.com\/wordpress\/plugins\/seo\/ -->\n<title>Granges-sur-Vologne \u2013 Julien Cuny et S\u00e9bastien Montag exposent \u00e0 la Petite Galerie - Saint Die Info<\/title>\n<meta name=\"robots\" content=\"index, follow, max-snippet:-1, max-image-preview:large, max-video-preview:-1\" \/>\n<link rel=\"canonical\" href=\"https:\/\/vosgesinfo.fr\/saintdieinfo\/2023\/06\/granges-vologne-julien-cuny-sebastien-montag-exposent-a-petite-galerie\/\" \/>\n<meta name=\"twitter:card\" content=\"summary_large_image\" \/>\n<meta name=\"twitter:title\" content=\"Granges-sur-Vologne \u2013 Julien Cuny et S\u00e9bastien Montag exposent \u00e0 la Petite Galerie - Saint Die Info\" \/>\n<meta name=\"twitter:description\" content=\"La Petite Galerie de Granges-sur-Vologne, situ\u00e9e au 5 rue Ancel-Seitz, accueillera \u00ab\u00a0Varia Natura\u00a0\u00bb du 8 juillet au 13 ao\u00fbt, une [&hellip;]\" \/>\n<meta name=\"twitter:image\" content=\"https:\/\/vosgesinfo.fr\/app\/uploads\/sites\/4\/2024\/08\/202306granges-exposition-julien-cuny-sebastien-montag-la-petite-galerie-2-1.jpg\" \/>\n<meta name=\"twitter:creator\" content=\"@VosgesInfo88\" \/>\n<meta name=\"twitter:site\" content=\"@VosgesInfo88\" \/>\n<meta name=\"twitter:label1\" content=\"\u00c9crit par\" \/>\n\t<meta name=\"twitter:data1\" content=\"la r\u00e9daction\" \/>\n\t<meta name=\"twitter:label2\" content=\"Dur\u00e9e de lecture estim\u00e9e\" \/>\n\t<meta name=\"twitter:data2\" content=\"1 minute\" \/>\n<script type=\"application\/ld+json\" class=\"yoast-schema-graph\">{\"@context\":\"https:\/\/schema.org\",\"@graph\":[{\"@type\":\"Article\",\"@id\":\"https:\/\/vosgesinfo.fr\/saintdieinfo\/2023\/06\/granges-vologne-julien-cuny-sebastien-montag-exposent-a-petite-galerie\/#article\",\"isPartOf\":{\"@id\":\"https:\/\/vosgesinfo.fr\/saintdieinfo\/2023\/06\/granges-vologne-julien-cuny-sebastien-montag-exposent-a-petite-galerie\/\"},\"author\":{\"name\":\"la r\u00e9daction\",\"@id\":\"https:\/\/vosgesinfo.fr\/saintdieinfo\/#\/schema\/person\/faee6704a21f3977511db84bd1cd450f\"},\"headline\":\"Granges-sur-Vologne \u2013 Julien Cuny et S\u00e9bastien Montag exposent \u00e0 la Petite Galerie\",\"datePublished\":\"2023-06-30T17:00:49+00:00\",\"dateModified\":\"2023-06-30T17:00:49+00:00\",\"mainEntityOfPage\":{\"@id\":\"https:\/\/vosgesinfo.fr\/saintdieinfo\/2023\/06\/granges-vologne-julien-cuny-sebastien-montag-exposent-a-petite-galerie\/\"},\"wordCount\":136,\"commentCount\":0,\"publisher\":{\"@id\":\"https:\/\/vosgesinfo.fr\/saintdieinfo\/#organization\"},\"image\":{\"@id\":\"https:\/\/vosgesinfo.fr\/saintdieinfo\/2023\/06\/granges-vologne-julien-cuny-sebastien-montag-exposent-a-petite-galerie\/#primaryimage\"},\"thumbnailUrl\":\"https:\/\/vosgesinfo.fr\/app\/uploads\/sites\/4\/2024\/08\/202306granges-exposition-julien-cuny-sebastien-montag-la-petite-galerie-2-1.jpg\",\"keywords\":[\"exposition\",\"Granges-sur-Vologne\",\"Julien Cuny\",\"S\u00e9bastien Montag\"],\"articleSection\":[\"Art\",\"Br\u00e8ves\",\"Culture\",\"Vosges\"],\"inLanguage\":\"fr-FR\",\"potentialAction\":[{\"@type\":\"CommentAction\",\"name\":\"Comment\",\"target\":[\"https:\/\/vosgesinfo.fr\/saintdieinfo\/2023\/06\/granges-vologne-julien-cuny-sebastien-montag-exposent-a-petite-galerie\/#respond\"]}]},{\"@type\":\"WebPage\",\"@id\":\"https:\/\/vosgesinfo.fr\/saintdieinfo\/2023\/06\/granges-vologne-julien-cuny-sebastien-montag-exposent-a-petite-galerie\/\",\"url\":\"https:\/\/vosgesinfo.fr\/saintdieinfo\/2023\/06\/granges-vologne-julien-cuny-sebastien-montag-exposent-a-petite-galerie\/\",\"name\":\"Granges-sur-Vologne \u2013 Julien Cuny et S\u00e9bastien Montag exposent \u00e0 la Petite Galerie - Saint Die Info\",\"isPartOf\":{\"@id\":\"https:\/\/vosgesinfo.fr\/saintdieinfo\/#website\"},\"primaryImageOfPage\":{\"@id\":\"https:\/\/vosgesinfo.fr\/saintdieinfo\/2023\/06\/granges-vologne-julien-cuny-sebastien-montag-exposent-a-petite-galerie\/#primaryimage\"},\"image\":{\"@id\":\"https:\/\/vosgesinfo.fr\/saintdieinfo\/2023\/06\/granges-vologne-julien-cuny-sebastien-montag-exposent-a-petite-galerie\/#primaryimage\"},\"thumbnailUrl\":\"https:\/\/vosgesinfo.fr\/app\/uploads\/sites\/4\/2024\/08\/202306granges-exposition-julien-cuny-sebastien-montag-la-petite-galerie-2-1.jpg\",\"datePublished\":\"2023-06-30T17:00:49+00:00\",\"dateModified\":\"2023-06-30T17:00:49+00:00\",\"breadcrumb\":{\"@id\":\"https:\/\/vosgesinfo.fr\/saintdieinfo\/2023\/06\/granges-vologne-julien-cuny-sebastien-montag-exposent-a-petite-galerie\/#breadcrumb\"},\"inLanguage\":\"fr-FR\",\"potentialAction\":[{\"@type\":\"ReadAction\",\"target\":[\"https:\/\/vosgesinfo.fr\/saintdieinfo\/2023\/06\/granges-vologne-julien-cuny-sebastien-montag-exposent-a-petite-galerie\/\"]}]},{\"@type\":\"ImageObject\",\"inLanguage\":\"fr-FR\",\"@id\":\"https:\/\/vosgesinfo.fr\/saintdieinfo\/2023\/06\/granges-vologne-julien-cuny-sebastien-montag-exposent-a-petite-galerie\/#primaryimage\",\"url\":\"https:\/\/vosgesinfo.fr\/app\/uploads\/sites\/4\/2024\/08\/202306granges-exposition-julien-cuny-sebastien-montag-la-petite-galerie-2-1.jpg\",\"contentUrl\":\"https:\/\/vosgesinfo.fr\/app\/uploads\/sites\/4\/2024\/08\/202306granges-exposition-julien-cuny-sebastien-montag-la-petite-galerie-2-1.jpg\",\"width\":1328,\"height\":1600},{\"@type\":\"BreadcrumbList\",\"@id\":\"https:\/\/vosgesinfo.fr\/saintdieinfo\/2023\/06\/granges-vologne-julien-cuny-sebastien-montag-exposent-a-petite-galerie\/#breadcrumb\",\"itemListElement\":[{\"@type\":\"ListItem\",\"position\":1,\"name\":\"Home\",\"item\":\"https:\/\/vosgesinfo.fr\/saintdieinfo\/\"},{\"@type\":\"ListItem\",\"position\":2,\"name\":\"Granges-sur-Vologne \u2013 Julien Cuny et S\u00e9bastien Montag exposent \u00e0 la Petite Galerie\"}]},{\"@type\":\"WebSite\",\"@id\":\"https:\/\/vosgesinfo.fr\/saintdieinfo\/#website\",\"url\":\"https:\/\/vosgesinfo.fr\/saintdieinfo\/\",\"name\":\"Saint Die Info\",\"description\":\"Toute l&#039;actualit\u00e9 de Saint-Di\u00e9-Des-Vosges\",\"publisher\":{\"@id\":\"https:\/\/vosgesinfo.fr\/saintdieinfo\/#organization\"},\"alternateName\":\"Toute l'actualit\u00e9 de Saint-Di\u00e9-Des-Vosges\",\"potentialAction\":[{\"@type\":\"SearchAction\",\"target\":{\"@type\":\"EntryPoint\",\"urlTemplate\":\"https:\/\/vosgesinfo.fr\/saintdieinfo\/?s={search_term_string}\"},\"query-input\":\"required name=search_term_string\"}],\"inLanguage\":\"fr-FR\"},{\"@type\":\"Organization\",\"@id\":\"https:\/\/vosgesinfo.fr\/saintdieinfo\/#organization\",\"name\":\"Saint Die Info\",\"url\":\"https:\/\/vosgesinfo.fr\/saintdieinfo\/\",\"logo\":{\"@type\":\"ImageObject\",\"inLanguage\":\"fr-FR\",\"@id\":\"https:\/\/vosgesinfo.fr\/saintdieinfo\/#\/schema\/logo\/image\/\",\"url\":\"https:\/\/vosgesinfo.fr\/app\/uploads\/sites\/4\/2024\/02\/logo-sdi.jpg\",\"contentUrl\":\"https:\/\/vosgesinfo.fr\/app\/uploads\/sites\/4\/2024\/02\/logo-sdi.jpg\",\"width\":600,\"height\":600,\"caption\":\"Saint Die Info\"},\"image\":{\"@id\":\"https:\/\/vosgesinfo.fr\/saintdieinfo\/#\/schema\/logo\/image\/\"},\"sameAs\":[\"https:\/\/www.facebook.com\/Saintdieinfofr\",\"https:\/\/x.com\/VosgesInfo88\",\"https:\/\/www.youtube.com\/@vosgesinfo\"]},{\"@type\":\"Person\",\"@id\":\"https:\/\/vosgesinfo.fr\/saintdieinfo\/#\/schema\/person\/faee6704a21f3977511db84bd1cd450f\",\"name\":\"la r\u00e9daction\",\"image\":{\"@type\":\"ImageObject\",\"inLanguage\":\"fr-FR\",\"@id\":\"https:\/\/vosgesinfo.fr\/saintdieinfo\/#\/schema\/person\/image\/\",\"url\":\"https:\/\/secure.gravatar.com\/avatar\/6673d8bc6a9c17fa9a453eaa3448de834fa308c2ec9635b7aa99441a7c8d2cf6?s=96&d=mm&r=g\",\"contentUrl\":\"https:\/\/secure.gravatar.com\/avatar\/6673d8bc6a9c17fa9a453eaa3448de834fa308c2ec9635b7aa99441a7c8d2cf6?s=96&d=mm&r=g\",\"caption\":\"la r\u00e9daction\"},\"url\":\"https:\/\/vosgesinfo.fr\/saintdieinfo\/author\/redac\/\"}]}<\/script>\n<!-- \/ Yoast SEO plugin. -->","yoast_head_json":{"title":"Granges-sur-Vologne \u2013 Julien Cuny et S\u00e9bastien Montag exposent \u00e0 la Petite Galerie - Saint Die Info","robots":{"index":"index","follow":"follow","max-snippet":"max-snippet:-1","max-image-preview":"max-image-preview:large","max-video-preview":"max-video-preview:-1"},"canonical":"https:\/\/vosgesinfo.fr\/saintdieinfo\/2023\/06\/granges-vologne-julien-cuny-sebastien-montag-exposent-a-petite-galerie\/","twitter_card":"summary_large_image","twitter_title":"Granges-sur-Vologne \u2013 Julien Cuny et S\u00e9bastien Montag exposent \u00e0 la Petite Galerie - Saint Die Info","twitter_description":"La Petite Galerie de Granges-sur-Vologne, situ\u00e9e au 5 rue Ancel-Seitz, accueillera \u00ab\u00a0Varia Natura\u00a0\u00bb du 8 juillet au 13 ao\u00fbt, une [&hellip;]","twitter_image":"https:\/\/vosgesinfo.fr\/app\/uploads\/sites\/4\/2024\/08\/202306granges-exposition-julien-cuny-sebastien-montag-la-petite-galerie-2-1.jpg","twitter_creator":"@VosgesInfo88","twitter_site":"@VosgesInfo88","twitter_misc":{"\u00c9crit par":"la r\u00e9daction","Dur\u00e9e de lecture estim\u00e9e":"1 minute"},"schema":{"@context":"https:\/\/schema.org","@graph":[{"@type":"Article","@id":"https:\/\/vosgesinfo.fr\/saintdieinfo\/2023\/06\/granges-vologne-julien-cuny-sebastien-montag-exposent-a-petite-galerie\/#article","isPartOf":{"@id":"https:\/\/vosgesinfo.fr\/saintdieinfo\/2023\/06\/granges-vologne-julien-cuny-sebastien-montag-exposent-a-petite-galerie\/"},"author":{"name":"la r\u00e9daction","@id":"https:\/\/vosgesinfo.fr\/saintdieinfo\/#\/schema\/person\/faee6704a21f3977511db84bd1cd450f"},"headline":"Granges-sur-Vologne \u2013 Julien Cuny et S\u00e9bastien Montag exposent \u00e0 la Petite Galerie","datePublished":"2023-06-30T17:00:49+00:00","dateModified":"2023-06-30T17:00:49+00:00","mainEntityOfPage":{"@id":"https:\/\/vosgesinfo.fr\/saintdieinfo\/2023\/06\/granges-vologne-julien-cuny-sebastien-montag-exposent-a-petite-galerie\/"},"wordCount":136,"commentCount":0,"publisher":{"@id":"https:\/\/vosgesinfo.fr\/saintdieinfo\/#organization"},"image":{"@id":"https:\/\/vosgesinfo.fr\/saintdieinfo\/2023\/06\/granges-vologne-julien-cuny-sebastien-montag-exposent-a-petite-galerie\/#primaryimage"},"thumbnailUrl":"https:\/\/vosgesinfo.fr\/app\/uploads\/sites\/4\/2024\/08\/202306granges-exposition-julien-cuny-sebastien-montag-la-petite-galerie-2-1.jpg","keywords":["exposition","Granges-sur-Vologne","Julien Cuny","S\u00e9bastien Montag"],"articleSection":["Art","Br\u00e8ves","Culture","Vosges"],"inLanguage":"fr-FR","potentialAction":[{"@type":"CommentAction","name":"Comment","target":["https:\/\/vosgesinfo.fr\/saintdieinfo\/2023\/06\/granges-vologne-julien-cuny-sebastien-montag-exposent-a-petite-galerie\/#respond"]}]},{"@type":"WebPage","@id":"https:\/\/vosgesinfo.fr\/saintdieinfo\/2023\/06\/granges-vologne-julien-cuny-sebastien-montag-exposent-a-petite-galerie\/","url":"https:\/\/vosgesinfo.fr\/saintdieinfo\/2023\/06\/granges-vologne-julien-cuny-sebastien-montag-exposent-a-petite-galerie\/","name":"Granges-sur-Vologne \u2013 Julien Cuny et S\u00e9bastien Montag exposent \u00e0 la Petite Galerie - Saint Die Info","isPartOf":{"@id":"https:\/\/vosgesinfo.fr\/saintdieinfo\/#website"},"primaryImageOfPage":{"@id":"https:\/\/vosgesinfo.fr\/saintdieinfo\/2023\/06\/granges-vologne-julien-cuny-sebastien-montag-exposent-a-petite-galerie\/#primaryimage"},"image":{"@id":"https:\/\/vosgesinfo.fr\/saintdieinfo\/2023\/06\/granges-vologne-julien-cuny-sebastien-montag-exposent-a-petite-galerie\/#primaryimage"},"thumbnailUrl":"https:\/\/vosgesinfo.fr\/app\/uploads\/sites\/4\/2024\/08\/202306granges-exposition-julien-cuny-sebastien-montag-la-petite-galerie-2-1.jpg","datePublished":"2023-06-30T17:00:49+00:00","dateModified":"2023-06-30T17:00:49+00:00","breadcrumb":{"@id":"https:\/\/vosgesinfo.fr\/saintdieinfo\/2023\/06\/granges-vologne-julien-cuny-sebastien-montag-exposent-a-petite-galerie\/#breadcrumb"},"inLanguage":"fr-FR","potentialAction":[{"@type":"ReadAction","target":["https:\/\/vosgesinfo.fr\/saintdieinfo\/2023\/06\/granges-vologne-julien-cuny-sebastien-montag-exposent-a-petite-galerie\/"]}]},{"@type":"ImageObject","inLanguage":"fr-FR","@id":"https:\/\/vosgesinfo.fr\/saintdieinfo\/2023\/06\/granges-vologne-julien-cuny-sebastien-montag-exposent-a-petite-galerie\/#primaryimage","url":"https:\/\/vosgesinfo.fr\/app\/uploads\/sites\/4\/2024\/08\/202306granges-exposition-julien-cuny-sebastien-montag-la-petite-galerie-2-1.jpg","contentUrl":"https:\/\/vosgesinfo.fr\/app\/uploads\/sites\/4\/2024\/08\/202306granges-exposition-julien-cuny-sebastien-montag-la-petite-galerie-2-1.jpg","width":1328,"height":1600},{"@type":"BreadcrumbList","@id":"https:\/\/vosgesinfo.fr\/saintdieinfo\/2023\/06\/granges-vologne-julien-cuny-sebastien-montag-exposent-a-petite-galerie\/#breadcrumb","itemListElement":[{"@type":"ListItem","position":1,"name":"Home","item":"https:\/\/vosgesinfo.fr\/saintdieinfo\/"},{"@type":"ListItem","position":2,"name":"Granges-sur-Vologne \u2013 Julien Cuny et S\u00e9bastien Montag exposent \u00e0 la Petite Galerie"}]},{"@type":"WebSite","@id":"https:\/\/vosgesinfo.fr\/saintdieinfo\/#website","url":"https:\/\/vosgesinfo.fr\/saintdieinfo\/","name":"Saint Die Info","description":"Toute l&#039;actualit\u00e9 de Saint-Di\u00e9-Des-Vosges","publisher":{"@id":"https:\/\/vosgesinfo.fr\/saintdieinfo\/#organization"},"alternateName":"Toute l'actualit\u00e9 de Saint-Di\u00e9-Des-Vosges","potentialAction":[{"@type":"SearchAction","target":{"@type":"EntryPoint","urlTemplate":"https:\/\/vosgesinfo.fr\/saintdieinfo\/?s={search_term_string}"},"query-input":"required name=search_term_string"}],"inLanguage":"fr-FR"},{"@type":"Organization","@id":"https:\/\/vosgesinfo.fr\/saintdieinfo\/#organization","name":"Saint Die Info","url":"https:\/\/vosgesinfo.fr\/saintdieinfo\/","logo":{"@type":"ImageObject","inLanguage":"fr-FR","@id":"https:\/\/vosgesinfo.fr\/saintdieinfo\/#\/schema\/logo\/image\/","url":"https:\/\/vosgesinfo.fr\/app\/uploads\/sites\/4\/2024\/02\/logo-sdi.jpg","contentUrl":"https:\/\/vosgesinfo.fr\/app\/uploads\/sites\/4\/2024\/02\/logo-sdi.jpg","width":600,"height":600,"caption":"Saint Die Info"},"image":{"@id":"https:\/\/vosgesinfo.fr\/saintdieinfo\/#\/schema\/logo\/image\/"},"sameAs":["https:\/\/www.facebook.com\/Saintdieinfofr","https:\/\/x.com\/VosgesInfo88","https:\/\/www.youtube.com\/@vosgesinfo"]},{"@type":"Person","@id":"https:\/\/vosgesinfo.fr\/saintdieinfo\/#\/schema\/person\/faee6704a21f3977511db84bd1cd450f","name":"la r\u00e9daction","image":{"@type":"ImageObject","inLanguage":"fr-FR","@id":"https:\/\/vosgesinfo.fr\/saintdieinfo\/#\/schema\/person\/image\/","url":"https:\/\/secure.gravatar.com\/avatar\/6673d8bc6a9c17fa9a453eaa3448de834fa308c2ec9635b7aa99441a7c8d2cf6?s=96&d=mm&r=g","contentUrl":"https:\/\/secure.gravatar.com\/avatar\/6673d8bc6a9c17fa9a453eaa3448de834fa308c2ec9635b7aa99441a7c8d2cf6?s=96&d=mm&r=g","caption":"la r\u00e9daction"},"url":"https:\/\/vosgesinfo.fr\/saintdieinfo\/author\/redac\/"}]}},"_links":{"self":[{"href":"https:\/\/vosgesinfo.fr\/saintdieinfo\/wp-json\/wp\/v2\/posts\/66254","targetHints":{"allow":["GET"]}}],"collection":[{"href":"https:\/\/vosgesinfo.fr\/saintdieinfo\/wp-json\/wp\/v2\/posts"}],"about":[{"href":"https:\/\/vosgesinfo.fr\/saintdieinfo\/wp-json\/wp\/v2\/types\/post"}],"author":[{"embeddable":true,"href":"https:\/\/vosgesinfo.fr\/saintdieinfo\/wp-json\/wp\/v2\/users\/44"}],"replies":[{"embeddable":true,"href":"https:\/\/vosgesinfo.fr\/saintdieinfo\/wp-json\/wp\/v2\/comments?post=66254"}],"version-history":[{"count":0,"href":"https:\/\/vosgesinfo.fr\/saintdieinfo\/wp-json\/wp\/v2\/posts\/66254\/revisions"}],"wp:featuredmedia":[{"embeddable":true,"href":"https:\/\/vosgesinfo.fr\/saintdieinfo\/wp-json\/wp\/v2\/media\/66255"}],"wp:attachment":[{"href":"https:\/\/vosgesinfo.fr\/saintdieinfo\/wp-json\/wp\/v2\/media?parent=66254"}],"wp:term":[{"taxonomy":"category","embeddable":true,"href":"https:\/\/vosgesinfo.fr\/saintdieinfo\/wp-json\/wp\/v2\/categories?post=66254"},{"taxonomy":"post_tag","embeddable":true,"href":"https:\/\/vosgesinfo.fr\/saintdieinfo\/wp-json\/wp\/v2\/tags?post=66254"}],"curies":[{"name":"wp","href":"https:\/\/api.w.org\/{rel}","templated":true}]}}