{"id":66592,"date":"2023-09-07T14:01:13","date_gmt":"2023-09-07T12:01:13","guid":{"rendered":"https:\/\/vosgesinfo.fr\/saintdieinfo\/2023\/09\/72e-grande-braderie-de-saint-die-vosges-continuite-precedentes-2\/"},"modified":"2023-09-07T14:01:13","modified_gmt":"2023-09-07T12:01:13","slug":"72e-grande-braderie-de-saint-die-vosges-continuite-precedentes-2","status":"publish","type":"post","link":"https:\/\/vosgesinfo.fr\/saintdieinfo\/2023\/09\/72e-grande-braderie-de-saint-die-vosges-continuite-precedentes-2\/","title":{"rendered":"Une 72e Grande Braderie de Saint-Di\u00e9-des-Vosges dans la continuit\u00e9 des pr\u00e9c\u00e9dentes"},"content":{"rendered":"<div id=\"attachment_189912\" style=\"width: 970px\" class=\"wp-caption aligncenter\"><a href=\"\/2022\/09\/71e_Grande_Braderie-4.jpg\" target=\"_blank\" rel=\"noopener\"><img decoding=\"async\" aria-describedby=\"caption-attachment-189912\" class=\"wp-image-189912 size-large\" src=\"\/2022\/09\/71e_Grande_Braderie-4-1024x683.jpg\" alt=\"71e_Grande_Braderie (4)\" width=\"960\" height=\"640\" \/><\/a><p id=\"caption-attachment-189912\" class=\"wp-caption-text\">(Archive)<\/p><\/div>\n<h2><strong><span style=\"font-size: 14pt;\">Avec plus de 70 \u00e9ditions au compteur, la Grande Braderie de Saint-Di\u00e9-des-Vosges est une v\u00e9ritable institution. Ce temps fort de la rentr\u00e9e d\u00e9odatienne fera sa 72 \u00e9dition le dimanche 17 septembre prochain.<\/span><\/strong><\/h2>\n<p><!--more--><\/p>\n<p>Comme la 71e, cette 72e braderie s&rsquo;inscrit dans la continuit\u00e9. Elle sera toujours ouverte de 7h30 \u00e0 19h, avec un p\u00e9rim\u00e8tre qui reste identique aux ann\u00e9es pr\u00e9c\u00e9dentes. Soit de la rue Thiers \u00e0 la rue d&rsquo;Alsace \u2013 jusqu&rsquo;au pont de Foucharupt \u2013 en passant par la place Saint-Martin, le pont de la R\u00e9publique, une partie des rues Dauphine et Stanislas, la Place du March\u00e9 et ses proches alentours, ainsi que les quais du Mar\u00e9chal-Leclerc, Jeanne-d&rsquo;Arc et De-Lattre-de-Tassigny. Six entr\u00e9es avec chacune une couleur diff\u00e9rente permettront d&rsquo;acc\u00e9der au p\u00e9rim\u00e8tre de la braderie. Des navettes circuleront tout au long de la journ\u00e9e, en continu de 8h \u00e0 20h, avec un d\u00e9part toutes les 20 minutes depuis les parkings des hypermarch\u00e9s E.Leclerc et Cora.<\/p>\n<p>200 commer\u00e7ants non s\u00e9dentaires participent \u00e0 cette 72e \u00e9dition, pour environ 70 boutiques, restaurants et caf\u00e9s d\u00e9odatiens&#8230; et seulement 40 exposants pour les puces, qui n&rsquo;attirent plus autant qu&rsquo;auparavant. A ce propos, l&rsquo;adjointe Dominique Chobaut pr\u00e9cise que \u00ab une r\u00e9flexion sera men\u00e9e d&rsquo;ici l&rsquo;ann\u00e9e prochaine, pour \u00e9ventuellement fermer les puces et refaire \u00e0 la place un salon de l&rsquo;automobile.\u00a0\u00bb En lin\u00e9aire, cette 72 Grande Braderie totalisera plus de 2 kilom\u00e8tres.<\/p>\n<p>Au titre des nouveaut\u00e9s, une politique du z\u00e9ro d\u00e9chet sur les emplacements sera pratiqu\u00e9e, comme c&rsquo;est d\u00e9j\u00e0 le cas sur les march\u00e9s de Saint-Di\u00e9-des-Vosges. Celles et ceux qui ne nettoieront pas leurs emplacements avant de plier bagages seront verbalis\u00e9s d&rsquo;une amende de 3e classe. A noter \u00e9galement que Le poste mobile de la Police Municipale sera install\u00e9 sur les quais. \u00ab\u00a0Si un enfant se perd, il sera emmen\u00e9 au commissariat par la Police Nationale, o\u00f9 ses parents pourront venir le chercher\u00a0\u00bb souligne Dominique Chobaut, tout en remerciant le lyc\u00e9e Jeanne-d&rsquo;Arc de Bruy\u00e8res pour la participation d&rsquo;une quarantaine d&rsquo;\u00e9l\u00e8ves au bon d\u00e9roulement des op\u00e9rations.<\/p>\n<p>J.J.<\/p>\n","protected":false},"excerpt":{"rendered":"<p>Avec plus de 70 \u00e9ditions au compteur, la Grande Braderie de Saint-Di\u00e9-des-Vosges est une v\u00e9ritable institution. Ce temps fort de [&hellip;]<\/p>\n","protected":false},"author":44,"featured_media":22666,"comment_status":"open","ping_status":"open","sticky":false,"template":"","format":"standard","meta":{"footnotes":""},"categories":[460,20,2915],"tags":[3280,3281],"class_list":["post-66592","post","type-post","status-publish","format-standard","has-post-thumbnail","hentry","category-a-la-une","category-loisirs","category-saint-die-son-canton","tag-7e-grande-braderie-de-saint-die-des-vosges","tag-grande-braderie-de-saint-die-des-vosges"],"acf":[],"yoast_head":"<!-- This site is optimized with the Yoast SEO plugin v22.5 - https:\/\/yoast.com\/wordpress\/plugins\/seo\/ -->\n<title>Une 72e Grande Braderie de Saint-Di\u00e9-des-Vosges dans la continuit\u00e9 des pr\u00e9c\u00e9dentes - Saint Die Info<\/title>\n<meta name=\"robots\" content=\"index, follow, max-snippet:-1, max-image-preview:large, max-video-preview:-1\" \/>\n<link rel=\"canonical\" href=\"https:\/\/vosgesinfo.fr\/saintdieinfo\/2023\/09\/72e-grande-braderie-de-saint-die-vosges-continuite-precedentes-2\/\" \/>\n<meta name=\"twitter:card\" content=\"summary_large_image\" \/>\n<meta name=\"twitter:title\" content=\"Une 72e Grande Braderie de Saint-Di\u00e9-des-Vosges dans la continuit\u00e9 des pr\u00e9c\u00e9dentes - Saint Die Info\" \/>\n<meta name=\"twitter:description\" content=\"Avec plus de 70 \u00e9ditions au compteur, la Grande Braderie de Saint-Di\u00e9-des-Vosges est une v\u00e9ritable institution. Ce temps fort de [&hellip;]\" \/>\n<meta name=\"twitter:image\" content=\"https:\/\/vosgesinfo.fr\/app\/uploads\/sites\/4\/2022\/09\/71e-grande-braderie-4.jpg\" \/>\n<meta name=\"twitter:creator\" content=\"@VosgesInfo88\" \/>\n<meta name=\"twitter:site\" content=\"@VosgesInfo88\" \/>\n<meta name=\"twitter:label1\" content=\"\u00c9crit par\" \/>\n\t<meta name=\"twitter:data1\" content=\"la r\u00e9daction\" \/>\n\t<meta name=\"twitter:label2\" content=\"Dur\u00e9e de lecture estim\u00e9e\" \/>\n\t<meta name=\"twitter:data2\" content=\"2 minutes\" \/>\n<script type=\"application\/ld+json\" class=\"yoast-schema-graph\">{\"@context\":\"https:\/\/schema.org\",\"@graph\":[{\"@type\":\"Article\",\"@id\":\"https:\/\/vosgesinfo.fr\/saintdieinfo\/2023\/09\/72e-grande-braderie-de-saint-die-vosges-continuite-precedentes-2\/#article\",\"isPartOf\":{\"@id\":\"https:\/\/vosgesinfo.fr\/saintdieinfo\/2023\/09\/72e-grande-braderie-de-saint-die-vosges-continuite-precedentes-2\/\"},\"author\":{\"name\":\"la r\u00e9daction\",\"@id\":\"https:\/\/vosgesinfo.fr\/saintdieinfo\/#\/schema\/person\/faee6704a21f3977511db84bd1cd450f\"},\"headline\":\"Une 72e Grande Braderie de Saint-Di\u00e9-des-Vosges dans la continuit\u00e9 des pr\u00e9c\u00e9dentes\",\"datePublished\":\"2023-09-07T12:01:13+00:00\",\"dateModified\":\"2023-09-07T12:01:13+00:00\",\"mainEntityOfPage\":{\"@id\":\"https:\/\/vosgesinfo.fr\/saintdieinfo\/2023\/09\/72e-grande-braderie-de-saint-die-vosges-continuite-precedentes-2\/\"},\"wordCount\":392,\"commentCount\":0,\"publisher\":{\"@id\":\"https:\/\/vosgesinfo.fr\/saintdieinfo\/#organization\"},\"image\":{\"@id\":\"https:\/\/vosgesinfo.fr\/saintdieinfo\/2023\/09\/72e-grande-braderie-de-saint-die-vosges-continuite-precedentes-2\/#primaryimage\"},\"thumbnailUrl\":\"https:\/\/vosgesinfo.fr\/app\/uploads\/sites\/4\/2022\/09\/71e-grande-braderie-4.jpg\",\"keywords\":[\"7e Grande Braderie de Saint-Di\u00e9-des-Vosges\",\"Grande braderie de Saint-Di\u00e9-des-Vosges\"],\"articleSection\":[\"A la Une\",\"Loisirs\",\"Saint-Di\u00e9-des-Vosges et son Agglom\u00e9ration\"],\"inLanguage\":\"fr-FR\",\"potentialAction\":[{\"@type\":\"CommentAction\",\"name\":\"Comment\",\"target\":[\"https:\/\/vosgesinfo.fr\/saintdieinfo\/2023\/09\/72e-grande-braderie-de-saint-die-vosges-continuite-precedentes-2\/#respond\"]}]},{\"@type\":\"WebPage\",\"@id\":\"https:\/\/vosgesinfo.fr\/saintdieinfo\/2023\/09\/72e-grande-braderie-de-saint-die-vosges-continuite-precedentes-2\/\",\"url\":\"https:\/\/vosgesinfo.fr\/saintdieinfo\/2023\/09\/72e-grande-braderie-de-saint-die-vosges-continuite-precedentes-2\/\",\"name\":\"Une 72e Grande Braderie de Saint-Di\u00e9-des-Vosges dans la continuit\u00e9 des pr\u00e9c\u00e9dentes - Saint Die Info\",\"isPartOf\":{\"@id\":\"https:\/\/vosgesinfo.fr\/saintdieinfo\/#website\"},\"primaryImageOfPage\":{\"@id\":\"https:\/\/vosgesinfo.fr\/saintdieinfo\/2023\/09\/72e-grande-braderie-de-saint-die-vosges-continuite-precedentes-2\/#primaryimage\"},\"image\":{\"@id\":\"https:\/\/vosgesinfo.fr\/saintdieinfo\/2023\/09\/72e-grande-braderie-de-saint-die-vosges-continuite-precedentes-2\/#primaryimage\"},\"thumbnailUrl\":\"https:\/\/vosgesinfo.fr\/app\/uploads\/sites\/4\/2022\/09\/71e-grande-braderie-4.jpg\",\"datePublished\":\"2023-09-07T12:01:13+00:00\",\"dateModified\":\"2023-09-07T12:01:13+00:00\",\"breadcrumb\":{\"@id\":\"https:\/\/vosgesinfo.fr\/saintdieinfo\/2023\/09\/72e-grande-braderie-de-saint-die-vosges-continuite-precedentes-2\/#breadcrumb\"},\"inLanguage\":\"fr-FR\",\"potentialAction\":[{\"@type\":\"ReadAction\",\"target\":[\"https:\/\/vosgesinfo.fr\/saintdieinfo\/2023\/09\/72e-grande-braderie-de-saint-die-vosges-continuite-precedentes-2\/\"]}]},{\"@type\":\"ImageObject\",\"inLanguage\":\"fr-FR\",\"@id\":\"https:\/\/vosgesinfo.fr\/saintdieinfo\/2023\/09\/72e-grande-braderie-de-saint-die-vosges-continuite-precedentes-2\/#primaryimage\",\"url\":\"https:\/\/vosgesinfo.fr\/app\/uploads\/sites\/4\/2022\/09\/71e-grande-braderie-4.jpg\",\"contentUrl\":\"https:\/\/vosgesinfo.fr\/app\/uploads\/sites\/4\/2022\/09\/71e-grande-braderie-4.jpg\",\"width\":1024,\"height\":683},{\"@type\":\"BreadcrumbList\",\"@id\":\"https:\/\/vosgesinfo.fr\/saintdieinfo\/2023\/09\/72e-grande-braderie-de-saint-die-vosges-continuite-precedentes-2\/#breadcrumb\",\"itemListElement\":[{\"@type\":\"ListItem\",\"position\":1,\"name\":\"Home\",\"item\":\"https:\/\/vosgesinfo.fr\/saintdieinfo\/\"},{\"@type\":\"ListItem\",\"position\":2,\"name\":\"Une 72e Grande Braderie de Saint-Di\u00e9-des-Vosges dans la continuit\u00e9 des pr\u00e9c\u00e9dentes\"}]},{\"@type\":\"WebSite\",\"@id\":\"https:\/\/vosgesinfo.fr\/saintdieinfo\/#website\",\"url\":\"https:\/\/vosgesinfo.fr\/saintdieinfo\/\",\"name\":\"Saint Die Info\",\"description\":\"Toute l&#039;actualit\u00e9 de Saint-Di\u00e9-Des-Vosges\",\"publisher\":{\"@id\":\"https:\/\/vosgesinfo.fr\/saintdieinfo\/#organization\"},\"alternateName\":\"Toute l'actualit\u00e9 de Saint-Di\u00e9-Des-Vosges\",\"potentialAction\":[{\"@type\":\"SearchAction\",\"target\":{\"@type\":\"EntryPoint\",\"urlTemplate\":\"https:\/\/vosgesinfo.fr\/saintdieinfo\/?s={search_term_string}\"},\"query-input\":\"required name=search_term_string\"}],\"inLanguage\":\"fr-FR\"},{\"@type\":\"Organization\",\"@id\":\"https:\/\/vosgesinfo.fr\/saintdieinfo\/#organization\",\"name\":\"Saint Die Info\",\"url\":\"https:\/\/vosgesinfo.fr\/saintdieinfo\/\",\"logo\":{\"@type\":\"ImageObject\",\"inLanguage\":\"fr-FR\",\"@id\":\"https:\/\/vosgesinfo.fr\/saintdieinfo\/#\/schema\/logo\/image\/\",\"url\":\"https:\/\/vosgesinfo.fr\/app\/uploads\/sites\/4\/2024\/02\/logo-sdi.jpg\",\"contentUrl\":\"https:\/\/vosgesinfo.fr\/app\/uploads\/sites\/4\/2024\/02\/logo-sdi.jpg\",\"width\":600,\"height\":600,\"caption\":\"Saint Die Info\"},\"image\":{\"@id\":\"https:\/\/vosgesinfo.fr\/saintdieinfo\/#\/schema\/logo\/image\/\"},\"sameAs\":[\"https:\/\/www.facebook.com\/Saintdieinfofr\",\"https:\/\/x.com\/VosgesInfo88\",\"https:\/\/www.youtube.com\/@vosgesinfo\"]},{\"@type\":\"Person\",\"@id\":\"https:\/\/vosgesinfo.fr\/saintdieinfo\/#\/schema\/person\/faee6704a21f3977511db84bd1cd450f\",\"name\":\"la r\u00e9daction\",\"image\":{\"@type\":\"ImageObject\",\"inLanguage\":\"fr-FR\",\"@id\":\"https:\/\/vosgesinfo.fr\/saintdieinfo\/#\/schema\/person\/image\/\",\"url\":\"https:\/\/secure.gravatar.com\/avatar\/6673d8bc6a9c17fa9a453eaa3448de834fa308c2ec9635b7aa99441a7c8d2cf6?s=96&d=mm&r=g\",\"contentUrl\":\"https:\/\/secure.gravatar.com\/avatar\/6673d8bc6a9c17fa9a453eaa3448de834fa308c2ec9635b7aa99441a7c8d2cf6?s=96&d=mm&r=g\",\"caption\":\"la r\u00e9daction\"},\"url\":\"https:\/\/vosgesinfo.fr\/saintdieinfo\/author\/redac\/\"}]}<\/script>\n<!-- \/ Yoast SEO plugin. -->","yoast_head_json":{"title":"Une 72e Grande Braderie de Saint-Di\u00e9-des-Vosges dans la continuit\u00e9 des pr\u00e9c\u00e9dentes - Saint Die Info","robots":{"index":"index","follow":"follow","max-snippet":"max-snippet:-1","max-image-preview":"max-image-preview:large","max-video-preview":"max-video-preview:-1"},"canonical":"https:\/\/vosgesinfo.fr\/saintdieinfo\/2023\/09\/72e-grande-braderie-de-saint-die-vosges-continuite-precedentes-2\/","twitter_card":"summary_large_image","twitter_title":"Une 72e Grande Braderie de Saint-Di\u00e9-des-Vosges dans la continuit\u00e9 des pr\u00e9c\u00e9dentes - Saint Die Info","twitter_description":"Avec plus de 70 \u00e9ditions au compteur, la Grande Braderie de Saint-Di\u00e9-des-Vosges est une v\u00e9ritable institution. Ce temps fort de [&hellip;]","twitter_image":"https:\/\/vosgesinfo.fr\/app\/uploads\/sites\/4\/2022\/09\/71e-grande-braderie-4.jpg","twitter_creator":"@VosgesInfo88","twitter_site":"@VosgesInfo88","twitter_misc":{"\u00c9crit par":"la r\u00e9daction","Dur\u00e9e de lecture estim\u00e9e":"2 minutes"},"schema":{"@context":"https:\/\/schema.org","@graph":[{"@type":"Article","@id":"https:\/\/vosgesinfo.fr\/saintdieinfo\/2023\/09\/72e-grande-braderie-de-saint-die-vosges-continuite-precedentes-2\/#article","isPartOf":{"@id":"https:\/\/vosgesinfo.fr\/saintdieinfo\/2023\/09\/72e-grande-braderie-de-saint-die-vosges-continuite-precedentes-2\/"},"author":{"name":"la r\u00e9daction","@id":"https:\/\/vosgesinfo.fr\/saintdieinfo\/#\/schema\/person\/faee6704a21f3977511db84bd1cd450f"},"headline":"Une 72e Grande Braderie de Saint-Di\u00e9-des-Vosges dans la continuit\u00e9 des pr\u00e9c\u00e9dentes","datePublished":"2023-09-07T12:01:13+00:00","dateModified":"2023-09-07T12:01:13+00:00","mainEntityOfPage":{"@id":"https:\/\/vosgesinfo.fr\/saintdieinfo\/2023\/09\/72e-grande-braderie-de-saint-die-vosges-continuite-precedentes-2\/"},"wordCount":392,"commentCount":0,"publisher":{"@id":"https:\/\/vosgesinfo.fr\/saintdieinfo\/#organization"},"image":{"@id":"https:\/\/vosgesinfo.fr\/saintdieinfo\/2023\/09\/72e-grande-braderie-de-saint-die-vosges-continuite-precedentes-2\/#primaryimage"},"thumbnailUrl":"https:\/\/vosgesinfo.fr\/app\/uploads\/sites\/4\/2022\/09\/71e-grande-braderie-4.jpg","keywords":["7e Grande Braderie de Saint-Di\u00e9-des-Vosges","Grande braderie de Saint-Di\u00e9-des-Vosges"],"articleSection":["A la Une","Loisirs","Saint-Di\u00e9-des-Vosges et son Agglom\u00e9ration"],"inLanguage":"fr-FR","potentialAction":[{"@type":"CommentAction","name":"Comment","target":["https:\/\/vosgesinfo.fr\/saintdieinfo\/2023\/09\/72e-grande-braderie-de-saint-die-vosges-continuite-precedentes-2\/#respond"]}]},{"@type":"WebPage","@id":"https:\/\/vosgesinfo.fr\/saintdieinfo\/2023\/09\/72e-grande-braderie-de-saint-die-vosges-continuite-precedentes-2\/","url":"https:\/\/vosgesinfo.fr\/saintdieinfo\/2023\/09\/72e-grande-braderie-de-saint-die-vosges-continuite-precedentes-2\/","name":"Une 72e Grande Braderie de Saint-Di\u00e9-des-Vosges dans la continuit\u00e9 des pr\u00e9c\u00e9dentes - Saint Die Info","isPartOf":{"@id":"https:\/\/vosgesinfo.fr\/saintdieinfo\/#website"},"primaryImageOfPage":{"@id":"https:\/\/vosgesinfo.fr\/saintdieinfo\/2023\/09\/72e-grande-braderie-de-saint-die-vosges-continuite-precedentes-2\/#primaryimage"},"image":{"@id":"https:\/\/vosgesinfo.fr\/saintdieinfo\/2023\/09\/72e-grande-braderie-de-saint-die-vosges-continuite-precedentes-2\/#primaryimage"},"thumbnailUrl":"https:\/\/vosgesinfo.fr\/app\/uploads\/sites\/4\/2022\/09\/71e-grande-braderie-4.jpg","datePublished":"2023-09-07T12:01:13+00:00","dateModified":"2023-09-07T12:01:13+00:00","breadcrumb":{"@id":"https:\/\/vosgesinfo.fr\/saintdieinfo\/2023\/09\/72e-grande-braderie-de-saint-die-vosges-continuite-precedentes-2\/#breadcrumb"},"inLanguage":"fr-FR","potentialAction":[{"@type":"ReadAction","target":["https:\/\/vosgesinfo.fr\/saintdieinfo\/2023\/09\/72e-grande-braderie-de-saint-die-vosges-continuite-precedentes-2\/"]}]},{"@type":"ImageObject","inLanguage":"fr-FR","@id":"https:\/\/vosgesinfo.fr\/saintdieinfo\/2023\/09\/72e-grande-braderie-de-saint-die-vosges-continuite-precedentes-2\/#primaryimage","url":"https:\/\/vosgesinfo.fr\/app\/uploads\/sites\/4\/2022\/09\/71e-grande-braderie-4.jpg","contentUrl":"https:\/\/vosgesinfo.fr\/app\/uploads\/sites\/4\/2022\/09\/71e-grande-braderie-4.jpg","width":1024,"height":683},{"@type":"BreadcrumbList","@id":"https:\/\/vosgesinfo.fr\/saintdieinfo\/2023\/09\/72e-grande-braderie-de-saint-die-vosges-continuite-precedentes-2\/#breadcrumb","itemListElement":[{"@type":"ListItem","position":1,"name":"Home","item":"https:\/\/vosgesinfo.fr\/saintdieinfo\/"},{"@type":"ListItem","position":2,"name":"Une 72e Grande Braderie de Saint-Di\u00e9-des-Vosges dans la continuit\u00e9 des pr\u00e9c\u00e9dentes"}]},{"@type":"WebSite","@id":"https:\/\/vosgesinfo.fr\/saintdieinfo\/#website","url":"https:\/\/vosgesinfo.fr\/saintdieinfo\/","name":"Saint Die Info","description":"Toute l&#039;actualit\u00e9 de Saint-Di\u00e9-Des-Vosges","publisher":{"@id":"https:\/\/vosgesinfo.fr\/saintdieinfo\/#organization"},"alternateName":"Toute l'actualit\u00e9 de Saint-Di\u00e9-Des-Vosges","potentialAction":[{"@type":"SearchAction","target":{"@type":"EntryPoint","urlTemplate":"https:\/\/vosgesinfo.fr\/saintdieinfo\/?s={search_term_string}"},"query-input":"required name=search_term_string"}],"inLanguage":"fr-FR"},{"@type":"Organization","@id":"https:\/\/vosgesinfo.fr\/saintdieinfo\/#organization","name":"Saint Die Info","url":"https:\/\/vosgesinfo.fr\/saintdieinfo\/","logo":{"@type":"ImageObject","inLanguage":"fr-FR","@id":"https:\/\/vosgesinfo.fr\/saintdieinfo\/#\/schema\/logo\/image\/","url":"https:\/\/vosgesinfo.fr\/app\/uploads\/sites\/4\/2024\/02\/logo-sdi.jpg","contentUrl":"https:\/\/vosgesinfo.fr\/app\/uploads\/sites\/4\/2024\/02\/logo-sdi.jpg","width":600,"height":600,"caption":"Saint Die Info"},"image":{"@id":"https:\/\/vosgesinfo.fr\/saintdieinfo\/#\/schema\/logo\/image\/"},"sameAs":["https:\/\/www.facebook.com\/Saintdieinfofr","https:\/\/x.com\/VosgesInfo88","https:\/\/www.youtube.com\/@vosgesinfo"]},{"@type":"Person","@id":"https:\/\/vosgesinfo.fr\/saintdieinfo\/#\/schema\/person\/faee6704a21f3977511db84bd1cd450f","name":"la r\u00e9daction","image":{"@type":"ImageObject","inLanguage":"fr-FR","@id":"https:\/\/vosgesinfo.fr\/saintdieinfo\/#\/schema\/person\/image\/","url":"https:\/\/secure.gravatar.com\/avatar\/6673d8bc6a9c17fa9a453eaa3448de834fa308c2ec9635b7aa99441a7c8d2cf6?s=96&d=mm&r=g","contentUrl":"https:\/\/secure.gravatar.com\/avatar\/6673d8bc6a9c17fa9a453eaa3448de834fa308c2ec9635b7aa99441a7c8d2cf6?s=96&d=mm&r=g","caption":"la r\u00e9daction"},"url":"https:\/\/vosgesinfo.fr\/saintdieinfo\/author\/redac\/"}]}},"_links":{"self":[{"href":"https:\/\/vosgesinfo.fr\/saintdieinfo\/wp-json\/wp\/v2\/posts\/66592","targetHints":{"allow":["GET"]}}],"collection":[{"href":"https:\/\/vosgesinfo.fr\/saintdieinfo\/wp-json\/wp\/v2\/posts"}],"about":[{"href":"https:\/\/vosgesinfo.fr\/saintdieinfo\/wp-json\/wp\/v2\/types\/post"}],"author":[{"embeddable":true,"href":"https:\/\/vosgesinfo.fr\/saintdieinfo\/wp-json\/wp\/v2\/users\/44"}],"replies":[{"embeddable":true,"href":"https:\/\/vosgesinfo.fr\/saintdieinfo\/wp-json\/wp\/v2\/comments?post=66592"}],"version-history":[{"count":0,"href":"https:\/\/vosgesinfo.fr\/saintdieinfo\/wp-json\/wp\/v2\/posts\/66592\/revisions"}],"wp:featuredmedia":[{"embeddable":true,"href":"https:\/\/vosgesinfo.fr\/saintdieinfo\/wp-json\/wp\/v2\/media\/22666"}],"wp:attachment":[{"href":"https:\/\/vosgesinfo.fr\/saintdieinfo\/wp-json\/wp\/v2\/media?parent=66592"}],"wp:term":[{"taxonomy":"category","embeddable":true,"href":"https:\/\/vosgesinfo.fr\/saintdieinfo\/wp-json\/wp\/v2\/categories?post=66592"},{"taxonomy":"post_tag","embeddable":true,"href":"https:\/\/vosgesinfo.fr\/saintdieinfo\/wp-json\/wp\/v2\/tags?post=66592"}],"curies":[{"name":"wp","href":"https:\/\/api.w.org\/{rel}","templated":true}]}}