{"id":66652,"date":"2023-09-15T11:53:29","date_gmt":"2023-09-15T09:53:29","guid":{"rendered":"https:\/\/vosgesinfo.fr\/saintdieinfo\/2023\/09\/evaluations-nationales-recteur-richard-laganier-visite-a-lecole-jacques-prevert-2\/"},"modified":"2023-09-15T11:53:29","modified_gmt":"2023-09-15T09:53:29","slug":"evaluations-nationales-recteur-richard-laganier-visite-a-lecole-jacques-prevert-2","status":"publish","type":"post","link":"https:\/\/vosgesinfo.fr\/saintdieinfo\/2023\/09\/evaluations-nationales-recteur-richard-laganier-visite-a-lecole-jacques-prevert-2\/","title":{"rendered":"Evaluations nationales\u00a0: le recteur Richard Laganier en visite \u00e0 l&rsquo;\u00e9cole Jacques-Pr\u00e9vert"},"content":{"rendered":"<p><a href=\"\/2023\/09\/Evaluations_Nationales_Ecole_Jacques-Pr\u00e9vert-2.jpg\" target=\"_blank\" rel=\"noopener\"><img decoding=\"async\" class=\"aligncenter wp-image-206062 size-large\" src=\"\/2023\/09\/Evaluations_Nationales_Ecole_Jacques-Pr\u00e9vert-2-1024x768.jpg\" alt=\"Evaluations_Nationales_Ecole_Jacques-Pr\u00e9vert (2)\" width=\"960\" height=\"720\" \/><\/a><\/p>\n<h2><strong><span style=\"font-size: 14pt;\">A chaque rentr\u00e9e scolaire, les \u00e9coliers fran\u00e7ais des classes de CP et CE1, ainsi que leurs a\u00een\u00e9s coll\u00e9giens des classes de 6e, planchent sur les \u00e9valuations nationales afin d&rsquo;\u00e9valuer leurs acquis en Fran\u00e7ais et Math\u00e9matiques. Depuis cette rentr\u00e9e 2023-2024, les \u00e9valuations nationales ont \u00e9t\u00e9 \u00e9tendues aux \u00e9l\u00e8ves de CM1.<\/span><\/strong><\/h2>\n<p><!--more--><\/p>\n<p>C&rsquo;est dans ce cadre que le recteur acad\u00e9mique Richard Laganier s&rsquo;est rendu \u00e0 l&rsquo;\u00e9cole Jacques-Pr\u00e9vert du quartier Saint-Roch ce vendredi matin, un \u00e9tablissement int\u00e9gr\u00e9 au R\u00e9seau d&rsquo;Education Prioritaire \u2013 REP. Accompagn\u00e9 de Val\u00e9rie Dautresme, directrice acad\u00e9mique des Vosges, et de Yann Kehl, inspecteur de l&rsquo;Education Nationale pour la circonscription d\u00e9odatienne, le recteur a rencontr\u00e9 les \u00e9l\u00e8ves de CM1 avant le d\u00e9but des \u00e9valuations nationales, pour ensuite participer \u00e0 une table-ronde au sujet du pilotage des \u00e9valuations nationales \u00e0 l&rsquo;\u00e9chelle de la circonscription, ainsi que du travail men\u00e9 autour de l&rsquo;exploitation des r\u00e9sultats.<\/p>\n<p>Comme leur nom l&rsquo;indique, les \u00e9valuations nationales sont les m\u00eames pour l&rsquo;ensemble des \u00e9coles fran\u00e7aises. Ce qui permet autant d&rsquo;identifier d&rsquo;\u00e9ventuelles difficult\u00e9s \u00e0 titre individuel, comme la fluence en lecture, que des tendances \u00e0 l&rsquo;\u00e9chelle d&rsquo;un \u00e9tablissement, d&rsquo;un territoire ou du pays.<\/p>\n<p>En novembre 2022, les r\u00e9sultats des \u00e9valuations nationales ont notamment relev\u00e9 2 tendances principales au niveau national\u00a0: la poursuite de la r\u00e9duction des \u00e9carts entre les \u00e9l\u00e8ves de REP+ et les \u00e9l\u00e8ves hors \u00e9ducations prioritaire, et ce \u00e0 tous les niveaux\u00a0; des \u00e9volutions in\u00e9gales selon les comp\u00e9tences \u00e9valu\u00e9es et les niveaux. A ce propos, comparativement \u00e0 2019, les \u00e9l\u00e8ves de CP qui avaient fortement progress\u00e9 \u00e0 la rentr\u00e9e 2021 obtiennent des r\u00e9sultats au m\u00eame niveau ou en progr\u00e8s, aussi bien en Fran\u00e7ais qu&rsquo;en Math\u00e9matiques. A contrario, en CE1 les \u00e9l\u00e8ves qui avaient \u00e9galement fortement progress\u00e9 en 2021 ont des r\u00e9sultats stables ou en baisse selon les comp\u00e9tences \u00e9valu\u00e9es en Fran\u00e7ais, et globablement stables en math\u00e9matiques. Par rapport aux r\u00e9sultats de 2019, derni\u00e8re ann\u00e9e avant la crise sanitaire, les r\u00e9sultats sont en hausse en math\u00e9matiques et globalement comparables en Fran\u00e7ais.<\/p>\n<p>J.J.<\/p>\n\n","protected":false},"excerpt":{"rendered":"<p>A chaque rentr\u00e9e scolaire, les \u00e9coliers fran\u00e7ais des classes de CP et CE1, ainsi que leurs a\u00een\u00e9s coll\u00e9giens des classes [&hellip;]<\/p>\n","protected":false},"author":44,"featured_media":22937,"comment_status":"open","ping_status":"open","sticky":false,"template":"","format":"standard","meta":{"footnotes":""},"categories":[460,6,2915],"tags":[3424,3425,3426,3271],"class_list":["post-66652","post","type-post","status-publish","format-standard","has-post-thumbnail","hentry","category-a-la-une","category-education","category-saint-die-son-canton","tag-ecole-jacques-prevert","tag-evaluations-nationales","tag-recteur-de-la-region-academique-grand-est","tag-richard-laganier"],"acf":[],"yoast_head":"<!-- This site is optimized with the Yoast SEO plugin v22.5 - https:\/\/yoast.com\/wordpress\/plugins\/seo\/ -->\n<title>Evaluations nationales\u00a0: le recteur Richard Laganier en visite \u00e0 l&#039;\u00e9cole Jacques-Pr\u00e9vert - Saint Die Info<\/title>\n<meta name=\"robots\" content=\"index, follow, max-snippet:-1, max-image-preview:large, max-video-preview:-1\" \/>\n<link rel=\"canonical\" href=\"https:\/\/vosgesinfo.fr\/saintdieinfo\/2023\/09\/evaluations-nationales-recteur-richard-laganier-visite-a-lecole-jacques-prevert-2\/\" \/>\n<meta name=\"twitter:card\" content=\"summary_large_image\" \/>\n<meta name=\"twitter:title\" content=\"Evaluations nationales\u00a0: le recteur Richard Laganier en visite \u00e0 l&#039;\u00e9cole Jacques-Pr\u00e9vert - Saint Die Info\" \/>\n<meta name=\"twitter:description\" content=\"A chaque rentr\u00e9e scolaire, les \u00e9coliers fran\u00e7ais des classes de CP et CE1, ainsi que leurs a\u00een\u00e9s coll\u00e9giens des classes [&hellip;]\" \/>\n<meta name=\"twitter:image\" content=\"https:\/\/vosgesinfo.fr\/app\/uploads\/sites\/4\/2023\/09\/evaluations-nationales-ecole-jacques-prevert-2.jpg\" \/>\n<meta name=\"twitter:creator\" content=\"@VosgesInfo88\" \/>\n<meta name=\"twitter:site\" content=\"@VosgesInfo88\" \/>\n<meta name=\"twitter:label1\" content=\"\u00c9crit par\" \/>\n\t<meta name=\"twitter:data1\" content=\"la r\u00e9daction\" \/>\n\t<meta name=\"twitter:label2\" content=\"Dur\u00e9e de lecture estim\u00e9e\" \/>\n\t<meta name=\"twitter:data2\" content=\"2 minutes\" \/>\n<script type=\"application\/ld+json\" class=\"yoast-schema-graph\">{\"@context\":\"https:\/\/schema.org\",\"@graph\":[{\"@type\":\"Article\",\"@id\":\"https:\/\/vosgesinfo.fr\/saintdieinfo\/2023\/09\/evaluations-nationales-recteur-richard-laganier-visite-a-lecole-jacques-prevert-2\/#article\",\"isPartOf\":{\"@id\":\"https:\/\/vosgesinfo.fr\/saintdieinfo\/2023\/09\/evaluations-nationales-recteur-richard-laganier-visite-a-lecole-jacques-prevert-2\/\"},\"author\":{\"name\":\"la r\u00e9daction\",\"@id\":\"https:\/\/vosgesinfo.fr\/saintdieinfo\/#\/schema\/person\/faee6704a21f3977511db84bd1cd450f\"},\"headline\":\"Evaluations nationales\u00a0: le recteur Richard Laganier en visite \u00e0 l&rsquo;\u00e9cole Jacques-Pr\u00e9vert\",\"datePublished\":\"2023-09-15T09:53:29+00:00\",\"dateModified\":\"2023-09-15T09:53:29+00:00\",\"mainEntityOfPage\":{\"@id\":\"https:\/\/vosgesinfo.fr\/saintdieinfo\/2023\/09\/evaluations-nationales-recteur-richard-laganier-visite-a-lecole-jacques-prevert-2\/\"},\"wordCount\":391,\"commentCount\":0,\"publisher\":{\"@id\":\"https:\/\/vosgesinfo.fr\/saintdieinfo\/#organization\"},\"image\":{\"@id\":\"https:\/\/vosgesinfo.fr\/saintdieinfo\/2023\/09\/evaluations-nationales-recteur-richard-laganier-visite-a-lecole-jacques-prevert-2\/#primaryimage\"},\"thumbnailUrl\":\"https:\/\/vosgesinfo.fr\/app\/uploads\/sites\/4\/2023\/09\/evaluations-nationales-ecole-jacques-prevert-2.jpg\",\"keywords\":[\"Ecole Jacques-Pr\u00e9vert\",\"Evaluations nationales\",\"Recteur de la r\u00e9gion acad\u00e9mique Grand Est\",\"Richard Laganier\"],\"articleSection\":[\"A la Une\",\"\u00c9ducation\",\"Saint-Di\u00e9-des-Vosges et son Agglom\u00e9ration\"],\"inLanguage\":\"fr-FR\",\"potentialAction\":[{\"@type\":\"CommentAction\",\"name\":\"Comment\",\"target\":[\"https:\/\/vosgesinfo.fr\/saintdieinfo\/2023\/09\/evaluations-nationales-recteur-richard-laganier-visite-a-lecole-jacques-prevert-2\/#respond\"]}]},{\"@type\":\"WebPage\",\"@id\":\"https:\/\/vosgesinfo.fr\/saintdieinfo\/2023\/09\/evaluations-nationales-recteur-richard-laganier-visite-a-lecole-jacques-prevert-2\/\",\"url\":\"https:\/\/vosgesinfo.fr\/saintdieinfo\/2023\/09\/evaluations-nationales-recteur-richard-laganier-visite-a-lecole-jacques-prevert-2\/\",\"name\":\"Evaluations nationales\u00a0: le recteur Richard Laganier en visite \u00e0 l'\u00e9cole Jacques-Pr\u00e9vert - Saint Die Info\",\"isPartOf\":{\"@id\":\"https:\/\/vosgesinfo.fr\/saintdieinfo\/#website\"},\"primaryImageOfPage\":{\"@id\":\"https:\/\/vosgesinfo.fr\/saintdieinfo\/2023\/09\/evaluations-nationales-recteur-richard-laganier-visite-a-lecole-jacques-prevert-2\/#primaryimage\"},\"image\":{\"@id\":\"https:\/\/vosgesinfo.fr\/saintdieinfo\/2023\/09\/evaluations-nationales-recteur-richard-laganier-visite-a-lecole-jacques-prevert-2\/#primaryimage\"},\"thumbnailUrl\":\"https:\/\/vosgesinfo.fr\/app\/uploads\/sites\/4\/2023\/09\/evaluations-nationales-ecole-jacques-prevert-2.jpg\",\"datePublished\":\"2023-09-15T09:53:29+00:00\",\"dateModified\":\"2023-09-15T09:53:29+00:00\",\"breadcrumb\":{\"@id\":\"https:\/\/vosgesinfo.fr\/saintdieinfo\/2023\/09\/evaluations-nationales-recteur-richard-laganier-visite-a-lecole-jacques-prevert-2\/#breadcrumb\"},\"inLanguage\":\"fr-FR\",\"potentialAction\":[{\"@type\":\"ReadAction\",\"target\":[\"https:\/\/vosgesinfo.fr\/saintdieinfo\/2023\/09\/evaluations-nationales-recteur-richard-laganier-visite-a-lecole-jacques-prevert-2\/\"]}]},{\"@type\":\"ImageObject\",\"inLanguage\":\"fr-FR\",\"@id\":\"https:\/\/vosgesinfo.fr\/saintdieinfo\/2023\/09\/evaluations-nationales-recteur-richard-laganier-visite-a-lecole-jacques-prevert-2\/#primaryimage\",\"url\":\"https:\/\/vosgesinfo.fr\/app\/uploads\/sites\/4\/2023\/09\/evaluations-nationales-ecole-jacques-prevert-2.jpg\",\"contentUrl\":\"https:\/\/vosgesinfo.fr\/app\/uploads\/sites\/4\/2023\/09\/evaluations-nationales-ecole-jacques-prevert-2.jpg\",\"width\":2560,\"height\":1920},{\"@type\":\"BreadcrumbList\",\"@id\":\"https:\/\/vosgesinfo.fr\/saintdieinfo\/2023\/09\/evaluations-nationales-recteur-richard-laganier-visite-a-lecole-jacques-prevert-2\/#breadcrumb\",\"itemListElement\":[{\"@type\":\"ListItem\",\"position\":1,\"name\":\"Home\",\"item\":\"https:\/\/vosgesinfo.fr\/saintdieinfo\/\"},{\"@type\":\"ListItem\",\"position\":2,\"name\":\"Evaluations nationales\u00a0: le recteur Richard Laganier en visite \u00e0 l&rsquo;\u00e9cole Jacques-Pr\u00e9vert\"}]},{\"@type\":\"WebSite\",\"@id\":\"https:\/\/vosgesinfo.fr\/saintdieinfo\/#website\",\"url\":\"https:\/\/vosgesinfo.fr\/saintdieinfo\/\",\"name\":\"Saint Die Info\",\"description\":\"Toute l&#039;actualit\u00e9 de Saint-Di\u00e9-Des-Vosges\",\"publisher\":{\"@id\":\"https:\/\/vosgesinfo.fr\/saintdieinfo\/#organization\"},\"alternateName\":\"Toute l'actualit\u00e9 de Saint-Di\u00e9-Des-Vosges\",\"potentialAction\":[{\"@type\":\"SearchAction\",\"target\":{\"@type\":\"EntryPoint\",\"urlTemplate\":\"https:\/\/vosgesinfo.fr\/saintdieinfo\/?s={search_term_string}\"},\"query-input\":\"required name=search_term_string\"}],\"inLanguage\":\"fr-FR\"},{\"@type\":\"Organization\",\"@id\":\"https:\/\/vosgesinfo.fr\/saintdieinfo\/#organization\",\"name\":\"Saint Die Info\",\"url\":\"https:\/\/vosgesinfo.fr\/saintdieinfo\/\",\"logo\":{\"@type\":\"ImageObject\",\"inLanguage\":\"fr-FR\",\"@id\":\"https:\/\/vosgesinfo.fr\/saintdieinfo\/#\/schema\/logo\/image\/\",\"url\":\"https:\/\/vosgesinfo.fr\/app\/uploads\/sites\/4\/2024\/02\/logo-sdi.jpg\",\"contentUrl\":\"https:\/\/vosgesinfo.fr\/app\/uploads\/sites\/4\/2024\/02\/logo-sdi.jpg\",\"width\":600,\"height\":600,\"caption\":\"Saint Die Info\"},\"image\":{\"@id\":\"https:\/\/vosgesinfo.fr\/saintdieinfo\/#\/schema\/logo\/image\/\"},\"sameAs\":[\"https:\/\/www.facebook.com\/Saintdieinfofr\",\"https:\/\/x.com\/VosgesInfo88\",\"https:\/\/www.youtube.com\/@vosgesinfo\"]},{\"@type\":\"Person\",\"@id\":\"https:\/\/vosgesinfo.fr\/saintdieinfo\/#\/schema\/person\/faee6704a21f3977511db84bd1cd450f\",\"name\":\"la r\u00e9daction\",\"image\":{\"@type\":\"ImageObject\",\"inLanguage\":\"fr-FR\",\"@id\":\"https:\/\/vosgesinfo.fr\/saintdieinfo\/#\/schema\/person\/image\/\",\"url\":\"https:\/\/secure.gravatar.com\/avatar\/6673d8bc6a9c17fa9a453eaa3448de834fa308c2ec9635b7aa99441a7c8d2cf6?s=96&d=mm&r=g\",\"contentUrl\":\"https:\/\/secure.gravatar.com\/avatar\/6673d8bc6a9c17fa9a453eaa3448de834fa308c2ec9635b7aa99441a7c8d2cf6?s=96&d=mm&r=g\",\"caption\":\"la r\u00e9daction\"},\"url\":\"https:\/\/vosgesinfo.fr\/saintdieinfo\/author\/redac\/\"}]}<\/script>\n<!-- \/ Yoast SEO plugin. -->","yoast_head_json":{"title":"Evaluations nationales\u00a0: le recteur Richard Laganier en visite \u00e0 l'\u00e9cole Jacques-Pr\u00e9vert - Saint Die Info","robots":{"index":"index","follow":"follow","max-snippet":"max-snippet:-1","max-image-preview":"max-image-preview:large","max-video-preview":"max-video-preview:-1"},"canonical":"https:\/\/vosgesinfo.fr\/saintdieinfo\/2023\/09\/evaluations-nationales-recteur-richard-laganier-visite-a-lecole-jacques-prevert-2\/","twitter_card":"summary_large_image","twitter_title":"Evaluations nationales\u00a0: le recteur Richard Laganier en visite \u00e0 l'\u00e9cole Jacques-Pr\u00e9vert - Saint Die Info","twitter_description":"A chaque rentr\u00e9e scolaire, les \u00e9coliers fran\u00e7ais des classes de CP et CE1, ainsi que leurs a\u00een\u00e9s coll\u00e9giens des classes [&hellip;]","twitter_image":"https:\/\/vosgesinfo.fr\/app\/uploads\/sites\/4\/2023\/09\/evaluations-nationales-ecole-jacques-prevert-2.jpg","twitter_creator":"@VosgesInfo88","twitter_site":"@VosgesInfo88","twitter_misc":{"\u00c9crit par":"la r\u00e9daction","Dur\u00e9e de lecture estim\u00e9e":"2 minutes"},"schema":{"@context":"https:\/\/schema.org","@graph":[{"@type":"Article","@id":"https:\/\/vosgesinfo.fr\/saintdieinfo\/2023\/09\/evaluations-nationales-recteur-richard-laganier-visite-a-lecole-jacques-prevert-2\/#article","isPartOf":{"@id":"https:\/\/vosgesinfo.fr\/saintdieinfo\/2023\/09\/evaluations-nationales-recteur-richard-laganier-visite-a-lecole-jacques-prevert-2\/"},"author":{"name":"la r\u00e9daction","@id":"https:\/\/vosgesinfo.fr\/saintdieinfo\/#\/schema\/person\/faee6704a21f3977511db84bd1cd450f"},"headline":"Evaluations nationales\u00a0: le recteur Richard Laganier en visite \u00e0 l&rsquo;\u00e9cole Jacques-Pr\u00e9vert","datePublished":"2023-09-15T09:53:29+00:00","dateModified":"2023-09-15T09:53:29+00:00","mainEntityOfPage":{"@id":"https:\/\/vosgesinfo.fr\/saintdieinfo\/2023\/09\/evaluations-nationales-recteur-richard-laganier-visite-a-lecole-jacques-prevert-2\/"},"wordCount":391,"commentCount":0,"publisher":{"@id":"https:\/\/vosgesinfo.fr\/saintdieinfo\/#organization"},"image":{"@id":"https:\/\/vosgesinfo.fr\/saintdieinfo\/2023\/09\/evaluations-nationales-recteur-richard-laganier-visite-a-lecole-jacques-prevert-2\/#primaryimage"},"thumbnailUrl":"https:\/\/vosgesinfo.fr\/app\/uploads\/sites\/4\/2023\/09\/evaluations-nationales-ecole-jacques-prevert-2.jpg","keywords":["Ecole Jacques-Pr\u00e9vert","Evaluations nationales","Recteur de la r\u00e9gion acad\u00e9mique Grand Est","Richard Laganier"],"articleSection":["A la Une","\u00c9ducation","Saint-Di\u00e9-des-Vosges et son Agglom\u00e9ration"],"inLanguage":"fr-FR","potentialAction":[{"@type":"CommentAction","name":"Comment","target":["https:\/\/vosgesinfo.fr\/saintdieinfo\/2023\/09\/evaluations-nationales-recteur-richard-laganier-visite-a-lecole-jacques-prevert-2\/#respond"]}]},{"@type":"WebPage","@id":"https:\/\/vosgesinfo.fr\/saintdieinfo\/2023\/09\/evaluations-nationales-recteur-richard-laganier-visite-a-lecole-jacques-prevert-2\/","url":"https:\/\/vosgesinfo.fr\/saintdieinfo\/2023\/09\/evaluations-nationales-recteur-richard-laganier-visite-a-lecole-jacques-prevert-2\/","name":"Evaluations nationales\u00a0: le recteur Richard Laganier en visite \u00e0 l'\u00e9cole Jacques-Pr\u00e9vert - Saint Die Info","isPartOf":{"@id":"https:\/\/vosgesinfo.fr\/saintdieinfo\/#website"},"primaryImageOfPage":{"@id":"https:\/\/vosgesinfo.fr\/saintdieinfo\/2023\/09\/evaluations-nationales-recteur-richard-laganier-visite-a-lecole-jacques-prevert-2\/#primaryimage"},"image":{"@id":"https:\/\/vosgesinfo.fr\/saintdieinfo\/2023\/09\/evaluations-nationales-recteur-richard-laganier-visite-a-lecole-jacques-prevert-2\/#primaryimage"},"thumbnailUrl":"https:\/\/vosgesinfo.fr\/app\/uploads\/sites\/4\/2023\/09\/evaluations-nationales-ecole-jacques-prevert-2.jpg","datePublished":"2023-09-15T09:53:29+00:00","dateModified":"2023-09-15T09:53:29+00:00","breadcrumb":{"@id":"https:\/\/vosgesinfo.fr\/saintdieinfo\/2023\/09\/evaluations-nationales-recteur-richard-laganier-visite-a-lecole-jacques-prevert-2\/#breadcrumb"},"inLanguage":"fr-FR","potentialAction":[{"@type":"ReadAction","target":["https:\/\/vosgesinfo.fr\/saintdieinfo\/2023\/09\/evaluations-nationales-recteur-richard-laganier-visite-a-lecole-jacques-prevert-2\/"]}]},{"@type":"ImageObject","inLanguage":"fr-FR","@id":"https:\/\/vosgesinfo.fr\/saintdieinfo\/2023\/09\/evaluations-nationales-recteur-richard-laganier-visite-a-lecole-jacques-prevert-2\/#primaryimage","url":"https:\/\/vosgesinfo.fr\/app\/uploads\/sites\/4\/2023\/09\/evaluations-nationales-ecole-jacques-prevert-2.jpg","contentUrl":"https:\/\/vosgesinfo.fr\/app\/uploads\/sites\/4\/2023\/09\/evaluations-nationales-ecole-jacques-prevert-2.jpg","width":2560,"height":1920},{"@type":"BreadcrumbList","@id":"https:\/\/vosgesinfo.fr\/saintdieinfo\/2023\/09\/evaluations-nationales-recteur-richard-laganier-visite-a-lecole-jacques-prevert-2\/#breadcrumb","itemListElement":[{"@type":"ListItem","position":1,"name":"Home","item":"https:\/\/vosgesinfo.fr\/saintdieinfo\/"},{"@type":"ListItem","position":2,"name":"Evaluations nationales\u00a0: le recteur Richard Laganier en visite \u00e0 l&rsquo;\u00e9cole Jacques-Pr\u00e9vert"}]},{"@type":"WebSite","@id":"https:\/\/vosgesinfo.fr\/saintdieinfo\/#website","url":"https:\/\/vosgesinfo.fr\/saintdieinfo\/","name":"Saint Die Info","description":"Toute l&#039;actualit\u00e9 de Saint-Di\u00e9-Des-Vosges","publisher":{"@id":"https:\/\/vosgesinfo.fr\/saintdieinfo\/#organization"},"alternateName":"Toute l'actualit\u00e9 de Saint-Di\u00e9-Des-Vosges","potentialAction":[{"@type":"SearchAction","target":{"@type":"EntryPoint","urlTemplate":"https:\/\/vosgesinfo.fr\/saintdieinfo\/?s={search_term_string}"},"query-input":"required name=search_term_string"}],"inLanguage":"fr-FR"},{"@type":"Organization","@id":"https:\/\/vosgesinfo.fr\/saintdieinfo\/#organization","name":"Saint Die Info","url":"https:\/\/vosgesinfo.fr\/saintdieinfo\/","logo":{"@type":"ImageObject","inLanguage":"fr-FR","@id":"https:\/\/vosgesinfo.fr\/saintdieinfo\/#\/schema\/logo\/image\/","url":"https:\/\/vosgesinfo.fr\/app\/uploads\/sites\/4\/2024\/02\/logo-sdi.jpg","contentUrl":"https:\/\/vosgesinfo.fr\/app\/uploads\/sites\/4\/2024\/02\/logo-sdi.jpg","width":600,"height":600,"caption":"Saint Die Info"},"image":{"@id":"https:\/\/vosgesinfo.fr\/saintdieinfo\/#\/schema\/logo\/image\/"},"sameAs":["https:\/\/www.facebook.com\/Saintdieinfofr","https:\/\/x.com\/VosgesInfo88","https:\/\/www.youtube.com\/@vosgesinfo"]},{"@type":"Person","@id":"https:\/\/vosgesinfo.fr\/saintdieinfo\/#\/schema\/person\/faee6704a21f3977511db84bd1cd450f","name":"la r\u00e9daction","image":{"@type":"ImageObject","inLanguage":"fr-FR","@id":"https:\/\/vosgesinfo.fr\/saintdieinfo\/#\/schema\/person\/image\/","url":"https:\/\/secure.gravatar.com\/avatar\/6673d8bc6a9c17fa9a453eaa3448de834fa308c2ec9635b7aa99441a7c8d2cf6?s=96&d=mm&r=g","contentUrl":"https:\/\/secure.gravatar.com\/avatar\/6673d8bc6a9c17fa9a453eaa3448de834fa308c2ec9635b7aa99441a7c8d2cf6?s=96&d=mm&r=g","caption":"la r\u00e9daction"},"url":"https:\/\/vosgesinfo.fr\/saintdieinfo\/author\/redac\/"}]}},"_links":{"self":[{"href":"https:\/\/vosgesinfo.fr\/saintdieinfo\/wp-json\/wp\/v2\/posts\/66652","targetHints":{"allow":["GET"]}}],"collection":[{"href":"https:\/\/vosgesinfo.fr\/saintdieinfo\/wp-json\/wp\/v2\/posts"}],"about":[{"href":"https:\/\/vosgesinfo.fr\/saintdieinfo\/wp-json\/wp\/v2\/types\/post"}],"author":[{"embeddable":true,"href":"https:\/\/vosgesinfo.fr\/saintdieinfo\/wp-json\/wp\/v2\/users\/44"}],"replies":[{"embeddable":true,"href":"https:\/\/vosgesinfo.fr\/saintdieinfo\/wp-json\/wp\/v2\/comments?post=66652"}],"version-history":[{"count":0,"href":"https:\/\/vosgesinfo.fr\/saintdieinfo\/wp-json\/wp\/v2\/posts\/66652\/revisions"}],"wp:featuredmedia":[{"embeddable":true,"href":"https:\/\/vosgesinfo.fr\/saintdieinfo\/wp-json\/wp\/v2\/media\/22937"}],"wp:attachment":[{"href":"https:\/\/vosgesinfo.fr\/saintdieinfo\/wp-json\/wp\/v2\/media?parent=66652"}],"wp:term":[{"taxonomy":"category","embeddable":true,"href":"https:\/\/vosgesinfo.fr\/saintdieinfo\/wp-json\/wp\/v2\/categories?post=66652"},{"taxonomy":"post_tag","embeddable":true,"href":"https:\/\/vosgesinfo.fr\/saintdieinfo\/wp-json\/wp\/v2\/tags?post=66652"}],"curies":[{"name":"wp","href":"https:\/\/api.w.org\/{rel}","templated":true}]}}