{"id":66666,"date":"2023-09-19T06:45:44","date_gmt":"2023-09-19T04:45:44","guid":{"rendered":"https:\/\/vosgesinfo.fr\/saintdieinfo\/2023\/09\/pose-offerte-chez-mobalpa-a-saint-die-2\/"},"modified":"2023-09-19T06:45:44","modified_gmt":"2023-09-19T04:45:44","slug":"pose-offerte-chez-mobalpa-a-saint-die-2","status":"publish","type":"post","link":"https:\/\/vosgesinfo.fr\/saintdieinfo\/2023\/09\/pose-offerte-chez-mobalpa-a-saint-die-2\/","title":{"rendered":"La Pose offerte chez Mobalpa \u00e0 Saint-Di\u00e9"},"content":{"rendered":"<p><span style=\"font-size: large;\"><a href=\"\/2023\/09\/mobalpa-photo-pemium-sept-2023.jpg\"><img decoding=\"async\" class=\"aligncenter size-large wp-image-206168\" src=\"\/2023\/09\/mobalpa-photo-pemium-sept-2023-1024x1024.jpg\" alt=\"mobalpa photo pemium sept 2023\" width=\"960\" height=\"960\" \/><\/a><\/span><\/p>\n<p><strong><span style=\"font-size: medium;\">Sp\u00e9cialis\u00e9 dans les cuisines, bains et rangement, le nouveau magasin Mobalpa, situ\u00e9 \u00e0 c\u00f4t\u00e9 du rond-point Pierre Mauroy \u00e0 Saint-Di\u00e9-Des-Vosges, organise une belle offre commerciale jusqu\u2019au 30 Septembre 2023.<\/span><\/strong><\/p>\n<p><strong>En effet, les clients de l\u2019enseigne Mobalpa vont pouvoir b\u00e9n\u00e9ficier de la pose offerte* sur l\u2019am\u00e9nagement de leur cuisine, et en plus, pour l\u2019achat de 3 appareils \u00e9lectrom\u00e9nagers Smeg + 1 \u20ac, le 4<sup>\u00e8me<\/sup> appareil sera offert ! <\/strong>Ce sera vraiment l\u2019occasion d\u2019\u00e9laborer votre projet et de profiter des meubles sur-mesure fabriqu\u00e9s \u00e0 Annecy\u00a0!<\/p>\n<p><strong>Toute l\u2019\u00e9quipe de Pierre Fade, avec Julien, Aur\u00e9lie et Cynthia, se tient \u00e0 votre disposition<\/strong> pour r\u00e9pondre brillamment \u00e0 toutes vos aspirations. Sur une surface de 250 m2,<b> <\/b>un v\u00e9ritable \u00ab\u00a0show room\u00a0\u00bb agenc\u00e9 comme un appartement t\u00e9moin vous attend, avec des expositions de cuisines, de dressings, de meubles de rangement d\u2019entr\u00e9e, de bureau, de salon ou encore de salle de bains\u00a0;<a href=\"\/2023\/09\/mobalpa-st-di\u00e9-sept.jpg\"><img decoding=\"async\" class=\"aligncenter size-medium wp-image-206167\" src=\"\/2023\/09\/mobalpa-st-di\u00e9-sept-400x151.jpg\" alt=\"mobalpa st-di\u00e9-sept\" width=\"400\" height=\"151\" \/><\/a><\/p>\n<p><strong>Et pour pouvoir se projeter pleinement, les clients d\u00e9couvriront leur propre int\u00e9rieur am\u00e9nag\u00e9 selon leurs envies, gr\u00e2ce \u00e0 la r\u00e9alit\u00e9 virtuelle\u00a0! <\/strong>Car le sur-mesure, au millim\u00e8tre pr\u00e8s est de mise chez Mobalpa\u00a0! Tout en respectant le budget initial\u00a0!<\/p>\n<p><strong>Vous n\u2019aurez plus que l\u2019embarras du choix parmi plus de 183 coloris de rev\u00eatement pour vos futurs meubles, tout en sachant que l\u2019\u00e9lectrom\u00e9nager sera garantis pendant 7 ans\u00a0!<\/strong> Mobalpa d\u00e9tient les meilleures garanties \u00e9lectrom\u00e9nagers, sanitaires, meubles et pi\u00e8ces individuelles, de tout le march\u00e9 de l\u2019ameublement.<\/p>\n<p><a href=\"\/2023\/09\/mobalpa-st-di\u00e9-4.jpg\"><img decoding=\"async\" class=\"aligncenter size-medium wp-image-206170\" src=\"\/2023\/09\/mobalpa-st-di\u00e9-4-400x157.jpg\" alt=\"mobalpa st-di\u00e9 4\" width=\"400\" height=\"157\" \/><\/a><\/p>\n<p><strong>Alors si vous r\u00eavez d\u2019une cuisine fonctionnelle et conviviale, moderne ou plut\u00f4t bucolique, graphique ou plus \u00ab\u00a0jardin d\u2019hiver\u00a0\u00bb, r\u00e9tro-chic ou plut\u00f4t m\u00e9diterran\u00e9enne, et profiter en plus de la promotion jusqu\u2019au 30 Septembre 2023\u2026<\/strong> la sympathique \u00e9quipe de Pierre s\u2019occupera de tout\u00a0: du conseil, en passant par la conception, \u00e0 la livraison et \u00e0 l\u2019installation des meubles, et en prenant en charge, bien-s\u00fbr tous les petits travaux de modifications n\u00e9cessaires, en plomberie, en pl\u00e2trerie ou encore en \u00e9lectricit\u00e9, car Mobalpa Saint-Di\u00e9 met \u00e0 votre disposition des \u00e9quipes de poseurs-installateurs hautement qualifi\u00e9s.<\/p>\n<p><span style=\"font-size: small;\">*voir conditions en magasin<\/span><\/p>\n<p><strong><u>Renseignements compl\u00e9mentaires<\/u>\u00a0:<\/strong><\/p>\n<p><strong>Magasin Mobalpa, 1 Av. Jean Jaur\u00e8s, 88100 Saint-Di\u00e9-Des-Vosges<\/strong><\/p>\n<p><strong>T\u00e9l. 03.29.60.27.04<\/strong><\/p>\n<p><strong><span style=\"color: #0000ff;\"><u><a href=\"https:\/\/www.mobalpa.fr\/magasin\/mobalpa-saint-die\">https:\/\/www.mobalpa.fr\/magasin\/mobalpa-saint-die<\/a><\/u><\/span><\/strong><\/p>\n<p><a href=\"\/2023\/09\/mobalpa-st-di\u00e9-3.jpg\"><img decoding=\"async\" class=\"aligncenter size-large wp-image-206169\" src=\"\/2023\/09\/mobalpa-st-di\u00e9-3-1024x398.jpg\" alt=\"mobalpa st-di\u00e9 3\" width=\"960\" height=\"373\" \/><\/a><\/p>\n<p>R\u00e9daction : Patricia Ferry-Demange &#8211; Patricia.ferrydemange@gmail.com<\/p>\n","protected":false},"excerpt":{"rendered":"<p>Sp\u00e9cialis\u00e9 dans les cuisines, bains et rangement, le nouveau magasin Mobalpa, situ\u00e9 \u00e0 c\u00f4t\u00e9 du rond-point Pierre Mauroy \u00e0 Saint-Di\u00e9-Des-Vosges, [&hellip;]<\/p>\n","protected":false},"author":44,"featured_media":22997,"comment_status":"open","ping_status":"open","sticky":false,"template":"","format":"standard","meta":{"footnotes":""},"categories":[460,2915,18],"tags":[3447],"class_list":["post-66666","post","type-post","status-publish","format-standard","has-post-thumbnail","hentry","category-a-la-une","category-saint-die-son-canton","category-vosges","tag-mobalpa"],"acf":[],"yoast_head":"<!-- This site is optimized with the Yoast SEO plugin v22.5 - https:\/\/yoast.com\/wordpress\/plugins\/seo\/ -->\n<title>La Pose offerte chez Mobalpa \u00e0 Saint-Di\u00e9 - Saint Die Info<\/title>\n<meta name=\"robots\" content=\"index, follow, max-snippet:-1, max-image-preview:large, max-video-preview:-1\" \/>\n<link rel=\"canonical\" href=\"https:\/\/vosgesinfo.fr\/saintdieinfo\/2023\/09\/pose-offerte-chez-mobalpa-a-saint-die-2\/\" \/>\n<meta name=\"twitter:card\" content=\"summary_large_image\" \/>\n<meta name=\"twitter:title\" content=\"La Pose offerte chez Mobalpa \u00e0 Saint-Di\u00e9 - Saint Die Info\" \/>\n<meta name=\"twitter:description\" content=\"Sp\u00e9cialis\u00e9 dans les cuisines, bains et rangement, le nouveau magasin Mobalpa, situ\u00e9 \u00e0 c\u00f4t\u00e9 du rond-point Pierre Mauroy \u00e0 Saint-Di\u00e9-Des-Vosges, [&hellip;]\" \/>\n<meta name=\"twitter:image\" content=\"https:\/\/vosgesinfo.fr\/app\/uploads\/sites\/4\/2023\/09\/mobalpa-photo-pemium-sept-2023.jpg\" \/>\n<meta name=\"twitter:creator\" content=\"@VosgesInfo88\" \/>\n<meta name=\"twitter:site\" content=\"@VosgesInfo88\" \/>\n<meta name=\"twitter:label1\" content=\"\u00c9crit par\" \/>\n\t<meta name=\"twitter:data1\" content=\"la r\u00e9daction\" \/>\n\t<meta name=\"twitter:label2\" content=\"Dur\u00e9e de lecture estim\u00e9e\" \/>\n\t<meta name=\"twitter:data2\" content=\"2 minutes\" \/>\n<script type=\"application\/ld+json\" class=\"yoast-schema-graph\">{\"@context\":\"https:\/\/schema.org\",\"@graph\":[{\"@type\":\"Article\",\"@id\":\"https:\/\/vosgesinfo.fr\/saintdieinfo\/2023\/09\/pose-offerte-chez-mobalpa-a-saint-die-2\/#article\",\"isPartOf\":{\"@id\":\"https:\/\/vosgesinfo.fr\/saintdieinfo\/2023\/09\/pose-offerte-chez-mobalpa-a-saint-die-2\/\"},\"author\":{\"name\":\"la r\u00e9daction\",\"@id\":\"https:\/\/vosgesinfo.fr\/saintdieinfo\/#\/schema\/person\/faee6704a21f3977511db84bd1cd450f\"},\"headline\":\"La Pose offerte chez Mobalpa \u00e0 Saint-Di\u00e9\",\"datePublished\":\"2023-09-19T04:45:44+00:00\",\"dateModified\":\"2023-09-19T04:45:44+00:00\",\"mainEntityOfPage\":{\"@id\":\"https:\/\/vosgesinfo.fr\/saintdieinfo\/2023\/09\/pose-offerte-chez-mobalpa-a-saint-die-2\/\"},\"wordCount\":386,\"commentCount\":0,\"publisher\":{\"@id\":\"https:\/\/vosgesinfo.fr\/saintdieinfo\/#organization\"},\"image\":{\"@id\":\"https:\/\/vosgesinfo.fr\/saintdieinfo\/2023\/09\/pose-offerte-chez-mobalpa-a-saint-die-2\/#primaryimage\"},\"thumbnailUrl\":\"https:\/\/vosgesinfo.fr\/app\/uploads\/sites\/4\/2023\/09\/mobalpa-photo-pemium-sept-2023.jpg\",\"keywords\":[\"Mobalpa\"],\"articleSection\":[\"A la Une\",\"Saint-Di\u00e9-des-Vosges et son Agglom\u00e9ration\",\"Vosges\"],\"inLanguage\":\"fr-FR\",\"potentialAction\":[{\"@type\":\"CommentAction\",\"name\":\"Comment\",\"target\":[\"https:\/\/vosgesinfo.fr\/saintdieinfo\/2023\/09\/pose-offerte-chez-mobalpa-a-saint-die-2\/#respond\"]}]},{\"@type\":\"WebPage\",\"@id\":\"https:\/\/vosgesinfo.fr\/saintdieinfo\/2023\/09\/pose-offerte-chez-mobalpa-a-saint-die-2\/\",\"url\":\"https:\/\/vosgesinfo.fr\/saintdieinfo\/2023\/09\/pose-offerte-chez-mobalpa-a-saint-die-2\/\",\"name\":\"La Pose offerte chez Mobalpa \u00e0 Saint-Di\u00e9 - Saint Die Info\",\"isPartOf\":{\"@id\":\"https:\/\/vosgesinfo.fr\/saintdieinfo\/#website\"},\"primaryImageOfPage\":{\"@id\":\"https:\/\/vosgesinfo.fr\/saintdieinfo\/2023\/09\/pose-offerte-chez-mobalpa-a-saint-die-2\/#primaryimage\"},\"image\":{\"@id\":\"https:\/\/vosgesinfo.fr\/saintdieinfo\/2023\/09\/pose-offerte-chez-mobalpa-a-saint-die-2\/#primaryimage\"},\"thumbnailUrl\":\"https:\/\/vosgesinfo.fr\/app\/uploads\/sites\/4\/2023\/09\/mobalpa-photo-pemium-sept-2023.jpg\",\"datePublished\":\"2023-09-19T04:45:44+00:00\",\"dateModified\":\"2023-09-19T04:45:44+00:00\",\"breadcrumb\":{\"@id\":\"https:\/\/vosgesinfo.fr\/saintdieinfo\/2023\/09\/pose-offerte-chez-mobalpa-a-saint-die-2\/#breadcrumb\"},\"inLanguage\":\"fr-FR\",\"potentialAction\":[{\"@type\":\"ReadAction\",\"target\":[\"https:\/\/vosgesinfo.fr\/saintdieinfo\/2023\/09\/pose-offerte-chez-mobalpa-a-saint-die-2\/\"]}]},{\"@type\":\"ImageObject\",\"inLanguage\":\"fr-FR\",\"@id\":\"https:\/\/vosgesinfo.fr\/saintdieinfo\/2023\/09\/pose-offerte-chez-mobalpa-a-saint-die-2\/#primaryimage\",\"url\":\"https:\/\/vosgesinfo.fr\/app\/uploads\/sites\/4\/2023\/09\/mobalpa-photo-pemium-sept-2023.jpg\",\"contentUrl\":\"https:\/\/vosgesinfo.fr\/app\/uploads\/sites\/4\/2023\/09\/mobalpa-photo-pemium-sept-2023.jpg\",\"width\":1200,\"height\":1200},{\"@type\":\"BreadcrumbList\",\"@id\":\"https:\/\/vosgesinfo.fr\/saintdieinfo\/2023\/09\/pose-offerte-chez-mobalpa-a-saint-die-2\/#breadcrumb\",\"itemListElement\":[{\"@type\":\"ListItem\",\"position\":1,\"name\":\"Home\",\"item\":\"https:\/\/vosgesinfo.fr\/saintdieinfo\/\"},{\"@type\":\"ListItem\",\"position\":2,\"name\":\"La Pose offerte chez Mobalpa \u00e0 Saint-Di\u00e9\"}]},{\"@type\":\"WebSite\",\"@id\":\"https:\/\/vosgesinfo.fr\/saintdieinfo\/#website\",\"url\":\"https:\/\/vosgesinfo.fr\/saintdieinfo\/\",\"name\":\"Saint Die Info\",\"description\":\"Toute l&#039;actualit\u00e9 de Saint-Di\u00e9-Des-Vosges\",\"publisher\":{\"@id\":\"https:\/\/vosgesinfo.fr\/saintdieinfo\/#organization\"},\"alternateName\":\"Toute l'actualit\u00e9 de Saint-Di\u00e9-Des-Vosges\",\"potentialAction\":[{\"@type\":\"SearchAction\",\"target\":{\"@type\":\"EntryPoint\",\"urlTemplate\":\"https:\/\/vosgesinfo.fr\/saintdieinfo\/?s={search_term_string}\"},\"query-input\":\"required name=search_term_string\"}],\"inLanguage\":\"fr-FR\"},{\"@type\":\"Organization\",\"@id\":\"https:\/\/vosgesinfo.fr\/saintdieinfo\/#organization\",\"name\":\"Saint Die Info\",\"url\":\"https:\/\/vosgesinfo.fr\/saintdieinfo\/\",\"logo\":{\"@type\":\"ImageObject\",\"inLanguage\":\"fr-FR\",\"@id\":\"https:\/\/vosgesinfo.fr\/saintdieinfo\/#\/schema\/logo\/image\/\",\"url\":\"https:\/\/vosgesinfo.fr\/app\/uploads\/sites\/4\/2024\/02\/logo-sdi.jpg\",\"contentUrl\":\"https:\/\/vosgesinfo.fr\/app\/uploads\/sites\/4\/2024\/02\/logo-sdi.jpg\",\"width\":600,\"height\":600,\"caption\":\"Saint Die Info\"},\"image\":{\"@id\":\"https:\/\/vosgesinfo.fr\/saintdieinfo\/#\/schema\/logo\/image\/\"},\"sameAs\":[\"https:\/\/www.facebook.com\/Saintdieinfofr\",\"https:\/\/x.com\/VosgesInfo88\",\"https:\/\/www.youtube.com\/@vosgesinfo\"]},{\"@type\":\"Person\",\"@id\":\"https:\/\/vosgesinfo.fr\/saintdieinfo\/#\/schema\/person\/faee6704a21f3977511db84bd1cd450f\",\"name\":\"la r\u00e9daction\",\"image\":{\"@type\":\"ImageObject\",\"inLanguage\":\"fr-FR\",\"@id\":\"https:\/\/vosgesinfo.fr\/saintdieinfo\/#\/schema\/person\/image\/\",\"url\":\"https:\/\/secure.gravatar.com\/avatar\/6673d8bc6a9c17fa9a453eaa3448de834fa308c2ec9635b7aa99441a7c8d2cf6?s=96&d=mm&r=g\",\"contentUrl\":\"https:\/\/secure.gravatar.com\/avatar\/6673d8bc6a9c17fa9a453eaa3448de834fa308c2ec9635b7aa99441a7c8d2cf6?s=96&d=mm&r=g\",\"caption\":\"la r\u00e9daction\"},\"url\":\"https:\/\/vosgesinfo.fr\/saintdieinfo\/author\/redac\/\"}]}<\/script>\n<!-- \/ Yoast SEO plugin. -->","yoast_head_json":{"title":"La Pose offerte chez Mobalpa \u00e0 Saint-Di\u00e9 - Saint Die Info","robots":{"index":"index","follow":"follow","max-snippet":"max-snippet:-1","max-image-preview":"max-image-preview:large","max-video-preview":"max-video-preview:-1"},"canonical":"https:\/\/vosgesinfo.fr\/saintdieinfo\/2023\/09\/pose-offerte-chez-mobalpa-a-saint-die-2\/","twitter_card":"summary_large_image","twitter_title":"La Pose offerte chez Mobalpa \u00e0 Saint-Di\u00e9 - Saint Die Info","twitter_description":"Sp\u00e9cialis\u00e9 dans les cuisines, bains et rangement, le nouveau magasin Mobalpa, situ\u00e9 \u00e0 c\u00f4t\u00e9 du rond-point Pierre Mauroy \u00e0 Saint-Di\u00e9-Des-Vosges, [&hellip;]","twitter_image":"https:\/\/vosgesinfo.fr\/app\/uploads\/sites\/4\/2023\/09\/mobalpa-photo-pemium-sept-2023.jpg","twitter_creator":"@VosgesInfo88","twitter_site":"@VosgesInfo88","twitter_misc":{"\u00c9crit par":"la r\u00e9daction","Dur\u00e9e de lecture estim\u00e9e":"2 minutes"},"schema":{"@context":"https:\/\/schema.org","@graph":[{"@type":"Article","@id":"https:\/\/vosgesinfo.fr\/saintdieinfo\/2023\/09\/pose-offerte-chez-mobalpa-a-saint-die-2\/#article","isPartOf":{"@id":"https:\/\/vosgesinfo.fr\/saintdieinfo\/2023\/09\/pose-offerte-chez-mobalpa-a-saint-die-2\/"},"author":{"name":"la r\u00e9daction","@id":"https:\/\/vosgesinfo.fr\/saintdieinfo\/#\/schema\/person\/faee6704a21f3977511db84bd1cd450f"},"headline":"La Pose offerte chez Mobalpa \u00e0 Saint-Di\u00e9","datePublished":"2023-09-19T04:45:44+00:00","dateModified":"2023-09-19T04:45:44+00:00","mainEntityOfPage":{"@id":"https:\/\/vosgesinfo.fr\/saintdieinfo\/2023\/09\/pose-offerte-chez-mobalpa-a-saint-die-2\/"},"wordCount":386,"commentCount":0,"publisher":{"@id":"https:\/\/vosgesinfo.fr\/saintdieinfo\/#organization"},"image":{"@id":"https:\/\/vosgesinfo.fr\/saintdieinfo\/2023\/09\/pose-offerte-chez-mobalpa-a-saint-die-2\/#primaryimage"},"thumbnailUrl":"https:\/\/vosgesinfo.fr\/app\/uploads\/sites\/4\/2023\/09\/mobalpa-photo-pemium-sept-2023.jpg","keywords":["Mobalpa"],"articleSection":["A la Une","Saint-Di\u00e9-des-Vosges et son Agglom\u00e9ration","Vosges"],"inLanguage":"fr-FR","potentialAction":[{"@type":"CommentAction","name":"Comment","target":["https:\/\/vosgesinfo.fr\/saintdieinfo\/2023\/09\/pose-offerte-chez-mobalpa-a-saint-die-2\/#respond"]}]},{"@type":"WebPage","@id":"https:\/\/vosgesinfo.fr\/saintdieinfo\/2023\/09\/pose-offerte-chez-mobalpa-a-saint-die-2\/","url":"https:\/\/vosgesinfo.fr\/saintdieinfo\/2023\/09\/pose-offerte-chez-mobalpa-a-saint-die-2\/","name":"La Pose offerte chez Mobalpa \u00e0 Saint-Di\u00e9 - Saint Die Info","isPartOf":{"@id":"https:\/\/vosgesinfo.fr\/saintdieinfo\/#website"},"primaryImageOfPage":{"@id":"https:\/\/vosgesinfo.fr\/saintdieinfo\/2023\/09\/pose-offerte-chez-mobalpa-a-saint-die-2\/#primaryimage"},"image":{"@id":"https:\/\/vosgesinfo.fr\/saintdieinfo\/2023\/09\/pose-offerte-chez-mobalpa-a-saint-die-2\/#primaryimage"},"thumbnailUrl":"https:\/\/vosgesinfo.fr\/app\/uploads\/sites\/4\/2023\/09\/mobalpa-photo-pemium-sept-2023.jpg","datePublished":"2023-09-19T04:45:44+00:00","dateModified":"2023-09-19T04:45:44+00:00","breadcrumb":{"@id":"https:\/\/vosgesinfo.fr\/saintdieinfo\/2023\/09\/pose-offerte-chez-mobalpa-a-saint-die-2\/#breadcrumb"},"inLanguage":"fr-FR","potentialAction":[{"@type":"ReadAction","target":["https:\/\/vosgesinfo.fr\/saintdieinfo\/2023\/09\/pose-offerte-chez-mobalpa-a-saint-die-2\/"]}]},{"@type":"ImageObject","inLanguage":"fr-FR","@id":"https:\/\/vosgesinfo.fr\/saintdieinfo\/2023\/09\/pose-offerte-chez-mobalpa-a-saint-die-2\/#primaryimage","url":"https:\/\/vosgesinfo.fr\/app\/uploads\/sites\/4\/2023\/09\/mobalpa-photo-pemium-sept-2023.jpg","contentUrl":"https:\/\/vosgesinfo.fr\/app\/uploads\/sites\/4\/2023\/09\/mobalpa-photo-pemium-sept-2023.jpg","width":1200,"height":1200},{"@type":"BreadcrumbList","@id":"https:\/\/vosgesinfo.fr\/saintdieinfo\/2023\/09\/pose-offerte-chez-mobalpa-a-saint-die-2\/#breadcrumb","itemListElement":[{"@type":"ListItem","position":1,"name":"Home","item":"https:\/\/vosgesinfo.fr\/saintdieinfo\/"},{"@type":"ListItem","position":2,"name":"La Pose offerte chez Mobalpa \u00e0 Saint-Di\u00e9"}]},{"@type":"WebSite","@id":"https:\/\/vosgesinfo.fr\/saintdieinfo\/#website","url":"https:\/\/vosgesinfo.fr\/saintdieinfo\/","name":"Saint Die Info","description":"Toute l&#039;actualit\u00e9 de Saint-Di\u00e9-Des-Vosges","publisher":{"@id":"https:\/\/vosgesinfo.fr\/saintdieinfo\/#organization"},"alternateName":"Toute l'actualit\u00e9 de Saint-Di\u00e9-Des-Vosges","potentialAction":[{"@type":"SearchAction","target":{"@type":"EntryPoint","urlTemplate":"https:\/\/vosgesinfo.fr\/saintdieinfo\/?s={search_term_string}"},"query-input":"required name=search_term_string"}],"inLanguage":"fr-FR"},{"@type":"Organization","@id":"https:\/\/vosgesinfo.fr\/saintdieinfo\/#organization","name":"Saint Die Info","url":"https:\/\/vosgesinfo.fr\/saintdieinfo\/","logo":{"@type":"ImageObject","inLanguage":"fr-FR","@id":"https:\/\/vosgesinfo.fr\/saintdieinfo\/#\/schema\/logo\/image\/","url":"https:\/\/vosgesinfo.fr\/app\/uploads\/sites\/4\/2024\/02\/logo-sdi.jpg","contentUrl":"https:\/\/vosgesinfo.fr\/app\/uploads\/sites\/4\/2024\/02\/logo-sdi.jpg","width":600,"height":600,"caption":"Saint Die Info"},"image":{"@id":"https:\/\/vosgesinfo.fr\/saintdieinfo\/#\/schema\/logo\/image\/"},"sameAs":["https:\/\/www.facebook.com\/Saintdieinfofr","https:\/\/x.com\/VosgesInfo88","https:\/\/www.youtube.com\/@vosgesinfo"]},{"@type":"Person","@id":"https:\/\/vosgesinfo.fr\/saintdieinfo\/#\/schema\/person\/faee6704a21f3977511db84bd1cd450f","name":"la r\u00e9daction","image":{"@type":"ImageObject","inLanguage":"fr-FR","@id":"https:\/\/vosgesinfo.fr\/saintdieinfo\/#\/schema\/person\/image\/","url":"https:\/\/secure.gravatar.com\/avatar\/6673d8bc6a9c17fa9a453eaa3448de834fa308c2ec9635b7aa99441a7c8d2cf6?s=96&d=mm&r=g","contentUrl":"https:\/\/secure.gravatar.com\/avatar\/6673d8bc6a9c17fa9a453eaa3448de834fa308c2ec9635b7aa99441a7c8d2cf6?s=96&d=mm&r=g","caption":"la r\u00e9daction"},"url":"https:\/\/vosgesinfo.fr\/saintdieinfo\/author\/redac\/"}]}},"_links":{"self":[{"href":"https:\/\/vosgesinfo.fr\/saintdieinfo\/wp-json\/wp\/v2\/posts\/66666","targetHints":{"allow":["GET"]}}],"collection":[{"href":"https:\/\/vosgesinfo.fr\/saintdieinfo\/wp-json\/wp\/v2\/posts"}],"about":[{"href":"https:\/\/vosgesinfo.fr\/saintdieinfo\/wp-json\/wp\/v2\/types\/post"}],"author":[{"embeddable":true,"href":"https:\/\/vosgesinfo.fr\/saintdieinfo\/wp-json\/wp\/v2\/users\/44"}],"replies":[{"embeddable":true,"href":"https:\/\/vosgesinfo.fr\/saintdieinfo\/wp-json\/wp\/v2\/comments?post=66666"}],"version-history":[{"count":0,"href":"https:\/\/vosgesinfo.fr\/saintdieinfo\/wp-json\/wp\/v2\/posts\/66666\/revisions"}],"wp:featuredmedia":[{"embeddable":true,"href":"https:\/\/vosgesinfo.fr\/saintdieinfo\/wp-json\/wp\/v2\/media\/22997"}],"wp:attachment":[{"href":"https:\/\/vosgesinfo.fr\/saintdieinfo\/wp-json\/wp\/v2\/media?parent=66666"}],"wp:term":[{"taxonomy":"category","embeddable":true,"href":"https:\/\/vosgesinfo.fr\/saintdieinfo\/wp-json\/wp\/v2\/categories?post=66666"},{"taxonomy":"post_tag","embeddable":true,"href":"https:\/\/vosgesinfo.fr\/saintdieinfo\/wp-json\/wp\/v2\/tags?post=66666"}],"curies":[{"name":"wp","href":"https:\/\/api.w.org\/{rel}","templated":true}]}}