{"id":66770,"date":"2023-10-06T11:23:54","date_gmt":"2023-10-06T09:23:54","guid":{"rendered":"https:\/\/vosgesinfo.fr\/saintdieinfo\/2023\/10\/visite-ministre-gabriel-attal-a-saint-die-vosges-reportee-2\/"},"modified":"2023-10-06T11:23:54","modified_gmt":"2023-10-06T09:23:54","slug":"visite-ministre-gabriel-attal-a-saint-die-vosges-reportee-2","status":"publish","type":"post","link":"https:\/\/vosgesinfo.fr\/saintdieinfo\/2023\/10\/visite-ministre-gabriel-attal-a-saint-die-vosges-reportee-2\/","title":{"rendered":"La visite du ministre Gabriel Attal \u00e0 Saint-Di\u00e9-des-Vosges est report\u00e9e"},"content":{"rendered":"<div id=\"attachment_206959\" style=\"width: 970px\" class=\"wp-caption aligncenter\"><a href=\"\/2023\/10\/Gabriel_Attal.jpg\" target=\"_blank\" rel=\"noopener\"><img decoding=\"async\" aria-describedby=\"caption-attachment-206959\" class=\"wp-image-206959 size-large\" src=\"\/2023\/10\/Gabriel_Attal-1024x683.jpg\" alt=\"Gabriel_Attal\" width=\"960\" height=\"640\" \/><\/a><p id=\"caption-attachment-206959\" class=\"wp-caption-text\">(Photographie Wikipedia.org)<\/p><\/div>\n<h2><strong><span style=\"font-size: 14pt;\">Le ministre de l&rsquo;Education Nationale Gabriel Attal \u00e9tait attendu ce vendredi 6 octobre \u00e0 Saint-Di\u00e9-des-Vosges. Attendu, car cette visite minist\u00e9rielle n&rsquo;a pas \u00e9t\u00e9 officiellement confirm\u00e9e par la Pr\u00e9fecture des Vosges, qui pr\u00e9cise par ailleurs que la venue du ministre est report\u00e9e.<\/span><\/strong><\/h2>\n<p><!--more--><\/p>\n<p>Gabriel Attal devait rendre un hommage \u00e0 Jules Ferry, sur sa tombe du cimeti\u00e8re de la Rive Droite, puis se rendre aux journ\u00e9es de rentr\u00e9e du Parti Radical, organis\u00e9 par le d\u00e9put\u00e9 David Valence et qui ont lieu ces vendredi et samedi \u00e0 Saint-Di\u00e9-des-Vosges. Le ministre est attendu aux obs\u00e8ques du journaliste Jean-Pierre Elkabbach, qui auront lieu \u00e0 Paris \u00e0 16h cet apr\u00e8s-midi.<\/p>\n<p>J.J.<\/p>\n","protected":false},"excerpt":{"rendered":"<p>Le ministre de l&rsquo;Education Nationale Gabriel Attal \u00e9tait attendu ce vendredi 6 octobre \u00e0 Saint-Di\u00e9-des-Vosges. Attendu, car cette visite minist\u00e9rielle [&hellip;]<\/p>\n","protected":false},"author":44,"featured_media":26361,"comment_status":"open","ping_status":"open","sticky":false,"template":"","format":"standard","meta":{"footnotes":""},"categories":[460,10,2915],"tags":[3654,4549,4550],"class_list":["post-66770","post","type-post","status-publish","format-standard","has-post-thumbnail","hentry","category-a-la-une","category-politique","category-saint-die-son-canton","tag-gabriel-attal","tag-ministre-de-leducation-national","tag-visite-de-gabriel-attal-a-saint-die-des-vosges"],"acf":[],"yoast_head":"<!-- This site is optimized with the Yoast SEO plugin v22.5 - https:\/\/yoast.com\/wordpress\/plugins\/seo\/ -->\n<title>La visite du ministre Gabriel Attal \u00e0 Saint-Di\u00e9-des-Vosges est report\u00e9e - Saint Die Info<\/title>\n<meta name=\"robots\" content=\"index, follow, max-snippet:-1, max-image-preview:large, max-video-preview:-1\" \/>\n<link rel=\"canonical\" href=\"https:\/\/vosgesinfo.fr\/saintdieinfo\/2023\/10\/visite-ministre-gabriel-attal-a-saint-die-vosges-reportee-2\/\" \/>\n<meta name=\"twitter:card\" content=\"summary_large_image\" \/>\n<meta name=\"twitter:title\" content=\"La visite du ministre Gabriel Attal \u00e0 Saint-Di\u00e9-des-Vosges est report\u00e9e - Saint Die Info\" \/>\n<meta name=\"twitter:description\" content=\"Le ministre de l&rsquo;Education Nationale Gabriel Attal \u00e9tait attendu ce vendredi 6 octobre \u00e0 Saint-Di\u00e9-des-Vosges. Attendu, car cette visite minist\u00e9rielle [&hellip;]\" \/>\n<meta name=\"twitter:image\" content=\"https:\/\/vosgesinfo.fr\/app\/uploads\/sites\/4\/2023\/10\/gabriel-attal.jpg\" \/>\n<meta name=\"twitter:creator\" content=\"@VosgesInfo88\" \/>\n<meta name=\"twitter:site\" content=\"@VosgesInfo88\" \/>\n<meta name=\"twitter:label1\" content=\"\u00c9crit par\" \/>\n\t<meta name=\"twitter:data1\" content=\"la r\u00e9daction\" \/>\n\t<meta name=\"twitter:label2\" content=\"Dur\u00e9e de lecture estim\u00e9e\" \/>\n\t<meta name=\"twitter:data2\" content=\"1 minute\" \/>\n<script type=\"application\/ld+json\" class=\"yoast-schema-graph\">{\"@context\":\"https:\/\/schema.org\",\"@graph\":[{\"@type\":\"Article\",\"@id\":\"https:\/\/vosgesinfo.fr\/saintdieinfo\/2023\/10\/visite-ministre-gabriel-attal-a-saint-die-vosges-reportee-2\/#article\",\"isPartOf\":{\"@id\":\"https:\/\/vosgesinfo.fr\/saintdieinfo\/2023\/10\/visite-ministre-gabriel-attal-a-saint-die-vosges-reportee-2\/\"},\"author\":{\"name\":\"la r\u00e9daction\",\"@id\":\"https:\/\/vosgesinfo.fr\/saintdieinfo\/#\/schema\/person\/faee6704a21f3977511db84bd1cd450f\"},\"headline\":\"La visite du ministre Gabriel Attal \u00e0 Saint-Di\u00e9-des-Vosges est report\u00e9e\",\"datePublished\":\"2023-10-06T09:23:54+00:00\",\"dateModified\":\"2023-10-06T09:23:54+00:00\",\"mainEntityOfPage\":{\"@id\":\"https:\/\/vosgesinfo.fr\/saintdieinfo\/2023\/10\/visite-ministre-gabriel-attal-a-saint-die-vosges-reportee-2\/\"},\"wordCount\":136,\"commentCount\":0,\"publisher\":{\"@id\":\"https:\/\/vosgesinfo.fr\/saintdieinfo\/#organization\"},\"image\":{\"@id\":\"https:\/\/vosgesinfo.fr\/saintdieinfo\/2023\/10\/visite-ministre-gabriel-attal-a-saint-die-vosges-reportee-2\/#primaryimage\"},\"thumbnailUrl\":\"https:\/\/vosgesinfo.fr\/app\/uploads\/sites\/4\/2023\/10\/gabriel-attal.jpg\",\"keywords\":[\"Gabriel Attal\",\"Ministre de l'Education National\",\"Visite de Gabriel Attal \u00e0 Saint-Di\u00e9-des-Vosges\"],\"articleSection\":[\"A la Une\",\"Politique\",\"Saint-Di\u00e9-des-Vosges et son Agglom\u00e9ration\"],\"inLanguage\":\"fr-FR\",\"potentialAction\":[{\"@type\":\"CommentAction\",\"name\":\"Comment\",\"target\":[\"https:\/\/vosgesinfo.fr\/saintdieinfo\/2023\/10\/visite-ministre-gabriel-attal-a-saint-die-vosges-reportee-2\/#respond\"]}]},{\"@type\":\"WebPage\",\"@id\":\"https:\/\/vosgesinfo.fr\/saintdieinfo\/2023\/10\/visite-ministre-gabriel-attal-a-saint-die-vosges-reportee-2\/\",\"url\":\"https:\/\/vosgesinfo.fr\/saintdieinfo\/2023\/10\/visite-ministre-gabriel-attal-a-saint-die-vosges-reportee-2\/\",\"name\":\"La visite du ministre Gabriel Attal \u00e0 Saint-Di\u00e9-des-Vosges est report\u00e9e - Saint Die Info\",\"isPartOf\":{\"@id\":\"https:\/\/vosgesinfo.fr\/saintdieinfo\/#website\"},\"primaryImageOfPage\":{\"@id\":\"https:\/\/vosgesinfo.fr\/saintdieinfo\/2023\/10\/visite-ministre-gabriel-attal-a-saint-die-vosges-reportee-2\/#primaryimage\"},\"image\":{\"@id\":\"https:\/\/vosgesinfo.fr\/saintdieinfo\/2023\/10\/visite-ministre-gabriel-attal-a-saint-die-vosges-reportee-2\/#primaryimage\"},\"thumbnailUrl\":\"https:\/\/vosgesinfo.fr\/app\/uploads\/sites\/4\/2023\/10\/gabriel-attal.jpg\",\"datePublished\":\"2023-10-06T09:23:54+00:00\",\"dateModified\":\"2023-10-06T09:23:54+00:00\",\"breadcrumb\":{\"@id\":\"https:\/\/vosgesinfo.fr\/saintdieinfo\/2023\/10\/visite-ministre-gabriel-attal-a-saint-die-vosges-reportee-2\/#breadcrumb\"},\"inLanguage\":\"fr-FR\",\"potentialAction\":[{\"@type\":\"ReadAction\",\"target\":[\"https:\/\/vosgesinfo.fr\/saintdieinfo\/2023\/10\/visite-ministre-gabriel-attal-a-saint-die-vosges-reportee-2\/\"]}]},{\"@type\":\"ImageObject\",\"inLanguage\":\"fr-FR\",\"@id\":\"https:\/\/vosgesinfo.fr\/saintdieinfo\/2023\/10\/visite-ministre-gabriel-attal-a-saint-die-vosges-reportee-2\/#primaryimage\",\"url\":\"https:\/\/vosgesinfo.fr\/app\/uploads\/sites\/4\/2023\/10\/gabriel-attal.jpg\",\"contentUrl\":\"https:\/\/vosgesinfo.fr\/app\/uploads\/sites\/4\/2023\/10\/gabriel-attal.jpg\",\"width\":1600,\"height\":1067},{\"@type\":\"BreadcrumbList\",\"@id\":\"https:\/\/vosgesinfo.fr\/saintdieinfo\/2023\/10\/visite-ministre-gabriel-attal-a-saint-die-vosges-reportee-2\/#breadcrumb\",\"itemListElement\":[{\"@type\":\"ListItem\",\"position\":1,\"name\":\"Home\",\"item\":\"https:\/\/vosgesinfo.fr\/saintdieinfo\/\"},{\"@type\":\"ListItem\",\"position\":2,\"name\":\"La visite du ministre Gabriel Attal \u00e0 Saint-Di\u00e9-des-Vosges est report\u00e9e\"}]},{\"@type\":\"WebSite\",\"@id\":\"https:\/\/vosgesinfo.fr\/saintdieinfo\/#website\",\"url\":\"https:\/\/vosgesinfo.fr\/saintdieinfo\/\",\"name\":\"Saint Die Info\",\"description\":\"Toute l&#039;actualit\u00e9 de Saint-Di\u00e9-Des-Vosges\",\"publisher\":{\"@id\":\"https:\/\/vosgesinfo.fr\/saintdieinfo\/#organization\"},\"alternateName\":\"Toute l'actualit\u00e9 de Saint-Di\u00e9-Des-Vosges\",\"potentialAction\":[{\"@type\":\"SearchAction\",\"target\":{\"@type\":\"EntryPoint\",\"urlTemplate\":\"https:\/\/vosgesinfo.fr\/saintdieinfo\/?s={search_term_string}\"},\"query-input\":\"required name=search_term_string\"}],\"inLanguage\":\"fr-FR\"},{\"@type\":\"Organization\",\"@id\":\"https:\/\/vosgesinfo.fr\/saintdieinfo\/#organization\",\"name\":\"Saint Die Info\",\"url\":\"https:\/\/vosgesinfo.fr\/saintdieinfo\/\",\"logo\":{\"@type\":\"ImageObject\",\"inLanguage\":\"fr-FR\",\"@id\":\"https:\/\/vosgesinfo.fr\/saintdieinfo\/#\/schema\/logo\/image\/\",\"url\":\"https:\/\/vosgesinfo.fr\/app\/uploads\/sites\/4\/2024\/02\/logo-sdi.jpg\",\"contentUrl\":\"https:\/\/vosgesinfo.fr\/app\/uploads\/sites\/4\/2024\/02\/logo-sdi.jpg\",\"width\":600,\"height\":600,\"caption\":\"Saint Die Info\"},\"image\":{\"@id\":\"https:\/\/vosgesinfo.fr\/saintdieinfo\/#\/schema\/logo\/image\/\"},\"sameAs\":[\"https:\/\/www.facebook.com\/Saintdieinfofr\",\"https:\/\/x.com\/VosgesInfo88\",\"https:\/\/www.youtube.com\/@vosgesinfo\"]},{\"@type\":\"Person\",\"@id\":\"https:\/\/vosgesinfo.fr\/saintdieinfo\/#\/schema\/person\/faee6704a21f3977511db84bd1cd450f\",\"name\":\"la r\u00e9daction\",\"image\":{\"@type\":\"ImageObject\",\"inLanguage\":\"fr-FR\",\"@id\":\"https:\/\/vosgesinfo.fr\/saintdieinfo\/#\/schema\/person\/image\/\",\"url\":\"https:\/\/secure.gravatar.com\/avatar\/6673d8bc6a9c17fa9a453eaa3448de834fa308c2ec9635b7aa99441a7c8d2cf6?s=96&d=mm&r=g\",\"contentUrl\":\"https:\/\/secure.gravatar.com\/avatar\/6673d8bc6a9c17fa9a453eaa3448de834fa308c2ec9635b7aa99441a7c8d2cf6?s=96&d=mm&r=g\",\"caption\":\"la r\u00e9daction\"},\"url\":\"https:\/\/vosgesinfo.fr\/saintdieinfo\/author\/redac\/\"}]}<\/script>\n<!-- \/ Yoast SEO plugin. -->","yoast_head_json":{"title":"La visite du ministre Gabriel Attal \u00e0 Saint-Di\u00e9-des-Vosges est report\u00e9e - Saint Die Info","robots":{"index":"index","follow":"follow","max-snippet":"max-snippet:-1","max-image-preview":"max-image-preview:large","max-video-preview":"max-video-preview:-1"},"canonical":"https:\/\/vosgesinfo.fr\/saintdieinfo\/2023\/10\/visite-ministre-gabriel-attal-a-saint-die-vosges-reportee-2\/","twitter_card":"summary_large_image","twitter_title":"La visite du ministre Gabriel Attal \u00e0 Saint-Di\u00e9-des-Vosges est report\u00e9e - Saint Die Info","twitter_description":"Le ministre de l&rsquo;Education Nationale Gabriel Attal \u00e9tait attendu ce vendredi 6 octobre \u00e0 Saint-Di\u00e9-des-Vosges. Attendu, car cette visite minist\u00e9rielle [&hellip;]","twitter_image":"https:\/\/vosgesinfo.fr\/app\/uploads\/sites\/4\/2023\/10\/gabriel-attal.jpg","twitter_creator":"@VosgesInfo88","twitter_site":"@VosgesInfo88","twitter_misc":{"\u00c9crit par":"la r\u00e9daction","Dur\u00e9e de lecture estim\u00e9e":"1 minute"},"schema":{"@context":"https:\/\/schema.org","@graph":[{"@type":"Article","@id":"https:\/\/vosgesinfo.fr\/saintdieinfo\/2023\/10\/visite-ministre-gabriel-attal-a-saint-die-vosges-reportee-2\/#article","isPartOf":{"@id":"https:\/\/vosgesinfo.fr\/saintdieinfo\/2023\/10\/visite-ministre-gabriel-attal-a-saint-die-vosges-reportee-2\/"},"author":{"name":"la r\u00e9daction","@id":"https:\/\/vosgesinfo.fr\/saintdieinfo\/#\/schema\/person\/faee6704a21f3977511db84bd1cd450f"},"headline":"La visite du ministre Gabriel Attal \u00e0 Saint-Di\u00e9-des-Vosges est report\u00e9e","datePublished":"2023-10-06T09:23:54+00:00","dateModified":"2023-10-06T09:23:54+00:00","mainEntityOfPage":{"@id":"https:\/\/vosgesinfo.fr\/saintdieinfo\/2023\/10\/visite-ministre-gabriel-attal-a-saint-die-vosges-reportee-2\/"},"wordCount":136,"commentCount":0,"publisher":{"@id":"https:\/\/vosgesinfo.fr\/saintdieinfo\/#organization"},"image":{"@id":"https:\/\/vosgesinfo.fr\/saintdieinfo\/2023\/10\/visite-ministre-gabriel-attal-a-saint-die-vosges-reportee-2\/#primaryimage"},"thumbnailUrl":"https:\/\/vosgesinfo.fr\/app\/uploads\/sites\/4\/2023\/10\/gabriel-attal.jpg","keywords":["Gabriel Attal","Ministre de l'Education National","Visite de Gabriel Attal \u00e0 Saint-Di\u00e9-des-Vosges"],"articleSection":["A la Une","Politique","Saint-Di\u00e9-des-Vosges et son Agglom\u00e9ration"],"inLanguage":"fr-FR","potentialAction":[{"@type":"CommentAction","name":"Comment","target":["https:\/\/vosgesinfo.fr\/saintdieinfo\/2023\/10\/visite-ministre-gabriel-attal-a-saint-die-vosges-reportee-2\/#respond"]}]},{"@type":"WebPage","@id":"https:\/\/vosgesinfo.fr\/saintdieinfo\/2023\/10\/visite-ministre-gabriel-attal-a-saint-die-vosges-reportee-2\/","url":"https:\/\/vosgesinfo.fr\/saintdieinfo\/2023\/10\/visite-ministre-gabriel-attal-a-saint-die-vosges-reportee-2\/","name":"La visite du ministre Gabriel Attal \u00e0 Saint-Di\u00e9-des-Vosges est report\u00e9e - Saint Die Info","isPartOf":{"@id":"https:\/\/vosgesinfo.fr\/saintdieinfo\/#website"},"primaryImageOfPage":{"@id":"https:\/\/vosgesinfo.fr\/saintdieinfo\/2023\/10\/visite-ministre-gabriel-attal-a-saint-die-vosges-reportee-2\/#primaryimage"},"image":{"@id":"https:\/\/vosgesinfo.fr\/saintdieinfo\/2023\/10\/visite-ministre-gabriel-attal-a-saint-die-vosges-reportee-2\/#primaryimage"},"thumbnailUrl":"https:\/\/vosgesinfo.fr\/app\/uploads\/sites\/4\/2023\/10\/gabriel-attal.jpg","datePublished":"2023-10-06T09:23:54+00:00","dateModified":"2023-10-06T09:23:54+00:00","breadcrumb":{"@id":"https:\/\/vosgesinfo.fr\/saintdieinfo\/2023\/10\/visite-ministre-gabriel-attal-a-saint-die-vosges-reportee-2\/#breadcrumb"},"inLanguage":"fr-FR","potentialAction":[{"@type":"ReadAction","target":["https:\/\/vosgesinfo.fr\/saintdieinfo\/2023\/10\/visite-ministre-gabriel-attal-a-saint-die-vosges-reportee-2\/"]}]},{"@type":"ImageObject","inLanguage":"fr-FR","@id":"https:\/\/vosgesinfo.fr\/saintdieinfo\/2023\/10\/visite-ministre-gabriel-attal-a-saint-die-vosges-reportee-2\/#primaryimage","url":"https:\/\/vosgesinfo.fr\/app\/uploads\/sites\/4\/2023\/10\/gabriel-attal.jpg","contentUrl":"https:\/\/vosgesinfo.fr\/app\/uploads\/sites\/4\/2023\/10\/gabriel-attal.jpg","width":1600,"height":1067},{"@type":"BreadcrumbList","@id":"https:\/\/vosgesinfo.fr\/saintdieinfo\/2023\/10\/visite-ministre-gabriel-attal-a-saint-die-vosges-reportee-2\/#breadcrumb","itemListElement":[{"@type":"ListItem","position":1,"name":"Home","item":"https:\/\/vosgesinfo.fr\/saintdieinfo\/"},{"@type":"ListItem","position":2,"name":"La visite du ministre Gabriel Attal \u00e0 Saint-Di\u00e9-des-Vosges est report\u00e9e"}]},{"@type":"WebSite","@id":"https:\/\/vosgesinfo.fr\/saintdieinfo\/#website","url":"https:\/\/vosgesinfo.fr\/saintdieinfo\/","name":"Saint Die Info","description":"Toute l&#039;actualit\u00e9 de Saint-Di\u00e9-Des-Vosges","publisher":{"@id":"https:\/\/vosgesinfo.fr\/saintdieinfo\/#organization"},"alternateName":"Toute l'actualit\u00e9 de Saint-Di\u00e9-Des-Vosges","potentialAction":[{"@type":"SearchAction","target":{"@type":"EntryPoint","urlTemplate":"https:\/\/vosgesinfo.fr\/saintdieinfo\/?s={search_term_string}"},"query-input":"required name=search_term_string"}],"inLanguage":"fr-FR"},{"@type":"Organization","@id":"https:\/\/vosgesinfo.fr\/saintdieinfo\/#organization","name":"Saint Die Info","url":"https:\/\/vosgesinfo.fr\/saintdieinfo\/","logo":{"@type":"ImageObject","inLanguage":"fr-FR","@id":"https:\/\/vosgesinfo.fr\/saintdieinfo\/#\/schema\/logo\/image\/","url":"https:\/\/vosgesinfo.fr\/app\/uploads\/sites\/4\/2024\/02\/logo-sdi.jpg","contentUrl":"https:\/\/vosgesinfo.fr\/app\/uploads\/sites\/4\/2024\/02\/logo-sdi.jpg","width":600,"height":600,"caption":"Saint Die Info"},"image":{"@id":"https:\/\/vosgesinfo.fr\/saintdieinfo\/#\/schema\/logo\/image\/"},"sameAs":["https:\/\/www.facebook.com\/Saintdieinfofr","https:\/\/x.com\/VosgesInfo88","https:\/\/www.youtube.com\/@vosgesinfo"]},{"@type":"Person","@id":"https:\/\/vosgesinfo.fr\/saintdieinfo\/#\/schema\/person\/faee6704a21f3977511db84bd1cd450f","name":"la r\u00e9daction","image":{"@type":"ImageObject","inLanguage":"fr-FR","@id":"https:\/\/vosgesinfo.fr\/saintdieinfo\/#\/schema\/person\/image\/","url":"https:\/\/secure.gravatar.com\/avatar\/6673d8bc6a9c17fa9a453eaa3448de834fa308c2ec9635b7aa99441a7c8d2cf6?s=96&d=mm&r=g","contentUrl":"https:\/\/secure.gravatar.com\/avatar\/6673d8bc6a9c17fa9a453eaa3448de834fa308c2ec9635b7aa99441a7c8d2cf6?s=96&d=mm&r=g","caption":"la r\u00e9daction"},"url":"https:\/\/vosgesinfo.fr\/saintdieinfo\/author\/redac\/"}]}},"_links":{"self":[{"href":"https:\/\/vosgesinfo.fr\/saintdieinfo\/wp-json\/wp\/v2\/posts\/66770","targetHints":{"allow":["GET"]}}],"collection":[{"href":"https:\/\/vosgesinfo.fr\/saintdieinfo\/wp-json\/wp\/v2\/posts"}],"about":[{"href":"https:\/\/vosgesinfo.fr\/saintdieinfo\/wp-json\/wp\/v2\/types\/post"}],"author":[{"embeddable":true,"href":"https:\/\/vosgesinfo.fr\/saintdieinfo\/wp-json\/wp\/v2\/users\/44"}],"replies":[{"embeddable":true,"href":"https:\/\/vosgesinfo.fr\/saintdieinfo\/wp-json\/wp\/v2\/comments?post=66770"}],"version-history":[{"count":0,"href":"https:\/\/vosgesinfo.fr\/saintdieinfo\/wp-json\/wp\/v2\/posts\/66770\/revisions"}],"wp:featuredmedia":[{"embeddable":true,"href":"https:\/\/vosgesinfo.fr\/saintdieinfo\/wp-json\/wp\/v2\/media\/26361"}],"wp:attachment":[{"href":"https:\/\/vosgesinfo.fr\/saintdieinfo\/wp-json\/wp\/v2\/media?parent=66770"}],"wp:term":[{"taxonomy":"category","embeddable":true,"href":"https:\/\/vosgesinfo.fr\/saintdieinfo\/wp-json\/wp\/v2\/categories?post=66770"},{"taxonomy":"post_tag","embeddable":true,"href":"https:\/\/vosgesinfo.fr\/saintdieinfo\/wp-json\/wp\/v2\/tags?post=66770"}],"curies":[{"name":"wp","href":"https:\/\/api.w.org\/{rel}","templated":true}]}}