{"id":66776,"date":"2023-10-07T06:47:42","date_gmt":"2023-10-07T04:47:42","guid":{"rendered":"https:\/\/vosgesinfo.fr\/saintdieinfo\/2023\/10\/enquete-ludique-trajet-domicile-ecole-deodatie-2\/"},"modified":"2023-10-07T06:47:42","modified_gmt":"2023-10-07T04:47:42","slug":"enquete-ludique-trajet-domicile-ecole-deodatie-2","status":"publish","type":"post","link":"https:\/\/vosgesinfo.fr\/saintdieinfo\/2023\/10\/enquete-ludique-trajet-domicile-ecole-deodatie-2\/","title":{"rendered":"Une enqu\u00eate ludique sur le trajet domicile \u2013 \u00e9cole en D\u00e9odatie"},"content":{"rendered":"<div id=\"attachment_206983\" style=\"width: 960px\" class=\"wp-caption aligncenter\"><a href=\"\/2023\/10\/Mobilit\u00e9_Ecole_Domicile-11.jpg\" target=\"_blank\" rel=\"noopener\"><img decoding=\"async\" aria-describedby=\"caption-attachment-206983\" class=\"wp-image-206983 size-large\" src=\"\/2023\/10\/Mobilit\u00e9_Ecole_Domicile-11-950x1024.jpg\" alt=\"Mobilit\u00e9_Ecole_Domicile (1)\" width=\"950\" height=\"1024\" \/><\/a><p id=\"caption-attachment-206983\" class=\"wp-caption-text\">(Photographies Ville de Saint-Di\u00e9-des-Vosges)<\/p><\/div>\n<h2><strong><span style=\"font-size: 14pt;\">Ce jeudi 5 octobre, avant que ne d\u00e9butent les cours, une centaine d&rsquo;\u00e9l\u00e8ves de l&rsquo;\u00e9cole Georges-Darmois ont particip\u00e9 \u00e0 une enqu\u00eate\u00a0 ludique. Selon le mode de d\u00e9placement emprunt\u00e9 \u2013 \u00e0 pied, en v\u00e9lo ou en voiture \u2013 pour effectuer le trajet entre leur \u00e9tablissement scolaire et leur domicile, les \u00e9coliers devaient placer une bille dans le tube correspondant.<\/span><\/strong><\/h2>\n<p><!--more--><\/p>\n<p>Mise en place par l&rsquo;association ETC&#8230; Terra, avec le soutien de la Communaut\u00e9 d&rsquo;Agglom\u00e9ration de Saint-Di\u00e9-des-Vosges, cette action s&rsquo;inscrit dans le cadre du programme MOBY, qui souhaite proposer des animations et sensibilisations afin d&rsquo;inciter les \u00e9l\u00e8ves et leurs parents \u00e0 se d\u00e9placer de mani\u00e8re plus s\u00e9curis\u00e9e, et dans une d\u00e9marche de d\u00e9veloppement durable.<\/p>\n<p>Comme l&rsquo;explique Emmanuel Laurent, directeur de Georges-Darmois : \u00ab\u00a0Le programme MOBY est inscrit dans notre projet d&rsquo;\u00e9cole. Ce projet consiste \u00e0 sensibiliser les enfants, mais aussi les parents d&rsquo;\u00e9l\u00e8ves, personnels enseignants, personnels de la Commune aux enjeux des mobilit\u00e9s dites douces, \u00e0 comment venir autrement \u00e0 l&rsquo;\u00e9cole qu&rsquo;en voiture.\u00a0 L&rsquo;op\u00e9ration \u00ab\u00a0Savoir rouler \u00e0 v\u00e9lo\u00a0\u00bb s&rsquo;inscrit \u00e9galement dans ce projet.\u00a0\u00bb L&rsquo;\u00e9cole Georges-Darmois est par ailleurs le seule \u00e9cole d\u00e9odatienne \u00e0 prendre part au programme MOBY. En marge du projet d&rsquo;\u00e9cole, les \u00e9coliers avaient d\u00e9j\u00e0 \u00e9t\u00e9 sensibilis\u00e9s aux mobilit\u00e9s, lors de la kermesse annuelle, en apprenant \u00e0 se d\u00e9placer sur le territoire de la Communaut\u00e9 d&rsquo;Agglom\u00e9ration en utilisant le moins possible la voiture, mais en utilisant les multi-modalit\u00e9s.<\/p>\n<p>Les lyc\u00e9ens et parents d&rsquo;\u00e9l\u00e8ves sont par ailleurs invit\u00e9s \u00e0 participer \u00e0 l&rsquo;enqu\u00eate. Pour y participer\u00a0: <span style=\"color: #3366ff;\"><a style=\"color: #3366ff;\" href=\"https:\/\/www.moby-ecomobilite.fr\/enquete\/\" target=\"_blank\" rel=\"noopener\">https:\/\/www.moby-ecomobilite.fr\/enquete\/<\/a><\/span>.<\/p>\n\n","protected":false},"excerpt":{"rendered":"<p>Ce jeudi 5 octobre, avant que ne d\u00e9butent les cours, une centaine d&rsquo;\u00e9l\u00e8ves de l&rsquo;\u00e9cole Georges-Darmois ont particip\u00e9 \u00e0 une [&hellip;]<\/p>\n","protected":false},"author":44,"featured_media":26374,"comment_status":"open","ping_status":"open","sticky":false,"template":"","format":"standard","meta":{"footnotes":""},"categories":[460,6,2915],"tags":[3282,3308,3029,4559,4560],"class_list":["post-66776","post","type-post","status-publish","format-standard","has-post-thumbnail","hentry","category-a-la-une","category-education","category-saint-die-son-canton","tag-communaute-dagglomeration-de-saint-die-des-vosges","tag-enquete-publique","tag-etc-terra","tag-moby","tag-trajet-domicile-ecole"],"acf":[],"yoast_head":"<!-- This site is optimized with the Yoast SEO plugin v22.5 - https:\/\/yoast.com\/wordpress\/plugins\/seo\/ -->\n<title>Une enqu\u00eate ludique sur le trajet domicile \u2013 \u00e9cole en D\u00e9odatie - Saint Die Info<\/title>\n<meta name=\"robots\" content=\"index, follow, max-snippet:-1, max-image-preview:large, max-video-preview:-1\" \/>\n<link rel=\"canonical\" href=\"https:\/\/vosgesinfo.fr\/saintdieinfo\/2023\/10\/enquete-ludique-trajet-domicile-ecole-deodatie-2\/\" \/>\n<meta name=\"twitter:card\" content=\"summary_large_image\" \/>\n<meta name=\"twitter:title\" content=\"Une enqu\u00eate ludique sur le trajet domicile \u2013 \u00e9cole en D\u00e9odatie - Saint Die Info\" \/>\n<meta name=\"twitter:description\" content=\"Ce jeudi 5 octobre, avant que ne d\u00e9butent les cours, une centaine d&rsquo;\u00e9l\u00e8ves de l&rsquo;\u00e9cole Georges-Darmois ont particip\u00e9 \u00e0 une [&hellip;]\" \/>\n<meta name=\"twitter:image\" content=\"https:\/\/vosgesinfo.fr\/app\/uploads\/sites\/4\/2023\/10\/mobilite-ecole-domicile-11.jpg\" \/>\n<meta name=\"twitter:creator\" content=\"@VosgesInfo88\" \/>\n<meta name=\"twitter:site\" content=\"@VosgesInfo88\" \/>\n<meta name=\"twitter:label1\" content=\"\u00c9crit par\" \/>\n\t<meta name=\"twitter:data1\" content=\"la r\u00e9daction\" \/>\n\t<meta name=\"twitter:label2\" content=\"Dur\u00e9e de lecture estim\u00e9e\" \/>\n\t<meta name=\"twitter:data2\" content=\"1 minute\" \/>\n<script type=\"application\/ld+json\" class=\"yoast-schema-graph\">{\"@context\":\"https:\/\/schema.org\",\"@graph\":[{\"@type\":\"Article\",\"@id\":\"https:\/\/vosgesinfo.fr\/saintdieinfo\/2023\/10\/enquete-ludique-trajet-domicile-ecole-deodatie-2\/#article\",\"isPartOf\":{\"@id\":\"https:\/\/vosgesinfo.fr\/saintdieinfo\/2023\/10\/enquete-ludique-trajet-domicile-ecole-deodatie-2\/\"},\"author\":{\"name\":\"la r\u00e9daction\",\"@id\":\"https:\/\/vosgesinfo.fr\/saintdieinfo\/#\/schema\/person\/faee6704a21f3977511db84bd1cd450f\"},\"headline\":\"Une enqu\u00eate ludique sur le trajet domicile \u2013 \u00e9cole en D\u00e9odatie\",\"datePublished\":\"2023-10-07T04:47:42+00:00\",\"dateModified\":\"2023-10-07T04:47:42+00:00\",\"mainEntityOfPage\":{\"@id\":\"https:\/\/vosgesinfo.fr\/saintdieinfo\/2023\/10\/enquete-ludique-trajet-domicile-ecole-deodatie-2\/\"},\"wordCount\":310,\"commentCount\":0,\"publisher\":{\"@id\":\"https:\/\/vosgesinfo.fr\/saintdieinfo\/#organization\"},\"image\":{\"@id\":\"https:\/\/vosgesinfo.fr\/saintdieinfo\/2023\/10\/enquete-ludique-trajet-domicile-ecole-deodatie-2\/#primaryimage\"},\"thumbnailUrl\":\"https:\/\/vosgesinfo.fr\/app\/uploads\/sites\/4\/2023\/10\/mobilite-ecole-domicile-11.jpg\",\"keywords\":[\"Communaut\u00e9 d'Agglom\u00e9ration de Saint-Di\u00e9-des-Vosges\",\"Enqu\u00eate publique\",\"ETC... Terra\",\"MOBY\",\"Trajet domicile - \u00e9cole\"],\"articleSection\":[\"A la Une\",\"\u00c9ducation\",\"Saint-Di\u00e9-des-Vosges et son Agglom\u00e9ration\"],\"inLanguage\":\"fr-FR\",\"potentialAction\":[{\"@type\":\"CommentAction\",\"name\":\"Comment\",\"target\":[\"https:\/\/vosgesinfo.fr\/saintdieinfo\/2023\/10\/enquete-ludique-trajet-domicile-ecole-deodatie-2\/#respond\"]}]},{\"@type\":\"WebPage\",\"@id\":\"https:\/\/vosgesinfo.fr\/saintdieinfo\/2023\/10\/enquete-ludique-trajet-domicile-ecole-deodatie-2\/\",\"url\":\"https:\/\/vosgesinfo.fr\/saintdieinfo\/2023\/10\/enquete-ludique-trajet-domicile-ecole-deodatie-2\/\",\"name\":\"Une enqu\u00eate ludique sur le trajet domicile \u2013 \u00e9cole en D\u00e9odatie - Saint Die Info\",\"isPartOf\":{\"@id\":\"https:\/\/vosgesinfo.fr\/saintdieinfo\/#website\"},\"primaryImageOfPage\":{\"@id\":\"https:\/\/vosgesinfo.fr\/saintdieinfo\/2023\/10\/enquete-ludique-trajet-domicile-ecole-deodatie-2\/#primaryimage\"},\"image\":{\"@id\":\"https:\/\/vosgesinfo.fr\/saintdieinfo\/2023\/10\/enquete-ludique-trajet-domicile-ecole-deodatie-2\/#primaryimage\"},\"thumbnailUrl\":\"https:\/\/vosgesinfo.fr\/app\/uploads\/sites\/4\/2023\/10\/mobilite-ecole-domicile-11.jpg\",\"datePublished\":\"2023-10-07T04:47:42+00:00\",\"dateModified\":\"2023-10-07T04:47:42+00:00\",\"breadcrumb\":{\"@id\":\"https:\/\/vosgesinfo.fr\/saintdieinfo\/2023\/10\/enquete-ludique-trajet-domicile-ecole-deodatie-2\/#breadcrumb\"},\"inLanguage\":\"fr-FR\",\"potentialAction\":[{\"@type\":\"ReadAction\",\"target\":[\"https:\/\/vosgesinfo.fr\/saintdieinfo\/2023\/10\/enquete-ludique-trajet-domicile-ecole-deodatie-2\/\"]}]},{\"@type\":\"ImageObject\",\"inLanguage\":\"fr-FR\",\"@id\":\"https:\/\/vosgesinfo.fr\/saintdieinfo\/2023\/10\/enquete-ludique-trajet-domicile-ecole-deodatie-2\/#primaryimage\",\"url\":\"https:\/\/vosgesinfo.fr\/app\/uploads\/sites\/4\/2023\/10\/mobilite-ecole-domicile-11.jpg\",\"contentUrl\":\"https:\/\/vosgesinfo.fr\/app\/uploads\/sites\/4\/2023\/10\/mobilite-ecole-domicile-11.jpg\",\"width\":1900,\"height\":2048},{\"@type\":\"BreadcrumbList\",\"@id\":\"https:\/\/vosgesinfo.fr\/saintdieinfo\/2023\/10\/enquete-ludique-trajet-domicile-ecole-deodatie-2\/#breadcrumb\",\"itemListElement\":[{\"@type\":\"ListItem\",\"position\":1,\"name\":\"Home\",\"item\":\"https:\/\/vosgesinfo.fr\/saintdieinfo\/\"},{\"@type\":\"ListItem\",\"position\":2,\"name\":\"Une enqu\u00eate ludique sur le trajet domicile \u2013 \u00e9cole en D\u00e9odatie\"}]},{\"@type\":\"WebSite\",\"@id\":\"https:\/\/vosgesinfo.fr\/saintdieinfo\/#website\",\"url\":\"https:\/\/vosgesinfo.fr\/saintdieinfo\/\",\"name\":\"Saint Die Info\",\"description\":\"Toute l&#039;actualit\u00e9 de Saint-Di\u00e9-Des-Vosges\",\"publisher\":{\"@id\":\"https:\/\/vosgesinfo.fr\/saintdieinfo\/#organization\"},\"alternateName\":\"Toute l'actualit\u00e9 de Saint-Di\u00e9-Des-Vosges\",\"potentialAction\":[{\"@type\":\"SearchAction\",\"target\":{\"@type\":\"EntryPoint\",\"urlTemplate\":\"https:\/\/vosgesinfo.fr\/saintdieinfo\/?s={search_term_string}\"},\"query-input\":\"required name=search_term_string\"}],\"inLanguage\":\"fr-FR\"},{\"@type\":\"Organization\",\"@id\":\"https:\/\/vosgesinfo.fr\/saintdieinfo\/#organization\",\"name\":\"Saint Die Info\",\"url\":\"https:\/\/vosgesinfo.fr\/saintdieinfo\/\",\"logo\":{\"@type\":\"ImageObject\",\"inLanguage\":\"fr-FR\",\"@id\":\"https:\/\/vosgesinfo.fr\/saintdieinfo\/#\/schema\/logo\/image\/\",\"url\":\"https:\/\/vosgesinfo.fr\/app\/uploads\/sites\/4\/2024\/02\/logo-sdi.jpg\",\"contentUrl\":\"https:\/\/vosgesinfo.fr\/app\/uploads\/sites\/4\/2024\/02\/logo-sdi.jpg\",\"width\":600,\"height\":600,\"caption\":\"Saint Die Info\"},\"image\":{\"@id\":\"https:\/\/vosgesinfo.fr\/saintdieinfo\/#\/schema\/logo\/image\/\"},\"sameAs\":[\"https:\/\/www.facebook.com\/Saintdieinfofr\",\"https:\/\/x.com\/VosgesInfo88\",\"https:\/\/www.youtube.com\/@vosgesinfo\"]},{\"@type\":\"Person\",\"@id\":\"https:\/\/vosgesinfo.fr\/saintdieinfo\/#\/schema\/person\/faee6704a21f3977511db84bd1cd450f\",\"name\":\"la r\u00e9daction\",\"image\":{\"@type\":\"ImageObject\",\"inLanguage\":\"fr-FR\",\"@id\":\"https:\/\/vosgesinfo.fr\/saintdieinfo\/#\/schema\/person\/image\/\",\"url\":\"https:\/\/secure.gravatar.com\/avatar\/6673d8bc6a9c17fa9a453eaa3448de834fa308c2ec9635b7aa99441a7c8d2cf6?s=96&d=mm&r=g\",\"contentUrl\":\"https:\/\/secure.gravatar.com\/avatar\/6673d8bc6a9c17fa9a453eaa3448de834fa308c2ec9635b7aa99441a7c8d2cf6?s=96&d=mm&r=g\",\"caption\":\"la r\u00e9daction\"},\"url\":\"https:\/\/vosgesinfo.fr\/saintdieinfo\/author\/redac\/\"}]}<\/script>\n<!-- \/ Yoast SEO plugin. -->","yoast_head_json":{"title":"Une enqu\u00eate ludique sur le trajet domicile \u2013 \u00e9cole en D\u00e9odatie - Saint Die Info","robots":{"index":"index","follow":"follow","max-snippet":"max-snippet:-1","max-image-preview":"max-image-preview:large","max-video-preview":"max-video-preview:-1"},"canonical":"https:\/\/vosgesinfo.fr\/saintdieinfo\/2023\/10\/enquete-ludique-trajet-domicile-ecole-deodatie-2\/","twitter_card":"summary_large_image","twitter_title":"Une enqu\u00eate ludique sur le trajet domicile \u2013 \u00e9cole en D\u00e9odatie - Saint Die Info","twitter_description":"Ce jeudi 5 octobre, avant que ne d\u00e9butent les cours, une centaine d&rsquo;\u00e9l\u00e8ves de l&rsquo;\u00e9cole Georges-Darmois ont particip\u00e9 \u00e0 une [&hellip;]","twitter_image":"https:\/\/vosgesinfo.fr\/app\/uploads\/sites\/4\/2023\/10\/mobilite-ecole-domicile-11.jpg","twitter_creator":"@VosgesInfo88","twitter_site":"@VosgesInfo88","twitter_misc":{"\u00c9crit par":"la r\u00e9daction","Dur\u00e9e de lecture estim\u00e9e":"1 minute"},"schema":{"@context":"https:\/\/schema.org","@graph":[{"@type":"Article","@id":"https:\/\/vosgesinfo.fr\/saintdieinfo\/2023\/10\/enquete-ludique-trajet-domicile-ecole-deodatie-2\/#article","isPartOf":{"@id":"https:\/\/vosgesinfo.fr\/saintdieinfo\/2023\/10\/enquete-ludique-trajet-domicile-ecole-deodatie-2\/"},"author":{"name":"la r\u00e9daction","@id":"https:\/\/vosgesinfo.fr\/saintdieinfo\/#\/schema\/person\/faee6704a21f3977511db84bd1cd450f"},"headline":"Une enqu\u00eate ludique sur le trajet domicile \u2013 \u00e9cole en D\u00e9odatie","datePublished":"2023-10-07T04:47:42+00:00","dateModified":"2023-10-07T04:47:42+00:00","mainEntityOfPage":{"@id":"https:\/\/vosgesinfo.fr\/saintdieinfo\/2023\/10\/enquete-ludique-trajet-domicile-ecole-deodatie-2\/"},"wordCount":310,"commentCount":0,"publisher":{"@id":"https:\/\/vosgesinfo.fr\/saintdieinfo\/#organization"},"image":{"@id":"https:\/\/vosgesinfo.fr\/saintdieinfo\/2023\/10\/enquete-ludique-trajet-domicile-ecole-deodatie-2\/#primaryimage"},"thumbnailUrl":"https:\/\/vosgesinfo.fr\/app\/uploads\/sites\/4\/2023\/10\/mobilite-ecole-domicile-11.jpg","keywords":["Communaut\u00e9 d'Agglom\u00e9ration de Saint-Di\u00e9-des-Vosges","Enqu\u00eate publique","ETC... Terra","MOBY","Trajet domicile - \u00e9cole"],"articleSection":["A la Une","\u00c9ducation","Saint-Di\u00e9-des-Vosges et son Agglom\u00e9ration"],"inLanguage":"fr-FR","potentialAction":[{"@type":"CommentAction","name":"Comment","target":["https:\/\/vosgesinfo.fr\/saintdieinfo\/2023\/10\/enquete-ludique-trajet-domicile-ecole-deodatie-2\/#respond"]}]},{"@type":"WebPage","@id":"https:\/\/vosgesinfo.fr\/saintdieinfo\/2023\/10\/enquete-ludique-trajet-domicile-ecole-deodatie-2\/","url":"https:\/\/vosgesinfo.fr\/saintdieinfo\/2023\/10\/enquete-ludique-trajet-domicile-ecole-deodatie-2\/","name":"Une enqu\u00eate ludique sur le trajet domicile \u2013 \u00e9cole en D\u00e9odatie - Saint Die Info","isPartOf":{"@id":"https:\/\/vosgesinfo.fr\/saintdieinfo\/#website"},"primaryImageOfPage":{"@id":"https:\/\/vosgesinfo.fr\/saintdieinfo\/2023\/10\/enquete-ludique-trajet-domicile-ecole-deodatie-2\/#primaryimage"},"image":{"@id":"https:\/\/vosgesinfo.fr\/saintdieinfo\/2023\/10\/enquete-ludique-trajet-domicile-ecole-deodatie-2\/#primaryimage"},"thumbnailUrl":"https:\/\/vosgesinfo.fr\/app\/uploads\/sites\/4\/2023\/10\/mobilite-ecole-domicile-11.jpg","datePublished":"2023-10-07T04:47:42+00:00","dateModified":"2023-10-07T04:47:42+00:00","breadcrumb":{"@id":"https:\/\/vosgesinfo.fr\/saintdieinfo\/2023\/10\/enquete-ludique-trajet-domicile-ecole-deodatie-2\/#breadcrumb"},"inLanguage":"fr-FR","potentialAction":[{"@type":"ReadAction","target":["https:\/\/vosgesinfo.fr\/saintdieinfo\/2023\/10\/enquete-ludique-trajet-domicile-ecole-deodatie-2\/"]}]},{"@type":"ImageObject","inLanguage":"fr-FR","@id":"https:\/\/vosgesinfo.fr\/saintdieinfo\/2023\/10\/enquete-ludique-trajet-domicile-ecole-deodatie-2\/#primaryimage","url":"https:\/\/vosgesinfo.fr\/app\/uploads\/sites\/4\/2023\/10\/mobilite-ecole-domicile-11.jpg","contentUrl":"https:\/\/vosgesinfo.fr\/app\/uploads\/sites\/4\/2023\/10\/mobilite-ecole-domicile-11.jpg","width":1900,"height":2048},{"@type":"BreadcrumbList","@id":"https:\/\/vosgesinfo.fr\/saintdieinfo\/2023\/10\/enquete-ludique-trajet-domicile-ecole-deodatie-2\/#breadcrumb","itemListElement":[{"@type":"ListItem","position":1,"name":"Home","item":"https:\/\/vosgesinfo.fr\/saintdieinfo\/"},{"@type":"ListItem","position":2,"name":"Une enqu\u00eate ludique sur le trajet domicile \u2013 \u00e9cole en D\u00e9odatie"}]},{"@type":"WebSite","@id":"https:\/\/vosgesinfo.fr\/saintdieinfo\/#website","url":"https:\/\/vosgesinfo.fr\/saintdieinfo\/","name":"Saint Die Info","description":"Toute l&#039;actualit\u00e9 de Saint-Di\u00e9-Des-Vosges","publisher":{"@id":"https:\/\/vosgesinfo.fr\/saintdieinfo\/#organization"},"alternateName":"Toute l'actualit\u00e9 de Saint-Di\u00e9-Des-Vosges","potentialAction":[{"@type":"SearchAction","target":{"@type":"EntryPoint","urlTemplate":"https:\/\/vosgesinfo.fr\/saintdieinfo\/?s={search_term_string}"},"query-input":"required name=search_term_string"}],"inLanguage":"fr-FR"},{"@type":"Organization","@id":"https:\/\/vosgesinfo.fr\/saintdieinfo\/#organization","name":"Saint Die Info","url":"https:\/\/vosgesinfo.fr\/saintdieinfo\/","logo":{"@type":"ImageObject","inLanguage":"fr-FR","@id":"https:\/\/vosgesinfo.fr\/saintdieinfo\/#\/schema\/logo\/image\/","url":"https:\/\/vosgesinfo.fr\/app\/uploads\/sites\/4\/2024\/02\/logo-sdi.jpg","contentUrl":"https:\/\/vosgesinfo.fr\/app\/uploads\/sites\/4\/2024\/02\/logo-sdi.jpg","width":600,"height":600,"caption":"Saint Die Info"},"image":{"@id":"https:\/\/vosgesinfo.fr\/saintdieinfo\/#\/schema\/logo\/image\/"},"sameAs":["https:\/\/www.facebook.com\/Saintdieinfofr","https:\/\/x.com\/VosgesInfo88","https:\/\/www.youtube.com\/@vosgesinfo"]},{"@type":"Person","@id":"https:\/\/vosgesinfo.fr\/saintdieinfo\/#\/schema\/person\/faee6704a21f3977511db84bd1cd450f","name":"la r\u00e9daction","image":{"@type":"ImageObject","inLanguage":"fr-FR","@id":"https:\/\/vosgesinfo.fr\/saintdieinfo\/#\/schema\/person\/image\/","url":"https:\/\/secure.gravatar.com\/avatar\/6673d8bc6a9c17fa9a453eaa3448de834fa308c2ec9635b7aa99441a7c8d2cf6?s=96&d=mm&r=g","contentUrl":"https:\/\/secure.gravatar.com\/avatar\/6673d8bc6a9c17fa9a453eaa3448de834fa308c2ec9635b7aa99441a7c8d2cf6?s=96&d=mm&r=g","caption":"la r\u00e9daction"},"url":"https:\/\/vosgesinfo.fr\/saintdieinfo\/author\/redac\/"}]}},"_links":{"self":[{"href":"https:\/\/vosgesinfo.fr\/saintdieinfo\/wp-json\/wp\/v2\/posts\/66776","targetHints":{"allow":["GET"]}}],"collection":[{"href":"https:\/\/vosgesinfo.fr\/saintdieinfo\/wp-json\/wp\/v2\/posts"}],"about":[{"href":"https:\/\/vosgesinfo.fr\/saintdieinfo\/wp-json\/wp\/v2\/types\/post"}],"author":[{"embeddable":true,"href":"https:\/\/vosgesinfo.fr\/saintdieinfo\/wp-json\/wp\/v2\/users\/44"}],"replies":[{"embeddable":true,"href":"https:\/\/vosgesinfo.fr\/saintdieinfo\/wp-json\/wp\/v2\/comments?post=66776"}],"version-history":[{"count":0,"href":"https:\/\/vosgesinfo.fr\/saintdieinfo\/wp-json\/wp\/v2\/posts\/66776\/revisions"}],"wp:featuredmedia":[{"embeddable":true,"href":"https:\/\/vosgesinfo.fr\/saintdieinfo\/wp-json\/wp\/v2\/media\/26374"}],"wp:attachment":[{"href":"https:\/\/vosgesinfo.fr\/saintdieinfo\/wp-json\/wp\/v2\/media?parent=66776"}],"wp:term":[{"taxonomy":"category","embeddable":true,"href":"https:\/\/vosgesinfo.fr\/saintdieinfo\/wp-json\/wp\/v2\/categories?post=66776"},{"taxonomy":"post_tag","embeddable":true,"href":"https:\/\/vosgesinfo.fr\/saintdieinfo\/wp-json\/wp\/v2\/tags?post=66776"}],"curies":[{"name":"wp","href":"https:\/\/api.w.org\/{rel}","templated":true}]}}