{"id":66889,"date":"2023-10-24T11:20:59","date_gmt":"2023-10-24T09:20:59","guid":{"rendered":"https:\/\/vosgesinfo.fr\/saintdieinfo\/2023\/10\/senones-marche-nocturne-dhalloween-approche-a-grands-2\/"},"modified":"2023-10-24T11:20:59","modified_gmt":"2023-10-24T09:20:59","slug":"senones-marche-nocturne-dhalloween-approche-a-grands-2","status":"publish","type":"post","link":"https:\/\/vosgesinfo.fr\/saintdieinfo\/2023\/10\/senones-marche-nocturne-dhalloween-approche-a-grands-2\/","title":{"rendered":"Senones \u2013 La marche nocturne d&rsquo;Halloween approche \u00e0 grands pas !"},"content":{"rendered":"<div id=\"attachment_207761\" style=\"width: 970px\" class=\"wp-caption aligncenter\"><a href=\"\/2023\/10\/Senones-Marche_Nocturne_Halloween-1.jpg\" target=\"_blank\" rel=\"noopener\"><img decoding=\"async\" aria-describedby=\"caption-attachment-207761\" class=\"wp-image-207761 size-full\" src=\"\/2023\/10\/Senones-Marche_Nocturne_Halloween-1.jpg\" alt=\"Senones-Marche_Nocturne_Halloween (1)\" width=\"960\" height=\"720\" \/><\/a><p id=\"caption-attachment-207761\" class=\"wp-caption-text\">Les b\u00e9n\u00e9voles de \u00ab\u00a0Senones en F\u00eate\u00a0\u00bb ont concoct\u00e9 une nocturne d&rsquo;Halloween qui s&rsquo;annonce m\u00e9morable. (Photographie Senones en F\u00eate)<\/p><\/div>\n<h2><strong><span style=\"font-size: 14pt;\">La marche nocturne d&rsquo;Halloween au pays de Salm approche \u00e0 grands pas, puisqu&rsquo;elle aura lieu dans maintenant une semaine, mardi 31 octobre \u00e0 la tomb\u00e9e de la nuit.<\/span><\/strong><\/h2>\n<p><!--more--><\/p>\n<p>Pour cette cinqui\u00e8me \u00e9dition, l&rsquo;association \u00ab\u00a0Senones en F\u00eates\u00a0\u00bb r\u00e9serve plein de surprises aux participants, petits et grands\u00a0: nouvelle affiche, nouveau parcours, nouveaux d\u00e9cors, nouvelles animations&#8230; pour n&rsquo;en citer qu&rsquo;une partie\u00a0! Les d\u00e9parts de cette marche autant conviviale que frissonnante, qui convient aux enfants mais non accessible aux poussettes, se feront depuis Senones, en continu de 18h30 \u00e0 20h30, avec au programme un parcours long de 6km, des bonbons, de la restauration et une buvette, sur place ou \u00e0 emporter, et un repas soupe-saucisses \u00e0 r\u00e9server au pr\u00e9alable. Tarif de 3\u20ac pour la marche \u2013 Gratuit pour les moins de 12 ans. Tarif de 5\u20ac pour le repas. R\u00e9servations au 06-19-50-26-43 ou 06-31-23-75-23. Dernier rappel en guise de conclusion aux participants\u00a0: n&rsquo;oubliez pas votre lampe torche\u00a0!<\/p>\n<p>J.J.<\/p>\n<p><a href=\"\/2023\/10\/Senones-Marche_Nocturne_Halloween-2.jpg\" target=\"_blank\" rel=\"noopener\"><img decoding=\"async\" class=\"aligncenter wp-image-207762 size-full\" src=\"\/2023\/10\/Senones-Marche_Nocturne_Halloween-2.jpg\" alt=\"Senones-Marche_Nocturne_Halloween (2)\" width=\"668\" height=\"721\" \/><\/a><\/p>\n","protected":false},"excerpt":{"rendered":"<p>La marche nocturne d&rsquo;Halloween au pays de Salm approche \u00e0 grands pas, puisqu&rsquo;elle aura lieu dans maintenant une semaine, mardi [&hellip;]<\/p>\n","protected":false},"author":44,"featured_media":26955,"comment_status":"open","ping_status":"open","sticky":false,"template":"","format":"standard","meta":{"footnotes":""},"categories":[460,20,2915,17],"tags":[2457,3367,2998,3159],"class_list":["post-66889","post","type-post","status-publish","format-standard","has-post-thumbnail","hentry","category-a-la-une","category-loisirs","category-saint-die-son-canton","category-vie-associative","tag-halloween","tag-marche-nocturne-dhalloween-au-pays-de-salm","tag-senones","tag-senones-en-fete"],"acf":[],"yoast_head":"<!-- This site is optimized with the Yoast SEO plugin v22.5 - https:\/\/yoast.com\/wordpress\/plugins\/seo\/ -->\n<title>Senones \u2013 La marche nocturne d&#039;Halloween approche \u00e0 grands pas ! - Saint Die Info<\/title>\n<meta name=\"robots\" content=\"index, follow, max-snippet:-1, max-image-preview:large, max-video-preview:-1\" \/>\n<link rel=\"canonical\" href=\"https:\/\/vosgesinfo.fr\/saintdieinfo\/2023\/10\/senones-marche-nocturne-dhalloween-approche-a-grands-2\/\" \/>\n<meta name=\"twitter:card\" content=\"summary_large_image\" \/>\n<meta name=\"twitter:title\" content=\"Senones \u2013 La marche nocturne d&#039;Halloween approche \u00e0 grands pas ! - Saint Die Info\" \/>\n<meta name=\"twitter:description\" content=\"La marche nocturne d&rsquo;Halloween au pays de Salm approche \u00e0 grands pas, puisqu&rsquo;elle aura lieu dans maintenant une semaine, mardi [&hellip;]\" \/>\n<meta name=\"twitter:image\" content=\"https:\/\/vosgesinfo.fr\/app\/uploads\/sites\/4\/2023\/10\/senones-marche-nocturne-halloween-1.jpg\" \/>\n<meta name=\"twitter:creator\" content=\"@VosgesInfo88\" \/>\n<meta name=\"twitter:site\" content=\"@VosgesInfo88\" \/>\n<meta name=\"twitter:label1\" content=\"\u00c9crit par\" \/>\n\t<meta name=\"twitter:data1\" content=\"la r\u00e9daction\" \/>\n\t<meta name=\"twitter:label2\" content=\"Dur\u00e9e de lecture estim\u00e9e\" \/>\n\t<meta name=\"twitter:data2\" content=\"1 minute\" \/>\n<script type=\"application\/ld+json\" class=\"yoast-schema-graph\">{\"@context\":\"https:\/\/schema.org\",\"@graph\":[{\"@type\":\"Article\",\"@id\":\"https:\/\/vosgesinfo.fr\/saintdieinfo\/2023\/10\/senones-marche-nocturne-dhalloween-approche-a-grands-2\/#article\",\"isPartOf\":{\"@id\":\"https:\/\/vosgesinfo.fr\/saintdieinfo\/2023\/10\/senones-marche-nocturne-dhalloween-approche-a-grands-2\/\"},\"author\":{\"name\":\"la r\u00e9daction\",\"@id\":\"https:\/\/vosgesinfo.fr\/saintdieinfo\/#\/schema\/person\/faee6704a21f3977511db84bd1cd450f\"},\"headline\":\"Senones \u2013 La marche nocturne d&rsquo;Halloween approche \u00e0 grands pas !\",\"datePublished\":\"2023-10-24T09:20:59+00:00\",\"dateModified\":\"2023-10-24T09:20:59+00:00\",\"mainEntityOfPage\":{\"@id\":\"https:\/\/vosgesinfo.fr\/saintdieinfo\/2023\/10\/senones-marche-nocturne-dhalloween-approche-a-grands-2\/\"},\"wordCount\":207,\"commentCount\":0,\"publisher\":{\"@id\":\"https:\/\/vosgesinfo.fr\/saintdieinfo\/#organization\"},\"image\":{\"@id\":\"https:\/\/vosgesinfo.fr\/saintdieinfo\/2023\/10\/senones-marche-nocturne-dhalloween-approche-a-grands-2\/#primaryimage\"},\"thumbnailUrl\":\"https:\/\/vosgesinfo.fr\/app\/uploads\/sites\/4\/2023\/10\/senones-marche-nocturne-halloween-1.jpg\",\"keywords\":[\"Halloween\",\"Marche nocturne d'Halloween au Pays de Salm\",\"Senones\",\"Senones en F\u00eate\"],\"articleSection\":[\"A la Une\",\"Loisirs\",\"Saint-Di\u00e9-des-Vosges et son Agglom\u00e9ration\",\"Vie Associative\"],\"inLanguage\":\"fr-FR\",\"potentialAction\":[{\"@type\":\"CommentAction\",\"name\":\"Comment\",\"target\":[\"https:\/\/vosgesinfo.fr\/saintdieinfo\/2023\/10\/senones-marche-nocturne-dhalloween-approche-a-grands-2\/#respond\"]}]},{\"@type\":\"WebPage\",\"@id\":\"https:\/\/vosgesinfo.fr\/saintdieinfo\/2023\/10\/senones-marche-nocturne-dhalloween-approche-a-grands-2\/\",\"url\":\"https:\/\/vosgesinfo.fr\/saintdieinfo\/2023\/10\/senones-marche-nocturne-dhalloween-approche-a-grands-2\/\",\"name\":\"Senones \u2013 La marche nocturne d'Halloween approche \u00e0 grands pas ! - Saint Die Info\",\"isPartOf\":{\"@id\":\"https:\/\/vosgesinfo.fr\/saintdieinfo\/#website\"},\"primaryImageOfPage\":{\"@id\":\"https:\/\/vosgesinfo.fr\/saintdieinfo\/2023\/10\/senones-marche-nocturne-dhalloween-approche-a-grands-2\/#primaryimage\"},\"image\":{\"@id\":\"https:\/\/vosgesinfo.fr\/saintdieinfo\/2023\/10\/senones-marche-nocturne-dhalloween-approche-a-grands-2\/#primaryimage\"},\"thumbnailUrl\":\"https:\/\/vosgesinfo.fr\/app\/uploads\/sites\/4\/2023\/10\/senones-marche-nocturne-halloween-1.jpg\",\"datePublished\":\"2023-10-24T09:20:59+00:00\",\"dateModified\":\"2023-10-24T09:20:59+00:00\",\"breadcrumb\":{\"@id\":\"https:\/\/vosgesinfo.fr\/saintdieinfo\/2023\/10\/senones-marche-nocturne-dhalloween-approche-a-grands-2\/#breadcrumb\"},\"inLanguage\":\"fr-FR\",\"potentialAction\":[{\"@type\":\"ReadAction\",\"target\":[\"https:\/\/vosgesinfo.fr\/saintdieinfo\/2023\/10\/senones-marche-nocturne-dhalloween-approche-a-grands-2\/\"]}]},{\"@type\":\"ImageObject\",\"inLanguage\":\"fr-FR\",\"@id\":\"https:\/\/vosgesinfo.fr\/saintdieinfo\/2023\/10\/senones-marche-nocturne-dhalloween-approche-a-grands-2\/#primaryimage\",\"url\":\"https:\/\/vosgesinfo.fr\/app\/uploads\/sites\/4\/2023\/10\/senones-marche-nocturne-halloween-1.jpg\",\"contentUrl\":\"https:\/\/vosgesinfo.fr\/app\/uploads\/sites\/4\/2023\/10\/senones-marche-nocturne-halloween-1.jpg\"},{\"@type\":\"BreadcrumbList\",\"@id\":\"https:\/\/vosgesinfo.fr\/saintdieinfo\/2023\/10\/senones-marche-nocturne-dhalloween-approche-a-grands-2\/#breadcrumb\",\"itemListElement\":[{\"@type\":\"ListItem\",\"position\":1,\"name\":\"Home\",\"item\":\"https:\/\/vosgesinfo.fr\/saintdieinfo\/\"},{\"@type\":\"ListItem\",\"position\":2,\"name\":\"Senones \u2013 La marche nocturne d&rsquo;Halloween approche \u00e0 grands pas !\"}]},{\"@type\":\"WebSite\",\"@id\":\"https:\/\/vosgesinfo.fr\/saintdieinfo\/#website\",\"url\":\"https:\/\/vosgesinfo.fr\/saintdieinfo\/\",\"name\":\"Saint Die Info\",\"description\":\"Toute l&#039;actualit\u00e9 de Saint-Di\u00e9-Des-Vosges\",\"publisher\":{\"@id\":\"https:\/\/vosgesinfo.fr\/saintdieinfo\/#organization\"},\"alternateName\":\"Toute l'actualit\u00e9 de Saint-Di\u00e9-Des-Vosges\",\"potentialAction\":[{\"@type\":\"SearchAction\",\"target\":{\"@type\":\"EntryPoint\",\"urlTemplate\":\"https:\/\/vosgesinfo.fr\/saintdieinfo\/?s={search_term_string}\"},\"query-input\":\"required name=search_term_string\"}],\"inLanguage\":\"fr-FR\"},{\"@type\":\"Organization\",\"@id\":\"https:\/\/vosgesinfo.fr\/saintdieinfo\/#organization\",\"name\":\"Saint Die Info\",\"url\":\"https:\/\/vosgesinfo.fr\/saintdieinfo\/\",\"logo\":{\"@type\":\"ImageObject\",\"inLanguage\":\"fr-FR\",\"@id\":\"https:\/\/vosgesinfo.fr\/saintdieinfo\/#\/schema\/logo\/image\/\",\"url\":\"https:\/\/vosgesinfo.fr\/app\/uploads\/sites\/4\/2024\/02\/logo-sdi.jpg\",\"contentUrl\":\"https:\/\/vosgesinfo.fr\/app\/uploads\/sites\/4\/2024\/02\/logo-sdi.jpg\",\"width\":600,\"height\":600,\"caption\":\"Saint Die Info\"},\"image\":{\"@id\":\"https:\/\/vosgesinfo.fr\/saintdieinfo\/#\/schema\/logo\/image\/\"},\"sameAs\":[\"https:\/\/www.facebook.com\/Saintdieinfofr\",\"https:\/\/x.com\/VosgesInfo88\",\"https:\/\/www.youtube.com\/@vosgesinfo\"]},{\"@type\":\"Person\",\"@id\":\"https:\/\/vosgesinfo.fr\/saintdieinfo\/#\/schema\/person\/faee6704a21f3977511db84bd1cd450f\",\"name\":\"la r\u00e9daction\",\"image\":{\"@type\":\"ImageObject\",\"inLanguage\":\"fr-FR\",\"@id\":\"https:\/\/vosgesinfo.fr\/saintdieinfo\/#\/schema\/person\/image\/\",\"url\":\"https:\/\/secure.gravatar.com\/avatar\/6673d8bc6a9c17fa9a453eaa3448de834fa308c2ec9635b7aa99441a7c8d2cf6?s=96&d=mm&r=g\",\"contentUrl\":\"https:\/\/secure.gravatar.com\/avatar\/6673d8bc6a9c17fa9a453eaa3448de834fa308c2ec9635b7aa99441a7c8d2cf6?s=96&d=mm&r=g\",\"caption\":\"la r\u00e9daction\"},\"url\":\"https:\/\/vosgesinfo.fr\/saintdieinfo\/author\/redac\/\"}]}<\/script>\n<!-- \/ Yoast SEO plugin. -->","yoast_head_json":{"title":"Senones \u2013 La marche nocturne d'Halloween approche \u00e0 grands pas ! - Saint Die Info","robots":{"index":"index","follow":"follow","max-snippet":"max-snippet:-1","max-image-preview":"max-image-preview:large","max-video-preview":"max-video-preview:-1"},"canonical":"https:\/\/vosgesinfo.fr\/saintdieinfo\/2023\/10\/senones-marche-nocturne-dhalloween-approche-a-grands-2\/","twitter_card":"summary_large_image","twitter_title":"Senones \u2013 La marche nocturne d'Halloween approche \u00e0 grands pas ! - Saint Die Info","twitter_description":"La marche nocturne d&rsquo;Halloween au pays de Salm approche \u00e0 grands pas, puisqu&rsquo;elle aura lieu dans maintenant une semaine, mardi [&hellip;]","twitter_image":"https:\/\/vosgesinfo.fr\/app\/uploads\/sites\/4\/2023\/10\/senones-marche-nocturne-halloween-1.jpg","twitter_creator":"@VosgesInfo88","twitter_site":"@VosgesInfo88","twitter_misc":{"\u00c9crit par":"la r\u00e9daction","Dur\u00e9e de lecture estim\u00e9e":"1 minute"},"schema":{"@context":"https:\/\/schema.org","@graph":[{"@type":"Article","@id":"https:\/\/vosgesinfo.fr\/saintdieinfo\/2023\/10\/senones-marche-nocturne-dhalloween-approche-a-grands-2\/#article","isPartOf":{"@id":"https:\/\/vosgesinfo.fr\/saintdieinfo\/2023\/10\/senones-marche-nocturne-dhalloween-approche-a-grands-2\/"},"author":{"name":"la r\u00e9daction","@id":"https:\/\/vosgesinfo.fr\/saintdieinfo\/#\/schema\/person\/faee6704a21f3977511db84bd1cd450f"},"headline":"Senones \u2013 La marche nocturne d&rsquo;Halloween approche \u00e0 grands pas !","datePublished":"2023-10-24T09:20:59+00:00","dateModified":"2023-10-24T09:20:59+00:00","mainEntityOfPage":{"@id":"https:\/\/vosgesinfo.fr\/saintdieinfo\/2023\/10\/senones-marche-nocturne-dhalloween-approche-a-grands-2\/"},"wordCount":207,"commentCount":0,"publisher":{"@id":"https:\/\/vosgesinfo.fr\/saintdieinfo\/#organization"},"image":{"@id":"https:\/\/vosgesinfo.fr\/saintdieinfo\/2023\/10\/senones-marche-nocturne-dhalloween-approche-a-grands-2\/#primaryimage"},"thumbnailUrl":"https:\/\/vosgesinfo.fr\/app\/uploads\/sites\/4\/2023\/10\/senones-marche-nocturne-halloween-1.jpg","keywords":["Halloween","Marche nocturne d'Halloween au Pays de Salm","Senones","Senones en F\u00eate"],"articleSection":["A la Une","Loisirs","Saint-Di\u00e9-des-Vosges et son Agglom\u00e9ration","Vie Associative"],"inLanguage":"fr-FR","potentialAction":[{"@type":"CommentAction","name":"Comment","target":["https:\/\/vosgesinfo.fr\/saintdieinfo\/2023\/10\/senones-marche-nocturne-dhalloween-approche-a-grands-2\/#respond"]}]},{"@type":"WebPage","@id":"https:\/\/vosgesinfo.fr\/saintdieinfo\/2023\/10\/senones-marche-nocturne-dhalloween-approche-a-grands-2\/","url":"https:\/\/vosgesinfo.fr\/saintdieinfo\/2023\/10\/senones-marche-nocturne-dhalloween-approche-a-grands-2\/","name":"Senones \u2013 La marche nocturne d'Halloween approche \u00e0 grands pas ! - Saint Die Info","isPartOf":{"@id":"https:\/\/vosgesinfo.fr\/saintdieinfo\/#website"},"primaryImageOfPage":{"@id":"https:\/\/vosgesinfo.fr\/saintdieinfo\/2023\/10\/senones-marche-nocturne-dhalloween-approche-a-grands-2\/#primaryimage"},"image":{"@id":"https:\/\/vosgesinfo.fr\/saintdieinfo\/2023\/10\/senones-marche-nocturne-dhalloween-approche-a-grands-2\/#primaryimage"},"thumbnailUrl":"https:\/\/vosgesinfo.fr\/app\/uploads\/sites\/4\/2023\/10\/senones-marche-nocturne-halloween-1.jpg","datePublished":"2023-10-24T09:20:59+00:00","dateModified":"2023-10-24T09:20:59+00:00","breadcrumb":{"@id":"https:\/\/vosgesinfo.fr\/saintdieinfo\/2023\/10\/senones-marche-nocturne-dhalloween-approche-a-grands-2\/#breadcrumb"},"inLanguage":"fr-FR","potentialAction":[{"@type":"ReadAction","target":["https:\/\/vosgesinfo.fr\/saintdieinfo\/2023\/10\/senones-marche-nocturne-dhalloween-approche-a-grands-2\/"]}]},{"@type":"ImageObject","inLanguage":"fr-FR","@id":"https:\/\/vosgesinfo.fr\/saintdieinfo\/2023\/10\/senones-marche-nocturne-dhalloween-approche-a-grands-2\/#primaryimage","url":"https:\/\/vosgesinfo.fr\/app\/uploads\/sites\/4\/2023\/10\/senones-marche-nocturne-halloween-1.jpg","contentUrl":"https:\/\/vosgesinfo.fr\/app\/uploads\/sites\/4\/2023\/10\/senones-marche-nocturne-halloween-1.jpg"},{"@type":"BreadcrumbList","@id":"https:\/\/vosgesinfo.fr\/saintdieinfo\/2023\/10\/senones-marche-nocturne-dhalloween-approche-a-grands-2\/#breadcrumb","itemListElement":[{"@type":"ListItem","position":1,"name":"Home","item":"https:\/\/vosgesinfo.fr\/saintdieinfo\/"},{"@type":"ListItem","position":2,"name":"Senones \u2013 La marche nocturne d&rsquo;Halloween approche \u00e0 grands pas !"}]},{"@type":"WebSite","@id":"https:\/\/vosgesinfo.fr\/saintdieinfo\/#website","url":"https:\/\/vosgesinfo.fr\/saintdieinfo\/","name":"Saint Die Info","description":"Toute l&#039;actualit\u00e9 de Saint-Di\u00e9-Des-Vosges","publisher":{"@id":"https:\/\/vosgesinfo.fr\/saintdieinfo\/#organization"},"alternateName":"Toute l'actualit\u00e9 de Saint-Di\u00e9-Des-Vosges","potentialAction":[{"@type":"SearchAction","target":{"@type":"EntryPoint","urlTemplate":"https:\/\/vosgesinfo.fr\/saintdieinfo\/?s={search_term_string}"},"query-input":"required name=search_term_string"}],"inLanguage":"fr-FR"},{"@type":"Organization","@id":"https:\/\/vosgesinfo.fr\/saintdieinfo\/#organization","name":"Saint Die Info","url":"https:\/\/vosgesinfo.fr\/saintdieinfo\/","logo":{"@type":"ImageObject","inLanguage":"fr-FR","@id":"https:\/\/vosgesinfo.fr\/saintdieinfo\/#\/schema\/logo\/image\/","url":"https:\/\/vosgesinfo.fr\/app\/uploads\/sites\/4\/2024\/02\/logo-sdi.jpg","contentUrl":"https:\/\/vosgesinfo.fr\/app\/uploads\/sites\/4\/2024\/02\/logo-sdi.jpg","width":600,"height":600,"caption":"Saint Die Info"},"image":{"@id":"https:\/\/vosgesinfo.fr\/saintdieinfo\/#\/schema\/logo\/image\/"},"sameAs":["https:\/\/www.facebook.com\/Saintdieinfofr","https:\/\/x.com\/VosgesInfo88","https:\/\/www.youtube.com\/@vosgesinfo"]},{"@type":"Person","@id":"https:\/\/vosgesinfo.fr\/saintdieinfo\/#\/schema\/person\/faee6704a21f3977511db84bd1cd450f","name":"la r\u00e9daction","image":{"@type":"ImageObject","inLanguage":"fr-FR","@id":"https:\/\/vosgesinfo.fr\/saintdieinfo\/#\/schema\/person\/image\/","url":"https:\/\/secure.gravatar.com\/avatar\/6673d8bc6a9c17fa9a453eaa3448de834fa308c2ec9635b7aa99441a7c8d2cf6?s=96&d=mm&r=g","contentUrl":"https:\/\/secure.gravatar.com\/avatar\/6673d8bc6a9c17fa9a453eaa3448de834fa308c2ec9635b7aa99441a7c8d2cf6?s=96&d=mm&r=g","caption":"la r\u00e9daction"},"url":"https:\/\/vosgesinfo.fr\/saintdieinfo\/author\/redac\/"}]}},"_links":{"self":[{"href":"https:\/\/vosgesinfo.fr\/saintdieinfo\/wp-json\/wp\/v2\/posts\/66889","targetHints":{"allow":["GET"]}}],"collection":[{"href":"https:\/\/vosgesinfo.fr\/saintdieinfo\/wp-json\/wp\/v2\/posts"}],"about":[{"href":"https:\/\/vosgesinfo.fr\/saintdieinfo\/wp-json\/wp\/v2\/types\/post"}],"author":[{"embeddable":true,"href":"https:\/\/vosgesinfo.fr\/saintdieinfo\/wp-json\/wp\/v2\/users\/44"}],"replies":[{"embeddable":true,"href":"https:\/\/vosgesinfo.fr\/saintdieinfo\/wp-json\/wp\/v2\/comments?post=66889"}],"version-history":[{"count":0,"href":"https:\/\/vosgesinfo.fr\/saintdieinfo\/wp-json\/wp\/v2\/posts\/66889\/revisions"}],"wp:featuredmedia":[{"embeddable":true,"href":"https:\/\/vosgesinfo.fr\/saintdieinfo\/wp-json\/wp\/v2\/media\/26955"}],"wp:attachment":[{"href":"https:\/\/vosgesinfo.fr\/saintdieinfo\/wp-json\/wp\/v2\/media?parent=66889"}],"wp:term":[{"taxonomy":"category","embeddable":true,"href":"https:\/\/vosgesinfo.fr\/saintdieinfo\/wp-json\/wp\/v2\/categories?post=66889"},{"taxonomy":"post_tag","embeddable":true,"href":"https:\/\/vosgesinfo.fr\/saintdieinfo\/wp-json\/wp\/v2\/tags?post=66889"}],"curies":[{"name":"wp","href":"https:\/\/api.w.org\/{rel}","templated":true}]}}