{"id":66975,"date":"2023-11-08T07:38:12","date_gmt":"2023-11-08T06:38:12","guid":{"rendered":"https:\/\/vosgesinfo.fr\/saintdieinfo\/2023\/11\/wisembach-soiree-beaujolais-nouveau-cafe-associatif-2\/"},"modified":"2023-11-08T07:38:12","modified_gmt":"2023-11-08T06:38:12","slug":"wisembach-soiree-beaujolais-nouveau-cafe-associatif-2","status":"publish","type":"post","link":"https:\/\/vosgesinfo.fr\/saintdieinfo\/2023\/11\/wisembach-soiree-beaujolais-nouveau-cafe-associatif-2\/","title":{"rendered":"Wisembach \u2013 Soir\u00e9e Beaujolais Nouveau par le Caf\u00e9 Associatif"},"content":{"rendered":"<h2><strong><span style=\"font-size: 14pt;\">Le Caf\u00e9 Association des Carfeuillats de Wisembach organise une soir\u00e9e Beaujolais Nouveau le samedi 18 novembre prochain, de 18h30 \u00e0 23h au Comptoir Gourmand, au 1bis rue du Diarupt \u00e0 Wisembach. Toutes les informations utiles sont \u00e0 retrouver ci-dessous.<\/span><\/strong><\/h2>\n<p><!--more--><\/p>\n<p><a href=\"\/2023\/11\/Wisembach-Soir\u00e9e_Beaujolais_Nouveau.jpg\" target=\"_blank\" rel=\"noopener\"><img decoding=\"async\" class=\"aligncenter wp-image-208340 size-large\" src=\"\/2023\/11\/Wisembach-Soir\u00e9e_Beaujolais_Nouveau-722x1024.jpg\" alt=\"Wisembach-Soir\u00e9e_Beaujolais_Nouveau\" width=\"722\" height=\"1024\" \/><\/a><\/p>\n","protected":false},"excerpt":{"rendered":"<p>Le Caf\u00e9 Association des Carfeuillats de Wisembach organise une soir\u00e9e Beaujolais Nouveau le samedi 18 novembre prochain, de 18h30 \u00e0 [&hellip;]<\/p>\n","protected":false},"author":44,"featured_media":27385,"comment_status":"open","ping_status":"open","sticky":false,"template":"","format":"standard","meta":{"footnotes":""},"categories":[3900,20,2915,17],"tags":[4896,2466,3405],"class_list":["post-66975","post","type-post","status-publish","format-standard","has-post-thumbnail","hentry","category-breves","category-loisirs","category-saint-die-son-canton","category-vie-associative","tag-les-carfeuillats-de-wisembach","tag-soiree-beaujolais-nouveau","tag-wisembach"],"acf":[],"yoast_head":"<!-- This site is optimized with the Yoast SEO plugin v22.5 - https:\/\/yoast.com\/wordpress\/plugins\/seo\/ -->\n<title>Wisembach \u2013 Soir\u00e9e Beaujolais Nouveau par le Caf\u00e9 Associatif - Saint Die Info<\/title>\n<meta name=\"robots\" content=\"index, follow, max-snippet:-1, max-image-preview:large, max-video-preview:-1\" \/>\n<link rel=\"canonical\" href=\"https:\/\/vosgesinfo.fr\/saintdieinfo\/2023\/11\/wisembach-soiree-beaujolais-nouveau-cafe-associatif-2\/\" \/>\n<meta name=\"twitter:card\" content=\"summary_large_image\" \/>\n<meta name=\"twitter:title\" content=\"Wisembach \u2013 Soir\u00e9e Beaujolais Nouveau par le Caf\u00e9 Associatif - Saint Die Info\" \/>\n<meta name=\"twitter:description\" content=\"Le Caf\u00e9 Association des Carfeuillats de Wisembach organise une soir\u00e9e Beaujolais Nouveau le samedi 18 novembre prochain, de 18h30 \u00e0 [&hellip;]\" \/>\n<meta name=\"twitter:image\" content=\"https:\/\/vosgesinfo.fr\/app\/uploads\/sites\/4\/2023\/11\/wisembach-soiree-beaujolais-nouveau.jpg\" \/>\n<meta name=\"twitter:creator\" content=\"@VosgesInfo88\" \/>\n<meta name=\"twitter:site\" content=\"@VosgesInfo88\" \/>\n<meta name=\"twitter:label1\" content=\"\u00c9crit par\" \/>\n\t<meta name=\"twitter:data1\" content=\"la r\u00e9daction\" \/>\n<script type=\"application\/ld+json\" class=\"yoast-schema-graph\">{\"@context\":\"https:\/\/schema.org\",\"@graph\":[{\"@type\":\"Article\",\"@id\":\"https:\/\/vosgesinfo.fr\/saintdieinfo\/2023\/11\/wisembach-soiree-beaujolais-nouveau-cafe-associatif-2\/#article\",\"isPartOf\":{\"@id\":\"https:\/\/vosgesinfo.fr\/saintdieinfo\/2023\/11\/wisembach-soiree-beaujolais-nouveau-cafe-associatif-2\/\"},\"author\":{\"name\":\"la r\u00e9daction\",\"@id\":\"https:\/\/vosgesinfo.fr\/saintdieinfo\/#\/schema\/person\/faee6704a21f3977511db84bd1cd450f\"},\"headline\":\"Wisembach \u2013 Soir\u00e9e Beaujolais Nouveau par le Caf\u00e9 Associatif\",\"datePublished\":\"2023-11-08T06:38:12+00:00\",\"dateModified\":\"2023-11-08T06:38:12+00:00\",\"mainEntityOfPage\":{\"@id\":\"https:\/\/vosgesinfo.fr\/saintdieinfo\/2023\/11\/wisembach-soiree-beaujolais-nouveau-cafe-associatif-2\/\"},\"wordCount\":45,\"commentCount\":0,\"publisher\":{\"@id\":\"https:\/\/vosgesinfo.fr\/saintdieinfo\/#organization\"},\"image\":{\"@id\":\"https:\/\/vosgesinfo.fr\/saintdieinfo\/2023\/11\/wisembach-soiree-beaujolais-nouveau-cafe-associatif-2\/#primaryimage\"},\"thumbnailUrl\":\"https:\/\/vosgesinfo.fr\/app\/uploads\/sites\/4\/2023\/11\/wisembach-soiree-beaujolais-nouveau.jpg\",\"keywords\":[\"Les Carfeuillats de Wisembach\",\"Soir\u00e9e Beaujolais nouveau\",\"Wisembach\"],\"articleSection\":[\"Br\u00e8ves\",\"Loisirs\",\"Saint-Di\u00e9-des-Vosges et son Agglom\u00e9ration\",\"Vie Associative\"],\"inLanguage\":\"fr-FR\",\"potentialAction\":[{\"@type\":\"CommentAction\",\"name\":\"Comment\",\"target\":[\"https:\/\/vosgesinfo.fr\/saintdieinfo\/2023\/11\/wisembach-soiree-beaujolais-nouveau-cafe-associatif-2\/#respond\"]}]},{\"@type\":\"WebPage\",\"@id\":\"https:\/\/vosgesinfo.fr\/saintdieinfo\/2023\/11\/wisembach-soiree-beaujolais-nouveau-cafe-associatif-2\/\",\"url\":\"https:\/\/vosgesinfo.fr\/saintdieinfo\/2023\/11\/wisembach-soiree-beaujolais-nouveau-cafe-associatif-2\/\",\"name\":\"Wisembach \u2013 Soir\u00e9e Beaujolais Nouveau par le Caf\u00e9 Associatif - Saint Die Info\",\"isPartOf\":{\"@id\":\"https:\/\/vosgesinfo.fr\/saintdieinfo\/#website\"},\"primaryImageOfPage\":{\"@id\":\"https:\/\/vosgesinfo.fr\/saintdieinfo\/2023\/11\/wisembach-soiree-beaujolais-nouveau-cafe-associatif-2\/#primaryimage\"},\"image\":{\"@id\":\"https:\/\/vosgesinfo.fr\/saintdieinfo\/2023\/11\/wisembach-soiree-beaujolais-nouveau-cafe-associatif-2\/#primaryimage\"},\"thumbnailUrl\":\"https:\/\/vosgesinfo.fr\/app\/uploads\/sites\/4\/2023\/11\/wisembach-soiree-beaujolais-nouveau.jpg\",\"datePublished\":\"2023-11-08T06:38:12+00:00\",\"dateModified\":\"2023-11-08T06:38:12+00:00\",\"breadcrumb\":{\"@id\":\"https:\/\/vosgesinfo.fr\/saintdieinfo\/2023\/11\/wisembach-soiree-beaujolais-nouveau-cafe-associatif-2\/#breadcrumb\"},\"inLanguage\":\"fr-FR\",\"potentialAction\":[{\"@type\":\"ReadAction\",\"target\":[\"https:\/\/vosgesinfo.fr\/saintdieinfo\/2023\/11\/wisembach-soiree-beaujolais-nouveau-cafe-associatif-2\/\"]}]},{\"@type\":\"ImageObject\",\"inLanguage\":\"fr-FR\",\"@id\":\"https:\/\/vosgesinfo.fr\/saintdieinfo\/2023\/11\/wisembach-soiree-beaujolais-nouveau-cafe-associatif-2\/#primaryimage\",\"url\":\"https:\/\/vosgesinfo.fr\/app\/uploads\/sites\/4\/2023\/11\/wisembach-soiree-beaujolais-nouveau.jpg\",\"contentUrl\":\"https:\/\/vosgesinfo.fr\/app\/uploads\/sites\/4\/2023\/11\/wisembach-soiree-beaujolais-nouveau.jpg\"},{\"@type\":\"BreadcrumbList\",\"@id\":\"https:\/\/vosgesinfo.fr\/saintdieinfo\/2023\/11\/wisembach-soiree-beaujolais-nouveau-cafe-associatif-2\/#breadcrumb\",\"itemListElement\":[{\"@type\":\"ListItem\",\"position\":1,\"name\":\"Home\",\"item\":\"https:\/\/vosgesinfo.fr\/saintdieinfo\/\"},{\"@type\":\"ListItem\",\"position\":2,\"name\":\"Wisembach \u2013 Soir\u00e9e Beaujolais Nouveau par le Caf\u00e9 Associatif\"}]},{\"@type\":\"WebSite\",\"@id\":\"https:\/\/vosgesinfo.fr\/saintdieinfo\/#website\",\"url\":\"https:\/\/vosgesinfo.fr\/saintdieinfo\/\",\"name\":\"Saint Die Info\",\"description\":\"Toute l&#039;actualit\u00e9 de Saint-Di\u00e9-Des-Vosges\",\"publisher\":{\"@id\":\"https:\/\/vosgesinfo.fr\/saintdieinfo\/#organization\"},\"alternateName\":\"Toute l'actualit\u00e9 de Saint-Di\u00e9-Des-Vosges\",\"potentialAction\":[{\"@type\":\"SearchAction\",\"target\":{\"@type\":\"EntryPoint\",\"urlTemplate\":\"https:\/\/vosgesinfo.fr\/saintdieinfo\/?s={search_term_string}\"},\"query-input\":\"required name=search_term_string\"}],\"inLanguage\":\"fr-FR\"},{\"@type\":\"Organization\",\"@id\":\"https:\/\/vosgesinfo.fr\/saintdieinfo\/#organization\",\"name\":\"Saint Die Info\",\"url\":\"https:\/\/vosgesinfo.fr\/saintdieinfo\/\",\"logo\":{\"@type\":\"ImageObject\",\"inLanguage\":\"fr-FR\",\"@id\":\"https:\/\/vosgesinfo.fr\/saintdieinfo\/#\/schema\/logo\/image\/\",\"url\":\"https:\/\/vosgesinfo.fr\/app\/uploads\/sites\/4\/2024\/02\/logo-sdi.jpg\",\"contentUrl\":\"https:\/\/vosgesinfo.fr\/app\/uploads\/sites\/4\/2024\/02\/logo-sdi.jpg\",\"width\":600,\"height\":600,\"caption\":\"Saint Die Info\"},\"image\":{\"@id\":\"https:\/\/vosgesinfo.fr\/saintdieinfo\/#\/schema\/logo\/image\/\"},\"sameAs\":[\"https:\/\/www.facebook.com\/Saintdieinfofr\",\"https:\/\/x.com\/VosgesInfo88\",\"https:\/\/www.youtube.com\/@vosgesinfo\"]},{\"@type\":\"Person\",\"@id\":\"https:\/\/vosgesinfo.fr\/saintdieinfo\/#\/schema\/person\/faee6704a21f3977511db84bd1cd450f\",\"name\":\"la r\u00e9daction\",\"image\":{\"@type\":\"ImageObject\",\"inLanguage\":\"fr-FR\",\"@id\":\"https:\/\/vosgesinfo.fr\/saintdieinfo\/#\/schema\/person\/image\/\",\"url\":\"https:\/\/secure.gravatar.com\/avatar\/6673d8bc6a9c17fa9a453eaa3448de834fa308c2ec9635b7aa99441a7c8d2cf6?s=96&d=mm&r=g\",\"contentUrl\":\"https:\/\/secure.gravatar.com\/avatar\/6673d8bc6a9c17fa9a453eaa3448de834fa308c2ec9635b7aa99441a7c8d2cf6?s=96&d=mm&r=g\",\"caption\":\"la r\u00e9daction\"},\"url\":\"https:\/\/vosgesinfo.fr\/saintdieinfo\/author\/redac\/\"}]}<\/script>\n<!-- \/ Yoast SEO plugin. -->","yoast_head_json":{"title":"Wisembach \u2013 Soir\u00e9e Beaujolais Nouveau par le Caf\u00e9 Associatif - Saint Die Info","robots":{"index":"index","follow":"follow","max-snippet":"max-snippet:-1","max-image-preview":"max-image-preview:large","max-video-preview":"max-video-preview:-1"},"canonical":"https:\/\/vosgesinfo.fr\/saintdieinfo\/2023\/11\/wisembach-soiree-beaujolais-nouveau-cafe-associatif-2\/","twitter_card":"summary_large_image","twitter_title":"Wisembach \u2013 Soir\u00e9e Beaujolais Nouveau par le Caf\u00e9 Associatif - Saint Die Info","twitter_description":"Le Caf\u00e9 Association des Carfeuillats de Wisembach organise une soir\u00e9e Beaujolais Nouveau le samedi 18 novembre prochain, de 18h30 \u00e0 [&hellip;]","twitter_image":"https:\/\/vosgesinfo.fr\/app\/uploads\/sites\/4\/2023\/11\/wisembach-soiree-beaujolais-nouveau.jpg","twitter_creator":"@VosgesInfo88","twitter_site":"@VosgesInfo88","twitter_misc":{"\u00c9crit par":"la r\u00e9daction"},"schema":{"@context":"https:\/\/schema.org","@graph":[{"@type":"Article","@id":"https:\/\/vosgesinfo.fr\/saintdieinfo\/2023\/11\/wisembach-soiree-beaujolais-nouveau-cafe-associatif-2\/#article","isPartOf":{"@id":"https:\/\/vosgesinfo.fr\/saintdieinfo\/2023\/11\/wisembach-soiree-beaujolais-nouveau-cafe-associatif-2\/"},"author":{"name":"la r\u00e9daction","@id":"https:\/\/vosgesinfo.fr\/saintdieinfo\/#\/schema\/person\/faee6704a21f3977511db84bd1cd450f"},"headline":"Wisembach \u2013 Soir\u00e9e Beaujolais Nouveau par le Caf\u00e9 Associatif","datePublished":"2023-11-08T06:38:12+00:00","dateModified":"2023-11-08T06:38:12+00:00","mainEntityOfPage":{"@id":"https:\/\/vosgesinfo.fr\/saintdieinfo\/2023\/11\/wisembach-soiree-beaujolais-nouveau-cafe-associatif-2\/"},"wordCount":45,"commentCount":0,"publisher":{"@id":"https:\/\/vosgesinfo.fr\/saintdieinfo\/#organization"},"image":{"@id":"https:\/\/vosgesinfo.fr\/saintdieinfo\/2023\/11\/wisembach-soiree-beaujolais-nouveau-cafe-associatif-2\/#primaryimage"},"thumbnailUrl":"https:\/\/vosgesinfo.fr\/app\/uploads\/sites\/4\/2023\/11\/wisembach-soiree-beaujolais-nouveau.jpg","keywords":["Les Carfeuillats de Wisembach","Soir\u00e9e Beaujolais nouveau","Wisembach"],"articleSection":["Br\u00e8ves","Loisirs","Saint-Di\u00e9-des-Vosges et son Agglom\u00e9ration","Vie Associative"],"inLanguage":"fr-FR","potentialAction":[{"@type":"CommentAction","name":"Comment","target":["https:\/\/vosgesinfo.fr\/saintdieinfo\/2023\/11\/wisembach-soiree-beaujolais-nouveau-cafe-associatif-2\/#respond"]}]},{"@type":"WebPage","@id":"https:\/\/vosgesinfo.fr\/saintdieinfo\/2023\/11\/wisembach-soiree-beaujolais-nouveau-cafe-associatif-2\/","url":"https:\/\/vosgesinfo.fr\/saintdieinfo\/2023\/11\/wisembach-soiree-beaujolais-nouveau-cafe-associatif-2\/","name":"Wisembach \u2013 Soir\u00e9e Beaujolais Nouveau par le Caf\u00e9 Associatif - Saint Die Info","isPartOf":{"@id":"https:\/\/vosgesinfo.fr\/saintdieinfo\/#website"},"primaryImageOfPage":{"@id":"https:\/\/vosgesinfo.fr\/saintdieinfo\/2023\/11\/wisembach-soiree-beaujolais-nouveau-cafe-associatif-2\/#primaryimage"},"image":{"@id":"https:\/\/vosgesinfo.fr\/saintdieinfo\/2023\/11\/wisembach-soiree-beaujolais-nouveau-cafe-associatif-2\/#primaryimage"},"thumbnailUrl":"https:\/\/vosgesinfo.fr\/app\/uploads\/sites\/4\/2023\/11\/wisembach-soiree-beaujolais-nouveau.jpg","datePublished":"2023-11-08T06:38:12+00:00","dateModified":"2023-11-08T06:38:12+00:00","breadcrumb":{"@id":"https:\/\/vosgesinfo.fr\/saintdieinfo\/2023\/11\/wisembach-soiree-beaujolais-nouveau-cafe-associatif-2\/#breadcrumb"},"inLanguage":"fr-FR","potentialAction":[{"@type":"ReadAction","target":["https:\/\/vosgesinfo.fr\/saintdieinfo\/2023\/11\/wisembach-soiree-beaujolais-nouveau-cafe-associatif-2\/"]}]},{"@type":"ImageObject","inLanguage":"fr-FR","@id":"https:\/\/vosgesinfo.fr\/saintdieinfo\/2023\/11\/wisembach-soiree-beaujolais-nouveau-cafe-associatif-2\/#primaryimage","url":"https:\/\/vosgesinfo.fr\/app\/uploads\/sites\/4\/2023\/11\/wisembach-soiree-beaujolais-nouveau.jpg","contentUrl":"https:\/\/vosgesinfo.fr\/app\/uploads\/sites\/4\/2023\/11\/wisembach-soiree-beaujolais-nouveau.jpg"},{"@type":"BreadcrumbList","@id":"https:\/\/vosgesinfo.fr\/saintdieinfo\/2023\/11\/wisembach-soiree-beaujolais-nouveau-cafe-associatif-2\/#breadcrumb","itemListElement":[{"@type":"ListItem","position":1,"name":"Home","item":"https:\/\/vosgesinfo.fr\/saintdieinfo\/"},{"@type":"ListItem","position":2,"name":"Wisembach \u2013 Soir\u00e9e Beaujolais Nouveau par le Caf\u00e9 Associatif"}]},{"@type":"WebSite","@id":"https:\/\/vosgesinfo.fr\/saintdieinfo\/#website","url":"https:\/\/vosgesinfo.fr\/saintdieinfo\/","name":"Saint Die Info","description":"Toute l&#039;actualit\u00e9 de Saint-Di\u00e9-Des-Vosges","publisher":{"@id":"https:\/\/vosgesinfo.fr\/saintdieinfo\/#organization"},"alternateName":"Toute l'actualit\u00e9 de Saint-Di\u00e9-Des-Vosges","potentialAction":[{"@type":"SearchAction","target":{"@type":"EntryPoint","urlTemplate":"https:\/\/vosgesinfo.fr\/saintdieinfo\/?s={search_term_string}"},"query-input":"required name=search_term_string"}],"inLanguage":"fr-FR"},{"@type":"Organization","@id":"https:\/\/vosgesinfo.fr\/saintdieinfo\/#organization","name":"Saint Die Info","url":"https:\/\/vosgesinfo.fr\/saintdieinfo\/","logo":{"@type":"ImageObject","inLanguage":"fr-FR","@id":"https:\/\/vosgesinfo.fr\/saintdieinfo\/#\/schema\/logo\/image\/","url":"https:\/\/vosgesinfo.fr\/app\/uploads\/sites\/4\/2024\/02\/logo-sdi.jpg","contentUrl":"https:\/\/vosgesinfo.fr\/app\/uploads\/sites\/4\/2024\/02\/logo-sdi.jpg","width":600,"height":600,"caption":"Saint Die Info"},"image":{"@id":"https:\/\/vosgesinfo.fr\/saintdieinfo\/#\/schema\/logo\/image\/"},"sameAs":["https:\/\/www.facebook.com\/Saintdieinfofr","https:\/\/x.com\/VosgesInfo88","https:\/\/www.youtube.com\/@vosgesinfo"]},{"@type":"Person","@id":"https:\/\/vosgesinfo.fr\/saintdieinfo\/#\/schema\/person\/faee6704a21f3977511db84bd1cd450f","name":"la r\u00e9daction","image":{"@type":"ImageObject","inLanguage":"fr-FR","@id":"https:\/\/vosgesinfo.fr\/saintdieinfo\/#\/schema\/person\/image\/","url":"https:\/\/secure.gravatar.com\/avatar\/6673d8bc6a9c17fa9a453eaa3448de834fa308c2ec9635b7aa99441a7c8d2cf6?s=96&d=mm&r=g","contentUrl":"https:\/\/secure.gravatar.com\/avatar\/6673d8bc6a9c17fa9a453eaa3448de834fa308c2ec9635b7aa99441a7c8d2cf6?s=96&d=mm&r=g","caption":"la r\u00e9daction"},"url":"https:\/\/vosgesinfo.fr\/saintdieinfo\/author\/redac\/"}]}},"_links":{"self":[{"href":"https:\/\/vosgesinfo.fr\/saintdieinfo\/wp-json\/wp\/v2\/posts\/66975","targetHints":{"allow":["GET"]}}],"collection":[{"href":"https:\/\/vosgesinfo.fr\/saintdieinfo\/wp-json\/wp\/v2\/posts"}],"about":[{"href":"https:\/\/vosgesinfo.fr\/saintdieinfo\/wp-json\/wp\/v2\/types\/post"}],"author":[{"embeddable":true,"href":"https:\/\/vosgesinfo.fr\/saintdieinfo\/wp-json\/wp\/v2\/users\/44"}],"replies":[{"embeddable":true,"href":"https:\/\/vosgesinfo.fr\/saintdieinfo\/wp-json\/wp\/v2\/comments?post=66975"}],"version-history":[{"count":0,"href":"https:\/\/vosgesinfo.fr\/saintdieinfo\/wp-json\/wp\/v2\/posts\/66975\/revisions"}],"wp:featuredmedia":[{"embeddable":true,"href":"https:\/\/vosgesinfo.fr\/saintdieinfo\/wp-json\/wp\/v2\/media\/27385"}],"wp:attachment":[{"href":"https:\/\/vosgesinfo.fr\/saintdieinfo\/wp-json\/wp\/v2\/media?parent=66975"}],"wp:term":[{"taxonomy":"category","embeddable":true,"href":"https:\/\/vosgesinfo.fr\/saintdieinfo\/wp-json\/wp\/v2\/categories?post=66975"},{"taxonomy":"post_tag","embeddable":true,"href":"https:\/\/vosgesinfo.fr\/saintdieinfo\/wp-json\/wp\/v2\/tags?post=66975"}],"curies":[{"name":"wp","href":"https:\/\/api.w.org\/{rel}","templated":true}]}}