{"id":66982,"date":"2023-11-09T09:32:42","date_gmt":"2023-11-09T08:32:42","guid":{"rendered":"https:\/\/vosgesinfo.fr\/saintdieinfo\/2023\/11\/lucie-pillon-plasticienne-ceramiste-expose-cepagrap-2\/"},"modified":"2023-11-09T09:32:42","modified_gmt":"2023-11-09T08:32:42","slug":"lucie-pillon-plasticienne-ceramiste-expose-cepagrap-2","status":"publish","type":"post","link":"https:\/\/vosgesinfo.fr\/saintdieinfo\/2023\/11\/lucie-pillon-plasticienne-ceramiste-expose-cepagrap-2\/","title":{"rendered":"Lucie Pillon, plasticienne et c\u00e9ramiste, expose au CEPAGRAP"},"content":{"rendered":"<div id=\"attachment_208391\" style=\"width: 490px\" class=\"wp-caption aligncenter\"><a href=\"\/2023\/11\/Exposition_Lucie_Pillon_CEPAGRAP.jpeg\" target=\"_blank\" rel=\"noopener\"><img decoding=\"async\" aria-describedby=\"caption-attachment-208391\" class=\"wp-image-208391 size-full\" src=\"\/2023\/11\/Exposition_Lucie_Pillon_CEPAGRAP.jpeg\" alt=\"Exposition_Lucie_Pillon_CEPAGRAP\" width=\"480\" height=\"480\" \/><\/a><p id=\"caption-attachment-208391\" class=\"wp-caption-text\">(Photographie CEPAGRAP)<\/p><\/div>\n<h2><strong><span style=\"font-size: 14pt;\">Lucie Pillon, plasticienne et c\u00e9ramiste, expose ses \u0153uvres au sein de la gallerie d&rsquo;Art contemporain du CEPAGRAP de Saint-Di\u00e9-des-Vosges, du samedi 18 novembre au samedi 23 d\u00e9cembre. Intitul\u00e9e \u00ab\u00a0Permis de construire\u00a0\u00bb, cette exposition est \u00e0 d\u00e9couvrir gratuitement du mardi au samedi, de 15h \u00e0 19h. Vernissage le samedi 18 novembre \u00e0 18h, puis entretien avec l&rsquo;artiste le mardi 21 novembre \u00e0 18h.<\/span><\/strong><\/h2>\n<p><!--more--><\/p>\n<p>\u00ab\u00a0Lucie Pillon est plasticienne et c\u00e9ramiste, dipl\u00f4m\u00e9e de l\u2019 Ecole nationale d\u2019 Art de Bourges. Elle a \u00e9t\u00e9 en r\u00e9sidence d\u2019artiste \u00e0 Terre Plein \u00e0 Taintrux o\u00f9 elle a pu r\u00e9aliser cette exposition intitul\u00e9e\u00a0: Permis de Construire. Depuis plusieurs ann\u00e9es les probl\u00e9matiques environnementales et paysag\u00e8res sont au c\u0153ur de ses investigations et cette exposition nous interroge sur notre mani\u00e8re d\u2019habiter, d\u2019occuper le paysage. Ch\u00e2teau de sable et maison b\u00e9tonn\u00e9s, \u00e9difices fissur\u00e9s et calcin\u00e9s c\u00f4toient des architectures ensemenc\u00e9es. Avec cette exposition, Lucie Pillon nous questionne sur le b\u00e2ti d\u2019aujourd\u2019hui et les vestiges de demain, sur la cohabitation possible entre l\u2019homme et la nature\u00a0\u00bb explique Emmanuel Antoine, directeur du CEPAGRAP.<\/p>\n","protected":false},"excerpt":{"rendered":"<p>Lucie Pillon, plasticienne et c\u00e9ramiste, expose ses \u0153uvres au sein de la gallerie d&rsquo;Art contemporain du CEPAGRAP de Saint-Di\u00e9-des-Vosges, du [&hellip;]<\/p>\n","protected":false},"author":44,"featured_media":27428,"comment_status":"open","ping_status":"open","sticky":false,"template":"","format":"standard","meta":{"footnotes":""},"categories":[460,8019,7847,2915],"tags":[3084,4905,4906],"class_list":["post-66982","post","type-post","status-publish","format-standard","has-post-thumbnail","hentry","category-a-la-une","category-vie-artistique-art-culture","category-art-culture","category-saint-die-son-canton","tag-cepagrap","tag-exposition-permis-de-construire","tag-lucie-pillon"],"acf":[],"yoast_head":"<!-- This site is optimized with the Yoast SEO plugin v22.5 - https:\/\/yoast.com\/wordpress\/plugins\/seo\/ -->\n<title>Lucie Pillon, plasticienne et c\u00e9ramiste, expose au CEPAGRAP - Saint Die Info<\/title>\n<meta name=\"robots\" content=\"index, follow, max-snippet:-1, max-image-preview:large, max-video-preview:-1\" \/>\n<link rel=\"canonical\" href=\"https:\/\/vosgesinfo.fr\/saintdieinfo\/2023\/11\/lucie-pillon-plasticienne-ceramiste-expose-cepagrap-2\/\" \/>\n<meta name=\"twitter:card\" content=\"summary_large_image\" \/>\n<meta name=\"twitter:title\" content=\"Lucie Pillon, plasticienne et c\u00e9ramiste, expose au CEPAGRAP - Saint Die Info\" \/>\n<meta name=\"twitter:description\" content=\"Lucie Pillon, plasticienne et c\u00e9ramiste, expose ses \u0153uvres au sein de la gallerie d&rsquo;Art contemporain du CEPAGRAP de Saint-Di\u00e9-des-Vosges, du [&hellip;]\" \/>\n<meta name=\"twitter:image\" content=\"https:\/\/vosgesinfo.fr\/app\/uploads\/sites\/4\/2023\/11\/exposition-lucie-pillon-cepagrap.jpeg\" \/>\n<meta name=\"twitter:creator\" content=\"@VosgesInfo88\" \/>\n<meta name=\"twitter:site\" content=\"@VosgesInfo88\" \/>\n<meta name=\"twitter:label1\" content=\"\u00c9crit par\" \/>\n\t<meta name=\"twitter:data1\" content=\"la r\u00e9daction\" \/>\n\t<meta name=\"twitter:label2\" content=\"Dur\u00e9e de lecture estim\u00e9e\" \/>\n\t<meta name=\"twitter:data2\" content=\"1 minute\" \/>\n<script type=\"application\/ld+json\" class=\"yoast-schema-graph\">{\"@context\":\"https:\/\/schema.org\",\"@graph\":[{\"@type\":\"Article\",\"@id\":\"https:\/\/vosgesinfo.fr\/saintdieinfo\/2023\/11\/lucie-pillon-plasticienne-ceramiste-expose-cepagrap-2\/#article\",\"isPartOf\":{\"@id\":\"https:\/\/vosgesinfo.fr\/saintdieinfo\/2023\/11\/lucie-pillon-plasticienne-ceramiste-expose-cepagrap-2\/\"},\"author\":{\"name\":\"la r\u00e9daction\",\"@id\":\"https:\/\/vosgesinfo.fr\/saintdieinfo\/#\/schema\/person\/faee6704a21f3977511db84bd1cd450f\"},\"headline\":\"Lucie Pillon, plasticienne et c\u00e9ramiste, expose au CEPAGRAP\",\"datePublished\":\"2023-11-09T08:32:42+00:00\",\"dateModified\":\"2023-11-09T08:32:42+00:00\",\"mainEntityOfPage\":{\"@id\":\"https:\/\/vosgesinfo.fr\/saintdieinfo\/2023\/11\/lucie-pillon-plasticienne-ceramiste-expose-cepagrap-2\/\"},\"wordCount\":210,\"commentCount\":0,\"publisher\":{\"@id\":\"https:\/\/vosgesinfo.fr\/saintdieinfo\/#organization\"},\"image\":{\"@id\":\"https:\/\/vosgesinfo.fr\/saintdieinfo\/2023\/11\/lucie-pillon-plasticienne-ceramiste-expose-cepagrap-2\/#primaryimage\"},\"thumbnailUrl\":\"https:\/\/vosgesinfo.fr\/app\/uploads\/sites\/4\/2023\/11\/exposition-lucie-pillon-cepagrap.jpeg\",\"keywords\":[\"CEPAGRAP\",\"Exposition Permis de construire\",\"Lucie Pillon\"],\"articleSection\":[\"A la Une\",\"Art\",\"Culture\",\"Saint-Di\u00e9-des-Vosges et son Agglom\u00e9ration\"],\"inLanguage\":\"fr-FR\",\"potentialAction\":[{\"@type\":\"CommentAction\",\"name\":\"Comment\",\"target\":[\"https:\/\/vosgesinfo.fr\/saintdieinfo\/2023\/11\/lucie-pillon-plasticienne-ceramiste-expose-cepagrap-2\/#respond\"]}]},{\"@type\":\"WebPage\",\"@id\":\"https:\/\/vosgesinfo.fr\/saintdieinfo\/2023\/11\/lucie-pillon-plasticienne-ceramiste-expose-cepagrap-2\/\",\"url\":\"https:\/\/vosgesinfo.fr\/saintdieinfo\/2023\/11\/lucie-pillon-plasticienne-ceramiste-expose-cepagrap-2\/\",\"name\":\"Lucie Pillon, plasticienne et c\u00e9ramiste, expose au CEPAGRAP - Saint Die Info\",\"isPartOf\":{\"@id\":\"https:\/\/vosgesinfo.fr\/saintdieinfo\/#website\"},\"primaryImageOfPage\":{\"@id\":\"https:\/\/vosgesinfo.fr\/saintdieinfo\/2023\/11\/lucie-pillon-plasticienne-ceramiste-expose-cepagrap-2\/#primaryimage\"},\"image\":{\"@id\":\"https:\/\/vosgesinfo.fr\/saintdieinfo\/2023\/11\/lucie-pillon-plasticienne-ceramiste-expose-cepagrap-2\/#primaryimage\"},\"thumbnailUrl\":\"https:\/\/vosgesinfo.fr\/app\/uploads\/sites\/4\/2023\/11\/exposition-lucie-pillon-cepagrap.jpeg\",\"datePublished\":\"2023-11-09T08:32:42+00:00\",\"dateModified\":\"2023-11-09T08:32:42+00:00\",\"breadcrumb\":{\"@id\":\"https:\/\/vosgesinfo.fr\/saintdieinfo\/2023\/11\/lucie-pillon-plasticienne-ceramiste-expose-cepagrap-2\/#breadcrumb\"},\"inLanguage\":\"fr-FR\",\"potentialAction\":[{\"@type\":\"ReadAction\",\"target\":[\"https:\/\/vosgesinfo.fr\/saintdieinfo\/2023\/11\/lucie-pillon-plasticienne-ceramiste-expose-cepagrap-2\/\"]}]},{\"@type\":\"ImageObject\",\"inLanguage\":\"fr-FR\",\"@id\":\"https:\/\/vosgesinfo.fr\/saintdieinfo\/2023\/11\/lucie-pillon-plasticienne-ceramiste-expose-cepagrap-2\/#primaryimage\",\"url\":\"https:\/\/vosgesinfo.fr\/app\/uploads\/sites\/4\/2023\/11\/exposition-lucie-pillon-cepagrap.jpeg\",\"contentUrl\":\"https:\/\/vosgesinfo.fr\/app\/uploads\/sites\/4\/2023\/11\/exposition-lucie-pillon-cepagrap.jpeg\"},{\"@type\":\"BreadcrumbList\",\"@id\":\"https:\/\/vosgesinfo.fr\/saintdieinfo\/2023\/11\/lucie-pillon-plasticienne-ceramiste-expose-cepagrap-2\/#breadcrumb\",\"itemListElement\":[{\"@type\":\"ListItem\",\"position\":1,\"name\":\"Home\",\"item\":\"https:\/\/vosgesinfo.fr\/saintdieinfo\/\"},{\"@type\":\"ListItem\",\"position\":2,\"name\":\"Lucie Pillon, plasticienne et c\u00e9ramiste, expose au CEPAGRAP\"}]},{\"@type\":\"WebSite\",\"@id\":\"https:\/\/vosgesinfo.fr\/saintdieinfo\/#website\",\"url\":\"https:\/\/vosgesinfo.fr\/saintdieinfo\/\",\"name\":\"Saint Die Info\",\"description\":\"Toute l&#039;actualit\u00e9 de Saint-Di\u00e9-Des-Vosges\",\"publisher\":{\"@id\":\"https:\/\/vosgesinfo.fr\/saintdieinfo\/#organization\"},\"alternateName\":\"Toute l'actualit\u00e9 de Saint-Di\u00e9-Des-Vosges\",\"potentialAction\":[{\"@type\":\"SearchAction\",\"target\":{\"@type\":\"EntryPoint\",\"urlTemplate\":\"https:\/\/vosgesinfo.fr\/saintdieinfo\/?s={search_term_string}\"},\"query-input\":\"required name=search_term_string\"}],\"inLanguage\":\"fr-FR\"},{\"@type\":\"Organization\",\"@id\":\"https:\/\/vosgesinfo.fr\/saintdieinfo\/#organization\",\"name\":\"Saint Die Info\",\"url\":\"https:\/\/vosgesinfo.fr\/saintdieinfo\/\",\"logo\":{\"@type\":\"ImageObject\",\"inLanguage\":\"fr-FR\",\"@id\":\"https:\/\/vosgesinfo.fr\/saintdieinfo\/#\/schema\/logo\/image\/\",\"url\":\"https:\/\/vosgesinfo.fr\/app\/uploads\/sites\/4\/2024\/02\/logo-sdi.jpg\",\"contentUrl\":\"https:\/\/vosgesinfo.fr\/app\/uploads\/sites\/4\/2024\/02\/logo-sdi.jpg\",\"width\":600,\"height\":600,\"caption\":\"Saint Die Info\"},\"image\":{\"@id\":\"https:\/\/vosgesinfo.fr\/saintdieinfo\/#\/schema\/logo\/image\/\"},\"sameAs\":[\"https:\/\/www.facebook.com\/Saintdieinfofr\",\"https:\/\/x.com\/VosgesInfo88\",\"https:\/\/www.youtube.com\/@vosgesinfo\"]},{\"@type\":\"Person\",\"@id\":\"https:\/\/vosgesinfo.fr\/saintdieinfo\/#\/schema\/person\/faee6704a21f3977511db84bd1cd450f\",\"name\":\"la r\u00e9daction\",\"image\":{\"@type\":\"ImageObject\",\"inLanguage\":\"fr-FR\",\"@id\":\"https:\/\/vosgesinfo.fr\/saintdieinfo\/#\/schema\/person\/image\/\",\"url\":\"https:\/\/secure.gravatar.com\/avatar\/6673d8bc6a9c17fa9a453eaa3448de834fa308c2ec9635b7aa99441a7c8d2cf6?s=96&d=mm&r=g\",\"contentUrl\":\"https:\/\/secure.gravatar.com\/avatar\/6673d8bc6a9c17fa9a453eaa3448de834fa308c2ec9635b7aa99441a7c8d2cf6?s=96&d=mm&r=g\",\"caption\":\"la r\u00e9daction\"},\"url\":\"https:\/\/vosgesinfo.fr\/saintdieinfo\/author\/redac\/\"}]}<\/script>\n<!-- \/ Yoast SEO plugin. -->","yoast_head_json":{"title":"Lucie Pillon, plasticienne et c\u00e9ramiste, expose au CEPAGRAP - Saint Die Info","robots":{"index":"index","follow":"follow","max-snippet":"max-snippet:-1","max-image-preview":"max-image-preview:large","max-video-preview":"max-video-preview:-1"},"canonical":"https:\/\/vosgesinfo.fr\/saintdieinfo\/2023\/11\/lucie-pillon-plasticienne-ceramiste-expose-cepagrap-2\/","twitter_card":"summary_large_image","twitter_title":"Lucie Pillon, plasticienne et c\u00e9ramiste, expose au CEPAGRAP - Saint Die Info","twitter_description":"Lucie Pillon, plasticienne et c\u00e9ramiste, expose ses \u0153uvres au sein de la gallerie d&rsquo;Art contemporain du CEPAGRAP de Saint-Di\u00e9-des-Vosges, du [&hellip;]","twitter_image":"https:\/\/vosgesinfo.fr\/app\/uploads\/sites\/4\/2023\/11\/exposition-lucie-pillon-cepagrap.jpeg","twitter_creator":"@VosgesInfo88","twitter_site":"@VosgesInfo88","twitter_misc":{"\u00c9crit par":"la r\u00e9daction","Dur\u00e9e de lecture estim\u00e9e":"1 minute"},"schema":{"@context":"https:\/\/schema.org","@graph":[{"@type":"Article","@id":"https:\/\/vosgesinfo.fr\/saintdieinfo\/2023\/11\/lucie-pillon-plasticienne-ceramiste-expose-cepagrap-2\/#article","isPartOf":{"@id":"https:\/\/vosgesinfo.fr\/saintdieinfo\/2023\/11\/lucie-pillon-plasticienne-ceramiste-expose-cepagrap-2\/"},"author":{"name":"la r\u00e9daction","@id":"https:\/\/vosgesinfo.fr\/saintdieinfo\/#\/schema\/person\/faee6704a21f3977511db84bd1cd450f"},"headline":"Lucie Pillon, plasticienne et c\u00e9ramiste, expose au CEPAGRAP","datePublished":"2023-11-09T08:32:42+00:00","dateModified":"2023-11-09T08:32:42+00:00","mainEntityOfPage":{"@id":"https:\/\/vosgesinfo.fr\/saintdieinfo\/2023\/11\/lucie-pillon-plasticienne-ceramiste-expose-cepagrap-2\/"},"wordCount":210,"commentCount":0,"publisher":{"@id":"https:\/\/vosgesinfo.fr\/saintdieinfo\/#organization"},"image":{"@id":"https:\/\/vosgesinfo.fr\/saintdieinfo\/2023\/11\/lucie-pillon-plasticienne-ceramiste-expose-cepagrap-2\/#primaryimage"},"thumbnailUrl":"https:\/\/vosgesinfo.fr\/app\/uploads\/sites\/4\/2023\/11\/exposition-lucie-pillon-cepagrap.jpeg","keywords":["CEPAGRAP","Exposition Permis de construire","Lucie Pillon"],"articleSection":["A la Une","Art","Culture","Saint-Di\u00e9-des-Vosges et son Agglom\u00e9ration"],"inLanguage":"fr-FR","potentialAction":[{"@type":"CommentAction","name":"Comment","target":["https:\/\/vosgesinfo.fr\/saintdieinfo\/2023\/11\/lucie-pillon-plasticienne-ceramiste-expose-cepagrap-2\/#respond"]}]},{"@type":"WebPage","@id":"https:\/\/vosgesinfo.fr\/saintdieinfo\/2023\/11\/lucie-pillon-plasticienne-ceramiste-expose-cepagrap-2\/","url":"https:\/\/vosgesinfo.fr\/saintdieinfo\/2023\/11\/lucie-pillon-plasticienne-ceramiste-expose-cepagrap-2\/","name":"Lucie Pillon, plasticienne et c\u00e9ramiste, expose au CEPAGRAP - Saint Die Info","isPartOf":{"@id":"https:\/\/vosgesinfo.fr\/saintdieinfo\/#website"},"primaryImageOfPage":{"@id":"https:\/\/vosgesinfo.fr\/saintdieinfo\/2023\/11\/lucie-pillon-plasticienne-ceramiste-expose-cepagrap-2\/#primaryimage"},"image":{"@id":"https:\/\/vosgesinfo.fr\/saintdieinfo\/2023\/11\/lucie-pillon-plasticienne-ceramiste-expose-cepagrap-2\/#primaryimage"},"thumbnailUrl":"https:\/\/vosgesinfo.fr\/app\/uploads\/sites\/4\/2023\/11\/exposition-lucie-pillon-cepagrap.jpeg","datePublished":"2023-11-09T08:32:42+00:00","dateModified":"2023-11-09T08:32:42+00:00","breadcrumb":{"@id":"https:\/\/vosgesinfo.fr\/saintdieinfo\/2023\/11\/lucie-pillon-plasticienne-ceramiste-expose-cepagrap-2\/#breadcrumb"},"inLanguage":"fr-FR","potentialAction":[{"@type":"ReadAction","target":["https:\/\/vosgesinfo.fr\/saintdieinfo\/2023\/11\/lucie-pillon-plasticienne-ceramiste-expose-cepagrap-2\/"]}]},{"@type":"ImageObject","inLanguage":"fr-FR","@id":"https:\/\/vosgesinfo.fr\/saintdieinfo\/2023\/11\/lucie-pillon-plasticienne-ceramiste-expose-cepagrap-2\/#primaryimage","url":"https:\/\/vosgesinfo.fr\/app\/uploads\/sites\/4\/2023\/11\/exposition-lucie-pillon-cepagrap.jpeg","contentUrl":"https:\/\/vosgesinfo.fr\/app\/uploads\/sites\/4\/2023\/11\/exposition-lucie-pillon-cepagrap.jpeg"},{"@type":"BreadcrumbList","@id":"https:\/\/vosgesinfo.fr\/saintdieinfo\/2023\/11\/lucie-pillon-plasticienne-ceramiste-expose-cepagrap-2\/#breadcrumb","itemListElement":[{"@type":"ListItem","position":1,"name":"Home","item":"https:\/\/vosgesinfo.fr\/saintdieinfo\/"},{"@type":"ListItem","position":2,"name":"Lucie Pillon, plasticienne et c\u00e9ramiste, expose au CEPAGRAP"}]},{"@type":"WebSite","@id":"https:\/\/vosgesinfo.fr\/saintdieinfo\/#website","url":"https:\/\/vosgesinfo.fr\/saintdieinfo\/","name":"Saint Die Info","description":"Toute l&#039;actualit\u00e9 de Saint-Di\u00e9-Des-Vosges","publisher":{"@id":"https:\/\/vosgesinfo.fr\/saintdieinfo\/#organization"},"alternateName":"Toute l'actualit\u00e9 de Saint-Di\u00e9-Des-Vosges","potentialAction":[{"@type":"SearchAction","target":{"@type":"EntryPoint","urlTemplate":"https:\/\/vosgesinfo.fr\/saintdieinfo\/?s={search_term_string}"},"query-input":"required name=search_term_string"}],"inLanguage":"fr-FR"},{"@type":"Organization","@id":"https:\/\/vosgesinfo.fr\/saintdieinfo\/#organization","name":"Saint Die Info","url":"https:\/\/vosgesinfo.fr\/saintdieinfo\/","logo":{"@type":"ImageObject","inLanguage":"fr-FR","@id":"https:\/\/vosgesinfo.fr\/saintdieinfo\/#\/schema\/logo\/image\/","url":"https:\/\/vosgesinfo.fr\/app\/uploads\/sites\/4\/2024\/02\/logo-sdi.jpg","contentUrl":"https:\/\/vosgesinfo.fr\/app\/uploads\/sites\/4\/2024\/02\/logo-sdi.jpg","width":600,"height":600,"caption":"Saint Die Info"},"image":{"@id":"https:\/\/vosgesinfo.fr\/saintdieinfo\/#\/schema\/logo\/image\/"},"sameAs":["https:\/\/www.facebook.com\/Saintdieinfofr","https:\/\/x.com\/VosgesInfo88","https:\/\/www.youtube.com\/@vosgesinfo"]},{"@type":"Person","@id":"https:\/\/vosgesinfo.fr\/saintdieinfo\/#\/schema\/person\/faee6704a21f3977511db84bd1cd450f","name":"la r\u00e9daction","image":{"@type":"ImageObject","inLanguage":"fr-FR","@id":"https:\/\/vosgesinfo.fr\/saintdieinfo\/#\/schema\/person\/image\/","url":"https:\/\/secure.gravatar.com\/avatar\/6673d8bc6a9c17fa9a453eaa3448de834fa308c2ec9635b7aa99441a7c8d2cf6?s=96&d=mm&r=g","contentUrl":"https:\/\/secure.gravatar.com\/avatar\/6673d8bc6a9c17fa9a453eaa3448de834fa308c2ec9635b7aa99441a7c8d2cf6?s=96&d=mm&r=g","caption":"la r\u00e9daction"},"url":"https:\/\/vosgesinfo.fr\/saintdieinfo\/author\/redac\/"}]}},"_links":{"self":[{"href":"https:\/\/vosgesinfo.fr\/saintdieinfo\/wp-json\/wp\/v2\/posts\/66982","targetHints":{"allow":["GET"]}}],"collection":[{"href":"https:\/\/vosgesinfo.fr\/saintdieinfo\/wp-json\/wp\/v2\/posts"}],"about":[{"href":"https:\/\/vosgesinfo.fr\/saintdieinfo\/wp-json\/wp\/v2\/types\/post"}],"author":[{"embeddable":true,"href":"https:\/\/vosgesinfo.fr\/saintdieinfo\/wp-json\/wp\/v2\/users\/44"}],"replies":[{"embeddable":true,"href":"https:\/\/vosgesinfo.fr\/saintdieinfo\/wp-json\/wp\/v2\/comments?post=66982"}],"version-history":[{"count":0,"href":"https:\/\/vosgesinfo.fr\/saintdieinfo\/wp-json\/wp\/v2\/posts\/66982\/revisions"}],"wp:featuredmedia":[{"embeddable":true,"href":"https:\/\/vosgesinfo.fr\/saintdieinfo\/wp-json\/wp\/v2\/media\/27428"}],"wp:attachment":[{"href":"https:\/\/vosgesinfo.fr\/saintdieinfo\/wp-json\/wp\/v2\/media?parent=66982"}],"wp:term":[{"taxonomy":"category","embeddable":true,"href":"https:\/\/vosgesinfo.fr\/saintdieinfo\/wp-json\/wp\/v2\/categories?post=66982"},{"taxonomy":"post_tag","embeddable":true,"href":"https:\/\/vosgesinfo.fr\/saintdieinfo\/wp-json\/wp\/v2\/tags?post=66982"}],"curies":[{"name":"wp","href":"https:\/\/api.w.org\/{rel}","templated":true}]}}