{"id":66985,"date":"2023-11-09T12:23:32","date_gmt":"2023-11-09T11:23:32","guid":{"rendered":"https:\/\/vosgesinfo.fr\/saintdieinfo\/2023\/11\/53e-anniversaire-de-mort-general-de-gaulle-commemore-a-saint-die-vosges-2\/"},"modified":"2023-11-09T12:23:32","modified_gmt":"2023-11-09T11:23:32","slug":"53e-anniversaire-de-mort-general-de-gaulle-commemore-a-saint-die-vosges-2","status":"publish","type":"post","link":"https:\/\/vosgesinfo.fr\/saintdieinfo\/2023\/11\/53e-anniversaire-de-mort-general-de-gaulle-commemore-a-saint-die-vosges-2\/","title":{"rendered":"Le 53e anniversaire de la mort du g\u00e9n\u00e9ral de Gaulle comm\u00e9mor\u00e9 \u00e0 Saint-Di\u00e9-des-Vosges"},"content":{"rendered":"<div id=\"attachment_208413\" style=\"width: 970px\" class=\"wp-caption aligncenter\"><a href=\"\/2023\/11\/53e_Anniversaire_Mort_G\u00e9n\u00e9ral-de-Gaulle-2.jpg\" target=\"_blank\" rel=\"noopener\"><img decoding=\"async\" aria-describedby=\"caption-attachment-208413\" class=\"wp-image-208413 size-large\" src=\"\/2023\/11\/53e_Anniversaire_Mort_G\u00e9n\u00e9ral-de-Gaulle-2-1024x683.jpg\" alt=\"53e_Anniversaire_Mort_G\u00e9n\u00e9ral-de-Gaulle (2)\" width=\"960\" height=\"640\" \/><\/a><p id=\"caption-attachment-208413\" class=\"wp-caption-text\">(Photographies Marc Fourniquet)<\/p><\/div>\n<h2><strong><span style=\"font-size: 14pt;\">Il y a 53 ans jour pour jour, le 9 novembre 1970 \u00e0 Colombey-les-Deux-Eglises, disparaissait le g\u00e9n\u00e9ral de Gaulle \u00e0 l&rsquo;\u00e2ge de 79 ans, des suites d&rsquo;une rupture d&rsquo;an\u00e9vrisme. Ce jeudi matin et comme chaque ann\u00e9e \u00e0 Saint-Di\u00e9-des-Vosges, le club Charles se Gaulle 88 a rendu hommage au chef de la France Libre et au pr\u00e9sident de la R\u00e9publique fran\u00e7aise.<\/span><\/strong><\/h2>\n<p><!--more--><\/p>\n<p>Une c\u00e9r\u00e9monie d&rsquo;ordre priv\u00e9e qui s&rsquo;est tenue sur la place d\u00e9odatienne portant son nom, avec le d\u00e9p\u00f4t de gerbes de fleurs au pied de la st\u00e8le \u00e9rig\u00e9e en sa m\u00e9moire en 2021. Les fun\u00e9railles de Charles de Gaulle se sont d\u00e9roul\u00e9es \u00e0 Colombey-les-Deux-Eglises, l&rsquo;homme du 18 juin ne voulant pas d&rsquo;obs\u00e8ques nationales, \u00ab\u00a0ni pr\u00e9sident, ni ministres, ni bureaux d&rsquo;assembl\u00e9es, ni corps constitu\u00e9es\u00a0\u00bb, et ne voulant aucun discours lors de la c\u00e9r\u00e9monie, qui fut d&rsquo;une grande sobri\u00e9t\u00e9.<\/p>\n<p>J.J.<\/p>\n\n","protected":false},"excerpt":{"rendered":"<p>Il y a 53 ans jour pour jour, le 9 novembre 1970 \u00e0 Colombey-les-Deux-Eglises, disparaissait le g\u00e9n\u00e9ral de Gaulle \u00e0 [&hellip;]<\/p>\n","protected":false},"author":44,"featured_media":27445,"comment_status":"open","ping_status":"open","sticky":false,"template":"","format":"standard","meta":{"footnotes":""},"categories":[460,2915],"tags":[4910,4911,4912,3039],"class_list":["post-66985","post","type-post","status-publish","format-standard","has-post-thumbnail","hentry","category-a-la-une","category-saint-die-son-canton","tag-53e-anniversaire-de-la-mort-du-general-de-gaulle","tag-charles-de-gaulle","tag-general-de-gaulle","tag-place-du-general-de-gaulle"],"acf":[],"yoast_head":"<!-- This site is optimized with the Yoast SEO plugin v22.5 - https:\/\/yoast.com\/wordpress\/plugins\/seo\/ -->\n<title>Le 53e anniversaire de la mort du g\u00e9n\u00e9ral de Gaulle comm\u00e9mor\u00e9 \u00e0 Saint-Di\u00e9-des-Vosges - Saint Die Info<\/title>\n<meta name=\"robots\" content=\"index, follow, max-snippet:-1, max-image-preview:large, max-video-preview:-1\" \/>\n<link rel=\"canonical\" href=\"https:\/\/vosgesinfo.fr\/saintdieinfo\/2023\/11\/53e-anniversaire-de-mort-general-de-gaulle-commemore-a-saint-die-vosges-2\/\" \/>\n<meta name=\"twitter:card\" content=\"summary_large_image\" \/>\n<meta name=\"twitter:title\" content=\"Le 53e anniversaire de la mort du g\u00e9n\u00e9ral de Gaulle comm\u00e9mor\u00e9 \u00e0 Saint-Di\u00e9-des-Vosges - Saint Die Info\" \/>\n<meta name=\"twitter:description\" content=\"Il y a 53 ans jour pour jour, le 9 novembre 1970 \u00e0 Colombey-les-Deux-Eglises, disparaissait le g\u00e9n\u00e9ral de Gaulle \u00e0 [&hellip;]\" \/>\n<meta name=\"twitter:image\" content=\"https:\/\/vosgesinfo.fr\/app\/uploads\/sites\/4\/2023\/11\/53e-anniversaire-mort-general-de-gaulle-2.jpg\" \/>\n<meta name=\"twitter:creator\" content=\"@VosgesInfo88\" \/>\n<meta name=\"twitter:site\" content=\"@VosgesInfo88\" \/>\n<meta name=\"twitter:label1\" content=\"\u00c9crit par\" \/>\n\t<meta name=\"twitter:data1\" content=\"la r\u00e9daction\" \/>\n\t<meta name=\"twitter:label2\" content=\"Dur\u00e9e de lecture estim\u00e9e\" \/>\n\t<meta name=\"twitter:data2\" content=\"1 minute\" \/>\n<script type=\"application\/ld+json\" class=\"yoast-schema-graph\">{\"@context\":\"https:\/\/schema.org\",\"@graph\":[{\"@type\":\"Article\",\"@id\":\"https:\/\/vosgesinfo.fr\/saintdieinfo\/2023\/11\/53e-anniversaire-de-mort-general-de-gaulle-commemore-a-saint-die-vosges-2\/#article\",\"isPartOf\":{\"@id\":\"https:\/\/vosgesinfo.fr\/saintdieinfo\/2023\/11\/53e-anniversaire-de-mort-general-de-gaulle-commemore-a-saint-die-vosges-2\/\"},\"author\":{\"name\":\"la r\u00e9daction\",\"@id\":\"https:\/\/vosgesinfo.fr\/saintdieinfo\/#\/schema\/person\/faee6704a21f3977511db84bd1cd450f\"},\"headline\":\"Le 53e anniversaire de la mort du g\u00e9n\u00e9ral de Gaulle comm\u00e9mor\u00e9 \u00e0 Saint-Di\u00e9-des-Vosges\",\"datePublished\":\"2023-11-09T11:23:32+00:00\",\"dateModified\":\"2023-11-09T11:23:32+00:00\",\"mainEntityOfPage\":{\"@id\":\"https:\/\/vosgesinfo.fr\/saintdieinfo\/2023\/11\/53e-anniversaire-de-mort-general-de-gaulle-commemore-a-saint-die-vosges-2\/\"},\"wordCount\":195,\"commentCount\":0,\"publisher\":{\"@id\":\"https:\/\/vosgesinfo.fr\/saintdieinfo\/#organization\"},\"image\":{\"@id\":\"https:\/\/vosgesinfo.fr\/saintdieinfo\/2023\/11\/53e-anniversaire-de-mort-general-de-gaulle-commemore-a-saint-die-vosges-2\/#primaryimage\"},\"thumbnailUrl\":\"https:\/\/vosgesinfo.fr\/app\/uploads\/sites\/4\/2023\/11\/53e-anniversaire-mort-general-de-gaulle-2.jpg\",\"keywords\":[\"53e anniversaire de la mort du G\u00e9n\u00e9ral de Gaulle\",\"Charles de Gaulle\",\"G\u00e9n\u00e9ral de Gaulle\",\"Place du G\u00e9n\u00e9ral de Gaulle\"],\"articleSection\":[\"A la Une\",\"Saint-Di\u00e9-des-Vosges et son Agglom\u00e9ration\"],\"inLanguage\":\"fr-FR\",\"potentialAction\":[{\"@type\":\"CommentAction\",\"name\":\"Comment\",\"target\":[\"https:\/\/vosgesinfo.fr\/saintdieinfo\/2023\/11\/53e-anniversaire-de-mort-general-de-gaulle-commemore-a-saint-die-vosges-2\/#respond\"]}]},{\"@type\":\"WebPage\",\"@id\":\"https:\/\/vosgesinfo.fr\/saintdieinfo\/2023\/11\/53e-anniversaire-de-mort-general-de-gaulle-commemore-a-saint-die-vosges-2\/\",\"url\":\"https:\/\/vosgesinfo.fr\/saintdieinfo\/2023\/11\/53e-anniversaire-de-mort-general-de-gaulle-commemore-a-saint-die-vosges-2\/\",\"name\":\"Le 53e anniversaire de la mort du g\u00e9n\u00e9ral de Gaulle comm\u00e9mor\u00e9 \u00e0 Saint-Di\u00e9-des-Vosges - Saint Die Info\",\"isPartOf\":{\"@id\":\"https:\/\/vosgesinfo.fr\/saintdieinfo\/#website\"},\"primaryImageOfPage\":{\"@id\":\"https:\/\/vosgesinfo.fr\/saintdieinfo\/2023\/11\/53e-anniversaire-de-mort-general-de-gaulle-commemore-a-saint-die-vosges-2\/#primaryimage\"},\"image\":{\"@id\":\"https:\/\/vosgesinfo.fr\/saintdieinfo\/2023\/11\/53e-anniversaire-de-mort-general-de-gaulle-commemore-a-saint-die-vosges-2\/#primaryimage\"},\"thumbnailUrl\":\"https:\/\/vosgesinfo.fr\/app\/uploads\/sites\/4\/2023\/11\/53e-anniversaire-mort-general-de-gaulle-2.jpg\",\"datePublished\":\"2023-11-09T11:23:32+00:00\",\"dateModified\":\"2023-11-09T11:23:32+00:00\",\"breadcrumb\":{\"@id\":\"https:\/\/vosgesinfo.fr\/saintdieinfo\/2023\/11\/53e-anniversaire-de-mort-general-de-gaulle-commemore-a-saint-die-vosges-2\/#breadcrumb\"},\"inLanguage\":\"fr-FR\",\"potentialAction\":[{\"@type\":\"ReadAction\",\"target\":[\"https:\/\/vosgesinfo.fr\/saintdieinfo\/2023\/11\/53e-anniversaire-de-mort-general-de-gaulle-commemore-a-saint-die-vosges-2\/\"]}]},{\"@type\":\"ImageObject\",\"inLanguage\":\"fr-FR\",\"@id\":\"https:\/\/vosgesinfo.fr\/saintdieinfo\/2023\/11\/53e-anniversaire-de-mort-general-de-gaulle-commemore-a-saint-die-vosges-2\/#primaryimage\",\"url\":\"https:\/\/vosgesinfo.fr\/app\/uploads\/sites\/4\/2023\/11\/53e-anniversaire-mort-general-de-gaulle-2.jpg\",\"contentUrl\":\"https:\/\/vosgesinfo.fr\/app\/uploads\/sites\/4\/2023\/11\/53e-anniversaire-mort-general-de-gaulle-2.jpg\"},{\"@type\":\"BreadcrumbList\",\"@id\":\"https:\/\/vosgesinfo.fr\/saintdieinfo\/2023\/11\/53e-anniversaire-de-mort-general-de-gaulle-commemore-a-saint-die-vosges-2\/#breadcrumb\",\"itemListElement\":[{\"@type\":\"ListItem\",\"position\":1,\"name\":\"Home\",\"item\":\"https:\/\/vosgesinfo.fr\/saintdieinfo\/\"},{\"@type\":\"ListItem\",\"position\":2,\"name\":\"Le 53e anniversaire de la mort du g\u00e9n\u00e9ral de Gaulle comm\u00e9mor\u00e9 \u00e0 Saint-Di\u00e9-des-Vosges\"}]},{\"@type\":\"WebSite\",\"@id\":\"https:\/\/vosgesinfo.fr\/saintdieinfo\/#website\",\"url\":\"https:\/\/vosgesinfo.fr\/saintdieinfo\/\",\"name\":\"Saint Die Info\",\"description\":\"Toute l&#039;actualit\u00e9 de Saint-Di\u00e9-Des-Vosges\",\"publisher\":{\"@id\":\"https:\/\/vosgesinfo.fr\/saintdieinfo\/#organization\"},\"alternateName\":\"Toute l'actualit\u00e9 de Saint-Di\u00e9-Des-Vosges\",\"potentialAction\":[{\"@type\":\"SearchAction\",\"target\":{\"@type\":\"EntryPoint\",\"urlTemplate\":\"https:\/\/vosgesinfo.fr\/saintdieinfo\/?s={search_term_string}\"},\"query-input\":\"required name=search_term_string\"}],\"inLanguage\":\"fr-FR\"},{\"@type\":\"Organization\",\"@id\":\"https:\/\/vosgesinfo.fr\/saintdieinfo\/#organization\",\"name\":\"Saint Die Info\",\"url\":\"https:\/\/vosgesinfo.fr\/saintdieinfo\/\",\"logo\":{\"@type\":\"ImageObject\",\"inLanguage\":\"fr-FR\",\"@id\":\"https:\/\/vosgesinfo.fr\/saintdieinfo\/#\/schema\/logo\/image\/\",\"url\":\"https:\/\/vosgesinfo.fr\/app\/uploads\/sites\/4\/2024\/02\/logo-sdi.jpg\",\"contentUrl\":\"https:\/\/vosgesinfo.fr\/app\/uploads\/sites\/4\/2024\/02\/logo-sdi.jpg\",\"width\":600,\"height\":600,\"caption\":\"Saint Die Info\"},\"image\":{\"@id\":\"https:\/\/vosgesinfo.fr\/saintdieinfo\/#\/schema\/logo\/image\/\"},\"sameAs\":[\"https:\/\/www.facebook.com\/Saintdieinfofr\",\"https:\/\/x.com\/VosgesInfo88\",\"https:\/\/www.youtube.com\/@vosgesinfo\"]},{\"@type\":\"Person\",\"@id\":\"https:\/\/vosgesinfo.fr\/saintdieinfo\/#\/schema\/person\/faee6704a21f3977511db84bd1cd450f\",\"name\":\"la r\u00e9daction\",\"image\":{\"@type\":\"ImageObject\",\"inLanguage\":\"fr-FR\",\"@id\":\"https:\/\/vosgesinfo.fr\/saintdieinfo\/#\/schema\/person\/image\/\",\"url\":\"https:\/\/secure.gravatar.com\/avatar\/6673d8bc6a9c17fa9a453eaa3448de834fa308c2ec9635b7aa99441a7c8d2cf6?s=96&d=mm&r=g\",\"contentUrl\":\"https:\/\/secure.gravatar.com\/avatar\/6673d8bc6a9c17fa9a453eaa3448de834fa308c2ec9635b7aa99441a7c8d2cf6?s=96&d=mm&r=g\",\"caption\":\"la r\u00e9daction\"},\"url\":\"https:\/\/vosgesinfo.fr\/saintdieinfo\/author\/redac\/\"}]}<\/script>\n<!-- \/ Yoast SEO plugin. -->","yoast_head_json":{"title":"Le 53e anniversaire de la mort du g\u00e9n\u00e9ral de Gaulle comm\u00e9mor\u00e9 \u00e0 Saint-Di\u00e9-des-Vosges - Saint Die Info","robots":{"index":"index","follow":"follow","max-snippet":"max-snippet:-1","max-image-preview":"max-image-preview:large","max-video-preview":"max-video-preview:-1"},"canonical":"https:\/\/vosgesinfo.fr\/saintdieinfo\/2023\/11\/53e-anniversaire-de-mort-general-de-gaulle-commemore-a-saint-die-vosges-2\/","twitter_card":"summary_large_image","twitter_title":"Le 53e anniversaire de la mort du g\u00e9n\u00e9ral de Gaulle comm\u00e9mor\u00e9 \u00e0 Saint-Di\u00e9-des-Vosges - Saint Die Info","twitter_description":"Il y a 53 ans jour pour jour, le 9 novembre 1970 \u00e0 Colombey-les-Deux-Eglises, disparaissait le g\u00e9n\u00e9ral de Gaulle \u00e0 [&hellip;]","twitter_image":"https:\/\/vosgesinfo.fr\/app\/uploads\/sites\/4\/2023\/11\/53e-anniversaire-mort-general-de-gaulle-2.jpg","twitter_creator":"@VosgesInfo88","twitter_site":"@VosgesInfo88","twitter_misc":{"\u00c9crit par":"la r\u00e9daction","Dur\u00e9e de lecture estim\u00e9e":"1 minute"},"schema":{"@context":"https:\/\/schema.org","@graph":[{"@type":"Article","@id":"https:\/\/vosgesinfo.fr\/saintdieinfo\/2023\/11\/53e-anniversaire-de-mort-general-de-gaulle-commemore-a-saint-die-vosges-2\/#article","isPartOf":{"@id":"https:\/\/vosgesinfo.fr\/saintdieinfo\/2023\/11\/53e-anniversaire-de-mort-general-de-gaulle-commemore-a-saint-die-vosges-2\/"},"author":{"name":"la r\u00e9daction","@id":"https:\/\/vosgesinfo.fr\/saintdieinfo\/#\/schema\/person\/faee6704a21f3977511db84bd1cd450f"},"headline":"Le 53e anniversaire de la mort du g\u00e9n\u00e9ral de Gaulle comm\u00e9mor\u00e9 \u00e0 Saint-Di\u00e9-des-Vosges","datePublished":"2023-11-09T11:23:32+00:00","dateModified":"2023-11-09T11:23:32+00:00","mainEntityOfPage":{"@id":"https:\/\/vosgesinfo.fr\/saintdieinfo\/2023\/11\/53e-anniversaire-de-mort-general-de-gaulle-commemore-a-saint-die-vosges-2\/"},"wordCount":195,"commentCount":0,"publisher":{"@id":"https:\/\/vosgesinfo.fr\/saintdieinfo\/#organization"},"image":{"@id":"https:\/\/vosgesinfo.fr\/saintdieinfo\/2023\/11\/53e-anniversaire-de-mort-general-de-gaulle-commemore-a-saint-die-vosges-2\/#primaryimage"},"thumbnailUrl":"https:\/\/vosgesinfo.fr\/app\/uploads\/sites\/4\/2023\/11\/53e-anniversaire-mort-general-de-gaulle-2.jpg","keywords":["53e anniversaire de la mort du G\u00e9n\u00e9ral de Gaulle","Charles de Gaulle","G\u00e9n\u00e9ral de Gaulle","Place du G\u00e9n\u00e9ral de Gaulle"],"articleSection":["A la Une","Saint-Di\u00e9-des-Vosges et son Agglom\u00e9ration"],"inLanguage":"fr-FR","potentialAction":[{"@type":"CommentAction","name":"Comment","target":["https:\/\/vosgesinfo.fr\/saintdieinfo\/2023\/11\/53e-anniversaire-de-mort-general-de-gaulle-commemore-a-saint-die-vosges-2\/#respond"]}]},{"@type":"WebPage","@id":"https:\/\/vosgesinfo.fr\/saintdieinfo\/2023\/11\/53e-anniversaire-de-mort-general-de-gaulle-commemore-a-saint-die-vosges-2\/","url":"https:\/\/vosgesinfo.fr\/saintdieinfo\/2023\/11\/53e-anniversaire-de-mort-general-de-gaulle-commemore-a-saint-die-vosges-2\/","name":"Le 53e anniversaire de la mort du g\u00e9n\u00e9ral de Gaulle comm\u00e9mor\u00e9 \u00e0 Saint-Di\u00e9-des-Vosges - Saint Die Info","isPartOf":{"@id":"https:\/\/vosgesinfo.fr\/saintdieinfo\/#website"},"primaryImageOfPage":{"@id":"https:\/\/vosgesinfo.fr\/saintdieinfo\/2023\/11\/53e-anniversaire-de-mort-general-de-gaulle-commemore-a-saint-die-vosges-2\/#primaryimage"},"image":{"@id":"https:\/\/vosgesinfo.fr\/saintdieinfo\/2023\/11\/53e-anniversaire-de-mort-general-de-gaulle-commemore-a-saint-die-vosges-2\/#primaryimage"},"thumbnailUrl":"https:\/\/vosgesinfo.fr\/app\/uploads\/sites\/4\/2023\/11\/53e-anniversaire-mort-general-de-gaulle-2.jpg","datePublished":"2023-11-09T11:23:32+00:00","dateModified":"2023-11-09T11:23:32+00:00","breadcrumb":{"@id":"https:\/\/vosgesinfo.fr\/saintdieinfo\/2023\/11\/53e-anniversaire-de-mort-general-de-gaulle-commemore-a-saint-die-vosges-2\/#breadcrumb"},"inLanguage":"fr-FR","potentialAction":[{"@type":"ReadAction","target":["https:\/\/vosgesinfo.fr\/saintdieinfo\/2023\/11\/53e-anniversaire-de-mort-general-de-gaulle-commemore-a-saint-die-vosges-2\/"]}]},{"@type":"ImageObject","inLanguage":"fr-FR","@id":"https:\/\/vosgesinfo.fr\/saintdieinfo\/2023\/11\/53e-anniversaire-de-mort-general-de-gaulle-commemore-a-saint-die-vosges-2\/#primaryimage","url":"https:\/\/vosgesinfo.fr\/app\/uploads\/sites\/4\/2023\/11\/53e-anniversaire-mort-general-de-gaulle-2.jpg","contentUrl":"https:\/\/vosgesinfo.fr\/app\/uploads\/sites\/4\/2023\/11\/53e-anniversaire-mort-general-de-gaulle-2.jpg"},{"@type":"BreadcrumbList","@id":"https:\/\/vosgesinfo.fr\/saintdieinfo\/2023\/11\/53e-anniversaire-de-mort-general-de-gaulle-commemore-a-saint-die-vosges-2\/#breadcrumb","itemListElement":[{"@type":"ListItem","position":1,"name":"Home","item":"https:\/\/vosgesinfo.fr\/saintdieinfo\/"},{"@type":"ListItem","position":2,"name":"Le 53e anniversaire de la mort du g\u00e9n\u00e9ral de Gaulle comm\u00e9mor\u00e9 \u00e0 Saint-Di\u00e9-des-Vosges"}]},{"@type":"WebSite","@id":"https:\/\/vosgesinfo.fr\/saintdieinfo\/#website","url":"https:\/\/vosgesinfo.fr\/saintdieinfo\/","name":"Saint Die Info","description":"Toute l&#039;actualit\u00e9 de Saint-Di\u00e9-Des-Vosges","publisher":{"@id":"https:\/\/vosgesinfo.fr\/saintdieinfo\/#organization"},"alternateName":"Toute l'actualit\u00e9 de Saint-Di\u00e9-Des-Vosges","potentialAction":[{"@type":"SearchAction","target":{"@type":"EntryPoint","urlTemplate":"https:\/\/vosgesinfo.fr\/saintdieinfo\/?s={search_term_string}"},"query-input":"required name=search_term_string"}],"inLanguage":"fr-FR"},{"@type":"Organization","@id":"https:\/\/vosgesinfo.fr\/saintdieinfo\/#organization","name":"Saint Die Info","url":"https:\/\/vosgesinfo.fr\/saintdieinfo\/","logo":{"@type":"ImageObject","inLanguage":"fr-FR","@id":"https:\/\/vosgesinfo.fr\/saintdieinfo\/#\/schema\/logo\/image\/","url":"https:\/\/vosgesinfo.fr\/app\/uploads\/sites\/4\/2024\/02\/logo-sdi.jpg","contentUrl":"https:\/\/vosgesinfo.fr\/app\/uploads\/sites\/4\/2024\/02\/logo-sdi.jpg","width":600,"height":600,"caption":"Saint Die Info"},"image":{"@id":"https:\/\/vosgesinfo.fr\/saintdieinfo\/#\/schema\/logo\/image\/"},"sameAs":["https:\/\/www.facebook.com\/Saintdieinfofr","https:\/\/x.com\/VosgesInfo88","https:\/\/www.youtube.com\/@vosgesinfo"]},{"@type":"Person","@id":"https:\/\/vosgesinfo.fr\/saintdieinfo\/#\/schema\/person\/faee6704a21f3977511db84bd1cd450f","name":"la r\u00e9daction","image":{"@type":"ImageObject","inLanguage":"fr-FR","@id":"https:\/\/vosgesinfo.fr\/saintdieinfo\/#\/schema\/person\/image\/","url":"https:\/\/secure.gravatar.com\/avatar\/6673d8bc6a9c17fa9a453eaa3448de834fa308c2ec9635b7aa99441a7c8d2cf6?s=96&d=mm&r=g","contentUrl":"https:\/\/secure.gravatar.com\/avatar\/6673d8bc6a9c17fa9a453eaa3448de834fa308c2ec9635b7aa99441a7c8d2cf6?s=96&d=mm&r=g","caption":"la r\u00e9daction"},"url":"https:\/\/vosgesinfo.fr\/saintdieinfo\/author\/redac\/"}]}},"_links":{"self":[{"href":"https:\/\/vosgesinfo.fr\/saintdieinfo\/wp-json\/wp\/v2\/posts\/66985","targetHints":{"allow":["GET"]}}],"collection":[{"href":"https:\/\/vosgesinfo.fr\/saintdieinfo\/wp-json\/wp\/v2\/posts"}],"about":[{"href":"https:\/\/vosgesinfo.fr\/saintdieinfo\/wp-json\/wp\/v2\/types\/post"}],"author":[{"embeddable":true,"href":"https:\/\/vosgesinfo.fr\/saintdieinfo\/wp-json\/wp\/v2\/users\/44"}],"replies":[{"embeddable":true,"href":"https:\/\/vosgesinfo.fr\/saintdieinfo\/wp-json\/wp\/v2\/comments?post=66985"}],"version-history":[{"count":0,"href":"https:\/\/vosgesinfo.fr\/saintdieinfo\/wp-json\/wp\/v2\/posts\/66985\/revisions"}],"wp:featuredmedia":[{"embeddable":true,"href":"https:\/\/vosgesinfo.fr\/saintdieinfo\/wp-json\/wp\/v2\/media\/27445"}],"wp:attachment":[{"href":"https:\/\/vosgesinfo.fr\/saintdieinfo\/wp-json\/wp\/v2\/media?parent=66985"}],"wp:term":[{"taxonomy":"category","embeddable":true,"href":"https:\/\/vosgesinfo.fr\/saintdieinfo\/wp-json\/wp\/v2\/categories?post=66985"},{"taxonomy":"post_tag","embeddable":true,"href":"https:\/\/vosgesinfo.fr\/saintdieinfo\/wp-json\/wp\/v2\/tags?post=66985"}],"curies":[{"name":"wp","href":"https:\/\/api.w.org\/{rel}","templated":true}]}}