{"id":67181,"date":"2023-12-06T07:32:03","date_gmt":"2023-12-06T06:32:03","guid":{"rendered":"https:\/\/vosgesinfo.fr\/saintdieinfo\/2023\/12\/train-voiture-entres-collision-ligne-epinal-saint-die-vosges-2\/"},"modified":"2023-12-06T07:32:03","modified_gmt":"2023-12-06T06:32:03","slug":"train-voiture-entres-collision-ligne-epinal-saint-die-vosges-2","status":"publish","type":"post","link":"https:\/\/vosgesinfo.fr\/saintdieinfo\/2023\/12\/train-voiture-entres-collision-ligne-epinal-saint-die-vosges-2\/","title":{"rendered":"Un train et une voiture sont entr\u00e9s en collision sur la ligne Epinal \u2013 Saint-Di\u00e9-des-Vosges"},"content":{"rendered":"<h2><a href=\"\/2023\/12\/accident-train-lepange-sur-vologne-vosges2.jpg\" target=\"_blank\" rel=\"noopener\"><img decoding=\"async\" class=\"aligncenter wp-image-209835 size-full\" src=\"\/2023\/12\/accident-train-lepange-sur-vologne-vosges2.jpg\" alt=\"accident-train-lepange-sur-vologne-vosges2\" width=\"800\" height=\"450\" \/><\/a><\/h2>\n<h2><strong><span style=\"font-size: 14pt;\">La Pr\u00e9fecture des Vosges informe que ce mercredi matin, une collision entre un train TER et une voiture est survenue au niveau du passage \u00e0 niveau de la rue la Gare \u00e0 L\u00e9panges-sur-Vologne.<\/span><\/strong><\/h2>\n<p><!--more--><\/p>\n<p>En cons\u00e9quence, la circulation est perturb\u00e9e et des d\u00e9viations vont se mettre en place. La circulation sur la ligne SNCF Epinal \u2013 Saint-Di\u00e9-des-Vosges est actuellement interrompue. Des bus de remplacement sont mis en place par la SNCF.<\/p>\n<p>J.J.<\/p>\n<p><a href=\"\/2023\/12\/Ev\u00e9nement_L\u00e9panges-sur-Vologne.png\" target=\"_blank\" rel=\"noopener\"><img decoding=\"async\" class=\"aligncenter wp-image-209819 size-large\" src=\"\/2023\/12\/Ev\u00e9nement_L\u00e9panges-sur-Vologne-1024x576.png\" alt=\"Ev\u00e9nement_L\u00e9panges-sur-Vologne\" width=\"960\" height=\"540\" \/><\/a><\/p>\n<p><iframe loading=\"lazy\" style=\"display: none;\" title=\"Twitter settings iframe\" src=\"https:\/\/platform.twitter.com\/widgets\/widget_iframe.d37472b4a6622d0b1fff46ad904f6896.html?origin=https%3A%2F%2Fsaintdieinfo.fr\" width=\"300\" height=\"150\" frameborder=\"0\" scrolling=\"no\"><\/iframe><iframe id=\"rufous-sandbox\" style=\"position: absolute; visibility: hidden; display: none; width: 0px; height: 0px; padding: 0px; border: medium;\" title=\"Twitter analytics iframe\" width=\"300\" height=\"150\" frameborder=\"0\" scrolling=\"no\" allowfullscreen=\"allowfullscreen\"><\/iframe><\/p>\n","protected":false},"excerpt":{"rendered":"<p>La Pr\u00e9fecture des Vosges informe que ce mercredi matin, une collision entre un train TER et une voiture est survenue [&hellip;]<\/p>\n","protected":false},"author":44,"featured_media":28587,"comment_status":"open","ping_status":"open","sticky":false,"template":"","format":"standard","meta":{"footnotes":""},"categories":[460,2924,18],"tags":[5229,5230,5231,550],"class_list":["post-67181","post","type-post","status-publish","format-standard","has-post-thumbnail","hentry","category-a-la-une","category-fait-divers","category-vosges","tag-collision-entre-un-train-ter-et-une-voiture","tag-lepanges-sur-vologne","tag-ligne-saint-die-des-vosges-epinal","tag-prefecture-des-vosges"],"acf":[],"yoast_head":"<!-- This site is optimized with the Yoast SEO plugin v22.5 - https:\/\/yoast.com\/wordpress\/plugins\/seo\/ -->\n<title>Un train et une voiture sont entr\u00e9s en collision sur la ligne Epinal \u2013 Saint-Di\u00e9-des-Vosges - Saint Die Info<\/title>\n<meta name=\"robots\" content=\"index, follow, max-snippet:-1, max-image-preview:large, max-video-preview:-1\" \/>\n<link rel=\"canonical\" href=\"https:\/\/vosgesinfo.fr\/saintdieinfo\/2023\/12\/train-voiture-entres-collision-ligne-epinal-saint-die-vosges-2\/\" \/>\n<meta name=\"twitter:card\" content=\"summary_large_image\" \/>\n<meta name=\"twitter:title\" content=\"Un train et une voiture sont entr\u00e9s en collision sur la ligne Epinal \u2013 Saint-Di\u00e9-des-Vosges - Saint Die Info\" \/>\n<meta name=\"twitter:description\" content=\"La Pr\u00e9fecture des Vosges informe que ce mercredi matin, une collision entre un train TER et une voiture est survenue [&hellip;]\" \/>\n<meta name=\"twitter:image\" content=\"https:\/\/vosgesinfo.fr\/app\/uploads\/sites\/4\/2023\/12\/accident-train-lepange-sur-vologne-vosges2.jpg\" \/>\n<meta name=\"twitter:creator\" content=\"@VosgesInfo88\" \/>\n<meta name=\"twitter:site\" content=\"@VosgesInfo88\" \/>\n<meta name=\"twitter:label1\" content=\"\u00c9crit par\" \/>\n\t<meta name=\"twitter:data1\" content=\"la r\u00e9daction\" \/>\n<script type=\"application\/ld+json\" class=\"yoast-schema-graph\">{\"@context\":\"https:\/\/schema.org\",\"@graph\":[{\"@type\":\"Article\",\"@id\":\"https:\/\/vosgesinfo.fr\/saintdieinfo\/2023\/12\/train-voiture-entres-collision-ligne-epinal-saint-die-vosges-2\/#article\",\"isPartOf\":{\"@id\":\"https:\/\/vosgesinfo.fr\/saintdieinfo\/2023\/12\/train-voiture-entres-collision-ligne-epinal-saint-die-vosges-2\/\"},\"author\":{\"name\":\"la r\u00e9daction\",\"@id\":\"https:\/\/vosgesinfo.fr\/saintdieinfo\/#\/schema\/person\/faee6704a21f3977511db84bd1cd450f\"},\"headline\":\"Un train et une voiture sont entr\u00e9s en collision sur la ligne Epinal \u2013 Saint-Di\u00e9-des-Vosges\",\"datePublished\":\"2023-12-06T06:32:03+00:00\",\"dateModified\":\"2023-12-06T06:32:03+00:00\",\"mainEntityOfPage\":{\"@id\":\"https:\/\/vosgesinfo.fr\/saintdieinfo\/2023\/12\/train-voiture-entres-collision-ligne-epinal-saint-die-vosges-2\/\"},\"wordCount\":91,\"commentCount\":0,\"publisher\":{\"@id\":\"https:\/\/vosgesinfo.fr\/saintdieinfo\/#organization\"},\"image\":{\"@id\":\"https:\/\/vosgesinfo.fr\/saintdieinfo\/2023\/12\/train-voiture-entres-collision-ligne-epinal-saint-die-vosges-2\/#primaryimage\"},\"thumbnailUrl\":\"https:\/\/vosgesinfo.fr\/app\/uploads\/sites\/4\/2023\/12\/accident-train-lepange-sur-vologne-vosges2.jpg\",\"keywords\":[\"Collision entre un train TER et une voiture\",\"L\u00e9panges-sur-Vologne\",\"Ligne Saint-Di\u00e9-des-Vosges\/Epinal\",\"pr\u00e9fecture des Vosges\"],\"articleSection\":[\"A la Une\",\"Fait Divers\",\"Vosges\"],\"inLanguage\":\"fr-FR\",\"potentialAction\":[{\"@type\":\"CommentAction\",\"name\":\"Comment\",\"target\":[\"https:\/\/vosgesinfo.fr\/saintdieinfo\/2023\/12\/train-voiture-entres-collision-ligne-epinal-saint-die-vosges-2\/#respond\"]}]},{\"@type\":\"WebPage\",\"@id\":\"https:\/\/vosgesinfo.fr\/saintdieinfo\/2023\/12\/train-voiture-entres-collision-ligne-epinal-saint-die-vosges-2\/\",\"url\":\"https:\/\/vosgesinfo.fr\/saintdieinfo\/2023\/12\/train-voiture-entres-collision-ligne-epinal-saint-die-vosges-2\/\",\"name\":\"Un train et une voiture sont entr\u00e9s en collision sur la ligne Epinal \u2013 Saint-Di\u00e9-des-Vosges - Saint Die Info\",\"isPartOf\":{\"@id\":\"https:\/\/vosgesinfo.fr\/saintdieinfo\/#website\"},\"primaryImageOfPage\":{\"@id\":\"https:\/\/vosgesinfo.fr\/saintdieinfo\/2023\/12\/train-voiture-entres-collision-ligne-epinal-saint-die-vosges-2\/#primaryimage\"},\"image\":{\"@id\":\"https:\/\/vosgesinfo.fr\/saintdieinfo\/2023\/12\/train-voiture-entres-collision-ligne-epinal-saint-die-vosges-2\/#primaryimage\"},\"thumbnailUrl\":\"https:\/\/vosgesinfo.fr\/app\/uploads\/sites\/4\/2023\/12\/accident-train-lepange-sur-vologne-vosges2.jpg\",\"datePublished\":\"2023-12-06T06:32:03+00:00\",\"dateModified\":\"2023-12-06T06:32:03+00:00\",\"breadcrumb\":{\"@id\":\"https:\/\/vosgesinfo.fr\/saintdieinfo\/2023\/12\/train-voiture-entres-collision-ligne-epinal-saint-die-vosges-2\/#breadcrumb\"},\"inLanguage\":\"fr-FR\",\"potentialAction\":[{\"@type\":\"ReadAction\",\"target\":[\"https:\/\/vosgesinfo.fr\/saintdieinfo\/2023\/12\/train-voiture-entres-collision-ligne-epinal-saint-die-vosges-2\/\"]}]},{\"@type\":\"ImageObject\",\"inLanguage\":\"fr-FR\",\"@id\":\"https:\/\/vosgesinfo.fr\/saintdieinfo\/2023\/12\/train-voiture-entres-collision-ligne-epinal-saint-die-vosges-2\/#primaryimage\",\"url\":\"https:\/\/vosgesinfo.fr\/app\/uploads\/sites\/4\/2023\/12\/accident-train-lepange-sur-vologne-vosges2.jpg\",\"contentUrl\":\"https:\/\/vosgesinfo.fr\/app\/uploads\/sites\/4\/2023\/12\/accident-train-lepange-sur-vologne-vosges2.jpg\"},{\"@type\":\"BreadcrumbList\",\"@id\":\"https:\/\/vosgesinfo.fr\/saintdieinfo\/2023\/12\/train-voiture-entres-collision-ligne-epinal-saint-die-vosges-2\/#breadcrumb\",\"itemListElement\":[{\"@type\":\"ListItem\",\"position\":1,\"name\":\"Home\",\"item\":\"https:\/\/vosgesinfo.fr\/saintdieinfo\/\"},{\"@type\":\"ListItem\",\"position\":2,\"name\":\"Un train et une voiture sont entr\u00e9s en collision sur la ligne Epinal \u2013 Saint-Di\u00e9-des-Vosges\"}]},{\"@type\":\"WebSite\",\"@id\":\"https:\/\/vosgesinfo.fr\/saintdieinfo\/#website\",\"url\":\"https:\/\/vosgesinfo.fr\/saintdieinfo\/\",\"name\":\"Saint Die Info\",\"description\":\"Toute l&#039;actualit\u00e9 de Saint-Di\u00e9-Des-Vosges\",\"publisher\":{\"@id\":\"https:\/\/vosgesinfo.fr\/saintdieinfo\/#organization\"},\"alternateName\":\"Toute l'actualit\u00e9 de Saint-Di\u00e9-Des-Vosges\",\"potentialAction\":[{\"@type\":\"SearchAction\",\"target\":{\"@type\":\"EntryPoint\",\"urlTemplate\":\"https:\/\/vosgesinfo.fr\/saintdieinfo\/?s={search_term_string}\"},\"query-input\":\"required name=search_term_string\"}],\"inLanguage\":\"fr-FR\"},{\"@type\":\"Organization\",\"@id\":\"https:\/\/vosgesinfo.fr\/saintdieinfo\/#organization\",\"name\":\"Saint Die Info\",\"url\":\"https:\/\/vosgesinfo.fr\/saintdieinfo\/\",\"logo\":{\"@type\":\"ImageObject\",\"inLanguage\":\"fr-FR\",\"@id\":\"https:\/\/vosgesinfo.fr\/saintdieinfo\/#\/schema\/logo\/image\/\",\"url\":\"https:\/\/vosgesinfo.fr\/app\/uploads\/sites\/4\/2024\/02\/logo-sdi.jpg\",\"contentUrl\":\"https:\/\/vosgesinfo.fr\/app\/uploads\/sites\/4\/2024\/02\/logo-sdi.jpg\",\"width\":600,\"height\":600,\"caption\":\"Saint Die Info\"},\"image\":{\"@id\":\"https:\/\/vosgesinfo.fr\/saintdieinfo\/#\/schema\/logo\/image\/\"},\"sameAs\":[\"https:\/\/www.facebook.com\/Saintdieinfofr\",\"https:\/\/x.com\/VosgesInfo88\",\"https:\/\/www.youtube.com\/@vosgesinfo\"]},{\"@type\":\"Person\",\"@id\":\"https:\/\/vosgesinfo.fr\/saintdieinfo\/#\/schema\/person\/faee6704a21f3977511db84bd1cd450f\",\"name\":\"la r\u00e9daction\",\"image\":{\"@type\":\"ImageObject\",\"inLanguage\":\"fr-FR\",\"@id\":\"https:\/\/vosgesinfo.fr\/saintdieinfo\/#\/schema\/person\/image\/\",\"url\":\"https:\/\/secure.gravatar.com\/avatar\/6673d8bc6a9c17fa9a453eaa3448de834fa308c2ec9635b7aa99441a7c8d2cf6?s=96&d=mm&r=g\",\"contentUrl\":\"https:\/\/secure.gravatar.com\/avatar\/6673d8bc6a9c17fa9a453eaa3448de834fa308c2ec9635b7aa99441a7c8d2cf6?s=96&d=mm&r=g\",\"caption\":\"la r\u00e9daction\"},\"url\":\"https:\/\/vosgesinfo.fr\/saintdieinfo\/author\/redac\/\"}]}<\/script>\n<!-- \/ Yoast SEO plugin. -->","yoast_head_json":{"title":"Un train et une voiture sont entr\u00e9s en collision sur la ligne Epinal \u2013 Saint-Di\u00e9-des-Vosges - Saint Die Info","robots":{"index":"index","follow":"follow","max-snippet":"max-snippet:-1","max-image-preview":"max-image-preview:large","max-video-preview":"max-video-preview:-1"},"canonical":"https:\/\/vosgesinfo.fr\/saintdieinfo\/2023\/12\/train-voiture-entres-collision-ligne-epinal-saint-die-vosges-2\/","twitter_card":"summary_large_image","twitter_title":"Un train et une voiture sont entr\u00e9s en collision sur la ligne Epinal \u2013 Saint-Di\u00e9-des-Vosges - Saint Die Info","twitter_description":"La Pr\u00e9fecture des Vosges informe que ce mercredi matin, une collision entre un train TER et une voiture est survenue [&hellip;]","twitter_image":"https:\/\/vosgesinfo.fr\/app\/uploads\/sites\/4\/2023\/12\/accident-train-lepange-sur-vologne-vosges2.jpg","twitter_creator":"@VosgesInfo88","twitter_site":"@VosgesInfo88","twitter_misc":{"\u00c9crit par":"la r\u00e9daction"},"schema":{"@context":"https:\/\/schema.org","@graph":[{"@type":"Article","@id":"https:\/\/vosgesinfo.fr\/saintdieinfo\/2023\/12\/train-voiture-entres-collision-ligne-epinal-saint-die-vosges-2\/#article","isPartOf":{"@id":"https:\/\/vosgesinfo.fr\/saintdieinfo\/2023\/12\/train-voiture-entres-collision-ligne-epinal-saint-die-vosges-2\/"},"author":{"name":"la r\u00e9daction","@id":"https:\/\/vosgesinfo.fr\/saintdieinfo\/#\/schema\/person\/faee6704a21f3977511db84bd1cd450f"},"headline":"Un train et une voiture sont entr\u00e9s en collision sur la ligne Epinal \u2013 Saint-Di\u00e9-des-Vosges","datePublished":"2023-12-06T06:32:03+00:00","dateModified":"2023-12-06T06:32:03+00:00","mainEntityOfPage":{"@id":"https:\/\/vosgesinfo.fr\/saintdieinfo\/2023\/12\/train-voiture-entres-collision-ligne-epinal-saint-die-vosges-2\/"},"wordCount":91,"commentCount":0,"publisher":{"@id":"https:\/\/vosgesinfo.fr\/saintdieinfo\/#organization"},"image":{"@id":"https:\/\/vosgesinfo.fr\/saintdieinfo\/2023\/12\/train-voiture-entres-collision-ligne-epinal-saint-die-vosges-2\/#primaryimage"},"thumbnailUrl":"https:\/\/vosgesinfo.fr\/app\/uploads\/sites\/4\/2023\/12\/accident-train-lepange-sur-vologne-vosges2.jpg","keywords":["Collision entre un train TER et une voiture","L\u00e9panges-sur-Vologne","Ligne Saint-Di\u00e9-des-Vosges\/Epinal","pr\u00e9fecture des Vosges"],"articleSection":["A la Une","Fait Divers","Vosges"],"inLanguage":"fr-FR","potentialAction":[{"@type":"CommentAction","name":"Comment","target":["https:\/\/vosgesinfo.fr\/saintdieinfo\/2023\/12\/train-voiture-entres-collision-ligne-epinal-saint-die-vosges-2\/#respond"]}]},{"@type":"WebPage","@id":"https:\/\/vosgesinfo.fr\/saintdieinfo\/2023\/12\/train-voiture-entres-collision-ligne-epinal-saint-die-vosges-2\/","url":"https:\/\/vosgesinfo.fr\/saintdieinfo\/2023\/12\/train-voiture-entres-collision-ligne-epinal-saint-die-vosges-2\/","name":"Un train et une voiture sont entr\u00e9s en collision sur la ligne Epinal \u2013 Saint-Di\u00e9-des-Vosges - Saint Die Info","isPartOf":{"@id":"https:\/\/vosgesinfo.fr\/saintdieinfo\/#website"},"primaryImageOfPage":{"@id":"https:\/\/vosgesinfo.fr\/saintdieinfo\/2023\/12\/train-voiture-entres-collision-ligne-epinal-saint-die-vosges-2\/#primaryimage"},"image":{"@id":"https:\/\/vosgesinfo.fr\/saintdieinfo\/2023\/12\/train-voiture-entres-collision-ligne-epinal-saint-die-vosges-2\/#primaryimage"},"thumbnailUrl":"https:\/\/vosgesinfo.fr\/app\/uploads\/sites\/4\/2023\/12\/accident-train-lepange-sur-vologne-vosges2.jpg","datePublished":"2023-12-06T06:32:03+00:00","dateModified":"2023-12-06T06:32:03+00:00","breadcrumb":{"@id":"https:\/\/vosgesinfo.fr\/saintdieinfo\/2023\/12\/train-voiture-entres-collision-ligne-epinal-saint-die-vosges-2\/#breadcrumb"},"inLanguage":"fr-FR","potentialAction":[{"@type":"ReadAction","target":["https:\/\/vosgesinfo.fr\/saintdieinfo\/2023\/12\/train-voiture-entres-collision-ligne-epinal-saint-die-vosges-2\/"]}]},{"@type":"ImageObject","inLanguage":"fr-FR","@id":"https:\/\/vosgesinfo.fr\/saintdieinfo\/2023\/12\/train-voiture-entres-collision-ligne-epinal-saint-die-vosges-2\/#primaryimage","url":"https:\/\/vosgesinfo.fr\/app\/uploads\/sites\/4\/2023\/12\/accident-train-lepange-sur-vologne-vosges2.jpg","contentUrl":"https:\/\/vosgesinfo.fr\/app\/uploads\/sites\/4\/2023\/12\/accident-train-lepange-sur-vologne-vosges2.jpg"},{"@type":"BreadcrumbList","@id":"https:\/\/vosgesinfo.fr\/saintdieinfo\/2023\/12\/train-voiture-entres-collision-ligne-epinal-saint-die-vosges-2\/#breadcrumb","itemListElement":[{"@type":"ListItem","position":1,"name":"Home","item":"https:\/\/vosgesinfo.fr\/saintdieinfo\/"},{"@type":"ListItem","position":2,"name":"Un train et une voiture sont entr\u00e9s en collision sur la ligne Epinal \u2013 Saint-Di\u00e9-des-Vosges"}]},{"@type":"WebSite","@id":"https:\/\/vosgesinfo.fr\/saintdieinfo\/#website","url":"https:\/\/vosgesinfo.fr\/saintdieinfo\/","name":"Saint Die Info","description":"Toute l&#039;actualit\u00e9 de Saint-Di\u00e9-Des-Vosges","publisher":{"@id":"https:\/\/vosgesinfo.fr\/saintdieinfo\/#organization"},"alternateName":"Toute l'actualit\u00e9 de Saint-Di\u00e9-Des-Vosges","potentialAction":[{"@type":"SearchAction","target":{"@type":"EntryPoint","urlTemplate":"https:\/\/vosgesinfo.fr\/saintdieinfo\/?s={search_term_string}"},"query-input":"required name=search_term_string"}],"inLanguage":"fr-FR"},{"@type":"Organization","@id":"https:\/\/vosgesinfo.fr\/saintdieinfo\/#organization","name":"Saint Die Info","url":"https:\/\/vosgesinfo.fr\/saintdieinfo\/","logo":{"@type":"ImageObject","inLanguage":"fr-FR","@id":"https:\/\/vosgesinfo.fr\/saintdieinfo\/#\/schema\/logo\/image\/","url":"https:\/\/vosgesinfo.fr\/app\/uploads\/sites\/4\/2024\/02\/logo-sdi.jpg","contentUrl":"https:\/\/vosgesinfo.fr\/app\/uploads\/sites\/4\/2024\/02\/logo-sdi.jpg","width":600,"height":600,"caption":"Saint Die Info"},"image":{"@id":"https:\/\/vosgesinfo.fr\/saintdieinfo\/#\/schema\/logo\/image\/"},"sameAs":["https:\/\/www.facebook.com\/Saintdieinfofr","https:\/\/x.com\/VosgesInfo88","https:\/\/www.youtube.com\/@vosgesinfo"]},{"@type":"Person","@id":"https:\/\/vosgesinfo.fr\/saintdieinfo\/#\/schema\/person\/faee6704a21f3977511db84bd1cd450f","name":"la r\u00e9daction","image":{"@type":"ImageObject","inLanguage":"fr-FR","@id":"https:\/\/vosgesinfo.fr\/saintdieinfo\/#\/schema\/person\/image\/","url":"https:\/\/secure.gravatar.com\/avatar\/6673d8bc6a9c17fa9a453eaa3448de834fa308c2ec9635b7aa99441a7c8d2cf6?s=96&d=mm&r=g","contentUrl":"https:\/\/secure.gravatar.com\/avatar\/6673d8bc6a9c17fa9a453eaa3448de834fa308c2ec9635b7aa99441a7c8d2cf6?s=96&d=mm&r=g","caption":"la r\u00e9daction"},"url":"https:\/\/vosgesinfo.fr\/saintdieinfo\/author\/redac\/"}]}},"_links":{"self":[{"href":"https:\/\/vosgesinfo.fr\/saintdieinfo\/wp-json\/wp\/v2\/posts\/67181","targetHints":{"allow":["GET"]}}],"collection":[{"href":"https:\/\/vosgesinfo.fr\/saintdieinfo\/wp-json\/wp\/v2\/posts"}],"about":[{"href":"https:\/\/vosgesinfo.fr\/saintdieinfo\/wp-json\/wp\/v2\/types\/post"}],"author":[{"embeddable":true,"href":"https:\/\/vosgesinfo.fr\/saintdieinfo\/wp-json\/wp\/v2\/users\/44"}],"replies":[{"embeddable":true,"href":"https:\/\/vosgesinfo.fr\/saintdieinfo\/wp-json\/wp\/v2\/comments?post=67181"}],"version-history":[{"count":0,"href":"https:\/\/vosgesinfo.fr\/saintdieinfo\/wp-json\/wp\/v2\/posts\/67181\/revisions"}],"wp:featuredmedia":[{"embeddable":true,"href":"https:\/\/vosgesinfo.fr\/saintdieinfo\/wp-json\/wp\/v2\/media\/28587"}],"wp:attachment":[{"href":"https:\/\/vosgesinfo.fr\/saintdieinfo\/wp-json\/wp\/v2\/media?parent=67181"}],"wp:term":[{"taxonomy":"category","embeddable":true,"href":"https:\/\/vosgesinfo.fr\/saintdieinfo\/wp-json\/wp\/v2\/categories?post=67181"},{"taxonomy":"post_tag","embeddable":true,"href":"https:\/\/vosgesinfo.fr\/saintdieinfo\/wp-json\/wp\/v2\/tags?post=67181"}],"curies":[{"name":"wp","href":"https:\/\/api.w.org\/{rel}","templated":true}]}}