{"id":67278,"date":"2023-12-20T12:03:05","date_gmt":"2023-12-20T11:03:05","guid":{"rendered":"https:\/\/vosgesinfo.fr\/saintdieinfo\/2023\/12\/toit-vosgien-labellise-qualite-services-aux-locataires-2\/"},"modified":"2023-12-20T12:03:05","modified_gmt":"2023-12-20T11:03:05","slug":"toit-vosgien-labellise-qualite-services-aux-locataires-2","status":"publish","type":"post","link":"https:\/\/vosgesinfo.fr\/saintdieinfo\/2023\/12\/toit-vosgien-labellise-qualite-services-aux-locataires-2\/","title":{"rendered":"Le Toit Vosgien labellis\u00e9 pour la qualit\u00e9 des services aux locataires"},"content":{"rendered":"<p><a href=\"\/2023\/12\/Toit_Vosgien_QualiHLM.jpg\" target=\"_blank\" rel=\"noopener\"><img decoding=\"async\" class=\"aligncenter wp-image-210450 size-large\" src=\"\/2023\/12\/Toit_Vosgien_QualiHLM-1024x768.jpg\" alt=\"Toit_Vosgien_Quali'HLM\" width=\"960\" height=\"720\" \/><\/a><\/p>\n<h2><strong><span style=\"font-size: 14pt;\">\u00ab\u00a0Quand on \u00e9voque le Toit Vosgien, on parle toujours de l&rsquo;habitat innovant. On oublie compl\u00e8tement la partie qui, pour moi, est tout aussi importante. Celle de la solidarit\u00e9 humaine\u00a0\u00bb a soulign\u00e9 le maire de Saint-Di\u00e9-des-Vosges Bruno Toussaint, \u00e9galement pr\u00e9sident du Toit Vosgien, ce mercredi matin lors de l&rsquo;annonce de la labellisation \u00ab\u00a0Quali&rsquo;HLM\u00a0\u00bb du bailleur social d\u00e9odatien.<\/span><\/strong><\/h2>\n<p><!--more--><\/p>\n<p>D\u00e9cern\u00e9 par l&rsquo;Union Sociale pour l&rsquo;Habitat \u2013 USH \u2013 \u00e0 des organismes de logements sociaux, ce label national atteste de la qualit\u00e9 de services rendu aux locataires. Qualit\u00e9 de l&rsquo;accueil et de l&rsquo;entr\u00e9e dans les lieux, mais aussi qualit\u00e9 de la gestion de la r\u00e9clamation et des troubles du voisinage, de la propret\u00e9 des parties communes, de la tranquillit\u00e9 ou des demandes d&rsquo;intervention techniques figurent parmi les crit\u00e8res d&rsquo;attribution du label.<\/p>\n<p>\u00ab\u00a0Nous avons travaill\u00e9 sur 35 actions allant dans ce sens. Travailler sur la qualit\u00e9 des services propos\u00e9s \u00e0 nos locataires n&rsquo;est pas quelque chose de nouveau au Toit Vosgien. Mais si nous sommes le dernier des 6 organismes du <span style=\"color: #3366ff;\"><a style=\"color: #3366ff;\" href=\"https:\/\/saintdieinfo.fr\/2019\/11\/societe-de-coordination-habitat-lorrain-creee\/\" target=\"_blank\" rel=\"noopener\">groupement Habitat Lorrain<\/a><\/span> \u00e0 \u00eatre labellis\u00e9s, c&rsquo;est parce que le dossier est compliqu\u00e9 \u00e0 monter. Nous n&rsquo;avions jusqu&rsquo;\u00e0 pr\u00e9sent pas pris le temps d&rsquo;engager la proc\u00e9dure de labellisation. Cela a pris environ 2 ans, avec un d\u00e9marrage en douceur, mais c&rsquo;est d\u00e9sormais chose faite.\u00a0\u00bb<\/p>\n<p>L&rsquo;audit men\u00e9 par Charles Gouon, qui s&rsquo;est d\u00e9roul\u00e9 les 16 et 17 octobre derniers, a identifi\u00e9 les diff\u00e9rents plans d&rsquo;actions mis en \u0153uvre au service des locataires : professionnalisation des \u00e9quipes au contact des clients, dialogue avec les repr\u00e9sentants des locataires, d\u00e9ploiement de 70 tableaux d&rsquo;affichage dans les entr\u00e9es d&rsquo;immeuble, charte de bon voisinage, permanence hebdomadaire d&rsquo;un m\u00e9diateur, gestion et suivi des troubles de voisinage, visite de conseil pour organiser au mieux le d\u00e9part du locataire, mise en place d&rsquo;une grille de contr\u00f4le de la propret\u00e9 des parties communes des immeubles&#8230;<\/p>\n<p>Dans sa conclusion, l&rsquo;auditeur a \u00e9nonc\u00e9 que \u00ab\u00a0le Toit Vosgien a su conduire les transformations n\u00e9cessaires afin de gagner en agilit\u00e9 et en efficacit\u00e9, et que les 9 plans d&rsquo;actions d&rsquo;am\u00e9lioration sur lesquels se basent la d\u00e9march\u00e9 qualit\u00e9 avaient un niveau d&rsquo;avancement quasiment conforme aux engagements pris, avec des objectifs globalement atteints.\u00a0\u00bb Effective depuis le 5 d\u00e9cembre, la labellisation \u00ab\u00a0Quali&rsquo;HLM\u00a0\u00bb du Toit Vosgien est d&rsquo;une dur\u00e9e de 3 ans, sachant qu&rsquo;un audit de v\u00e9rification devra \u00eatre r\u00e9alis\u00e9 avant le 5 juin 2025.<\/p>\n<p>J.J.<\/p>\n","protected":false},"excerpt":{"rendered":"<p>\u00ab\u00a0Quand on \u00e9voque le Toit Vosgien, on parle toujours de l&rsquo;habitat innovant. On oublie compl\u00e8tement la partie qui, pour moi, [&hellip;]<\/p>\n","protected":false},"author":44,"featured_media":29074,"comment_status":"open","ping_status":"open","sticky":false,"template":"","format":"standard","meta":{"footnotes":""},"categories":[460,2915],"tags":[5343,3467,5344],"class_list":["post-67278","post","type-post","status-publish","format-standard","has-post-thumbnail","hentry","category-a-la-une","category-saint-die-son-canton","tag-label-qualihlm","tag-toit-vosgien","tag-union-sociale-pour-lhabitat"],"acf":[],"yoast_head":"<!-- This site is optimized with the Yoast SEO plugin v22.5 - https:\/\/yoast.com\/wordpress\/plugins\/seo\/ -->\n<title>Le Toit Vosgien labellis\u00e9 pour la qualit\u00e9 des services aux locataires - Saint Die Info<\/title>\n<meta name=\"robots\" content=\"index, follow, max-snippet:-1, max-image-preview:large, max-video-preview:-1\" \/>\n<link rel=\"canonical\" href=\"https:\/\/vosgesinfo.fr\/saintdieinfo\/2023\/12\/toit-vosgien-labellise-qualite-services-aux-locataires-2\/\" \/>\n<meta name=\"twitter:card\" content=\"summary_large_image\" \/>\n<meta name=\"twitter:title\" content=\"Le Toit Vosgien labellis\u00e9 pour la qualit\u00e9 des services aux locataires - Saint Die Info\" \/>\n<meta name=\"twitter:description\" content=\"\u00ab\u00a0Quand on \u00e9voque le Toit Vosgien, on parle toujours de l&rsquo;habitat innovant. On oublie compl\u00e8tement la partie qui, pour moi, [&hellip;]\" \/>\n<meta name=\"twitter:image\" content=\"https:\/\/vosgesinfo.fr\/app\/uploads\/sites\/4\/2023\/12\/toit-vosgien-qualihlm.jpg\" \/>\n<meta name=\"twitter:creator\" content=\"@VosgesInfo88\" \/>\n<meta name=\"twitter:site\" content=\"@VosgesInfo88\" \/>\n<meta name=\"twitter:label1\" content=\"\u00c9crit par\" \/>\n\t<meta name=\"twitter:data1\" content=\"la r\u00e9daction\" \/>\n\t<meta name=\"twitter:label2\" content=\"Dur\u00e9e de lecture estim\u00e9e\" \/>\n\t<meta name=\"twitter:data2\" content=\"2 minutes\" \/>\n<script type=\"application\/ld+json\" class=\"yoast-schema-graph\">{\"@context\":\"https:\/\/schema.org\",\"@graph\":[{\"@type\":\"Article\",\"@id\":\"https:\/\/vosgesinfo.fr\/saintdieinfo\/2023\/12\/toit-vosgien-labellise-qualite-services-aux-locataires-2\/#article\",\"isPartOf\":{\"@id\":\"https:\/\/vosgesinfo.fr\/saintdieinfo\/2023\/12\/toit-vosgien-labellise-qualite-services-aux-locataires-2\/\"},\"author\":{\"name\":\"la r\u00e9daction\",\"@id\":\"https:\/\/vosgesinfo.fr\/saintdieinfo\/#\/schema\/person\/faee6704a21f3977511db84bd1cd450f\"},\"headline\":\"Le Toit Vosgien labellis\u00e9 pour la qualit\u00e9 des services aux locataires\",\"datePublished\":\"2023-12-20T11:03:05+00:00\",\"dateModified\":\"2023-12-20T11:03:05+00:00\",\"mainEntityOfPage\":{\"@id\":\"https:\/\/vosgesinfo.fr\/saintdieinfo\/2023\/12\/toit-vosgien-labellise-qualite-services-aux-locataires-2\/\"},\"wordCount\":435,\"commentCount\":0,\"publisher\":{\"@id\":\"https:\/\/vosgesinfo.fr\/saintdieinfo\/#organization\"},\"image\":{\"@id\":\"https:\/\/vosgesinfo.fr\/saintdieinfo\/2023\/12\/toit-vosgien-labellise-qualite-services-aux-locataires-2\/#primaryimage\"},\"thumbnailUrl\":\"https:\/\/vosgesinfo.fr\/app\/uploads\/sites\/4\/2023\/12\/toit-vosgien-qualihlm.jpg\",\"keywords\":[\"Label Quali'HLM\",\"Toit Vosgien\",\"Union Sociale pour l'Habitat\"],\"articleSection\":[\"A la Une\",\"Saint-Di\u00e9-des-Vosges et son Agglom\u00e9ration\"],\"inLanguage\":\"fr-FR\",\"potentialAction\":[{\"@type\":\"CommentAction\",\"name\":\"Comment\",\"target\":[\"https:\/\/vosgesinfo.fr\/saintdieinfo\/2023\/12\/toit-vosgien-labellise-qualite-services-aux-locataires-2\/#respond\"]}]},{\"@type\":\"WebPage\",\"@id\":\"https:\/\/vosgesinfo.fr\/saintdieinfo\/2023\/12\/toit-vosgien-labellise-qualite-services-aux-locataires-2\/\",\"url\":\"https:\/\/vosgesinfo.fr\/saintdieinfo\/2023\/12\/toit-vosgien-labellise-qualite-services-aux-locataires-2\/\",\"name\":\"Le Toit Vosgien labellis\u00e9 pour la qualit\u00e9 des services aux locataires - Saint Die Info\",\"isPartOf\":{\"@id\":\"https:\/\/vosgesinfo.fr\/saintdieinfo\/#website\"},\"primaryImageOfPage\":{\"@id\":\"https:\/\/vosgesinfo.fr\/saintdieinfo\/2023\/12\/toit-vosgien-labellise-qualite-services-aux-locataires-2\/#primaryimage\"},\"image\":{\"@id\":\"https:\/\/vosgesinfo.fr\/saintdieinfo\/2023\/12\/toit-vosgien-labellise-qualite-services-aux-locataires-2\/#primaryimage\"},\"thumbnailUrl\":\"https:\/\/vosgesinfo.fr\/app\/uploads\/sites\/4\/2023\/12\/toit-vosgien-qualihlm.jpg\",\"datePublished\":\"2023-12-20T11:03:05+00:00\",\"dateModified\":\"2023-12-20T11:03:05+00:00\",\"breadcrumb\":{\"@id\":\"https:\/\/vosgesinfo.fr\/saintdieinfo\/2023\/12\/toit-vosgien-labellise-qualite-services-aux-locataires-2\/#breadcrumb\"},\"inLanguage\":\"fr-FR\",\"potentialAction\":[{\"@type\":\"ReadAction\",\"target\":[\"https:\/\/vosgesinfo.fr\/saintdieinfo\/2023\/12\/toit-vosgien-labellise-qualite-services-aux-locataires-2\/\"]}]},{\"@type\":\"ImageObject\",\"inLanguage\":\"fr-FR\",\"@id\":\"https:\/\/vosgesinfo.fr\/saintdieinfo\/2023\/12\/toit-vosgien-labellise-qualite-services-aux-locataires-2\/#primaryimage\",\"url\":\"https:\/\/vosgesinfo.fr\/app\/uploads\/sites\/4\/2023\/12\/toit-vosgien-qualihlm.jpg\",\"contentUrl\":\"https:\/\/vosgesinfo.fr\/app\/uploads\/sites\/4\/2023\/12\/toit-vosgien-qualihlm.jpg\"},{\"@type\":\"BreadcrumbList\",\"@id\":\"https:\/\/vosgesinfo.fr\/saintdieinfo\/2023\/12\/toit-vosgien-labellise-qualite-services-aux-locataires-2\/#breadcrumb\",\"itemListElement\":[{\"@type\":\"ListItem\",\"position\":1,\"name\":\"Home\",\"item\":\"https:\/\/vosgesinfo.fr\/saintdieinfo\/\"},{\"@type\":\"ListItem\",\"position\":2,\"name\":\"Le Toit Vosgien labellis\u00e9 pour la qualit\u00e9 des services aux locataires\"}]},{\"@type\":\"WebSite\",\"@id\":\"https:\/\/vosgesinfo.fr\/saintdieinfo\/#website\",\"url\":\"https:\/\/vosgesinfo.fr\/saintdieinfo\/\",\"name\":\"Saint Die Info\",\"description\":\"Toute l&#039;actualit\u00e9 de Saint-Di\u00e9-Des-Vosges\",\"publisher\":{\"@id\":\"https:\/\/vosgesinfo.fr\/saintdieinfo\/#organization\"},\"alternateName\":\"Toute l'actualit\u00e9 de Saint-Di\u00e9-Des-Vosges\",\"potentialAction\":[{\"@type\":\"SearchAction\",\"target\":{\"@type\":\"EntryPoint\",\"urlTemplate\":\"https:\/\/vosgesinfo.fr\/saintdieinfo\/?s={search_term_string}\"},\"query-input\":\"required name=search_term_string\"}],\"inLanguage\":\"fr-FR\"},{\"@type\":\"Organization\",\"@id\":\"https:\/\/vosgesinfo.fr\/saintdieinfo\/#organization\",\"name\":\"Saint Die Info\",\"url\":\"https:\/\/vosgesinfo.fr\/saintdieinfo\/\",\"logo\":{\"@type\":\"ImageObject\",\"inLanguage\":\"fr-FR\",\"@id\":\"https:\/\/vosgesinfo.fr\/saintdieinfo\/#\/schema\/logo\/image\/\",\"url\":\"https:\/\/vosgesinfo.fr\/app\/uploads\/sites\/4\/2024\/02\/logo-sdi.jpg\",\"contentUrl\":\"https:\/\/vosgesinfo.fr\/app\/uploads\/sites\/4\/2024\/02\/logo-sdi.jpg\",\"width\":600,\"height\":600,\"caption\":\"Saint Die Info\"},\"image\":{\"@id\":\"https:\/\/vosgesinfo.fr\/saintdieinfo\/#\/schema\/logo\/image\/\"},\"sameAs\":[\"https:\/\/www.facebook.com\/Saintdieinfofr\",\"https:\/\/x.com\/VosgesInfo88\",\"https:\/\/www.youtube.com\/@vosgesinfo\"]},{\"@type\":\"Person\",\"@id\":\"https:\/\/vosgesinfo.fr\/saintdieinfo\/#\/schema\/person\/faee6704a21f3977511db84bd1cd450f\",\"name\":\"la r\u00e9daction\",\"image\":{\"@type\":\"ImageObject\",\"inLanguage\":\"fr-FR\",\"@id\":\"https:\/\/vosgesinfo.fr\/saintdieinfo\/#\/schema\/person\/image\/\",\"url\":\"https:\/\/secure.gravatar.com\/avatar\/6673d8bc6a9c17fa9a453eaa3448de834fa308c2ec9635b7aa99441a7c8d2cf6?s=96&d=mm&r=g\",\"contentUrl\":\"https:\/\/secure.gravatar.com\/avatar\/6673d8bc6a9c17fa9a453eaa3448de834fa308c2ec9635b7aa99441a7c8d2cf6?s=96&d=mm&r=g\",\"caption\":\"la r\u00e9daction\"},\"url\":\"https:\/\/vosgesinfo.fr\/saintdieinfo\/author\/redac\/\"}]}<\/script>\n<!-- \/ Yoast SEO plugin. -->","yoast_head_json":{"title":"Le Toit Vosgien labellis\u00e9 pour la qualit\u00e9 des services aux locataires - Saint Die Info","robots":{"index":"index","follow":"follow","max-snippet":"max-snippet:-1","max-image-preview":"max-image-preview:large","max-video-preview":"max-video-preview:-1"},"canonical":"https:\/\/vosgesinfo.fr\/saintdieinfo\/2023\/12\/toit-vosgien-labellise-qualite-services-aux-locataires-2\/","twitter_card":"summary_large_image","twitter_title":"Le Toit Vosgien labellis\u00e9 pour la qualit\u00e9 des services aux locataires - Saint Die Info","twitter_description":"\u00ab\u00a0Quand on \u00e9voque le Toit Vosgien, on parle toujours de l&rsquo;habitat innovant. On oublie compl\u00e8tement la partie qui, pour moi, [&hellip;]","twitter_image":"https:\/\/vosgesinfo.fr\/app\/uploads\/sites\/4\/2023\/12\/toit-vosgien-qualihlm.jpg","twitter_creator":"@VosgesInfo88","twitter_site":"@VosgesInfo88","twitter_misc":{"\u00c9crit par":"la r\u00e9daction","Dur\u00e9e de lecture estim\u00e9e":"2 minutes"},"schema":{"@context":"https:\/\/schema.org","@graph":[{"@type":"Article","@id":"https:\/\/vosgesinfo.fr\/saintdieinfo\/2023\/12\/toit-vosgien-labellise-qualite-services-aux-locataires-2\/#article","isPartOf":{"@id":"https:\/\/vosgesinfo.fr\/saintdieinfo\/2023\/12\/toit-vosgien-labellise-qualite-services-aux-locataires-2\/"},"author":{"name":"la r\u00e9daction","@id":"https:\/\/vosgesinfo.fr\/saintdieinfo\/#\/schema\/person\/faee6704a21f3977511db84bd1cd450f"},"headline":"Le Toit Vosgien labellis\u00e9 pour la qualit\u00e9 des services aux locataires","datePublished":"2023-12-20T11:03:05+00:00","dateModified":"2023-12-20T11:03:05+00:00","mainEntityOfPage":{"@id":"https:\/\/vosgesinfo.fr\/saintdieinfo\/2023\/12\/toit-vosgien-labellise-qualite-services-aux-locataires-2\/"},"wordCount":435,"commentCount":0,"publisher":{"@id":"https:\/\/vosgesinfo.fr\/saintdieinfo\/#organization"},"image":{"@id":"https:\/\/vosgesinfo.fr\/saintdieinfo\/2023\/12\/toit-vosgien-labellise-qualite-services-aux-locataires-2\/#primaryimage"},"thumbnailUrl":"https:\/\/vosgesinfo.fr\/app\/uploads\/sites\/4\/2023\/12\/toit-vosgien-qualihlm.jpg","keywords":["Label Quali'HLM","Toit Vosgien","Union Sociale pour l'Habitat"],"articleSection":["A la Une","Saint-Di\u00e9-des-Vosges et son Agglom\u00e9ration"],"inLanguage":"fr-FR","potentialAction":[{"@type":"CommentAction","name":"Comment","target":["https:\/\/vosgesinfo.fr\/saintdieinfo\/2023\/12\/toit-vosgien-labellise-qualite-services-aux-locataires-2\/#respond"]}]},{"@type":"WebPage","@id":"https:\/\/vosgesinfo.fr\/saintdieinfo\/2023\/12\/toit-vosgien-labellise-qualite-services-aux-locataires-2\/","url":"https:\/\/vosgesinfo.fr\/saintdieinfo\/2023\/12\/toit-vosgien-labellise-qualite-services-aux-locataires-2\/","name":"Le Toit Vosgien labellis\u00e9 pour la qualit\u00e9 des services aux locataires - Saint Die Info","isPartOf":{"@id":"https:\/\/vosgesinfo.fr\/saintdieinfo\/#website"},"primaryImageOfPage":{"@id":"https:\/\/vosgesinfo.fr\/saintdieinfo\/2023\/12\/toit-vosgien-labellise-qualite-services-aux-locataires-2\/#primaryimage"},"image":{"@id":"https:\/\/vosgesinfo.fr\/saintdieinfo\/2023\/12\/toit-vosgien-labellise-qualite-services-aux-locataires-2\/#primaryimage"},"thumbnailUrl":"https:\/\/vosgesinfo.fr\/app\/uploads\/sites\/4\/2023\/12\/toit-vosgien-qualihlm.jpg","datePublished":"2023-12-20T11:03:05+00:00","dateModified":"2023-12-20T11:03:05+00:00","breadcrumb":{"@id":"https:\/\/vosgesinfo.fr\/saintdieinfo\/2023\/12\/toit-vosgien-labellise-qualite-services-aux-locataires-2\/#breadcrumb"},"inLanguage":"fr-FR","potentialAction":[{"@type":"ReadAction","target":["https:\/\/vosgesinfo.fr\/saintdieinfo\/2023\/12\/toit-vosgien-labellise-qualite-services-aux-locataires-2\/"]}]},{"@type":"ImageObject","inLanguage":"fr-FR","@id":"https:\/\/vosgesinfo.fr\/saintdieinfo\/2023\/12\/toit-vosgien-labellise-qualite-services-aux-locataires-2\/#primaryimage","url":"https:\/\/vosgesinfo.fr\/app\/uploads\/sites\/4\/2023\/12\/toit-vosgien-qualihlm.jpg","contentUrl":"https:\/\/vosgesinfo.fr\/app\/uploads\/sites\/4\/2023\/12\/toit-vosgien-qualihlm.jpg"},{"@type":"BreadcrumbList","@id":"https:\/\/vosgesinfo.fr\/saintdieinfo\/2023\/12\/toit-vosgien-labellise-qualite-services-aux-locataires-2\/#breadcrumb","itemListElement":[{"@type":"ListItem","position":1,"name":"Home","item":"https:\/\/vosgesinfo.fr\/saintdieinfo\/"},{"@type":"ListItem","position":2,"name":"Le Toit Vosgien labellis\u00e9 pour la qualit\u00e9 des services aux locataires"}]},{"@type":"WebSite","@id":"https:\/\/vosgesinfo.fr\/saintdieinfo\/#website","url":"https:\/\/vosgesinfo.fr\/saintdieinfo\/","name":"Saint Die Info","description":"Toute l&#039;actualit\u00e9 de Saint-Di\u00e9-Des-Vosges","publisher":{"@id":"https:\/\/vosgesinfo.fr\/saintdieinfo\/#organization"},"alternateName":"Toute l'actualit\u00e9 de Saint-Di\u00e9-Des-Vosges","potentialAction":[{"@type":"SearchAction","target":{"@type":"EntryPoint","urlTemplate":"https:\/\/vosgesinfo.fr\/saintdieinfo\/?s={search_term_string}"},"query-input":"required name=search_term_string"}],"inLanguage":"fr-FR"},{"@type":"Organization","@id":"https:\/\/vosgesinfo.fr\/saintdieinfo\/#organization","name":"Saint Die Info","url":"https:\/\/vosgesinfo.fr\/saintdieinfo\/","logo":{"@type":"ImageObject","inLanguage":"fr-FR","@id":"https:\/\/vosgesinfo.fr\/saintdieinfo\/#\/schema\/logo\/image\/","url":"https:\/\/vosgesinfo.fr\/app\/uploads\/sites\/4\/2024\/02\/logo-sdi.jpg","contentUrl":"https:\/\/vosgesinfo.fr\/app\/uploads\/sites\/4\/2024\/02\/logo-sdi.jpg","width":600,"height":600,"caption":"Saint Die Info"},"image":{"@id":"https:\/\/vosgesinfo.fr\/saintdieinfo\/#\/schema\/logo\/image\/"},"sameAs":["https:\/\/www.facebook.com\/Saintdieinfofr","https:\/\/x.com\/VosgesInfo88","https:\/\/www.youtube.com\/@vosgesinfo"]},{"@type":"Person","@id":"https:\/\/vosgesinfo.fr\/saintdieinfo\/#\/schema\/person\/faee6704a21f3977511db84bd1cd450f","name":"la r\u00e9daction","image":{"@type":"ImageObject","inLanguage":"fr-FR","@id":"https:\/\/vosgesinfo.fr\/saintdieinfo\/#\/schema\/person\/image\/","url":"https:\/\/secure.gravatar.com\/avatar\/6673d8bc6a9c17fa9a453eaa3448de834fa308c2ec9635b7aa99441a7c8d2cf6?s=96&d=mm&r=g","contentUrl":"https:\/\/secure.gravatar.com\/avatar\/6673d8bc6a9c17fa9a453eaa3448de834fa308c2ec9635b7aa99441a7c8d2cf6?s=96&d=mm&r=g","caption":"la r\u00e9daction"},"url":"https:\/\/vosgesinfo.fr\/saintdieinfo\/author\/redac\/"}]}},"_links":{"self":[{"href":"https:\/\/vosgesinfo.fr\/saintdieinfo\/wp-json\/wp\/v2\/posts\/67278","targetHints":{"allow":["GET"]}}],"collection":[{"href":"https:\/\/vosgesinfo.fr\/saintdieinfo\/wp-json\/wp\/v2\/posts"}],"about":[{"href":"https:\/\/vosgesinfo.fr\/saintdieinfo\/wp-json\/wp\/v2\/types\/post"}],"author":[{"embeddable":true,"href":"https:\/\/vosgesinfo.fr\/saintdieinfo\/wp-json\/wp\/v2\/users\/44"}],"replies":[{"embeddable":true,"href":"https:\/\/vosgesinfo.fr\/saintdieinfo\/wp-json\/wp\/v2\/comments?post=67278"}],"version-history":[{"count":0,"href":"https:\/\/vosgesinfo.fr\/saintdieinfo\/wp-json\/wp\/v2\/posts\/67278\/revisions"}],"wp:featuredmedia":[{"embeddable":true,"href":"https:\/\/vosgesinfo.fr\/saintdieinfo\/wp-json\/wp\/v2\/media\/29074"}],"wp:attachment":[{"href":"https:\/\/vosgesinfo.fr\/saintdieinfo\/wp-json\/wp\/v2\/media?parent=67278"}],"wp:term":[{"taxonomy":"category","embeddable":true,"href":"https:\/\/vosgesinfo.fr\/saintdieinfo\/wp-json\/wp\/v2\/categories?post=67278"},{"taxonomy":"post_tag","embeddable":true,"href":"https:\/\/vosgesinfo.fr\/saintdieinfo\/wp-json\/wp\/v2\/tags?post=67278"}],"curies":[{"name":"wp","href":"https:\/\/api.w.org\/{rel}","templated":true}]}}