{"id":67312,"date":"2024-01-04T10:08:49","date_gmt":"2024-01-04T09:08:49","guid":{"rendered":"https:\/\/vosgesinfo.fr\/saintdieinfo\/2024\/01\/reste-quelques-places-soiree-repas-theatre-comite-fetes-de-saint-die-vosges-2\/"},"modified":"2024-01-04T10:08:49","modified_gmt":"2024-01-04T09:08:49","slug":"reste-quelques-places-soiree-repas-theatre-comite-fetes-de-saint-die-vosges-2","status":"publish","type":"post","link":"https:\/\/vosgesinfo.fr\/saintdieinfo\/2024\/01\/reste-quelques-places-soiree-repas-theatre-comite-fetes-de-saint-die-vosges-2\/","title":{"rendered":"Il reste encore quelques places pour la soir\u00e9e repas-th\u00e9\u00e2tre du Comit\u00e9 des F\u00eates de Saint-Di\u00e9-des-Vosges"},"content":{"rendered":"<h2><strong><span style=\"font-size: 14pt;\"><span style=\"color: #3366ff;\"><a style=\"color: #3366ff;\" href=\"https:\/\/saintdieinfo.fr\/2023\/11\/lannee-2024-sannonce-bien-remplie-comite-fetes-de-saint-die-vosges\/\" target=\"_blank\" rel=\"noopener\">Premier des 6 temps forts de son ann\u00e9e 2024<\/a><\/span>, le Comit\u00e9 des F\u00eates de Saint-Di\u00e9-des-Vosges organise une <span style=\"color: #3366ff;\"><a style=\"color: #3366ff;\" href=\"https:\/\/saintdieinfo.fr\/2023\/11\/comite-fetes-de-saint-die-vosges-presente-soiree-repas-theatre\/\" target=\"_blank\" rel=\"noopener\">soir\u00e9e repas-th\u00e9\u00e2tre, le samedi 27 janvier prochain \u00e0 l&rsquo;Espace Fran\u00e7ois-Mitterrand.<\/a><\/span> Alors que la soir\u00e9e affichait complet depuis plusieurs semaines, le Comit\u00e9 des F\u00eates vient d&rsquo;annoncer qu&rsquo;il restait encore quelques places, \u00ab\u00a0\u00e0 la suite de d\u00e9sistements li\u00e9s \u00e0 des probl\u00e8mes de sant\u00e9\u00a0\u00bb.<\/span><\/strong><\/h2>\n<p><!--more--><\/p>\n<p>Les r\u00e9servations se font pas ch\u00e8que, \u00e0 envoyer au Comit\u00e9 des F\u00eates \u2013 11 rue de la Ferme \u2013 Marzelay \u2013 88100 Saint-Di\u00e9-des-Vosges. Pr\u00e9ciser le num\u00e9ro de t\u00e9l\u00e9phone avec chaque r\u00e9servation. Plus de renseignements au <strong>06-76-04-81-50.<\/strong><\/p>\n<p><a href=\"\/2024\/01\/Soir\u00e9e_Repas-Th\u00e9\u00e2tre_Comit\u00e9_F\u00eates_SDDV.jpg\" target=\"_blank\" rel=\"noopener\"><img decoding=\"async\" class=\"aligncenter wp-image-210701 size-large\" src=\"\/2024\/01\/Soir\u00e9e_Repas-Th\u00e9\u00e2tre_Comit\u00e9_F\u00eates_SDDV-724x1024.jpg\" alt=\"Soir\u00e9e_Repas-Th\u00e9\u00e2tre_Comit\u00e9_F\u00eates_SDDV\" width=\"724\" height=\"1024\" \/><\/a><\/p>\n<p>J.J.<\/p>\n","protected":false},"excerpt":{"rendered":"<p>Premier des 6 temps forts de son ann\u00e9e 2024, le Comit\u00e9 des F\u00eates de Saint-Di\u00e9-des-Vosges organise une soir\u00e9e repas-th\u00e9\u00e2tre, le [&hellip;]<\/p>\n","protected":false},"author":44,"featured_media":23310,"comment_status":"open","ping_status":"open","sticky":false,"template":"","format":"standard","meta":{"footnotes":""},"categories":[460,20,2915,17],"tags":[3163,3089,3593],"class_list":["post-67312","post","type-post","status-publish","format-standard","has-post-thumbnail","hentry","category-a-la-une","category-loisirs","category-saint-die-son-canton","category-vie-associative","tag-comite-des-fetes-de-saint-die-des-vosges","tag-espace-francois-mitterrand","tag-soiree-repas-theatre"],"acf":[],"yoast_head":"<!-- This site is optimized with the Yoast SEO plugin v22.5 - https:\/\/yoast.com\/wordpress\/plugins\/seo\/ -->\n<title>Il reste encore quelques places pour la soir\u00e9e repas-th\u00e9\u00e2tre du Comit\u00e9 des F\u00eates de Saint-Di\u00e9-des-Vosges - Saint Die Info<\/title>\n<meta name=\"robots\" content=\"index, follow, max-snippet:-1, max-image-preview:large, max-video-preview:-1\" \/>\n<link rel=\"canonical\" href=\"https:\/\/vosgesinfo.fr\/saintdieinfo\/2024\/01\/reste-quelques-places-soiree-repas-theatre-comite-fetes-de-saint-die-vosges-2\/\" \/>\n<meta name=\"twitter:card\" content=\"summary_large_image\" \/>\n<meta name=\"twitter:title\" content=\"Il reste encore quelques places pour la soir\u00e9e repas-th\u00e9\u00e2tre du Comit\u00e9 des F\u00eates de Saint-Di\u00e9-des-Vosges - Saint Die Info\" \/>\n<meta name=\"twitter:description\" content=\"Premier des 6 temps forts de son ann\u00e9e 2024, le Comit\u00e9 des F\u00eates de Saint-Di\u00e9-des-Vosges organise une soir\u00e9e repas-th\u00e9\u00e2tre, le [&hellip;]\" \/>\n<meta name=\"twitter:image\" content=\"https:\/\/vosgesinfo.fr\/app\/uploads\/sites\/4\/2024\/01\/soiree-repas-theatre-comite-fetes-sddv.jpg\" \/>\n<meta name=\"twitter:creator\" content=\"@VosgesInfo88\" \/>\n<meta name=\"twitter:site\" content=\"@VosgesInfo88\" \/>\n<meta name=\"twitter:label1\" content=\"\u00c9crit par\" \/>\n\t<meta name=\"twitter:data1\" content=\"la r\u00e9daction\" \/>\n\t<meta name=\"twitter:label2\" content=\"Dur\u00e9e de lecture estim\u00e9e\" \/>\n\t<meta name=\"twitter:data2\" content=\"1 minute\" \/>\n<script type=\"application\/ld+json\" class=\"yoast-schema-graph\">{\"@context\":\"https:\/\/schema.org\",\"@graph\":[{\"@type\":\"Article\",\"@id\":\"https:\/\/vosgesinfo.fr\/saintdieinfo\/2024\/01\/reste-quelques-places-soiree-repas-theatre-comite-fetes-de-saint-die-vosges-2\/#article\",\"isPartOf\":{\"@id\":\"https:\/\/vosgesinfo.fr\/saintdieinfo\/2024\/01\/reste-quelques-places-soiree-repas-theatre-comite-fetes-de-saint-die-vosges-2\/\"},\"author\":{\"name\":\"la r\u00e9daction\",\"@id\":\"https:\/\/vosgesinfo.fr\/saintdieinfo\/#\/schema\/person\/faee6704a21f3977511db84bd1cd450f\"},\"headline\":\"Il reste encore quelques places pour la soir\u00e9e repas-th\u00e9\u00e2tre du Comit\u00e9 des F\u00eates de Saint-Di\u00e9-des-Vosges\",\"datePublished\":\"2024-01-04T09:08:49+00:00\",\"dateModified\":\"2024-01-04T09:08:49+00:00\",\"mainEntityOfPage\":{\"@id\":\"https:\/\/vosgesinfo.fr\/saintdieinfo\/2024\/01\/reste-quelques-places-soiree-repas-theatre-comite-fetes-de-saint-die-vosges-2\/\"},\"wordCount\":129,\"commentCount\":0,\"publisher\":{\"@id\":\"https:\/\/vosgesinfo.fr\/saintdieinfo\/#organization\"},\"image\":{\"@id\":\"https:\/\/vosgesinfo.fr\/saintdieinfo\/2024\/01\/reste-quelques-places-soiree-repas-theatre-comite-fetes-de-saint-die-vosges-2\/#primaryimage\"},\"thumbnailUrl\":\"https:\/\/vosgesinfo.fr\/app\/uploads\/sites\/4\/2024\/01\/soiree-repas-theatre-comite-fetes-sddv.jpg\",\"keywords\":[\"Comit\u00e9 des F\u00eates de Saint-Di\u00e9-des-Vosges\",\"Espace Fran\u00e7ois-Mitterrand\",\"Soir\u00e9e repas-th\u00e9\u00e2tre\"],\"articleSection\":[\"A la Une\",\"Loisirs\",\"Saint-Di\u00e9-des-Vosges et son Agglom\u00e9ration\",\"Vie Associative\"],\"inLanguage\":\"fr-FR\",\"potentialAction\":[{\"@type\":\"CommentAction\",\"name\":\"Comment\",\"target\":[\"https:\/\/vosgesinfo.fr\/saintdieinfo\/2024\/01\/reste-quelques-places-soiree-repas-theatre-comite-fetes-de-saint-die-vosges-2\/#respond\"]}]},{\"@type\":\"WebPage\",\"@id\":\"https:\/\/vosgesinfo.fr\/saintdieinfo\/2024\/01\/reste-quelques-places-soiree-repas-theatre-comite-fetes-de-saint-die-vosges-2\/\",\"url\":\"https:\/\/vosgesinfo.fr\/saintdieinfo\/2024\/01\/reste-quelques-places-soiree-repas-theatre-comite-fetes-de-saint-die-vosges-2\/\",\"name\":\"Il reste encore quelques places pour la soir\u00e9e repas-th\u00e9\u00e2tre du Comit\u00e9 des F\u00eates de Saint-Di\u00e9-des-Vosges - Saint Die Info\",\"isPartOf\":{\"@id\":\"https:\/\/vosgesinfo.fr\/saintdieinfo\/#website\"},\"primaryImageOfPage\":{\"@id\":\"https:\/\/vosgesinfo.fr\/saintdieinfo\/2024\/01\/reste-quelques-places-soiree-repas-theatre-comite-fetes-de-saint-die-vosges-2\/#primaryimage\"},\"image\":{\"@id\":\"https:\/\/vosgesinfo.fr\/saintdieinfo\/2024\/01\/reste-quelques-places-soiree-repas-theatre-comite-fetes-de-saint-die-vosges-2\/#primaryimage\"},\"thumbnailUrl\":\"https:\/\/vosgesinfo.fr\/app\/uploads\/sites\/4\/2024\/01\/soiree-repas-theatre-comite-fetes-sddv.jpg\",\"datePublished\":\"2024-01-04T09:08:49+00:00\",\"dateModified\":\"2024-01-04T09:08:49+00:00\",\"breadcrumb\":{\"@id\":\"https:\/\/vosgesinfo.fr\/saintdieinfo\/2024\/01\/reste-quelques-places-soiree-repas-theatre-comite-fetes-de-saint-die-vosges-2\/#breadcrumb\"},\"inLanguage\":\"fr-FR\",\"potentialAction\":[{\"@type\":\"ReadAction\",\"target\":[\"https:\/\/vosgesinfo.fr\/saintdieinfo\/2024\/01\/reste-quelques-places-soiree-repas-theatre-comite-fetes-de-saint-die-vosges-2\/\"]}]},{\"@type\":\"ImageObject\",\"inLanguage\":\"fr-FR\",\"@id\":\"https:\/\/vosgesinfo.fr\/saintdieinfo\/2024\/01\/reste-quelques-places-soiree-repas-theatre-comite-fetes-de-saint-die-vosges-2\/#primaryimage\",\"url\":\"https:\/\/vosgesinfo.fr\/app\/uploads\/sites\/4\/2024\/01\/soiree-repas-theatre-comite-fetes-sddv.jpg\",\"contentUrl\":\"https:\/\/vosgesinfo.fr\/app\/uploads\/sites\/4\/2024\/01\/soiree-repas-theatre-comite-fetes-sddv.jpg\",\"width\":1448,\"height\":2048},{\"@type\":\"BreadcrumbList\",\"@id\":\"https:\/\/vosgesinfo.fr\/saintdieinfo\/2024\/01\/reste-quelques-places-soiree-repas-theatre-comite-fetes-de-saint-die-vosges-2\/#breadcrumb\",\"itemListElement\":[{\"@type\":\"ListItem\",\"position\":1,\"name\":\"Home\",\"item\":\"https:\/\/vosgesinfo.fr\/saintdieinfo\/\"},{\"@type\":\"ListItem\",\"position\":2,\"name\":\"Il reste encore quelques places pour la soir\u00e9e repas-th\u00e9\u00e2tre du Comit\u00e9 des F\u00eates de Saint-Di\u00e9-des-Vosges\"}]},{\"@type\":\"WebSite\",\"@id\":\"https:\/\/vosgesinfo.fr\/saintdieinfo\/#website\",\"url\":\"https:\/\/vosgesinfo.fr\/saintdieinfo\/\",\"name\":\"Saint Die Info\",\"description\":\"Toute l&#039;actualit\u00e9 de Saint-Di\u00e9-Des-Vosges\",\"publisher\":{\"@id\":\"https:\/\/vosgesinfo.fr\/saintdieinfo\/#organization\"},\"alternateName\":\"Toute l'actualit\u00e9 de Saint-Di\u00e9-Des-Vosges\",\"potentialAction\":[{\"@type\":\"SearchAction\",\"target\":{\"@type\":\"EntryPoint\",\"urlTemplate\":\"https:\/\/vosgesinfo.fr\/saintdieinfo\/?s={search_term_string}\"},\"query-input\":\"required name=search_term_string\"}],\"inLanguage\":\"fr-FR\"},{\"@type\":\"Organization\",\"@id\":\"https:\/\/vosgesinfo.fr\/saintdieinfo\/#organization\",\"name\":\"Saint Die Info\",\"url\":\"https:\/\/vosgesinfo.fr\/saintdieinfo\/\",\"logo\":{\"@type\":\"ImageObject\",\"inLanguage\":\"fr-FR\",\"@id\":\"https:\/\/vosgesinfo.fr\/saintdieinfo\/#\/schema\/logo\/image\/\",\"url\":\"https:\/\/vosgesinfo.fr\/app\/uploads\/sites\/4\/2024\/02\/logo-sdi.jpg\",\"contentUrl\":\"https:\/\/vosgesinfo.fr\/app\/uploads\/sites\/4\/2024\/02\/logo-sdi.jpg\",\"width\":600,\"height\":600,\"caption\":\"Saint Die Info\"},\"image\":{\"@id\":\"https:\/\/vosgesinfo.fr\/saintdieinfo\/#\/schema\/logo\/image\/\"},\"sameAs\":[\"https:\/\/www.facebook.com\/Saintdieinfofr\",\"https:\/\/x.com\/VosgesInfo88\",\"https:\/\/www.youtube.com\/@vosgesinfo\"]},{\"@type\":\"Person\",\"@id\":\"https:\/\/vosgesinfo.fr\/saintdieinfo\/#\/schema\/person\/faee6704a21f3977511db84bd1cd450f\",\"name\":\"la r\u00e9daction\",\"image\":{\"@type\":\"ImageObject\",\"inLanguage\":\"fr-FR\",\"@id\":\"https:\/\/vosgesinfo.fr\/saintdieinfo\/#\/schema\/person\/image\/\",\"url\":\"https:\/\/secure.gravatar.com\/avatar\/6673d8bc6a9c17fa9a453eaa3448de834fa308c2ec9635b7aa99441a7c8d2cf6?s=96&d=mm&r=g\",\"contentUrl\":\"https:\/\/secure.gravatar.com\/avatar\/6673d8bc6a9c17fa9a453eaa3448de834fa308c2ec9635b7aa99441a7c8d2cf6?s=96&d=mm&r=g\",\"caption\":\"la r\u00e9daction\"},\"url\":\"https:\/\/vosgesinfo.fr\/saintdieinfo\/author\/redac\/\"}]}<\/script>\n<!-- \/ Yoast SEO plugin. -->","yoast_head_json":{"title":"Il reste encore quelques places pour la soir\u00e9e repas-th\u00e9\u00e2tre du Comit\u00e9 des F\u00eates de Saint-Di\u00e9-des-Vosges - Saint Die Info","robots":{"index":"index","follow":"follow","max-snippet":"max-snippet:-1","max-image-preview":"max-image-preview:large","max-video-preview":"max-video-preview:-1"},"canonical":"https:\/\/vosgesinfo.fr\/saintdieinfo\/2024\/01\/reste-quelques-places-soiree-repas-theatre-comite-fetes-de-saint-die-vosges-2\/","twitter_card":"summary_large_image","twitter_title":"Il reste encore quelques places pour la soir\u00e9e repas-th\u00e9\u00e2tre du Comit\u00e9 des F\u00eates de Saint-Di\u00e9-des-Vosges - Saint Die Info","twitter_description":"Premier des 6 temps forts de son ann\u00e9e 2024, le Comit\u00e9 des F\u00eates de Saint-Di\u00e9-des-Vosges organise une soir\u00e9e repas-th\u00e9\u00e2tre, le [&hellip;]","twitter_image":"https:\/\/vosgesinfo.fr\/app\/uploads\/sites\/4\/2024\/01\/soiree-repas-theatre-comite-fetes-sddv.jpg","twitter_creator":"@VosgesInfo88","twitter_site":"@VosgesInfo88","twitter_misc":{"\u00c9crit par":"la r\u00e9daction","Dur\u00e9e de lecture estim\u00e9e":"1 minute"},"schema":{"@context":"https:\/\/schema.org","@graph":[{"@type":"Article","@id":"https:\/\/vosgesinfo.fr\/saintdieinfo\/2024\/01\/reste-quelques-places-soiree-repas-theatre-comite-fetes-de-saint-die-vosges-2\/#article","isPartOf":{"@id":"https:\/\/vosgesinfo.fr\/saintdieinfo\/2024\/01\/reste-quelques-places-soiree-repas-theatre-comite-fetes-de-saint-die-vosges-2\/"},"author":{"name":"la r\u00e9daction","@id":"https:\/\/vosgesinfo.fr\/saintdieinfo\/#\/schema\/person\/faee6704a21f3977511db84bd1cd450f"},"headline":"Il reste encore quelques places pour la soir\u00e9e repas-th\u00e9\u00e2tre du Comit\u00e9 des F\u00eates de Saint-Di\u00e9-des-Vosges","datePublished":"2024-01-04T09:08:49+00:00","dateModified":"2024-01-04T09:08:49+00:00","mainEntityOfPage":{"@id":"https:\/\/vosgesinfo.fr\/saintdieinfo\/2024\/01\/reste-quelques-places-soiree-repas-theatre-comite-fetes-de-saint-die-vosges-2\/"},"wordCount":129,"commentCount":0,"publisher":{"@id":"https:\/\/vosgesinfo.fr\/saintdieinfo\/#organization"},"image":{"@id":"https:\/\/vosgesinfo.fr\/saintdieinfo\/2024\/01\/reste-quelques-places-soiree-repas-theatre-comite-fetes-de-saint-die-vosges-2\/#primaryimage"},"thumbnailUrl":"https:\/\/vosgesinfo.fr\/app\/uploads\/sites\/4\/2024\/01\/soiree-repas-theatre-comite-fetes-sddv.jpg","keywords":["Comit\u00e9 des F\u00eates de Saint-Di\u00e9-des-Vosges","Espace Fran\u00e7ois-Mitterrand","Soir\u00e9e repas-th\u00e9\u00e2tre"],"articleSection":["A la Une","Loisirs","Saint-Di\u00e9-des-Vosges et son Agglom\u00e9ration","Vie Associative"],"inLanguage":"fr-FR","potentialAction":[{"@type":"CommentAction","name":"Comment","target":["https:\/\/vosgesinfo.fr\/saintdieinfo\/2024\/01\/reste-quelques-places-soiree-repas-theatre-comite-fetes-de-saint-die-vosges-2\/#respond"]}]},{"@type":"WebPage","@id":"https:\/\/vosgesinfo.fr\/saintdieinfo\/2024\/01\/reste-quelques-places-soiree-repas-theatre-comite-fetes-de-saint-die-vosges-2\/","url":"https:\/\/vosgesinfo.fr\/saintdieinfo\/2024\/01\/reste-quelques-places-soiree-repas-theatre-comite-fetes-de-saint-die-vosges-2\/","name":"Il reste encore quelques places pour la soir\u00e9e repas-th\u00e9\u00e2tre du Comit\u00e9 des F\u00eates de Saint-Di\u00e9-des-Vosges - Saint Die Info","isPartOf":{"@id":"https:\/\/vosgesinfo.fr\/saintdieinfo\/#website"},"primaryImageOfPage":{"@id":"https:\/\/vosgesinfo.fr\/saintdieinfo\/2024\/01\/reste-quelques-places-soiree-repas-theatre-comite-fetes-de-saint-die-vosges-2\/#primaryimage"},"image":{"@id":"https:\/\/vosgesinfo.fr\/saintdieinfo\/2024\/01\/reste-quelques-places-soiree-repas-theatre-comite-fetes-de-saint-die-vosges-2\/#primaryimage"},"thumbnailUrl":"https:\/\/vosgesinfo.fr\/app\/uploads\/sites\/4\/2024\/01\/soiree-repas-theatre-comite-fetes-sddv.jpg","datePublished":"2024-01-04T09:08:49+00:00","dateModified":"2024-01-04T09:08:49+00:00","breadcrumb":{"@id":"https:\/\/vosgesinfo.fr\/saintdieinfo\/2024\/01\/reste-quelques-places-soiree-repas-theatre-comite-fetes-de-saint-die-vosges-2\/#breadcrumb"},"inLanguage":"fr-FR","potentialAction":[{"@type":"ReadAction","target":["https:\/\/vosgesinfo.fr\/saintdieinfo\/2024\/01\/reste-quelques-places-soiree-repas-theatre-comite-fetes-de-saint-die-vosges-2\/"]}]},{"@type":"ImageObject","inLanguage":"fr-FR","@id":"https:\/\/vosgesinfo.fr\/saintdieinfo\/2024\/01\/reste-quelques-places-soiree-repas-theatre-comite-fetes-de-saint-die-vosges-2\/#primaryimage","url":"https:\/\/vosgesinfo.fr\/app\/uploads\/sites\/4\/2024\/01\/soiree-repas-theatre-comite-fetes-sddv.jpg","contentUrl":"https:\/\/vosgesinfo.fr\/app\/uploads\/sites\/4\/2024\/01\/soiree-repas-theatre-comite-fetes-sddv.jpg","width":1448,"height":2048},{"@type":"BreadcrumbList","@id":"https:\/\/vosgesinfo.fr\/saintdieinfo\/2024\/01\/reste-quelques-places-soiree-repas-theatre-comite-fetes-de-saint-die-vosges-2\/#breadcrumb","itemListElement":[{"@type":"ListItem","position":1,"name":"Home","item":"https:\/\/vosgesinfo.fr\/saintdieinfo\/"},{"@type":"ListItem","position":2,"name":"Il reste encore quelques places pour la soir\u00e9e repas-th\u00e9\u00e2tre du Comit\u00e9 des F\u00eates de Saint-Di\u00e9-des-Vosges"}]},{"@type":"WebSite","@id":"https:\/\/vosgesinfo.fr\/saintdieinfo\/#website","url":"https:\/\/vosgesinfo.fr\/saintdieinfo\/","name":"Saint Die Info","description":"Toute l&#039;actualit\u00e9 de Saint-Di\u00e9-Des-Vosges","publisher":{"@id":"https:\/\/vosgesinfo.fr\/saintdieinfo\/#organization"},"alternateName":"Toute l'actualit\u00e9 de Saint-Di\u00e9-Des-Vosges","potentialAction":[{"@type":"SearchAction","target":{"@type":"EntryPoint","urlTemplate":"https:\/\/vosgesinfo.fr\/saintdieinfo\/?s={search_term_string}"},"query-input":"required name=search_term_string"}],"inLanguage":"fr-FR"},{"@type":"Organization","@id":"https:\/\/vosgesinfo.fr\/saintdieinfo\/#organization","name":"Saint Die Info","url":"https:\/\/vosgesinfo.fr\/saintdieinfo\/","logo":{"@type":"ImageObject","inLanguage":"fr-FR","@id":"https:\/\/vosgesinfo.fr\/saintdieinfo\/#\/schema\/logo\/image\/","url":"https:\/\/vosgesinfo.fr\/app\/uploads\/sites\/4\/2024\/02\/logo-sdi.jpg","contentUrl":"https:\/\/vosgesinfo.fr\/app\/uploads\/sites\/4\/2024\/02\/logo-sdi.jpg","width":600,"height":600,"caption":"Saint Die Info"},"image":{"@id":"https:\/\/vosgesinfo.fr\/saintdieinfo\/#\/schema\/logo\/image\/"},"sameAs":["https:\/\/www.facebook.com\/Saintdieinfofr","https:\/\/x.com\/VosgesInfo88","https:\/\/www.youtube.com\/@vosgesinfo"]},{"@type":"Person","@id":"https:\/\/vosgesinfo.fr\/saintdieinfo\/#\/schema\/person\/faee6704a21f3977511db84bd1cd450f","name":"la r\u00e9daction","image":{"@type":"ImageObject","inLanguage":"fr-FR","@id":"https:\/\/vosgesinfo.fr\/saintdieinfo\/#\/schema\/person\/image\/","url":"https:\/\/secure.gravatar.com\/avatar\/6673d8bc6a9c17fa9a453eaa3448de834fa308c2ec9635b7aa99441a7c8d2cf6?s=96&d=mm&r=g","contentUrl":"https:\/\/secure.gravatar.com\/avatar\/6673d8bc6a9c17fa9a453eaa3448de834fa308c2ec9635b7aa99441a7c8d2cf6?s=96&d=mm&r=g","caption":"la r\u00e9daction"},"url":"https:\/\/vosgesinfo.fr\/saintdieinfo\/author\/redac\/"}]}},"_links":{"self":[{"href":"https:\/\/vosgesinfo.fr\/saintdieinfo\/wp-json\/wp\/v2\/posts\/67312","targetHints":{"allow":["GET"]}}],"collection":[{"href":"https:\/\/vosgesinfo.fr\/saintdieinfo\/wp-json\/wp\/v2\/posts"}],"about":[{"href":"https:\/\/vosgesinfo.fr\/saintdieinfo\/wp-json\/wp\/v2\/types\/post"}],"author":[{"embeddable":true,"href":"https:\/\/vosgesinfo.fr\/saintdieinfo\/wp-json\/wp\/v2\/users\/44"}],"replies":[{"embeddable":true,"href":"https:\/\/vosgesinfo.fr\/saintdieinfo\/wp-json\/wp\/v2\/comments?post=67312"}],"version-history":[{"count":0,"href":"https:\/\/vosgesinfo.fr\/saintdieinfo\/wp-json\/wp\/v2\/posts\/67312\/revisions"}],"wp:featuredmedia":[{"embeddable":true,"href":"https:\/\/vosgesinfo.fr\/saintdieinfo\/wp-json\/wp\/v2\/media\/23310"}],"wp:attachment":[{"href":"https:\/\/vosgesinfo.fr\/saintdieinfo\/wp-json\/wp\/v2\/media?parent=67312"}],"wp:term":[{"taxonomy":"category","embeddable":true,"href":"https:\/\/vosgesinfo.fr\/saintdieinfo\/wp-json\/wp\/v2\/categories?post=67312"},{"taxonomy":"post_tag","embeddable":true,"href":"https:\/\/vosgesinfo.fr\/saintdieinfo\/wp-json\/wp\/v2\/tags?post=67312"}],"curies":[{"name":"wp","href":"https:\/\/api.w.org\/{rel}","templated":true}]}}