{"id":67334,"date":"2024-01-08T12:26:02","date_gmt":"2024-01-08T11:26:02","guid":{"rendered":"https:\/\/vosgesinfo.fr\/saintdieinfo\/2024\/01\/pair-grandrupt-malgre-efforts-secours-cheval-a-etre-euthanasie-2\/"},"modified":"2024-01-08T12:26:02","modified_gmt":"2024-01-08T11:26:02","slug":"pair-grandrupt-malgre-efforts-secours-cheval-a-etre-euthanasie-2","status":"publish","type":"post","link":"https:\/\/vosgesinfo.fr\/saintdieinfo\/2024\/01\/pair-grandrupt-malgre-efforts-secours-cheval-a-etre-euthanasie-2\/","title":{"rendered":"Pair-et-Grandrupt \u2013 Malgr\u00e9 les efforts des secours, un cheval a du \u00eatre euthanasi\u00e9"},"content":{"rendered":"<div id=\"attachment_210806\" style=\"width: 778px\" class=\"wp-caption aligncenter\"><a href=\"\/2024\/01\/Pair-et-Granrupt-Euthanasie_Cheval-1.jpg\" target=\"_blank\" rel=\"noopener\"><img decoding=\"async\" aria-describedby=\"caption-attachment-210806\" class=\"wp-image-210806 size-large\" src=\"\/2024\/01\/Pair-et-Granrupt-Euthanasie_Cheval-1-768x1024.jpg\" alt=\"Pair-et-Granrupt-Euthanasie_Cheval (1)\" width=\"768\" height=\"1024\" \/><\/a><p id=\"caption-attachment-210806\" class=\"wp-caption-text\">(Photographies Au Nom Des Animaux)<\/p><\/div>\n<h2><strong><span style=\"font-size: 14pt;\">C&rsquo;est une triste histoire qui s&rsquo;est d\u00e9roul\u00e9e juste avant le R\u00e9veillon de Nouvel An. Le 30 d\u00e9cembre dernier en milieu de journ\u00e9e \u00e0 Pair-et-Grandrupt, un cheval a fait une chute jusqu&rsquo;en bas d&rsquo;un talus.<\/span><\/strong><\/h2>\n<p><!--more--><\/p>\n<p>Incapable de se relever, l&rsquo;animal est rest\u00e9 des heures couch\u00e9 sur le flanc. Ce sont des passants qui, inquiets de son \u00e9tat, ont appel\u00e9 son propri\u00e9taire. \u00ab\u00a0Ce dernier n&rsquo;a pas trouv\u00e9 mieux que de les insulter au t\u00e9l\u00e9phone. Il a fini par se d\u00e9placer. Mais au lieu d&rsquo;appeler un v\u00e9t\u00e9rinaire, il s&rsquo;en est all\u00e9 en laissant cette pauvre b\u00eate livr\u00e9e \u00e0 elle-m\u00eame\u00a0\u00bb d\u00e9plore Dominique Franiatte, pr\u00e9sident de l&rsquo;association Au Nom Des Animaux \u2013 ANDA. Et de pr\u00e9ciser que \u00ab le cheval s&rsquo;est d\u00e9place sur le terrain sans se lever&#8230; et a fini par tomber 3 m\u00e8tres plus bas. Sur les coups de 17h, \u00e0 la demande des autorit\u00e9s, nous nous sommes d\u00e9plac\u00e9s pour porter assistance \u00e0 l&rsquo;anomal. Une fois sur place, vu la situation, nous avons fait appel aux sapeurs-pompiers.\u00a0\u00bb<\/p>\n<p>Une vingtaine de sapeurs-pompiers originaires de toutes les Vosges sont ainsi intervenus pour tenter de sauver l&rsquo;\u00e9quid\u00e9. La brigade de Gendarmerie de Provench\u00e8res-et-Colroy ainsi que Jean-Marie Gle, le maire de Pair-et-Grandrupt, \u00e9taient \u00e9galement pr\u00e9sents sur les lieux. Malgr\u00e9 tous les efforts des secours, le cheval a du \u00eatre euthanasi\u00e9. Depuis, Dominique Franiatte ne d\u00e9col\u00e8re pas. \u00ab\u00a0Coinc\u00e9 dans cette position depuis trop longtemps, en \u00e9tat d&rsquo;hypothermie tr\u00e8s avanc\u00e9e et le c\u0153ur tr\u00e8s faible, il a fallu se r\u00e9soudre \u00e0 le laisser partir en paix. Ce propri\u00e9taire s&rsquo;en fiche de ses chevaux, tout simplement. Honte \u00e0 lui, d&rsquo;autant plus que ce n&rsquo;est pas la premi\u00e8re fois que des chevaux sont laiss\u00e9s pour compte par cette personne. Nous ne l\u00e2cherons rien, il doit \u00eatre puni. Merci infiniment \u00e0 toutes personnes actrices sur cette intervention. Les sapeurs-pompiers, gendarmes, le v\u00e9t\u00e9rinaire et le maire de Pair-et-Grandrupt.\u00a0\u00bb<\/p>\n<p>Une plainte a \u00e9t\u00e9 d\u00e9pos\u00e9e par ANDA. \u00ab Pour alimenter notre plainte, nous sommes toujours \u00e0 la recherche de t\u00e9moignages d&rsquo;actes de maltraitance, m\u00eame sous r\u00e9serve d&rsquo;anonymat. Je vais renvoyer l&rsquo;int\u00e9gralit\u00e9 du dossier au procureur de la R\u00e9publique. On va se battre jusqu&rsquo;au bout, il est temps que la Justice bouge\u00a0\u00bb Pour contacter Au Nom Des Animaux : <span class=\"x193iq5w xeuugli x13faqbe x1vvkbs x1xmvt09 x1lliihq x1s928wv xhkezso x1gmr53x x1cpjm7i x1fgarty x1943h6x xudqn12 x3x7a5m x6prxxf xvq8zen xo1l8bm xzsf02u x1yc453h\" dir=\"auto\"><span style=\"color: #3366ff;\"><a style=\"color: #3366ff;\" href=\"mailto:aunomdesanimaux88@gmail.com\" target=\"_blank\" rel=\"noopener\">aunomdesanimaux88@gmail.com<\/a><\/span>.<\/span><\/p>\n<p>J.J.<\/p>\n\n","protected":false},"excerpt":{"rendered":"<p>C&rsquo;est une triste histoire qui s&rsquo;est d\u00e9roul\u00e9e juste avant le R\u00e9veillon de Nouvel An. Le 30 d\u00e9cembre dernier en milieu [&hellip;]<\/p>\n","protected":false},"author":44,"featured_media":23376,"comment_status":"open","ping_status":"open","sticky":false,"template":"","format":"standard","meta":{"footnotes":""},"categories":[460,2924,2915,17],"tags":[3167,3644,3645],"class_list":["post-67334","post","type-post","status-publish","format-standard","has-post-thumbnail","hentry","category-a-la-une","category-fait-divers","category-saint-die-son-canton","category-vie-associative","tag-au-nom-des-animaux","tag-cheval-euthanasie","tag-pair-et-grandrupt"],"acf":[],"yoast_head":"<!-- This site is optimized with the Yoast SEO plugin v22.5 - https:\/\/yoast.com\/wordpress\/plugins\/seo\/ -->\n<title>Pair-et-Grandrupt \u2013 Malgr\u00e9 les efforts des secours, un cheval a du \u00eatre euthanasi\u00e9 - Saint Die Info<\/title>\n<meta name=\"robots\" content=\"index, follow, max-snippet:-1, max-image-preview:large, max-video-preview:-1\" \/>\n<link rel=\"canonical\" href=\"https:\/\/vosgesinfo.fr\/saintdieinfo\/2024\/01\/pair-grandrupt-malgre-efforts-secours-cheval-a-etre-euthanasie-2\/\" \/>\n<meta name=\"twitter:card\" content=\"summary_large_image\" \/>\n<meta name=\"twitter:title\" content=\"Pair-et-Grandrupt \u2013 Malgr\u00e9 les efforts des secours, un cheval a du \u00eatre euthanasi\u00e9 - Saint Die Info\" \/>\n<meta name=\"twitter:description\" content=\"C&rsquo;est une triste histoire qui s&rsquo;est d\u00e9roul\u00e9e juste avant le R\u00e9veillon de Nouvel An. Le 30 d\u00e9cembre dernier en milieu [&hellip;]\" \/>\n<meta name=\"twitter:image\" content=\"https:\/\/vosgesinfo.fr\/app\/uploads\/sites\/4\/2024\/01\/pair-et-granrupt-euthanasie-cheval-1.jpg\" \/>\n<meta name=\"twitter:creator\" content=\"@VosgesInfo88\" \/>\n<meta name=\"twitter:site\" content=\"@VosgesInfo88\" \/>\n<meta name=\"twitter:label1\" content=\"\u00c9crit par\" \/>\n\t<meta name=\"twitter:data1\" content=\"la r\u00e9daction\" \/>\n\t<meta name=\"twitter:label2\" content=\"Dur\u00e9e de lecture estim\u00e9e\" \/>\n\t<meta name=\"twitter:data2\" content=\"2 minutes\" \/>\n<script type=\"application\/ld+json\" class=\"yoast-schema-graph\">{\"@context\":\"https:\/\/schema.org\",\"@graph\":[{\"@type\":\"Article\",\"@id\":\"https:\/\/vosgesinfo.fr\/saintdieinfo\/2024\/01\/pair-grandrupt-malgre-efforts-secours-cheval-a-etre-euthanasie-2\/#article\",\"isPartOf\":{\"@id\":\"https:\/\/vosgesinfo.fr\/saintdieinfo\/2024\/01\/pair-grandrupt-malgre-efforts-secours-cheval-a-etre-euthanasie-2\/\"},\"author\":{\"name\":\"la r\u00e9daction\",\"@id\":\"https:\/\/vosgesinfo.fr\/saintdieinfo\/#\/schema\/person\/faee6704a21f3977511db84bd1cd450f\"},\"headline\":\"Pair-et-Grandrupt \u2013 Malgr\u00e9 les efforts des secours, un cheval a du \u00eatre euthanasi\u00e9\",\"datePublished\":\"2024-01-08T11:26:02+00:00\",\"dateModified\":\"2024-01-08T11:26:02+00:00\",\"mainEntityOfPage\":{\"@id\":\"https:\/\/vosgesinfo.fr\/saintdieinfo\/2024\/01\/pair-grandrupt-malgre-efforts-secours-cheval-a-etre-euthanasie-2\/\"},\"wordCount\":448,\"commentCount\":0,\"publisher\":{\"@id\":\"https:\/\/vosgesinfo.fr\/saintdieinfo\/#organization\"},\"image\":{\"@id\":\"https:\/\/vosgesinfo.fr\/saintdieinfo\/2024\/01\/pair-grandrupt-malgre-efforts-secours-cheval-a-etre-euthanasie-2\/#primaryimage\"},\"thumbnailUrl\":\"https:\/\/vosgesinfo.fr\/app\/uploads\/sites\/4\/2024\/01\/pair-et-granrupt-euthanasie-cheval-1.jpg\",\"keywords\":[\"Au nom des animaux\",\"Cheval euthanasi\u00e9\",\"Pair-et-Grandrupt\"],\"articleSection\":[\"A la Une\",\"Fait Divers\",\"Saint-Di\u00e9-des-Vosges et son Agglom\u00e9ration\",\"Vie Associative\"],\"inLanguage\":\"fr-FR\",\"potentialAction\":[{\"@type\":\"CommentAction\",\"name\":\"Comment\",\"target\":[\"https:\/\/vosgesinfo.fr\/saintdieinfo\/2024\/01\/pair-grandrupt-malgre-efforts-secours-cheval-a-etre-euthanasie-2\/#respond\"]}]},{\"@type\":\"WebPage\",\"@id\":\"https:\/\/vosgesinfo.fr\/saintdieinfo\/2024\/01\/pair-grandrupt-malgre-efforts-secours-cheval-a-etre-euthanasie-2\/\",\"url\":\"https:\/\/vosgesinfo.fr\/saintdieinfo\/2024\/01\/pair-grandrupt-malgre-efforts-secours-cheval-a-etre-euthanasie-2\/\",\"name\":\"Pair-et-Grandrupt \u2013 Malgr\u00e9 les efforts des secours, un cheval a du \u00eatre euthanasi\u00e9 - Saint Die Info\",\"isPartOf\":{\"@id\":\"https:\/\/vosgesinfo.fr\/saintdieinfo\/#website\"},\"primaryImageOfPage\":{\"@id\":\"https:\/\/vosgesinfo.fr\/saintdieinfo\/2024\/01\/pair-grandrupt-malgre-efforts-secours-cheval-a-etre-euthanasie-2\/#primaryimage\"},\"image\":{\"@id\":\"https:\/\/vosgesinfo.fr\/saintdieinfo\/2024\/01\/pair-grandrupt-malgre-efforts-secours-cheval-a-etre-euthanasie-2\/#primaryimage\"},\"thumbnailUrl\":\"https:\/\/vosgesinfo.fr\/app\/uploads\/sites\/4\/2024\/01\/pair-et-granrupt-euthanasie-cheval-1.jpg\",\"datePublished\":\"2024-01-08T11:26:02+00:00\",\"dateModified\":\"2024-01-08T11:26:02+00:00\",\"breadcrumb\":{\"@id\":\"https:\/\/vosgesinfo.fr\/saintdieinfo\/2024\/01\/pair-grandrupt-malgre-efforts-secours-cheval-a-etre-euthanasie-2\/#breadcrumb\"},\"inLanguage\":\"fr-FR\",\"potentialAction\":[{\"@type\":\"ReadAction\",\"target\":[\"https:\/\/vosgesinfo.fr\/saintdieinfo\/2024\/01\/pair-grandrupt-malgre-efforts-secours-cheval-a-etre-euthanasie-2\/\"]}]},{\"@type\":\"ImageObject\",\"inLanguage\":\"fr-FR\",\"@id\":\"https:\/\/vosgesinfo.fr\/saintdieinfo\/2024\/01\/pair-grandrupt-malgre-efforts-secours-cheval-a-etre-euthanasie-2\/#primaryimage\",\"url\":\"https:\/\/vosgesinfo.fr\/app\/uploads\/sites\/4\/2024\/01\/pair-et-granrupt-euthanasie-cheval-1.jpg\",\"contentUrl\":\"https:\/\/vosgesinfo.fr\/app\/uploads\/sites\/4\/2024\/01\/pair-et-granrupt-euthanasie-cheval-1.jpg\",\"width\":1536,\"height\":2048},{\"@type\":\"BreadcrumbList\",\"@id\":\"https:\/\/vosgesinfo.fr\/saintdieinfo\/2024\/01\/pair-grandrupt-malgre-efforts-secours-cheval-a-etre-euthanasie-2\/#breadcrumb\",\"itemListElement\":[{\"@type\":\"ListItem\",\"position\":1,\"name\":\"Home\",\"item\":\"https:\/\/vosgesinfo.fr\/saintdieinfo\/\"},{\"@type\":\"ListItem\",\"position\":2,\"name\":\"Pair-et-Grandrupt \u2013 Malgr\u00e9 les efforts des secours, un cheval a du \u00eatre euthanasi\u00e9\"}]},{\"@type\":\"WebSite\",\"@id\":\"https:\/\/vosgesinfo.fr\/saintdieinfo\/#website\",\"url\":\"https:\/\/vosgesinfo.fr\/saintdieinfo\/\",\"name\":\"Saint Die Info\",\"description\":\"Toute l&#039;actualit\u00e9 de Saint-Di\u00e9-Des-Vosges\",\"publisher\":{\"@id\":\"https:\/\/vosgesinfo.fr\/saintdieinfo\/#organization\"},\"alternateName\":\"Toute l'actualit\u00e9 de Saint-Di\u00e9-Des-Vosges\",\"potentialAction\":[{\"@type\":\"SearchAction\",\"target\":{\"@type\":\"EntryPoint\",\"urlTemplate\":\"https:\/\/vosgesinfo.fr\/saintdieinfo\/?s={search_term_string}\"},\"query-input\":\"required name=search_term_string\"}],\"inLanguage\":\"fr-FR\"},{\"@type\":\"Organization\",\"@id\":\"https:\/\/vosgesinfo.fr\/saintdieinfo\/#organization\",\"name\":\"Saint Die Info\",\"url\":\"https:\/\/vosgesinfo.fr\/saintdieinfo\/\",\"logo\":{\"@type\":\"ImageObject\",\"inLanguage\":\"fr-FR\",\"@id\":\"https:\/\/vosgesinfo.fr\/saintdieinfo\/#\/schema\/logo\/image\/\",\"url\":\"https:\/\/vosgesinfo.fr\/app\/uploads\/sites\/4\/2024\/02\/logo-sdi.jpg\",\"contentUrl\":\"https:\/\/vosgesinfo.fr\/app\/uploads\/sites\/4\/2024\/02\/logo-sdi.jpg\",\"width\":600,\"height\":600,\"caption\":\"Saint Die Info\"},\"image\":{\"@id\":\"https:\/\/vosgesinfo.fr\/saintdieinfo\/#\/schema\/logo\/image\/\"},\"sameAs\":[\"https:\/\/www.facebook.com\/Saintdieinfofr\",\"https:\/\/x.com\/VosgesInfo88\",\"https:\/\/www.youtube.com\/@vosgesinfo\"]},{\"@type\":\"Person\",\"@id\":\"https:\/\/vosgesinfo.fr\/saintdieinfo\/#\/schema\/person\/faee6704a21f3977511db84bd1cd450f\",\"name\":\"la r\u00e9daction\",\"image\":{\"@type\":\"ImageObject\",\"inLanguage\":\"fr-FR\",\"@id\":\"https:\/\/vosgesinfo.fr\/saintdieinfo\/#\/schema\/person\/image\/\",\"url\":\"https:\/\/secure.gravatar.com\/avatar\/6673d8bc6a9c17fa9a453eaa3448de834fa308c2ec9635b7aa99441a7c8d2cf6?s=96&d=mm&r=g\",\"contentUrl\":\"https:\/\/secure.gravatar.com\/avatar\/6673d8bc6a9c17fa9a453eaa3448de834fa308c2ec9635b7aa99441a7c8d2cf6?s=96&d=mm&r=g\",\"caption\":\"la r\u00e9daction\"},\"url\":\"https:\/\/vosgesinfo.fr\/saintdieinfo\/author\/redac\/\"}]}<\/script>\n<!-- \/ Yoast SEO plugin. -->","yoast_head_json":{"title":"Pair-et-Grandrupt \u2013 Malgr\u00e9 les efforts des secours, un cheval a du \u00eatre euthanasi\u00e9 - Saint Die Info","robots":{"index":"index","follow":"follow","max-snippet":"max-snippet:-1","max-image-preview":"max-image-preview:large","max-video-preview":"max-video-preview:-1"},"canonical":"https:\/\/vosgesinfo.fr\/saintdieinfo\/2024\/01\/pair-grandrupt-malgre-efforts-secours-cheval-a-etre-euthanasie-2\/","twitter_card":"summary_large_image","twitter_title":"Pair-et-Grandrupt \u2013 Malgr\u00e9 les efforts des secours, un cheval a du \u00eatre euthanasi\u00e9 - Saint Die Info","twitter_description":"C&rsquo;est une triste histoire qui s&rsquo;est d\u00e9roul\u00e9e juste avant le R\u00e9veillon de Nouvel An. Le 30 d\u00e9cembre dernier en milieu [&hellip;]","twitter_image":"https:\/\/vosgesinfo.fr\/app\/uploads\/sites\/4\/2024\/01\/pair-et-granrupt-euthanasie-cheval-1.jpg","twitter_creator":"@VosgesInfo88","twitter_site":"@VosgesInfo88","twitter_misc":{"\u00c9crit par":"la r\u00e9daction","Dur\u00e9e de lecture estim\u00e9e":"2 minutes"},"schema":{"@context":"https:\/\/schema.org","@graph":[{"@type":"Article","@id":"https:\/\/vosgesinfo.fr\/saintdieinfo\/2024\/01\/pair-grandrupt-malgre-efforts-secours-cheval-a-etre-euthanasie-2\/#article","isPartOf":{"@id":"https:\/\/vosgesinfo.fr\/saintdieinfo\/2024\/01\/pair-grandrupt-malgre-efforts-secours-cheval-a-etre-euthanasie-2\/"},"author":{"name":"la r\u00e9daction","@id":"https:\/\/vosgesinfo.fr\/saintdieinfo\/#\/schema\/person\/faee6704a21f3977511db84bd1cd450f"},"headline":"Pair-et-Grandrupt \u2013 Malgr\u00e9 les efforts des secours, un cheval a du \u00eatre euthanasi\u00e9","datePublished":"2024-01-08T11:26:02+00:00","dateModified":"2024-01-08T11:26:02+00:00","mainEntityOfPage":{"@id":"https:\/\/vosgesinfo.fr\/saintdieinfo\/2024\/01\/pair-grandrupt-malgre-efforts-secours-cheval-a-etre-euthanasie-2\/"},"wordCount":448,"commentCount":0,"publisher":{"@id":"https:\/\/vosgesinfo.fr\/saintdieinfo\/#organization"},"image":{"@id":"https:\/\/vosgesinfo.fr\/saintdieinfo\/2024\/01\/pair-grandrupt-malgre-efforts-secours-cheval-a-etre-euthanasie-2\/#primaryimage"},"thumbnailUrl":"https:\/\/vosgesinfo.fr\/app\/uploads\/sites\/4\/2024\/01\/pair-et-granrupt-euthanasie-cheval-1.jpg","keywords":["Au nom des animaux","Cheval euthanasi\u00e9","Pair-et-Grandrupt"],"articleSection":["A la Une","Fait Divers","Saint-Di\u00e9-des-Vosges et son Agglom\u00e9ration","Vie Associative"],"inLanguage":"fr-FR","potentialAction":[{"@type":"CommentAction","name":"Comment","target":["https:\/\/vosgesinfo.fr\/saintdieinfo\/2024\/01\/pair-grandrupt-malgre-efforts-secours-cheval-a-etre-euthanasie-2\/#respond"]}]},{"@type":"WebPage","@id":"https:\/\/vosgesinfo.fr\/saintdieinfo\/2024\/01\/pair-grandrupt-malgre-efforts-secours-cheval-a-etre-euthanasie-2\/","url":"https:\/\/vosgesinfo.fr\/saintdieinfo\/2024\/01\/pair-grandrupt-malgre-efforts-secours-cheval-a-etre-euthanasie-2\/","name":"Pair-et-Grandrupt \u2013 Malgr\u00e9 les efforts des secours, un cheval a du \u00eatre euthanasi\u00e9 - Saint Die Info","isPartOf":{"@id":"https:\/\/vosgesinfo.fr\/saintdieinfo\/#website"},"primaryImageOfPage":{"@id":"https:\/\/vosgesinfo.fr\/saintdieinfo\/2024\/01\/pair-grandrupt-malgre-efforts-secours-cheval-a-etre-euthanasie-2\/#primaryimage"},"image":{"@id":"https:\/\/vosgesinfo.fr\/saintdieinfo\/2024\/01\/pair-grandrupt-malgre-efforts-secours-cheval-a-etre-euthanasie-2\/#primaryimage"},"thumbnailUrl":"https:\/\/vosgesinfo.fr\/app\/uploads\/sites\/4\/2024\/01\/pair-et-granrupt-euthanasie-cheval-1.jpg","datePublished":"2024-01-08T11:26:02+00:00","dateModified":"2024-01-08T11:26:02+00:00","breadcrumb":{"@id":"https:\/\/vosgesinfo.fr\/saintdieinfo\/2024\/01\/pair-grandrupt-malgre-efforts-secours-cheval-a-etre-euthanasie-2\/#breadcrumb"},"inLanguage":"fr-FR","potentialAction":[{"@type":"ReadAction","target":["https:\/\/vosgesinfo.fr\/saintdieinfo\/2024\/01\/pair-grandrupt-malgre-efforts-secours-cheval-a-etre-euthanasie-2\/"]}]},{"@type":"ImageObject","inLanguage":"fr-FR","@id":"https:\/\/vosgesinfo.fr\/saintdieinfo\/2024\/01\/pair-grandrupt-malgre-efforts-secours-cheval-a-etre-euthanasie-2\/#primaryimage","url":"https:\/\/vosgesinfo.fr\/app\/uploads\/sites\/4\/2024\/01\/pair-et-granrupt-euthanasie-cheval-1.jpg","contentUrl":"https:\/\/vosgesinfo.fr\/app\/uploads\/sites\/4\/2024\/01\/pair-et-granrupt-euthanasie-cheval-1.jpg","width":1536,"height":2048},{"@type":"BreadcrumbList","@id":"https:\/\/vosgesinfo.fr\/saintdieinfo\/2024\/01\/pair-grandrupt-malgre-efforts-secours-cheval-a-etre-euthanasie-2\/#breadcrumb","itemListElement":[{"@type":"ListItem","position":1,"name":"Home","item":"https:\/\/vosgesinfo.fr\/saintdieinfo\/"},{"@type":"ListItem","position":2,"name":"Pair-et-Grandrupt \u2013 Malgr\u00e9 les efforts des secours, un cheval a du \u00eatre euthanasi\u00e9"}]},{"@type":"WebSite","@id":"https:\/\/vosgesinfo.fr\/saintdieinfo\/#website","url":"https:\/\/vosgesinfo.fr\/saintdieinfo\/","name":"Saint Die Info","description":"Toute l&#039;actualit\u00e9 de Saint-Di\u00e9-Des-Vosges","publisher":{"@id":"https:\/\/vosgesinfo.fr\/saintdieinfo\/#organization"},"alternateName":"Toute l'actualit\u00e9 de Saint-Di\u00e9-Des-Vosges","potentialAction":[{"@type":"SearchAction","target":{"@type":"EntryPoint","urlTemplate":"https:\/\/vosgesinfo.fr\/saintdieinfo\/?s={search_term_string}"},"query-input":"required name=search_term_string"}],"inLanguage":"fr-FR"},{"@type":"Organization","@id":"https:\/\/vosgesinfo.fr\/saintdieinfo\/#organization","name":"Saint Die Info","url":"https:\/\/vosgesinfo.fr\/saintdieinfo\/","logo":{"@type":"ImageObject","inLanguage":"fr-FR","@id":"https:\/\/vosgesinfo.fr\/saintdieinfo\/#\/schema\/logo\/image\/","url":"https:\/\/vosgesinfo.fr\/app\/uploads\/sites\/4\/2024\/02\/logo-sdi.jpg","contentUrl":"https:\/\/vosgesinfo.fr\/app\/uploads\/sites\/4\/2024\/02\/logo-sdi.jpg","width":600,"height":600,"caption":"Saint Die Info"},"image":{"@id":"https:\/\/vosgesinfo.fr\/saintdieinfo\/#\/schema\/logo\/image\/"},"sameAs":["https:\/\/www.facebook.com\/Saintdieinfofr","https:\/\/x.com\/VosgesInfo88","https:\/\/www.youtube.com\/@vosgesinfo"]},{"@type":"Person","@id":"https:\/\/vosgesinfo.fr\/saintdieinfo\/#\/schema\/person\/faee6704a21f3977511db84bd1cd450f","name":"la r\u00e9daction","image":{"@type":"ImageObject","inLanguage":"fr-FR","@id":"https:\/\/vosgesinfo.fr\/saintdieinfo\/#\/schema\/person\/image\/","url":"https:\/\/secure.gravatar.com\/avatar\/6673d8bc6a9c17fa9a453eaa3448de834fa308c2ec9635b7aa99441a7c8d2cf6?s=96&d=mm&r=g","contentUrl":"https:\/\/secure.gravatar.com\/avatar\/6673d8bc6a9c17fa9a453eaa3448de834fa308c2ec9635b7aa99441a7c8d2cf6?s=96&d=mm&r=g","caption":"la r\u00e9daction"},"url":"https:\/\/vosgesinfo.fr\/saintdieinfo\/author\/redac\/"}]}},"_links":{"self":[{"href":"https:\/\/vosgesinfo.fr\/saintdieinfo\/wp-json\/wp\/v2\/posts\/67334","targetHints":{"allow":["GET"]}}],"collection":[{"href":"https:\/\/vosgesinfo.fr\/saintdieinfo\/wp-json\/wp\/v2\/posts"}],"about":[{"href":"https:\/\/vosgesinfo.fr\/saintdieinfo\/wp-json\/wp\/v2\/types\/post"}],"author":[{"embeddable":true,"href":"https:\/\/vosgesinfo.fr\/saintdieinfo\/wp-json\/wp\/v2\/users\/44"}],"replies":[{"embeddable":true,"href":"https:\/\/vosgesinfo.fr\/saintdieinfo\/wp-json\/wp\/v2\/comments?post=67334"}],"version-history":[{"count":0,"href":"https:\/\/vosgesinfo.fr\/saintdieinfo\/wp-json\/wp\/v2\/posts\/67334\/revisions"}],"wp:featuredmedia":[{"embeddable":true,"href":"https:\/\/vosgesinfo.fr\/saintdieinfo\/wp-json\/wp\/v2\/media\/23376"}],"wp:attachment":[{"href":"https:\/\/vosgesinfo.fr\/saintdieinfo\/wp-json\/wp\/v2\/media?parent=67334"}],"wp:term":[{"taxonomy":"category","embeddable":true,"href":"https:\/\/vosgesinfo.fr\/saintdieinfo\/wp-json\/wp\/v2\/categories?post=67334"},{"taxonomy":"post_tag","embeddable":true,"href":"https:\/\/vosgesinfo.fr\/saintdieinfo\/wp-json\/wp\/v2\/tags?post=67334"}],"curies":[{"name":"wp","href":"https:\/\/api.w.org\/{rel}","templated":true}]}}