{"id":67345,"date":"2024-01-10T08:16:43","date_gmt":"2024-01-10T07:16:43","guid":{"rendered":"https:\/\/vosgesinfo.fr\/saintdieinfo\/2024\/01\/recherche-de-decors-a-saint-die-vosges-deodatie-long-metrage-balle-perdue-3-2\/"},"modified":"2024-01-10T08:16:43","modified_gmt":"2024-01-10T07:16:43","slug":"recherche-de-decors-a-saint-die-vosges-deodatie-long-metrage-balle-perdue-3-2","status":"publish","type":"post","link":"https:\/\/vosgesinfo.fr\/saintdieinfo\/2024\/01\/recherche-de-decors-a-saint-die-vosges-deodatie-long-metrage-balle-perdue-3-2\/","title":{"rendered":"Recherche de d\u00e9cors \u00e0 Saint-Di\u00e9-des-Vosges et en D\u00e9odatie pour le long m\u00e9trage \u00ab\u00a0Balle Perdue 3\u00a0\u00bb"},"content":{"rendered":"<div id=\"attachment_210877\" style=\"width: 970px\" class=\"wp-caption aligncenter\"><a href=\"\/2024\/01\/Bureau_des_Images_Tournage.jpg\" target=\"_blank\" rel=\"noopener\"><img decoding=\"async\" aria-describedby=\"caption-attachment-210877\" class=\"wp-image-210877 size-large\" src=\"\/2024\/01\/Bureau_des_Images_Tournage-1024x683.jpg\" alt=\"\" width=\"960\" height=\"640\" \/><\/a><p id=\"caption-attachment-210877\" class=\"wp-caption-text\">(Photographie Bureau des Images Grand Est)<\/p><\/div>\n<h2><strong><span style=\"font-size: 14pt;\">La production du film \u00ab\u00a0Balle Perdue 3\u00a0\u00bb de Guillaume Pierret est actuellement \u00e0 la recherche de d\u00e9cors \u00e0 Saint-Di\u00e9-des-Vosges, en D\u00e9odatie \u2013 notamment \u00e0 Taintrux \u2013 ainsi qu&rsquo;\u00e0 G\u00e9rardmer. Tous les d\u00e9tails sont \u00e0 retrouver ci-dessous\u00a0:<\/span><\/strong><\/h2>\n<p><!--more--><\/p>\n<p>RECHERCHE D\u00c9CORS (URGENT) | Long m\u00e9trage | Vosges<\/p>\n<p>Nom du projet : Balle perdue 3<\/p>\n<p>R\u00e9alisateur : Guillaume Pierret<\/p>\n<p>Production : Inoxy Films<\/p>\n<p>Dates de tournage : mi-mars 2024<\/p>\n<p>P\u00e9rim\u00e8tre de recherche : G\u00e9rardmer, Saint-Di\u00e9-des-Vosges, Taintrux&#8230;<\/p>\n<p>\u2192 RECHERCHE<\/p>\n<p>La production recherche dans les Vosges :<\/p>\n<p>\u25ba UN CHALET pour 1 jour de tournage<\/p>\n<p>&#8211; isol\u00e9 en for\u00eat<\/p>\n<p>&#8211; jouxtant un petit \u00e9tang<\/p>\n<p>\u2192 PROPOSITIONS<\/p>\n<p>Si vous \u00eates int\u00e9ress\u00e9, merci d\u2019envoyer rapidement quelques photos du lieu ainsi que vos coordonn\u00e9es \u00e0 :<\/p>\n<p>\u25ba\u25ba\u25ba Charles MIAMBANZILA, responsable des rep\u00e9rages : miambanzila.c@gmail.com<\/p>\n<p>\u2192 CONDITIONS<\/p>\n<p>&#8211; La mise \u00e0 disposition sera contractualis\u00e9e et r\u00e9mun\u00e9r\u00e9e.<\/p>\n<p>&#8211; La production s\u2019engage \u00e0 restituer les lieux dans l\u2019\u00e9tat o\u00f9 ils \u00e9taient avant le tournage et \u00e0 pr\u00e9senter une attestation d\u2018assurance.<\/p>\n<p>&#8211; &#8211; &#8211; &#8211; &#8211;<\/p>\n<p>Le projet est accompagn\u00e9 par le Bureau des images Grand Est.<\/p>\n","protected":false},"excerpt":{"rendered":"<p>La production du film \u00ab\u00a0Balle Perdue 3\u00a0\u00bb de Guillaume Pierret est actuellement \u00e0 la recherche de d\u00e9cors \u00e0 Saint-Di\u00e9-des-Vosges, en [&hellip;]<\/p>\n","protected":false},"author":44,"featured_media":23421,"comment_status":"open","ping_status":"open","sticky":false,"template":"","format":"standard","meta":{"footnotes":""},"categories":[460,2915,18],"tags":[3662,3663,3664,3665],"class_list":["post-67345","post","type-post","status-publish","format-standard","has-post-thumbnail","hentry","category-a-la-une","category-saint-die-son-canton","category-vosges","tag-balle-perdue-3","tag-bureau-des-images-grand-est","tag-guillaume-pierret","tag-recherche-de-decors"],"acf":[],"yoast_head":"<!-- This site is optimized with the Yoast SEO plugin v22.5 - https:\/\/yoast.com\/wordpress\/plugins\/seo\/ -->\n<title>Recherche de d\u00e9cors \u00e0 Saint-Di\u00e9-des-Vosges et en D\u00e9odatie pour le long m\u00e9trage \u00ab\u00a0Balle Perdue 3\u00a0\u00bb - Saint Die Info<\/title>\n<meta name=\"robots\" content=\"index, follow, max-snippet:-1, max-image-preview:large, max-video-preview:-1\" \/>\n<link rel=\"canonical\" href=\"https:\/\/vosgesinfo.fr\/saintdieinfo\/2024\/01\/recherche-de-decors-a-saint-die-vosges-deodatie-long-metrage-balle-perdue-3-2\/\" \/>\n<meta name=\"twitter:card\" content=\"summary_large_image\" \/>\n<meta name=\"twitter:title\" content=\"Recherche de d\u00e9cors \u00e0 Saint-Di\u00e9-des-Vosges et en D\u00e9odatie pour le long m\u00e9trage \u00ab\u00a0Balle Perdue 3\u00a0\u00bb - Saint Die Info\" \/>\n<meta name=\"twitter:description\" content=\"La production du film \u00ab\u00a0Balle Perdue 3\u00a0\u00bb de Guillaume Pierret est actuellement \u00e0 la recherche de d\u00e9cors \u00e0 Saint-Di\u00e9-des-Vosges, en [&hellip;]\" \/>\n<meta name=\"twitter:image\" content=\"https:\/\/vosgesinfo.fr\/app\/uploads\/sites\/4\/2024\/01\/bureau-des-images-tournage.jpg\" \/>\n<meta name=\"twitter:creator\" content=\"@VosgesInfo88\" \/>\n<meta name=\"twitter:site\" content=\"@VosgesInfo88\" \/>\n<meta name=\"twitter:label1\" content=\"\u00c9crit par\" \/>\n\t<meta name=\"twitter:data1\" content=\"la r\u00e9daction\" \/>\n\t<meta name=\"twitter:label2\" content=\"Dur\u00e9e de lecture estim\u00e9e\" \/>\n\t<meta name=\"twitter:data2\" content=\"1 minute\" \/>\n<script type=\"application\/ld+json\" class=\"yoast-schema-graph\">{\"@context\":\"https:\/\/schema.org\",\"@graph\":[{\"@type\":\"Article\",\"@id\":\"https:\/\/vosgesinfo.fr\/saintdieinfo\/2024\/01\/recherche-de-decors-a-saint-die-vosges-deodatie-long-metrage-balle-perdue-3-2\/#article\",\"isPartOf\":{\"@id\":\"https:\/\/vosgesinfo.fr\/saintdieinfo\/2024\/01\/recherche-de-decors-a-saint-die-vosges-deodatie-long-metrage-balle-perdue-3-2\/\"},\"author\":{\"name\":\"la r\u00e9daction\",\"@id\":\"https:\/\/vosgesinfo.fr\/saintdieinfo\/#\/schema\/person\/faee6704a21f3977511db84bd1cd450f\"},\"headline\":\"Recherche de d\u00e9cors \u00e0 Saint-Di\u00e9-des-Vosges et en D\u00e9odatie pour le long m\u00e9trage \u00ab\u00a0Balle Perdue 3\u00a0\u00bb\",\"datePublished\":\"2024-01-10T07:16:43+00:00\",\"dateModified\":\"2024-01-10T07:16:43+00:00\",\"mainEntityOfPage\":{\"@id\":\"https:\/\/vosgesinfo.fr\/saintdieinfo\/2024\/01\/recherche-de-decors-a-saint-die-vosges-deodatie-long-metrage-balle-perdue-3-2\/\"},\"wordCount\":203,\"commentCount\":0,\"publisher\":{\"@id\":\"https:\/\/vosgesinfo.fr\/saintdieinfo\/#organization\"},\"image\":{\"@id\":\"https:\/\/vosgesinfo.fr\/saintdieinfo\/2024\/01\/recherche-de-decors-a-saint-die-vosges-deodatie-long-metrage-balle-perdue-3-2\/#primaryimage\"},\"thumbnailUrl\":\"https:\/\/vosgesinfo.fr\/app\/uploads\/sites\/4\/2024\/01\/bureau-des-images-tournage.jpg\",\"keywords\":[\"Balle Perdue 3\",\"Bureau des Images Grand Est\",\"Guillaume Pierret\",\"Recherche de d\u00e9cors\"],\"articleSection\":[\"A la Une\",\"Saint-Di\u00e9-des-Vosges et son Agglom\u00e9ration\",\"Vosges\"],\"inLanguage\":\"fr-FR\",\"potentialAction\":[{\"@type\":\"CommentAction\",\"name\":\"Comment\",\"target\":[\"https:\/\/vosgesinfo.fr\/saintdieinfo\/2024\/01\/recherche-de-decors-a-saint-die-vosges-deodatie-long-metrage-balle-perdue-3-2\/#respond\"]}]},{\"@type\":\"WebPage\",\"@id\":\"https:\/\/vosgesinfo.fr\/saintdieinfo\/2024\/01\/recherche-de-decors-a-saint-die-vosges-deodatie-long-metrage-balle-perdue-3-2\/\",\"url\":\"https:\/\/vosgesinfo.fr\/saintdieinfo\/2024\/01\/recherche-de-decors-a-saint-die-vosges-deodatie-long-metrage-balle-perdue-3-2\/\",\"name\":\"Recherche de d\u00e9cors \u00e0 Saint-Di\u00e9-des-Vosges et en D\u00e9odatie pour le long m\u00e9trage \u00ab\u00a0Balle Perdue 3\u00a0\u00bb - Saint Die Info\",\"isPartOf\":{\"@id\":\"https:\/\/vosgesinfo.fr\/saintdieinfo\/#website\"},\"primaryImageOfPage\":{\"@id\":\"https:\/\/vosgesinfo.fr\/saintdieinfo\/2024\/01\/recherche-de-decors-a-saint-die-vosges-deodatie-long-metrage-balle-perdue-3-2\/#primaryimage\"},\"image\":{\"@id\":\"https:\/\/vosgesinfo.fr\/saintdieinfo\/2024\/01\/recherche-de-decors-a-saint-die-vosges-deodatie-long-metrage-balle-perdue-3-2\/#primaryimage\"},\"thumbnailUrl\":\"https:\/\/vosgesinfo.fr\/app\/uploads\/sites\/4\/2024\/01\/bureau-des-images-tournage.jpg\",\"datePublished\":\"2024-01-10T07:16:43+00:00\",\"dateModified\":\"2024-01-10T07:16:43+00:00\",\"breadcrumb\":{\"@id\":\"https:\/\/vosgesinfo.fr\/saintdieinfo\/2024\/01\/recherche-de-decors-a-saint-die-vosges-deodatie-long-metrage-balle-perdue-3-2\/#breadcrumb\"},\"inLanguage\":\"fr-FR\",\"potentialAction\":[{\"@type\":\"ReadAction\",\"target\":[\"https:\/\/vosgesinfo.fr\/saintdieinfo\/2024\/01\/recherche-de-decors-a-saint-die-vosges-deodatie-long-metrage-balle-perdue-3-2\/\"]}]},{\"@type\":\"ImageObject\",\"inLanguage\":\"fr-FR\",\"@id\":\"https:\/\/vosgesinfo.fr\/saintdieinfo\/2024\/01\/recherche-de-decors-a-saint-die-vosges-deodatie-long-metrage-balle-perdue-3-2\/#primaryimage\",\"url\":\"https:\/\/vosgesinfo.fr\/app\/uploads\/sites\/4\/2024\/01\/bureau-des-images-tournage.jpg\",\"contentUrl\":\"https:\/\/vosgesinfo.fr\/app\/uploads\/sites\/4\/2024\/01\/bureau-des-images-tournage.jpg\",\"width\":1600,\"height\":1067,\"caption\":\"Tournage en decembre 2023 du court metrage \\\"After the very end\\\" produit par Gloria Films et realise par Miriam Furniss-Yacoubi.\"},{\"@type\":\"BreadcrumbList\",\"@id\":\"https:\/\/vosgesinfo.fr\/saintdieinfo\/2024\/01\/recherche-de-decors-a-saint-die-vosges-deodatie-long-metrage-balle-perdue-3-2\/#breadcrumb\",\"itemListElement\":[{\"@type\":\"ListItem\",\"position\":1,\"name\":\"Home\",\"item\":\"https:\/\/vosgesinfo.fr\/saintdieinfo\/\"},{\"@type\":\"ListItem\",\"position\":2,\"name\":\"Recherche de d\u00e9cors \u00e0 Saint-Di\u00e9-des-Vosges et en D\u00e9odatie pour le long m\u00e9trage \u00ab\u00a0Balle Perdue 3\u00a0\u00bb\"}]},{\"@type\":\"WebSite\",\"@id\":\"https:\/\/vosgesinfo.fr\/saintdieinfo\/#website\",\"url\":\"https:\/\/vosgesinfo.fr\/saintdieinfo\/\",\"name\":\"Saint Die Info\",\"description\":\"Toute l&#039;actualit\u00e9 de Saint-Di\u00e9-Des-Vosges\",\"publisher\":{\"@id\":\"https:\/\/vosgesinfo.fr\/saintdieinfo\/#organization\"},\"alternateName\":\"Toute l'actualit\u00e9 de Saint-Di\u00e9-Des-Vosges\",\"potentialAction\":[{\"@type\":\"SearchAction\",\"target\":{\"@type\":\"EntryPoint\",\"urlTemplate\":\"https:\/\/vosgesinfo.fr\/saintdieinfo\/?s={search_term_string}\"},\"query-input\":\"required name=search_term_string\"}],\"inLanguage\":\"fr-FR\"},{\"@type\":\"Organization\",\"@id\":\"https:\/\/vosgesinfo.fr\/saintdieinfo\/#organization\",\"name\":\"Saint Die Info\",\"url\":\"https:\/\/vosgesinfo.fr\/saintdieinfo\/\",\"logo\":{\"@type\":\"ImageObject\",\"inLanguage\":\"fr-FR\",\"@id\":\"https:\/\/vosgesinfo.fr\/saintdieinfo\/#\/schema\/logo\/image\/\",\"url\":\"https:\/\/vosgesinfo.fr\/app\/uploads\/sites\/4\/2024\/02\/logo-sdi.jpg\",\"contentUrl\":\"https:\/\/vosgesinfo.fr\/app\/uploads\/sites\/4\/2024\/02\/logo-sdi.jpg\",\"width\":600,\"height\":600,\"caption\":\"Saint Die Info\"},\"image\":{\"@id\":\"https:\/\/vosgesinfo.fr\/saintdieinfo\/#\/schema\/logo\/image\/\"},\"sameAs\":[\"https:\/\/www.facebook.com\/Saintdieinfofr\",\"https:\/\/x.com\/VosgesInfo88\",\"https:\/\/www.youtube.com\/@vosgesinfo\"]},{\"@type\":\"Person\",\"@id\":\"https:\/\/vosgesinfo.fr\/saintdieinfo\/#\/schema\/person\/faee6704a21f3977511db84bd1cd450f\",\"name\":\"la r\u00e9daction\",\"image\":{\"@type\":\"ImageObject\",\"inLanguage\":\"fr-FR\",\"@id\":\"https:\/\/vosgesinfo.fr\/saintdieinfo\/#\/schema\/person\/image\/\",\"url\":\"https:\/\/secure.gravatar.com\/avatar\/6673d8bc6a9c17fa9a453eaa3448de834fa308c2ec9635b7aa99441a7c8d2cf6?s=96&d=mm&r=g\",\"contentUrl\":\"https:\/\/secure.gravatar.com\/avatar\/6673d8bc6a9c17fa9a453eaa3448de834fa308c2ec9635b7aa99441a7c8d2cf6?s=96&d=mm&r=g\",\"caption\":\"la r\u00e9daction\"},\"url\":\"https:\/\/vosgesinfo.fr\/saintdieinfo\/author\/redac\/\"}]}<\/script>\n<!-- \/ Yoast SEO plugin. -->","yoast_head_json":{"title":"Recherche de d\u00e9cors \u00e0 Saint-Di\u00e9-des-Vosges et en D\u00e9odatie pour le long m\u00e9trage \u00ab\u00a0Balle Perdue 3\u00a0\u00bb - Saint Die Info","robots":{"index":"index","follow":"follow","max-snippet":"max-snippet:-1","max-image-preview":"max-image-preview:large","max-video-preview":"max-video-preview:-1"},"canonical":"https:\/\/vosgesinfo.fr\/saintdieinfo\/2024\/01\/recherche-de-decors-a-saint-die-vosges-deodatie-long-metrage-balle-perdue-3-2\/","twitter_card":"summary_large_image","twitter_title":"Recherche de d\u00e9cors \u00e0 Saint-Di\u00e9-des-Vosges et en D\u00e9odatie pour le long m\u00e9trage \u00ab\u00a0Balle Perdue 3\u00a0\u00bb - Saint Die Info","twitter_description":"La production du film \u00ab\u00a0Balle Perdue 3\u00a0\u00bb de Guillaume Pierret est actuellement \u00e0 la recherche de d\u00e9cors \u00e0 Saint-Di\u00e9-des-Vosges, en [&hellip;]","twitter_image":"https:\/\/vosgesinfo.fr\/app\/uploads\/sites\/4\/2024\/01\/bureau-des-images-tournage.jpg","twitter_creator":"@VosgesInfo88","twitter_site":"@VosgesInfo88","twitter_misc":{"\u00c9crit par":"la r\u00e9daction","Dur\u00e9e de lecture estim\u00e9e":"1 minute"},"schema":{"@context":"https:\/\/schema.org","@graph":[{"@type":"Article","@id":"https:\/\/vosgesinfo.fr\/saintdieinfo\/2024\/01\/recherche-de-decors-a-saint-die-vosges-deodatie-long-metrage-balle-perdue-3-2\/#article","isPartOf":{"@id":"https:\/\/vosgesinfo.fr\/saintdieinfo\/2024\/01\/recherche-de-decors-a-saint-die-vosges-deodatie-long-metrage-balle-perdue-3-2\/"},"author":{"name":"la r\u00e9daction","@id":"https:\/\/vosgesinfo.fr\/saintdieinfo\/#\/schema\/person\/faee6704a21f3977511db84bd1cd450f"},"headline":"Recherche de d\u00e9cors \u00e0 Saint-Di\u00e9-des-Vosges et en D\u00e9odatie pour le long m\u00e9trage \u00ab\u00a0Balle Perdue 3\u00a0\u00bb","datePublished":"2024-01-10T07:16:43+00:00","dateModified":"2024-01-10T07:16:43+00:00","mainEntityOfPage":{"@id":"https:\/\/vosgesinfo.fr\/saintdieinfo\/2024\/01\/recherche-de-decors-a-saint-die-vosges-deodatie-long-metrage-balle-perdue-3-2\/"},"wordCount":203,"commentCount":0,"publisher":{"@id":"https:\/\/vosgesinfo.fr\/saintdieinfo\/#organization"},"image":{"@id":"https:\/\/vosgesinfo.fr\/saintdieinfo\/2024\/01\/recherche-de-decors-a-saint-die-vosges-deodatie-long-metrage-balle-perdue-3-2\/#primaryimage"},"thumbnailUrl":"https:\/\/vosgesinfo.fr\/app\/uploads\/sites\/4\/2024\/01\/bureau-des-images-tournage.jpg","keywords":["Balle Perdue 3","Bureau des Images Grand Est","Guillaume Pierret","Recherche de d\u00e9cors"],"articleSection":["A la Une","Saint-Di\u00e9-des-Vosges et son Agglom\u00e9ration","Vosges"],"inLanguage":"fr-FR","potentialAction":[{"@type":"CommentAction","name":"Comment","target":["https:\/\/vosgesinfo.fr\/saintdieinfo\/2024\/01\/recherche-de-decors-a-saint-die-vosges-deodatie-long-metrage-balle-perdue-3-2\/#respond"]}]},{"@type":"WebPage","@id":"https:\/\/vosgesinfo.fr\/saintdieinfo\/2024\/01\/recherche-de-decors-a-saint-die-vosges-deodatie-long-metrage-balle-perdue-3-2\/","url":"https:\/\/vosgesinfo.fr\/saintdieinfo\/2024\/01\/recherche-de-decors-a-saint-die-vosges-deodatie-long-metrage-balle-perdue-3-2\/","name":"Recherche de d\u00e9cors \u00e0 Saint-Di\u00e9-des-Vosges et en D\u00e9odatie pour le long m\u00e9trage \u00ab\u00a0Balle Perdue 3\u00a0\u00bb - Saint Die Info","isPartOf":{"@id":"https:\/\/vosgesinfo.fr\/saintdieinfo\/#website"},"primaryImageOfPage":{"@id":"https:\/\/vosgesinfo.fr\/saintdieinfo\/2024\/01\/recherche-de-decors-a-saint-die-vosges-deodatie-long-metrage-balle-perdue-3-2\/#primaryimage"},"image":{"@id":"https:\/\/vosgesinfo.fr\/saintdieinfo\/2024\/01\/recherche-de-decors-a-saint-die-vosges-deodatie-long-metrage-balle-perdue-3-2\/#primaryimage"},"thumbnailUrl":"https:\/\/vosgesinfo.fr\/app\/uploads\/sites\/4\/2024\/01\/bureau-des-images-tournage.jpg","datePublished":"2024-01-10T07:16:43+00:00","dateModified":"2024-01-10T07:16:43+00:00","breadcrumb":{"@id":"https:\/\/vosgesinfo.fr\/saintdieinfo\/2024\/01\/recherche-de-decors-a-saint-die-vosges-deodatie-long-metrage-balle-perdue-3-2\/#breadcrumb"},"inLanguage":"fr-FR","potentialAction":[{"@type":"ReadAction","target":["https:\/\/vosgesinfo.fr\/saintdieinfo\/2024\/01\/recherche-de-decors-a-saint-die-vosges-deodatie-long-metrage-balle-perdue-3-2\/"]}]},{"@type":"ImageObject","inLanguage":"fr-FR","@id":"https:\/\/vosgesinfo.fr\/saintdieinfo\/2024\/01\/recherche-de-decors-a-saint-die-vosges-deodatie-long-metrage-balle-perdue-3-2\/#primaryimage","url":"https:\/\/vosgesinfo.fr\/app\/uploads\/sites\/4\/2024\/01\/bureau-des-images-tournage.jpg","contentUrl":"https:\/\/vosgesinfo.fr\/app\/uploads\/sites\/4\/2024\/01\/bureau-des-images-tournage.jpg","width":1600,"height":1067,"caption":"Tournage en decembre 2023 du court metrage \"After the very end\" produit par Gloria Films et realise par Miriam Furniss-Yacoubi."},{"@type":"BreadcrumbList","@id":"https:\/\/vosgesinfo.fr\/saintdieinfo\/2024\/01\/recherche-de-decors-a-saint-die-vosges-deodatie-long-metrage-balle-perdue-3-2\/#breadcrumb","itemListElement":[{"@type":"ListItem","position":1,"name":"Home","item":"https:\/\/vosgesinfo.fr\/saintdieinfo\/"},{"@type":"ListItem","position":2,"name":"Recherche de d\u00e9cors \u00e0 Saint-Di\u00e9-des-Vosges et en D\u00e9odatie pour le long m\u00e9trage \u00ab\u00a0Balle Perdue 3\u00a0\u00bb"}]},{"@type":"WebSite","@id":"https:\/\/vosgesinfo.fr\/saintdieinfo\/#website","url":"https:\/\/vosgesinfo.fr\/saintdieinfo\/","name":"Saint Die Info","description":"Toute l&#039;actualit\u00e9 de Saint-Di\u00e9-Des-Vosges","publisher":{"@id":"https:\/\/vosgesinfo.fr\/saintdieinfo\/#organization"},"alternateName":"Toute l'actualit\u00e9 de Saint-Di\u00e9-Des-Vosges","potentialAction":[{"@type":"SearchAction","target":{"@type":"EntryPoint","urlTemplate":"https:\/\/vosgesinfo.fr\/saintdieinfo\/?s={search_term_string}"},"query-input":"required name=search_term_string"}],"inLanguage":"fr-FR"},{"@type":"Organization","@id":"https:\/\/vosgesinfo.fr\/saintdieinfo\/#organization","name":"Saint Die Info","url":"https:\/\/vosgesinfo.fr\/saintdieinfo\/","logo":{"@type":"ImageObject","inLanguage":"fr-FR","@id":"https:\/\/vosgesinfo.fr\/saintdieinfo\/#\/schema\/logo\/image\/","url":"https:\/\/vosgesinfo.fr\/app\/uploads\/sites\/4\/2024\/02\/logo-sdi.jpg","contentUrl":"https:\/\/vosgesinfo.fr\/app\/uploads\/sites\/4\/2024\/02\/logo-sdi.jpg","width":600,"height":600,"caption":"Saint Die Info"},"image":{"@id":"https:\/\/vosgesinfo.fr\/saintdieinfo\/#\/schema\/logo\/image\/"},"sameAs":["https:\/\/www.facebook.com\/Saintdieinfofr","https:\/\/x.com\/VosgesInfo88","https:\/\/www.youtube.com\/@vosgesinfo"]},{"@type":"Person","@id":"https:\/\/vosgesinfo.fr\/saintdieinfo\/#\/schema\/person\/faee6704a21f3977511db84bd1cd450f","name":"la r\u00e9daction","image":{"@type":"ImageObject","inLanguage":"fr-FR","@id":"https:\/\/vosgesinfo.fr\/saintdieinfo\/#\/schema\/person\/image\/","url":"https:\/\/secure.gravatar.com\/avatar\/6673d8bc6a9c17fa9a453eaa3448de834fa308c2ec9635b7aa99441a7c8d2cf6?s=96&d=mm&r=g","contentUrl":"https:\/\/secure.gravatar.com\/avatar\/6673d8bc6a9c17fa9a453eaa3448de834fa308c2ec9635b7aa99441a7c8d2cf6?s=96&d=mm&r=g","caption":"la r\u00e9daction"},"url":"https:\/\/vosgesinfo.fr\/saintdieinfo\/author\/redac\/"}]}},"_links":{"self":[{"href":"https:\/\/vosgesinfo.fr\/saintdieinfo\/wp-json\/wp\/v2\/posts\/67345","targetHints":{"allow":["GET"]}}],"collection":[{"href":"https:\/\/vosgesinfo.fr\/saintdieinfo\/wp-json\/wp\/v2\/posts"}],"about":[{"href":"https:\/\/vosgesinfo.fr\/saintdieinfo\/wp-json\/wp\/v2\/types\/post"}],"author":[{"embeddable":true,"href":"https:\/\/vosgesinfo.fr\/saintdieinfo\/wp-json\/wp\/v2\/users\/44"}],"replies":[{"embeddable":true,"href":"https:\/\/vosgesinfo.fr\/saintdieinfo\/wp-json\/wp\/v2\/comments?post=67345"}],"version-history":[{"count":0,"href":"https:\/\/vosgesinfo.fr\/saintdieinfo\/wp-json\/wp\/v2\/posts\/67345\/revisions"}],"wp:featuredmedia":[{"embeddable":true,"href":"https:\/\/vosgesinfo.fr\/saintdieinfo\/wp-json\/wp\/v2\/media\/23421"}],"wp:attachment":[{"href":"https:\/\/vosgesinfo.fr\/saintdieinfo\/wp-json\/wp\/v2\/media?parent=67345"}],"wp:term":[{"taxonomy":"category","embeddable":true,"href":"https:\/\/vosgesinfo.fr\/saintdieinfo\/wp-json\/wp\/v2\/categories?post=67345"},{"taxonomy":"post_tag","embeddable":true,"href":"https:\/\/vosgesinfo.fr\/saintdieinfo\/wp-json\/wp\/v2\/tags?post=67345"}],"curies":[{"name":"wp","href":"https:\/\/api.w.org\/{rel}","templated":true}]}}