{"id":67354,"date":"2024-01-11T13:44:30","date_gmt":"2024-01-11T12:44:30","guid":{"rendered":"https:\/\/vosgesinfo.fr\/saintdieinfo\/2024\/01\/creer-reprendre-entreprise-ca-ne-simprovise-2\/"},"modified":"2024-01-11T13:44:30","modified_gmt":"2024-01-11T12:44:30","slug":"creer-reprendre-entreprise-ca-ne-simprovise-2","status":"publish","type":"post","link":"https:\/\/vosgesinfo.fr\/saintdieinfo\/2024\/01\/creer-reprendre-entreprise-ca-ne-simprovise-2\/","title":{"rendered":"Cr\u00e9er ou reprendre une entreprise, \u00e7a ne s&rsquo;improvise pas"},"content":{"rendered":"<p><a href=\"\/2024\/01\/R\u00e9union_Cr\u00e9ation_Reprise_Entreprise_CMA_SDDV.jpg\" target=\"_blank\" rel=\"noopener\"><img decoding=\"async\" class=\"aligncenter wp-image-210938 size-large\" src=\"\/2024\/01\/R\u00e9union_Cr\u00e9ation_Reprise_Entreprise_CMA_SDDV-1024x768.jpg\" alt=\"R\u00e9union_Cr\u00e9ation_Reprise_Entreprise_CMA_SDDV\" width=\"960\" height=\"720\" \/><\/a><\/p>\n<h2><strong><span style=\"font-size: 14pt;\">Ce jeudi matin, l&rsquo;antenne de Saint-Di\u00e9-des-Vosges de la Chambre des M\u00e9tiers et de l&rsquo;Artisanat \u2013 CMA \u2013 des Vosges organisait une r\u00e9union d&rsquo;information dans ses locaux de la rue Maurice-Jeandon, qui portait sur la cr\u00e9ation et la reprise d&rsquo;entreprises.<\/span><\/strong><\/h2>\n<p><!--more--><\/p>\n<p>Une dizaine de potentiels cr\u00e9ateurs et repreneurs d&rsquo;entreprises ont particip\u00e9 \u00e0 cette r\u00e9union anim\u00e9e par Antoine Nosal, conseiller et formateur en cr\u00e9ation d&rsquo;entreprise \u00e0 la CMA des Vosges. Quelles sont les \u00e9tapes \u00e0 suivre pour se lancer \u00e0 son compte\u00a0? Quel r\u00e9gime juridique, fiscal, social\u00a0? Quelles sont les aides\u00a0? Qui peut m&rsquo;aider\u00a0? Sont autant de questions qui ont \u00e9t\u00e9 abord\u00e9es ce matin.<\/p>\n<p>Car comme le souligne Val\u00e9rie Bottelin, responsable de l&rsquo;antenne d\u00e9odatienne de la CMA, \u00ab\u00a0cr\u00e9er ou reprendre une entreprise, \u00e7a ne s&rsquo;improvise pas. C&rsquo;est pour cela que nous proposons diff\u00e9rentes formations, un accompagnement individuel, une aide \u00e0 l&rsquo;immatriculation de l&rsquo;entreprise ainsi qu&rsquo;un suivi apr\u00e8s installation. L&rsquo;objectif est de ne pas imposer un sch\u00e9ma type, mais de s&rsquo;adapter \u00e0 chaque cr\u00e9ateur ou repreneur. Le constat est que le taux de r\u00e9ussite d&rsquo;un projet d&rsquo;entreprise est de 75% au bout de 3 ans s&rsquo;il est accompagn\u00e9. Ce taux de r\u00e9ussite tombe \u00e0 50% sans accompagnement. Se faire accompagner dans son projet, c&rsquo;est l&rsquo;une des cl\u00e9s de la r\u00e9ussite. Aujourd&rsquo;hui la CMA des Vosges fait partie du P\u00f4le Cr\u00e9a, avec la CCI des Vosges, P\u00f4le Emploi, Alexis Grand Est et la R\u00e9gion Grand Est. Le principe de ce p\u00f4le est de mettre en commun des comp\u00e9tences, et ainsi avoir un seul point d&rsquo;entr\u00e9e pour le cr\u00e9ateur.\u00a0\u00bb<\/p>\n<p>La CMA des Vosges propose notamment des \u00ab\u00a0packs\u00a0\u00bb pour les micro-entreprises, entreprises et soci\u00e9t\u00e9, sous la forme de formations de 2 ou 5 jours afin, par exemple, de comprendre les m\u00e9canismes financiers, mettre en place une organisation administrative et comptable, conna\u00eetre le calendrier des d\u00e9clarations, ou de pr\u00e9parer simplement ses d\u00e9marches et son dossier d&rsquo;immatriculation. D&rsquo;autres formations plus sp\u00e9cifiques sont \u00e9galement propos\u00e9es, qui portent sur le num\u00e9rique et le digital, les r\u00e9seaux sociaux, la bureautique, la photographie, la comptabilit\u00e9 et la gestion. Le tout en sachant que ces formations peuvent \u00eatre financ\u00e9es avec le Compte Personnel de Formation \u2013 CPF \u2013 ou le ch\u00e8que CREA.<\/p>\n<p>Pour donner quelques chiffres sur l&rsquo;artisanat dans les Vosges, il y a eu 1652 cr\u00e9ations d&rsquo;entreprises en 2022, contre 1200 en 2023. Les principaux secteurs d&rsquo;activit\u00e9 sont le BTP, \u00e0 hauteur de 40%, puis les services (coiffure, esth\u00e9tique, taxi, nettoyages de locaux), la fabrication (menuiserie, metallerie, etc.), et l&rsquo;alimentaire (boulangerie, p\u00e2tisserie&#8230;). Pour la seule ville de Saint-Di\u00e9-des-Vosges, il y a 2739 entreprises artisanales enregistr\u00e9es. Quant \u00e0 la reprise d&rsquo;entreprises, 80 sont \u00e0 reprendre dans le d\u00e9partement, dans l&rsquo;artisanat mais aussi dans le commerce et l&rsquo;industrie.<\/p>\n<p>Pour plus de renseignements aupr\u00e8s de l&rsquo;antenne de Saint-Di\u00e9-des-Vosges de la CMA\u00a0: <strong>03-29-56-70-11.<\/strong><\/p>\n<p>J.J.<\/p>\n","protected":false},"excerpt":{"rendered":"<p>Ce jeudi matin, l&rsquo;antenne de Saint-Di\u00e9-des-Vosges de la Chambre des M\u00e9tiers et de l&rsquo;Artisanat \u2013 CMA \u2013 des Vosges organisait [&hellip;]<\/p>\n","protected":false},"author":44,"featured_media":23456,"comment_status":"open","ping_status":"open","sticky":false,"template":"","format":"standard","meta":{"footnotes":""},"categories":[460,5,2915],"tags":[3676,3677,3678,3679,3680],"class_list":["post-67354","post","type-post","status-publish","format-standard","has-post-thumbnail","hentry","category-a-la-une","category-economie","category-saint-die-son-canton","tag-antenne-de-saint-die-des-vosges-de-la-cma","tag-chambre-des-metiers-et-de-lartisanat-des-vosges","tag-cma-des-vosges","tag-creation-et-reprise-dentreprise","tag-pole-crea"],"acf":[],"yoast_head":"<!-- This site is optimized with the Yoast SEO plugin v22.5 - https:\/\/yoast.com\/wordpress\/plugins\/seo\/ -->\n<title>Cr\u00e9er ou reprendre une entreprise, \u00e7a ne s&#039;improvise pas - Saint Die Info<\/title>\n<meta name=\"robots\" content=\"index, follow, max-snippet:-1, max-image-preview:large, max-video-preview:-1\" \/>\n<link rel=\"canonical\" href=\"https:\/\/vosgesinfo.fr\/saintdieinfo\/2024\/01\/creer-reprendre-entreprise-ca-ne-simprovise-2\/\" \/>\n<meta name=\"twitter:card\" content=\"summary_large_image\" \/>\n<meta name=\"twitter:title\" content=\"Cr\u00e9er ou reprendre une entreprise, \u00e7a ne s&#039;improvise pas - Saint Die Info\" \/>\n<meta name=\"twitter:description\" content=\"Ce jeudi matin, l&rsquo;antenne de Saint-Di\u00e9-des-Vosges de la Chambre des M\u00e9tiers et de l&rsquo;Artisanat \u2013 CMA \u2013 des Vosges organisait [&hellip;]\" \/>\n<meta name=\"twitter:image\" content=\"https:\/\/vosgesinfo.fr\/app\/uploads\/sites\/4\/2024\/01\/reunion-creation-reprise-entreprise-cma-sddv.jpg\" \/>\n<meta name=\"twitter:creator\" content=\"@VosgesInfo88\" \/>\n<meta name=\"twitter:site\" content=\"@VosgesInfo88\" \/>\n<meta name=\"twitter:label1\" content=\"\u00c9crit par\" \/>\n\t<meta name=\"twitter:data1\" content=\"la r\u00e9daction\" \/>\n\t<meta name=\"twitter:label2\" content=\"Dur\u00e9e de lecture estim\u00e9e\" \/>\n\t<meta name=\"twitter:data2\" content=\"2 minutes\" \/>\n<script type=\"application\/ld+json\" class=\"yoast-schema-graph\">{\"@context\":\"https:\/\/schema.org\",\"@graph\":[{\"@type\":\"Article\",\"@id\":\"https:\/\/vosgesinfo.fr\/saintdieinfo\/2024\/01\/creer-reprendre-entreprise-ca-ne-simprovise-2\/#article\",\"isPartOf\":{\"@id\":\"https:\/\/vosgesinfo.fr\/saintdieinfo\/2024\/01\/creer-reprendre-entreprise-ca-ne-simprovise-2\/\"},\"author\":{\"name\":\"la r\u00e9daction\",\"@id\":\"https:\/\/vosgesinfo.fr\/saintdieinfo\/#\/schema\/person\/faee6704a21f3977511db84bd1cd450f\"},\"headline\":\"Cr\u00e9er ou reprendre une entreprise, \u00e7a ne s&rsquo;improvise pas\",\"datePublished\":\"2024-01-11T12:44:30+00:00\",\"dateModified\":\"2024-01-11T12:44:30+00:00\",\"mainEntityOfPage\":{\"@id\":\"https:\/\/vosgesinfo.fr\/saintdieinfo\/2024\/01\/creer-reprendre-entreprise-ca-ne-simprovise-2\/\"},\"wordCount\":527,\"commentCount\":0,\"publisher\":{\"@id\":\"https:\/\/vosgesinfo.fr\/saintdieinfo\/#organization\"},\"image\":{\"@id\":\"https:\/\/vosgesinfo.fr\/saintdieinfo\/2024\/01\/creer-reprendre-entreprise-ca-ne-simprovise-2\/#primaryimage\"},\"thumbnailUrl\":\"https:\/\/vosgesinfo.fr\/app\/uploads\/sites\/4\/2024\/01\/reunion-creation-reprise-entreprise-cma-sddv.jpg\",\"keywords\":[\"Antenne de Saint-Di\u00e9-des-Vosges de la CMA\",\"Chambre des m\u00e9tiers et de l'artisanat des Vosges\",\"CMA des Vosges\",\"Cr\u00e9ation et reprise d'entreprise\",\"P\u00f4le CREA\"],\"articleSection\":[\"A la Une\",\"\u00c9conomie\",\"Saint-Di\u00e9-des-Vosges et son Agglom\u00e9ration\"],\"inLanguage\":\"fr-FR\",\"potentialAction\":[{\"@type\":\"CommentAction\",\"name\":\"Comment\",\"target\":[\"https:\/\/vosgesinfo.fr\/saintdieinfo\/2024\/01\/creer-reprendre-entreprise-ca-ne-simprovise-2\/#respond\"]}]},{\"@type\":\"WebPage\",\"@id\":\"https:\/\/vosgesinfo.fr\/saintdieinfo\/2024\/01\/creer-reprendre-entreprise-ca-ne-simprovise-2\/\",\"url\":\"https:\/\/vosgesinfo.fr\/saintdieinfo\/2024\/01\/creer-reprendre-entreprise-ca-ne-simprovise-2\/\",\"name\":\"Cr\u00e9er ou reprendre une entreprise, \u00e7a ne s'improvise pas - Saint Die Info\",\"isPartOf\":{\"@id\":\"https:\/\/vosgesinfo.fr\/saintdieinfo\/#website\"},\"primaryImageOfPage\":{\"@id\":\"https:\/\/vosgesinfo.fr\/saintdieinfo\/2024\/01\/creer-reprendre-entreprise-ca-ne-simprovise-2\/#primaryimage\"},\"image\":{\"@id\":\"https:\/\/vosgesinfo.fr\/saintdieinfo\/2024\/01\/creer-reprendre-entreprise-ca-ne-simprovise-2\/#primaryimage\"},\"thumbnailUrl\":\"https:\/\/vosgesinfo.fr\/app\/uploads\/sites\/4\/2024\/01\/reunion-creation-reprise-entreprise-cma-sddv.jpg\",\"datePublished\":\"2024-01-11T12:44:30+00:00\",\"dateModified\":\"2024-01-11T12:44:30+00:00\",\"breadcrumb\":{\"@id\":\"https:\/\/vosgesinfo.fr\/saintdieinfo\/2024\/01\/creer-reprendre-entreprise-ca-ne-simprovise-2\/#breadcrumb\"},\"inLanguage\":\"fr-FR\",\"potentialAction\":[{\"@type\":\"ReadAction\",\"target\":[\"https:\/\/vosgesinfo.fr\/saintdieinfo\/2024\/01\/creer-reprendre-entreprise-ca-ne-simprovise-2\/\"]}]},{\"@type\":\"ImageObject\",\"inLanguage\":\"fr-FR\",\"@id\":\"https:\/\/vosgesinfo.fr\/saintdieinfo\/2024\/01\/creer-reprendre-entreprise-ca-ne-simprovise-2\/#primaryimage\",\"url\":\"https:\/\/vosgesinfo.fr\/app\/uploads\/sites\/4\/2024\/01\/reunion-creation-reprise-entreprise-cma-sddv.jpg\",\"contentUrl\":\"https:\/\/vosgesinfo.fr\/app\/uploads\/sites\/4\/2024\/01\/reunion-creation-reprise-entreprise-cma-sddv.jpg\",\"width\":2560,\"height\":1920},{\"@type\":\"BreadcrumbList\",\"@id\":\"https:\/\/vosgesinfo.fr\/saintdieinfo\/2024\/01\/creer-reprendre-entreprise-ca-ne-simprovise-2\/#breadcrumb\",\"itemListElement\":[{\"@type\":\"ListItem\",\"position\":1,\"name\":\"Home\",\"item\":\"https:\/\/vosgesinfo.fr\/saintdieinfo\/\"},{\"@type\":\"ListItem\",\"position\":2,\"name\":\"Cr\u00e9er ou reprendre une entreprise, \u00e7a ne s&rsquo;improvise pas\"}]},{\"@type\":\"WebSite\",\"@id\":\"https:\/\/vosgesinfo.fr\/saintdieinfo\/#website\",\"url\":\"https:\/\/vosgesinfo.fr\/saintdieinfo\/\",\"name\":\"Saint Die Info\",\"description\":\"Toute l&#039;actualit\u00e9 de Saint-Di\u00e9-Des-Vosges\",\"publisher\":{\"@id\":\"https:\/\/vosgesinfo.fr\/saintdieinfo\/#organization\"},\"alternateName\":\"Toute l'actualit\u00e9 de Saint-Di\u00e9-Des-Vosges\",\"potentialAction\":[{\"@type\":\"SearchAction\",\"target\":{\"@type\":\"EntryPoint\",\"urlTemplate\":\"https:\/\/vosgesinfo.fr\/saintdieinfo\/?s={search_term_string}\"},\"query-input\":\"required name=search_term_string\"}],\"inLanguage\":\"fr-FR\"},{\"@type\":\"Organization\",\"@id\":\"https:\/\/vosgesinfo.fr\/saintdieinfo\/#organization\",\"name\":\"Saint Die Info\",\"url\":\"https:\/\/vosgesinfo.fr\/saintdieinfo\/\",\"logo\":{\"@type\":\"ImageObject\",\"inLanguage\":\"fr-FR\",\"@id\":\"https:\/\/vosgesinfo.fr\/saintdieinfo\/#\/schema\/logo\/image\/\",\"url\":\"https:\/\/vosgesinfo.fr\/app\/uploads\/sites\/4\/2024\/02\/logo-sdi.jpg\",\"contentUrl\":\"https:\/\/vosgesinfo.fr\/app\/uploads\/sites\/4\/2024\/02\/logo-sdi.jpg\",\"width\":600,\"height\":600,\"caption\":\"Saint Die Info\"},\"image\":{\"@id\":\"https:\/\/vosgesinfo.fr\/saintdieinfo\/#\/schema\/logo\/image\/\"},\"sameAs\":[\"https:\/\/www.facebook.com\/Saintdieinfofr\",\"https:\/\/x.com\/VosgesInfo88\",\"https:\/\/www.youtube.com\/@vosgesinfo\"]},{\"@type\":\"Person\",\"@id\":\"https:\/\/vosgesinfo.fr\/saintdieinfo\/#\/schema\/person\/faee6704a21f3977511db84bd1cd450f\",\"name\":\"la r\u00e9daction\",\"image\":{\"@type\":\"ImageObject\",\"inLanguage\":\"fr-FR\",\"@id\":\"https:\/\/vosgesinfo.fr\/saintdieinfo\/#\/schema\/person\/image\/\",\"url\":\"https:\/\/secure.gravatar.com\/avatar\/6673d8bc6a9c17fa9a453eaa3448de834fa308c2ec9635b7aa99441a7c8d2cf6?s=96&d=mm&r=g\",\"contentUrl\":\"https:\/\/secure.gravatar.com\/avatar\/6673d8bc6a9c17fa9a453eaa3448de834fa308c2ec9635b7aa99441a7c8d2cf6?s=96&d=mm&r=g\",\"caption\":\"la r\u00e9daction\"},\"url\":\"https:\/\/vosgesinfo.fr\/saintdieinfo\/author\/redac\/\"}]}<\/script>\n<!-- \/ Yoast SEO plugin. -->","yoast_head_json":{"title":"Cr\u00e9er ou reprendre une entreprise, \u00e7a ne s'improvise pas - Saint Die Info","robots":{"index":"index","follow":"follow","max-snippet":"max-snippet:-1","max-image-preview":"max-image-preview:large","max-video-preview":"max-video-preview:-1"},"canonical":"https:\/\/vosgesinfo.fr\/saintdieinfo\/2024\/01\/creer-reprendre-entreprise-ca-ne-simprovise-2\/","twitter_card":"summary_large_image","twitter_title":"Cr\u00e9er ou reprendre une entreprise, \u00e7a ne s'improvise pas - Saint Die Info","twitter_description":"Ce jeudi matin, l&rsquo;antenne de Saint-Di\u00e9-des-Vosges de la Chambre des M\u00e9tiers et de l&rsquo;Artisanat \u2013 CMA \u2013 des Vosges organisait [&hellip;]","twitter_image":"https:\/\/vosgesinfo.fr\/app\/uploads\/sites\/4\/2024\/01\/reunion-creation-reprise-entreprise-cma-sddv.jpg","twitter_creator":"@VosgesInfo88","twitter_site":"@VosgesInfo88","twitter_misc":{"\u00c9crit par":"la r\u00e9daction","Dur\u00e9e de lecture estim\u00e9e":"2 minutes"},"schema":{"@context":"https:\/\/schema.org","@graph":[{"@type":"Article","@id":"https:\/\/vosgesinfo.fr\/saintdieinfo\/2024\/01\/creer-reprendre-entreprise-ca-ne-simprovise-2\/#article","isPartOf":{"@id":"https:\/\/vosgesinfo.fr\/saintdieinfo\/2024\/01\/creer-reprendre-entreprise-ca-ne-simprovise-2\/"},"author":{"name":"la r\u00e9daction","@id":"https:\/\/vosgesinfo.fr\/saintdieinfo\/#\/schema\/person\/faee6704a21f3977511db84bd1cd450f"},"headline":"Cr\u00e9er ou reprendre une entreprise, \u00e7a ne s&rsquo;improvise pas","datePublished":"2024-01-11T12:44:30+00:00","dateModified":"2024-01-11T12:44:30+00:00","mainEntityOfPage":{"@id":"https:\/\/vosgesinfo.fr\/saintdieinfo\/2024\/01\/creer-reprendre-entreprise-ca-ne-simprovise-2\/"},"wordCount":527,"commentCount":0,"publisher":{"@id":"https:\/\/vosgesinfo.fr\/saintdieinfo\/#organization"},"image":{"@id":"https:\/\/vosgesinfo.fr\/saintdieinfo\/2024\/01\/creer-reprendre-entreprise-ca-ne-simprovise-2\/#primaryimage"},"thumbnailUrl":"https:\/\/vosgesinfo.fr\/app\/uploads\/sites\/4\/2024\/01\/reunion-creation-reprise-entreprise-cma-sddv.jpg","keywords":["Antenne de Saint-Di\u00e9-des-Vosges de la CMA","Chambre des m\u00e9tiers et de l'artisanat des Vosges","CMA des Vosges","Cr\u00e9ation et reprise d'entreprise","P\u00f4le CREA"],"articleSection":["A la Une","\u00c9conomie","Saint-Di\u00e9-des-Vosges et son Agglom\u00e9ration"],"inLanguage":"fr-FR","potentialAction":[{"@type":"CommentAction","name":"Comment","target":["https:\/\/vosgesinfo.fr\/saintdieinfo\/2024\/01\/creer-reprendre-entreprise-ca-ne-simprovise-2\/#respond"]}]},{"@type":"WebPage","@id":"https:\/\/vosgesinfo.fr\/saintdieinfo\/2024\/01\/creer-reprendre-entreprise-ca-ne-simprovise-2\/","url":"https:\/\/vosgesinfo.fr\/saintdieinfo\/2024\/01\/creer-reprendre-entreprise-ca-ne-simprovise-2\/","name":"Cr\u00e9er ou reprendre une entreprise, \u00e7a ne s'improvise pas - Saint Die Info","isPartOf":{"@id":"https:\/\/vosgesinfo.fr\/saintdieinfo\/#website"},"primaryImageOfPage":{"@id":"https:\/\/vosgesinfo.fr\/saintdieinfo\/2024\/01\/creer-reprendre-entreprise-ca-ne-simprovise-2\/#primaryimage"},"image":{"@id":"https:\/\/vosgesinfo.fr\/saintdieinfo\/2024\/01\/creer-reprendre-entreprise-ca-ne-simprovise-2\/#primaryimage"},"thumbnailUrl":"https:\/\/vosgesinfo.fr\/app\/uploads\/sites\/4\/2024\/01\/reunion-creation-reprise-entreprise-cma-sddv.jpg","datePublished":"2024-01-11T12:44:30+00:00","dateModified":"2024-01-11T12:44:30+00:00","breadcrumb":{"@id":"https:\/\/vosgesinfo.fr\/saintdieinfo\/2024\/01\/creer-reprendre-entreprise-ca-ne-simprovise-2\/#breadcrumb"},"inLanguage":"fr-FR","potentialAction":[{"@type":"ReadAction","target":["https:\/\/vosgesinfo.fr\/saintdieinfo\/2024\/01\/creer-reprendre-entreprise-ca-ne-simprovise-2\/"]}]},{"@type":"ImageObject","inLanguage":"fr-FR","@id":"https:\/\/vosgesinfo.fr\/saintdieinfo\/2024\/01\/creer-reprendre-entreprise-ca-ne-simprovise-2\/#primaryimage","url":"https:\/\/vosgesinfo.fr\/app\/uploads\/sites\/4\/2024\/01\/reunion-creation-reprise-entreprise-cma-sddv.jpg","contentUrl":"https:\/\/vosgesinfo.fr\/app\/uploads\/sites\/4\/2024\/01\/reunion-creation-reprise-entreprise-cma-sddv.jpg","width":2560,"height":1920},{"@type":"BreadcrumbList","@id":"https:\/\/vosgesinfo.fr\/saintdieinfo\/2024\/01\/creer-reprendre-entreprise-ca-ne-simprovise-2\/#breadcrumb","itemListElement":[{"@type":"ListItem","position":1,"name":"Home","item":"https:\/\/vosgesinfo.fr\/saintdieinfo\/"},{"@type":"ListItem","position":2,"name":"Cr\u00e9er ou reprendre une entreprise, \u00e7a ne s&rsquo;improvise pas"}]},{"@type":"WebSite","@id":"https:\/\/vosgesinfo.fr\/saintdieinfo\/#website","url":"https:\/\/vosgesinfo.fr\/saintdieinfo\/","name":"Saint Die Info","description":"Toute l&#039;actualit\u00e9 de Saint-Di\u00e9-Des-Vosges","publisher":{"@id":"https:\/\/vosgesinfo.fr\/saintdieinfo\/#organization"},"alternateName":"Toute l'actualit\u00e9 de Saint-Di\u00e9-Des-Vosges","potentialAction":[{"@type":"SearchAction","target":{"@type":"EntryPoint","urlTemplate":"https:\/\/vosgesinfo.fr\/saintdieinfo\/?s={search_term_string}"},"query-input":"required name=search_term_string"}],"inLanguage":"fr-FR"},{"@type":"Organization","@id":"https:\/\/vosgesinfo.fr\/saintdieinfo\/#organization","name":"Saint Die Info","url":"https:\/\/vosgesinfo.fr\/saintdieinfo\/","logo":{"@type":"ImageObject","inLanguage":"fr-FR","@id":"https:\/\/vosgesinfo.fr\/saintdieinfo\/#\/schema\/logo\/image\/","url":"https:\/\/vosgesinfo.fr\/app\/uploads\/sites\/4\/2024\/02\/logo-sdi.jpg","contentUrl":"https:\/\/vosgesinfo.fr\/app\/uploads\/sites\/4\/2024\/02\/logo-sdi.jpg","width":600,"height":600,"caption":"Saint Die Info"},"image":{"@id":"https:\/\/vosgesinfo.fr\/saintdieinfo\/#\/schema\/logo\/image\/"},"sameAs":["https:\/\/www.facebook.com\/Saintdieinfofr","https:\/\/x.com\/VosgesInfo88","https:\/\/www.youtube.com\/@vosgesinfo"]},{"@type":"Person","@id":"https:\/\/vosgesinfo.fr\/saintdieinfo\/#\/schema\/person\/faee6704a21f3977511db84bd1cd450f","name":"la r\u00e9daction","image":{"@type":"ImageObject","inLanguage":"fr-FR","@id":"https:\/\/vosgesinfo.fr\/saintdieinfo\/#\/schema\/person\/image\/","url":"https:\/\/secure.gravatar.com\/avatar\/6673d8bc6a9c17fa9a453eaa3448de834fa308c2ec9635b7aa99441a7c8d2cf6?s=96&d=mm&r=g","contentUrl":"https:\/\/secure.gravatar.com\/avatar\/6673d8bc6a9c17fa9a453eaa3448de834fa308c2ec9635b7aa99441a7c8d2cf6?s=96&d=mm&r=g","caption":"la r\u00e9daction"},"url":"https:\/\/vosgesinfo.fr\/saintdieinfo\/author\/redac\/"}]}},"_links":{"self":[{"href":"https:\/\/vosgesinfo.fr\/saintdieinfo\/wp-json\/wp\/v2\/posts\/67354","targetHints":{"allow":["GET"]}}],"collection":[{"href":"https:\/\/vosgesinfo.fr\/saintdieinfo\/wp-json\/wp\/v2\/posts"}],"about":[{"href":"https:\/\/vosgesinfo.fr\/saintdieinfo\/wp-json\/wp\/v2\/types\/post"}],"author":[{"embeddable":true,"href":"https:\/\/vosgesinfo.fr\/saintdieinfo\/wp-json\/wp\/v2\/users\/44"}],"replies":[{"embeddable":true,"href":"https:\/\/vosgesinfo.fr\/saintdieinfo\/wp-json\/wp\/v2\/comments?post=67354"}],"version-history":[{"count":0,"href":"https:\/\/vosgesinfo.fr\/saintdieinfo\/wp-json\/wp\/v2\/posts\/67354\/revisions"}],"wp:featuredmedia":[{"embeddable":true,"href":"https:\/\/vosgesinfo.fr\/saintdieinfo\/wp-json\/wp\/v2\/media\/23456"}],"wp:attachment":[{"href":"https:\/\/vosgesinfo.fr\/saintdieinfo\/wp-json\/wp\/v2\/media?parent=67354"}],"wp:term":[{"taxonomy":"category","embeddable":true,"href":"https:\/\/vosgesinfo.fr\/saintdieinfo\/wp-json\/wp\/v2\/categories?post=67354"},{"taxonomy":"post_tag","embeddable":true,"href":"https:\/\/vosgesinfo.fr\/saintdieinfo\/wp-json\/wp\/v2\/tags?post=67354"}],"curies":[{"name":"wp","href":"https:\/\/api.w.org\/{rel}","templated":true}]}}