{"id":67507,"date":"2024-08-19T06:00:43","date_gmt":"2024-08-19T04:00:43","guid":{"rendered":"https:\/\/vosgesinfo.fr\/saintdieinfo\/?p=67507"},"modified":"2024-08-16T20:29:19","modified_gmt":"2024-08-16T18:29:19","slug":"ete-en-grand-a-saint-die-des-vosges-le-programme-de-la-semaine-9","status":"publish","type":"post","link":"https:\/\/vosgesinfo.fr\/saintdieinfo\/2024\/08\/ete-en-grand-a-saint-die-des-vosges-le-programme-de-la-semaine-9\/","title":{"rendered":"Et\u00e9 en grand \u00e0 Saint-Di\u00e9-des-Vosges\u00a0: le programme de la semaine"},"content":{"rendered":"<h3><\/h3>\n<h3>Mardi 20 ao\u00fbt<\/h3>\n<p>\u25ba de 14h \u00e0 17h \/ Sur la Meurthe, au niveau de l\u2019Isba, 1, quai Sadi-Carnot. Bapt\u00eames nautiques. R\u00e9servation obligatoire. Contact : Club de kayak Akad\u00e9o \/ <a href=\"mailto:b.lipp@laposte.net\" target=\"_blank\" rel=\"noopener\">b.lipp@laposte.net<\/a> \/ 06 03 36 93 22<\/p>\n<h3>Mercredi 21 ao\u00fbt<\/h3>\n<p>\u25ba de 16h30 \u00e0 18h30 \/ Rue de la Grotte \/ terrain de basket. Jeux et Bricol\u2019. Venez profiter de moments conviviaux avec l\u2019\u00e9quipe des m\u00e9diateurs tranquillit\u00e9 publique autour d\u2019ateliers al\u00e9atoires (jardinage, peinture sur galets, coloriage, jeux en plein air etc.). Contact : 06 72 59 76 56<\/p>\n<p>\u25ba de 17h \u00e0 18h \/ Tour de la libert\u00e9 \/ repli au gymnase Madeleine et L\u00e9o Lagrange. Hand \u00e0 4. Contact : Facebook : HandSaintDie \/ <a href=\"mailto:5688004@ffhandball.net\" target=\"_blank\" rel=\"noopener\">5688004@ffhandball.net<\/a> \/ 07 48 77 25 05<\/p>\n<h3>Jeudi 22 ao\u00fbt<\/h3>\n<p>\u25ba de 14h \u00e0 17h \/ Sur la Meurthe, au niveau de l\u2019Isba, 1, quai Sadi Carnot. Bapt\u00eames nautiques. R\u00e9servation obligatoire. Contact : Club de kayak Akad\u00e9o \/ <a href=\"mailto:b.lipp@laposte.net\" target=\"_blank\" rel=\"noopener\">b.lipp@laposte.net<\/a> \/ 06 03 36 93 22<\/p>\n<p>\u25ba de 14h \u00e0 16h \/ Office de Tourisme. Visite guid\u00e9e : histoire de la cit\u00e9. R\u00e9servation obligatoire, tarif : 6\u20ac. Contact : 03 29 42 22 22 \/ <a href=\"mailto:receptif@ca-saintdie.fr\" target=\"_blank\" rel=\"noopener\">receptif@ca-saintdie.fr<\/a> \/ vosges-portes-alsace.fr<\/p>\n<p>\u25ba de 15h \u00e0 18h \/ Halle de Kellermann. Multi-activit\u00e9s. Sports de raquettes, lecture, coloriage, grands jeux en bois, cr\u00e9ation, p\u00e9tanque, Molky, jeux de soci\u00e9t\u00e9. Ces activit\u00e9s sont gratuites pour tous. Les enfants restent sous la responsabilit\u00e9 des parents. Contact : 03 29 55 02 53 \/ Facebook : Centre Social Lucie Aubrac<\/p>\n<h3>Vendredi 23 ao\u00fbt<\/h3>\n<p>\u25ba de 14h \u00e0 15h30 \/ 21 rue du Souvenir Fran\u00e7ais. Visite guid\u00e9e : La N\u00e9cropole nationale des Tiges. R\u00e9servation obligatoire, tarif : 6\u20ac. Contact : 03 29 42 22 22 \/ <a href=\"mailto:receptif@ca-saintdie.fr\" target=\"_blank\" rel=\"noopener\">receptif@ca-saintdie.fr<\/a> \/ vosges-portes-alsace.fr<\/p>\n<p>\u25ba de 16h30 \u00e0 18h30 \/ Parc de jeux, rue Ohl des Marais. Jeux et Bricol\u2019. Venez profiter de moments conviviaux avec l\u2019\u00e9quipe des m\u00e9diateurs tranquillit\u00e9 publique autour d\u2019ateliers al\u00e9atoires (jardinage, peinture sur galets, coloriage, jeux en plein air etc&#8230;). Contact : 06 72 59 76 56<\/p>\n<p>\u25ba de 17h \u00e0 18h \/ L\u2019Orme, terrain de p\u00e9tanque. Animation de proximite : concerts et spectacles. L\u2019\u00c9cole des Nez Rouges vous propose un spectacle\/un concert \u00e0 consommer seul ou en famille ! Contact : <a href=\"mailto:nezrouges@orange.fr\" target=\"_blank\" rel=\"noopener\">nezrouges@orange.fr<\/a><\/p>\n<p>\u25ba de 18h30 \u00e0 minuit \/ Place du G\u00e9n\u00e9ral-de-Gaulle. Repas concert. Petite restauration avec DJ. Place du G\u00e9n\u00e9ral-de-Gaulle, organis\u00e9 par l\u2019UDAC pour promouvoir le commerce d\u00e9odatien. Contact : UDAC \/ www.udacstdie.fr<\/p>\n<h3>Samedi 24 ao\u00fbt<\/h3>\n<p>\u25ba de 11h \u00e0 12h \/ Tour de la Libert\u00e9 \/ repli au gymnase Madeleine et L\u00e9o Lagrange. Babyhand. Contact : Catherine Stoll \/ 06 62 22 07 19 \/ <a href=\"mailto:stoll.catherine@free.fr\">stoll.catherine@free.fr<\/a> \/ Facebook : HandSaintDie<\/p>\n<p>\u25ba de 14h \u00e0 18h \/ Stand de Tir de Gratin, route de Nayemont. Initiation au tir sportif Initiation au tir sportif \u00e0 10, 25 et 50 m. \u00c0 partir de 8 ans. Pi\u00e8ce d\u2019identit\u00e9 obligatoire. 3\u20ac par tir. Contact : Mr Philippe Meunier \/ 06 72 80 83 23 \/ Facebook : TirSaintDie<\/p>\n<p>\u25ba de 17h \u00e0 18h \/ Saint-Roch, Terrain de sport rue Ren\u00e9- Fonck \/ repli au Centre Social Germaine-Tillon. Animation de proximite : concerts et spectacles L\u2019\u00c9cole des Nez Rouges vous propose un spectacle \/ concert \u00e0 consommer seul ou en famille ! Contact : <a href=\"mailto:nezrouges@orange.fr\" target=\"_blank\" rel=\"noopener\">nezrouges@orange.fr<\/a><\/p>\n<p>\u25ba \u00e0 20h \/ les Jardins de la Chapelle Saint-Roch. Korbak &amp; La Petite Fosse. Venu pr\u00e9senter son r\u00e9pertoire aussi atypique et inattendu que son nom, Korbak revient, cette fois dans les Jardins, avec La Petite Fosse, d\u00e9crit comme la r\u00e9sultante d\u2019une Funeral pop envo\u00fbtante et atmosph\u00e9rique, un recueil de titres \u00e0 l\u2019ambiance brumeuse et contemplative. Contact :\u00a0<a href=\"mailto:contact@lesjardinsdelachapellesaintroch.fr\" target=\"_blank\" rel=\"noopener\">contact@lesjardinsdelachapellesaintroch.fr<\/a>. Facebook : lesjardinsdelachapellesaintroch \/ lesjardinsdelachapellesaintroch.com<\/p>\n<p>\u25ba de 20h \u00e0 minuit \/ Place du March\u00e9. Soir\u00e9e dansante. Soir\u00e9e latino (salsa, bachata, kizomba). Contact : Hanicia Danse \/ 06 72 43 41 66<\/p>\n<h3>Dimanche 25 ao\u00fbt<\/h3>\n<p>\u25ba de 7h \u00e0 18h \/ Parking de l\u2019hypermarch\u00e9 E.Leclerc. Vide-greniers et march\u00e9 de l\u2019artisanat. Contact : SPA D\u00e9odatienne \/ <a href=\"mailto:oceryane@orange.fr\" target=\"_blank\" rel=\"noopener\">oceryane@orange.fr<\/a> \/ 06 08 51 70 54<\/p>\n<p>\u25ba de 14h15 \u00e0 15h30 \/ Office de Tourisme. \u00c0 la recherche de la Merlusse. Contact : 03 29 42 22 22 \/ <a href=\"mailto:receptif@ca-saintdie.fr\" target=\"_blank\" rel=\"noopener\">receptif@ca-saintdie.fr<\/a> \/ vosges-portes-alsace.fr<\/p>\n<p>\u25ba de 20h \u00e0 minuit \/ Bar le London Tavern, place du March\u00e9. Ap\u00e9ro-concert : Snapshot. Reprises de rock, de soul, de rock\u2019n roll, etc&#8230; des ann\u00e9es 60 \u00e0 nos jours, dans des versions dynamit\u00e9es par Micka\u00ebl Deparis et Yacine El Fath. Viens bouger tes hanches ! Contact : Facebook : SnapShot<\/p>\n","protected":false},"excerpt":{"rendered":"<p>Mardi 20 ao\u00fbt \u25ba de 14h \u00e0 17h \/ Sur la Meurthe, au niveau de l\u2019Isba, 1, quai Sadi-Carnot. Bapt\u00eames [&hellip;]<\/p>\n","protected":false},"author":46,"featured_media":34975,"comment_status":"open","ping_status":"open","sticky":false,"template":"","format":"standard","meta":{"footnotes":""},"categories":[460,20,167],"tags":[2967],"class_list":["post-67507","post","type-post","status-publish","format-standard","has-post-thumbnail","hentry","category-a-la-une","category-loisirs","category-saint-die-des-vosges","tag-ete-en-grand-a-saint-die-des-vosges"],"acf":[],"yoast_head":"<!-- This site is optimized with the Yoast SEO plugin v22.5 - https:\/\/yoast.com\/wordpress\/plugins\/seo\/ -->\n<title>Et\u00e9 en grand \u00e0 Saint-Di\u00e9-des-Vosges\u00a0: le programme de la semaine - Saint Die Info<\/title>\n<meta name=\"robots\" content=\"index, follow, max-snippet:-1, max-image-preview:large, max-video-preview:-1\" \/>\n<link rel=\"canonical\" href=\"https:\/\/vosgesinfo.fr\/saintdieinfo\/?p=67507\" \/>\n<meta name=\"twitter:card\" content=\"summary_large_image\" \/>\n<meta name=\"twitter:title\" content=\"Et\u00e9 en grand \u00e0 Saint-Di\u00e9-des-Vosges\u00a0: le programme de la semaine - Saint Die Info\" \/>\n<meta name=\"twitter:description\" content=\"Mardi 20 ao\u00fbt \u25ba de 14h \u00e0 17h \/ Sur la Meurthe, au niveau de l\u2019Isba, 1, quai Sadi-Carnot. Bapt\u00eames [&hellip;]\" \/>\n<meta name=\"twitter:creator\" content=\"@VosgesInfo88\" \/>\n<meta name=\"twitter:site\" content=\"@VosgesInfo88\" \/>\n<meta name=\"twitter:label1\" content=\"\u00c9crit par\" \/>\n\t<meta name=\"twitter:data1\" content=\"J.J.\" \/>\n\t<meta name=\"twitter:label2\" content=\"Dur\u00e9e de lecture estim\u00e9e\" \/>\n\t<meta name=\"twitter:data2\" content=\"3 minutes\" \/>\n<script type=\"application\/ld+json\" class=\"yoast-schema-graph\">{\"@context\":\"https:\/\/schema.org\",\"@graph\":[{\"@type\":\"Article\",\"@id\":\"https:\/\/vosgesinfo.fr\/saintdieinfo\/?p=67507#article\",\"isPartOf\":{\"@id\":\"https:\/\/vosgesinfo.fr\/saintdieinfo\/?p=67507\"},\"author\":{\"name\":\"J.J.\",\"@id\":\"https:\/\/vosgesinfo.fr\/saintdieinfo\/#\/schema\/person\/fa73e9f726d67bb88f46d5b7943cb572\"},\"headline\":\"Et\u00e9 en grand \u00e0 Saint-Di\u00e9-des-Vosges\u00a0: le programme de la semaine\",\"datePublished\":\"2024-08-19T04:00:43+00:00\",\"dateModified\":\"2024-08-16T18:29:19+00:00\",\"mainEntityOfPage\":{\"@id\":\"https:\/\/vosgesinfo.fr\/saintdieinfo\/?p=67507\"},\"wordCount\":634,\"commentCount\":0,\"publisher\":{\"@id\":\"https:\/\/vosgesinfo.fr\/saintdieinfo\/#organization\"},\"image\":{\"@id\":\"https:\/\/vosgesinfo.fr\/saintdieinfo\/?p=67507#primaryimage\"},\"thumbnailUrl\":\"https:\/\/vosgesinfo.fr\/app\/uploads\/sites\/4\/2024\/06\/ete-en-grand-2024-2.jpg\",\"keywords\":[\"Et\u00e9 en grand \u00e0 Saint-Di\u00e9-des-Vosges\"],\"articleSection\":[\"A la Une\",\"Loisirs\",\"Saint-Di\u00e9-des-Vosges\"],\"inLanguage\":\"fr-FR\",\"potentialAction\":[{\"@type\":\"CommentAction\",\"name\":\"Comment\",\"target\":[\"https:\/\/vosgesinfo.fr\/saintdieinfo\/?p=67507#respond\"]}]},{\"@type\":\"WebPage\",\"@id\":\"https:\/\/vosgesinfo.fr\/saintdieinfo\/?p=67507\",\"url\":\"https:\/\/vosgesinfo.fr\/saintdieinfo\/?p=67507\",\"name\":\"Et\u00e9 en grand \u00e0 Saint-Di\u00e9-des-Vosges\u00a0: le programme de la semaine - Saint Die Info\",\"isPartOf\":{\"@id\":\"https:\/\/vosgesinfo.fr\/saintdieinfo\/#website\"},\"primaryImageOfPage\":{\"@id\":\"https:\/\/vosgesinfo.fr\/saintdieinfo\/?p=67507#primaryimage\"},\"image\":{\"@id\":\"https:\/\/vosgesinfo.fr\/saintdieinfo\/?p=67507#primaryimage\"},\"thumbnailUrl\":\"https:\/\/vosgesinfo.fr\/app\/uploads\/sites\/4\/2024\/06\/ete-en-grand-2024-2.jpg\",\"datePublished\":\"2024-08-19T04:00:43+00:00\",\"dateModified\":\"2024-08-16T18:29:19+00:00\",\"breadcrumb\":{\"@id\":\"https:\/\/vosgesinfo.fr\/saintdieinfo\/?p=67507#breadcrumb\"},\"inLanguage\":\"fr-FR\",\"potentialAction\":[{\"@type\":\"ReadAction\",\"target\":[\"https:\/\/vosgesinfo.fr\/saintdieinfo\/?p=67507\"]}]},{\"@type\":\"ImageObject\",\"inLanguage\":\"fr-FR\",\"@id\":\"https:\/\/vosgesinfo.fr\/saintdieinfo\/?p=67507#primaryimage\",\"url\":\"https:\/\/vosgesinfo.fr\/app\/uploads\/sites\/4\/2024\/06\/ete-en-grand-2024-2.jpg\",\"contentUrl\":\"https:\/\/vosgesinfo.fr\/app\/uploads\/sites\/4\/2024\/06\/ete-en-grand-2024-2.jpg\",\"width\":1181,\"height\":1772},{\"@type\":\"BreadcrumbList\",\"@id\":\"https:\/\/vosgesinfo.fr\/saintdieinfo\/?p=67507#breadcrumb\",\"itemListElement\":[{\"@type\":\"ListItem\",\"position\":1,\"name\":\"Home\",\"item\":\"https:\/\/vosgesinfo.fr\/saintdieinfo\/\"},{\"@type\":\"ListItem\",\"position\":2,\"name\":\"Et\u00e9 en grand \u00e0 Saint-Di\u00e9-des-Vosges\u00a0: le programme de la semaine\"}]},{\"@type\":\"WebSite\",\"@id\":\"https:\/\/vosgesinfo.fr\/saintdieinfo\/#website\",\"url\":\"https:\/\/vosgesinfo.fr\/saintdieinfo\/\",\"name\":\"Saint Die Info\",\"description\":\"Toute l&#039;actualit\u00e9 de Saint-Di\u00e9-Des-Vosges\",\"publisher\":{\"@id\":\"https:\/\/vosgesinfo.fr\/saintdieinfo\/#organization\"},\"alternateName\":\"Toute l'actualit\u00e9 de Saint-Di\u00e9-Des-Vosges\",\"potentialAction\":[{\"@type\":\"SearchAction\",\"target\":{\"@type\":\"EntryPoint\",\"urlTemplate\":\"https:\/\/vosgesinfo.fr\/saintdieinfo\/?s={search_term_string}\"},\"query-input\":\"required name=search_term_string\"}],\"inLanguage\":\"fr-FR\"},{\"@type\":\"Organization\",\"@id\":\"https:\/\/vosgesinfo.fr\/saintdieinfo\/#organization\",\"name\":\"Saint Die Info\",\"url\":\"https:\/\/vosgesinfo.fr\/saintdieinfo\/\",\"logo\":{\"@type\":\"ImageObject\",\"inLanguage\":\"fr-FR\",\"@id\":\"https:\/\/vosgesinfo.fr\/saintdieinfo\/#\/schema\/logo\/image\/\",\"url\":\"https:\/\/vosgesinfo.fr\/app\/uploads\/sites\/4\/2024\/02\/logo-sdi.jpg\",\"contentUrl\":\"https:\/\/vosgesinfo.fr\/app\/uploads\/sites\/4\/2024\/02\/logo-sdi.jpg\",\"width\":600,\"height\":600,\"caption\":\"Saint Die Info\"},\"image\":{\"@id\":\"https:\/\/vosgesinfo.fr\/saintdieinfo\/#\/schema\/logo\/image\/\"},\"sameAs\":[\"https:\/\/www.facebook.com\/Saintdieinfofr\",\"https:\/\/x.com\/VosgesInfo88\",\"https:\/\/www.youtube.com\/@vosgesinfo\"]},{\"@type\":\"Person\",\"@id\":\"https:\/\/vosgesinfo.fr\/saintdieinfo\/#\/schema\/person\/fa73e9f726d67bb88f46d5b7943cb572\",\"name\":\"J.J.\",\"image\":{\"@type\":\"ImageObject\",\"inLanguage\":\"fr-FR\",\"@id\":\"https:\/\/vosgesinfo.fr\/saintdieinfo\/#\/schema\/person\/image\/\",\"url\":\"https:\/\/secure.gravatar.com\/avatar\/219e749e47ffbcca018a360ae4add7d4cdf1cdaaf8bc7676b27efade3fe65615?s=96&d=mm&r=g\",\"contentUrl\":\"https:\/\/secure.gravatar.com\/avatar\/219e749e47ffbcca018a360ae4add7d4cdf1cdaaf8bc7676b27efade3fe65615?s=96&d=mm&r=g\",\"caption\":\"J.J.\"},\"url\":\"https:\/\/vosgesinfo.fr\/saintdieinfo\/author\/j-j\/\"}]}<\/script>\n<!-- \/ Yoast SEO plugin. -->","yoast_head_json":{"title":"Et\u00e9 en grand \u00e0 Saint-Di\u00e9-des-Vosges\u00a0: le programme de la semaine - Saint Die Info","robots":{"index":"index","follow":"follow","max-snippet":"max-snippet:-1","max-image-preview":"max-image-preview:large","max-video-preview":"max-video-preview:-1"},"canonical":"https:\/\/vosgesinfo.fr\/saintdieinfo\/?p=67507","twitter_card":"summary_large_image","twitter_title":"Et\u00e9 en grand \u00e0 Saint-Di\u00e9-des-Vosges\u00a0: le programme de la semaine - Saint Die Info","twitter_description":"Mardi 20 ao\u00fbt \u25ba de 14h \u00e0 17h \/ Sur la Meurthe, au niveau de l\u2019Isba, 1, quai Sadi-Carnot. Bapt\u00eames [&hellip;]","twitter_creator":"@VosgesInfo88","twitter_site":"@VosgesInfo88","twitter_misc":{"\u00c9crit par":"J.J.","Dur\u00e9e de lecture estim\u00e9e":"3 minutes"},"schema":{"@context":"https:\/\/schema.org","@graph":[{"@type":"Article","@id":"https:\/\/vosgesinfo.fr\/saintdieinfo\/?p=67507#article","isPartOf":{"@id":"https:\/\/vosgesinfo.fr\/saintdieinfo\/?p=67507"},"author":{"name":"J.J.","@id":"https:\/\/vosgesinfo.fr\/saintdieinfo\/#\/schema\/person\/fa73e9f726d67bb88f46d5b7943cb572"},"headline":"Et\u00e9 en grand \u00e0 Saint-Di\u00e9-des-Vosges\u00a0: le programme de la semaine","datePublished":"2024-08-19T04:00:43+00:00","dateModified":"2024-08-16T18:29:19+00:00","mainEntityOfPage":{"@id":"https:\/\/vosgesinfo.fr\/saintdieinfo\/?p=67507"},"wordCount":634,"commentCount":0,"publisher":{"@id":"https:\/\/vosgesinfo.fr\/saintdieinfo\/#organization"},"image":{"@id":"https:\/\/vosgesinfo.fr\/saintdieinfo\/?p=67507#primaryimage"},"thumbnailUrl":"https:\/\/vosgesinfo.fr\/app\/uploads\/sites\/4\/2024\/06\/ete-en-grand-2024-2.jpg","keywords":["Et\u00e9 en grand \u00e0 Saint-Di\u00e9-des-Vosges"],"articleSection":["A la Une","Loisirs","Saint-Di\u00e9-des-Vosges"],"inLanguage":"fr-FR","potentialAction":[{"@type":"CommentAction","name":"Comment","target":["https:\/\/vosgesinfo.fr\/saintdieinfo\/?p=67507#respond"]}]},{"@type":"WebPage","@id":"https:\/\/vosgesinfo.fr\/saintdieinfo\/?p=67507","url":"https:\/\/vosgesinfo.fr\/saintdieinfo\/?p=67507","name":"Et\u00e9 en grand \u00e0 Saint-Di\u00e9-des-Vosges\u00a0: le programme de la semaine - Saint Die Info","isPartOf":{"@id":"https:\/\/vosgesinfo.fr\/saintdieinfo\/#website"},"primaryImageOfPage":{"@id":"https:\/\/vosgesinfo.fr\/saintdieinfo\/?p=67507#primaryimage"},"image":{"@id":"https:\/\/vosgesinfo.fr\/saintdieinfo\/?p=67507#primaryimage"},"thumbnailUrl":"https:\/\/vosgesinfo.fr\/app\/uploads\/sites\/4\/2024\/06\/ete-en-grand-2024-2.jpg","datePublished":"2024-08-19T04:00:43+00:00","dateModified":"2024-08-16T18:29:19+00:00","breadcrumb":{"@id":"https:\/\/vosgesinfo.fr\/saintdieinfo\/?p=67507#breadcrumb"},"inLanguage":"fr-FR","potentialAction":[{"@type":"ReadAction","target":["https:\/\/vosgesinfo.fr\/saintdieinfo\/?p=67507"]}]},{"@type":"ImageObject","inLanguage":"fr-FR","@id":"https:\/\/vosgesinfo.fr\/saintdieinfo\/?p=67507#primaryimage","url":"https:\/\/vosgesinfo.fr\/app\/uploads\/sites\/4\/2024\/06\/ete-en-grand-2024-2.jpg","contentUrl":"https:\/\/vosgesinfo.fr\/app\/uploads\/sites\/4\/2024\/06\/ete-en-grand-2024-2.jpg","width":1181,"height":1772},{"@type":"BreadcrumbList","@id":"https:\/\/vosgesinfo.fr\/saintdieinfo\/?p=67507#breadcrumb","itemListElement":[{"@type":"ListItem","position":1,"name":"Home","item":"https:\/\/vosgesinfo.fr\/saintdieinfo\/"},{"@type":"ListItem","position":2,"name":"Et\u00e9 en grand \u00e0 Saint-Di\u00e9-des-Vosges\u00a0: le programme de la semaine"}]},{"@type":"WebSite","@id":"https:\/\/vosgesinfo.fr\/saintdieinfo\/#website","url":"https:\/\/vosgesinfo.fr\/saintdieinfo\/","name":"Saint Die Info","description":"Toute l&#039;actualit\u00e9 de Saint-Di\u00e9-Des-Vosges","publisher":{"@id":"https:\/\/vosgesinfo.fr\/saintdieinfo\/#organization"},"alternateName":"Toute l'actualit\u00e9 de Saint-Di\u00e9-Des-Vosges","potentialAction":[{"@type":"SearchAction","target":{"@type":"EntryPoint","urlTemplate":"https:\/\/vosgesinfo.fr\/saintdieinfo\/?s={search_term_string}"},"query-input":"required name=search_term_string"}],"inLanguage":"fr-FR"},{"@type":"Organization","@id":"https:\/\/vosgesinfo.fr\/saintdieinfo\/#organization","name":"Saint Die Info","url":"https:\/\/vosgesinfo.fr\/saintdieinfo\/","logo":{"@type":"ImageObject","inLanguage":"fr-FR","@id":"https:\/\/vosgesinfo.fr\/saintdieinfo\/#\/schema\/logo\/image\/","url":"https:\/\/vosgesinfo.fr\/app\/uploads\/sites\/4\/2024\/02\/logo-sdi.jpg","contentUrl":"https:\/\/vosgesinfo.fr\/app\/uploads\/sites\/4\/2024\/02\/logo-sdi.jpg","width":600,"height":600,"caption":"Saint Die Info"},"image":{"@id":"https:\/\/vosgesinfo.fr\/saintdieinfo\/#\/schema\/logo\/image\/"},"sameAs":["https:\/\/www.facebook.com\/Saintdieinfofr","https:\/\/x.com\/VosgesInfo88","https:\/\/www.youtube.com\/@vosgesinfo"]},{"@type":"Person","@id":"https:\/\/vosgesinfo.fr\/saintdieinfo\/#\/schema\/person\/fa73e9f726d67bb88f46d5b7943cb572","name":"J.J.","image":{"@type":"ImageObject","inLanguage":"fr-FR","@id":"https:\/\/vosgesinfo.fr\/saintdieinfo\/#\/schema\/person\/image\/","url":"https:\/\/secure.gravatar.com\/avatar\/219e749e47ffbcca018a360ae4add7d4cdf1cdaaf8bc7676b27efade3fe65615?s=96&d=mm&r=g","contentUrl":"https:\/\/secure.gravatar.com\/avatar\/219e749e47ffbcca018a360ae4add7d4cdf1cdaaf8bc7676b27efade3fe65615?s=96&d=mm&r=g","caption":"J.J."},"url":"https:\/\/vosgesinfo.fr\/saintdieinfo\/author\/j-j\/"}]}},"_links":{"self":[{"href":"https:\/\/vosgesinfo.fr\/saintdieinfo\/wp-json\/wp\/v2\/posts\/67507","targetHints":{"allow":["GET"]}}],"collection":[{"href":"https:\/\/vosgesinfo.fr\/saintdieinfo\/wp-json\/wp\/v2\/posts"}],"about":[{"href":"https:\/\/vosgesinfo.fr\/saintdieinfo\/wp-json\/wp\/v2\/types\/post"}],"author":[{"embeddable":true,"href":"https:\/\/vosgesinfo.fr\/saintdieinfo\/wp-json\/wp\/v2\/users\/46"}],"replies":[{"embeddable":true,"href":"https:\/\/vosgesinfo.fr\/saintdieinfo\/wp-json\/wp\/v2\/comments?post=67507"}],"version-history":[{"count":1,"href":"https:\/\/vosgesinfo.fr\/saintdieinfo\/wp-json\/wp\/v2\/posts\/67507\/revisions"}],"predecessor-version":[{"id":67508,"href":"https:\/\/vosgesinfo.fr\/saintdieinfo\/wp-json\/wp\/v2\/posts\/67507\/revisions\/67508"}],"wp:featuredmedia":[{"embeddable":true,"href":"https:\/\/vosgesinfo.fr\/saintdieinfo\/wp-json\/wp\/v2\/media\/34975"}],"wp:attachment":[{"href":"https:\/\/vosgesinfo.fr\/saintdieinfo\/wp-json\/wp\/v2\/media?parent=67507"}],"wp:term":[{"taxonomy":"category","embeddable":true,"href":"https:\/\/vosgesinfo.fr\/saintdieinfo\/wp-json\/wp\/v2\/categories?post=67507"},{"taxonomy":"post_tag","embeddable":true,"href":"https:\/\/vosgesinfo.fr\/saintdieinfo\/wp-json\/wp\/v2\/tags?post=67507"}],"curies":[{"name":"wp","href":"https:\/\/api.w.org\/{rel}","templated":true}]}}