{"id":67601,"date":"2024-08-27T08:43:21","date_gmt":"2024-08-27T06:43:21","guid":{"rendered":"https:\/\/vosgesinfo.fr\/saintdieinfo\/?p=67601"},"modified":"2024-08-27T08:43:21","modified_gmt":"2024-08-27T06:43:21","slug":"clap-de-fin-pour-les-lundis-de-saint-roch-a-lehpad-les-charmes","status":"publish","type":"post","link":"https:\/\/vosgesinfo.fr\/saintdieinfo\/2024\/08\/clap-de-fin-pour-les-lundis-de-saint-roch-a-lehpad-les-charmes\/","title":{"rendered":"Clap de fin pour les lundis de Saint Roch \u00e0 l&rsquo;Ehpad les Charmes"},"content":{"rendered":"<div dir=\"auto\"><a href=\"https:\/\/vosgesinfo.fr\/app\/uploads\/sites\/4\/2024\/08\/dsc9200.jpg\"><img decoding=\"async\" class=\"aligncenter wp-image-67602 size-full\" src=\"https:\/\/vosgesinfo.fr\/app\/uploads\/sites\/4\/2024\/08\/dsc9200.jpg\" alt=\"\" width=\"1024\" height=\"683\" srcset=\"https:\/\/vosgesinfo.fr\/app\/uploads\/sites\/4\/2024\/08\/dsc9200.jpg 1024w, https:\/\/vosgesinfo.fr\/app\/uploads\/sites\/4\/2024\/08\/dsc9200-300x200.jpg 300w, https:\/\/vosgesinfo.fr\/app\/uploads\/sites\/4\/2024\/08\/dsc9200-768x512.jpg 768w\" sizes=\"(max-width: 1024px) 100vw, 1024px\" \/><\/a><\/div>\n<div dir=\"auto\"><\/div>\n<div dir=\"auto\">\n<div id=\"attachment_67604\" style=\"width: 235px\" class=\"wp-caption alignright\"><a href=\"https:\/\/vosgesinfo.fr\/app\/uploads\/sites\/4\/2024\/08\/christophe-chatel-dit-giraf-artiste-de-la-compagnie-des-3-tresor-recoit-un-tableau-en-signe-de-remerciement-.jpg\"><img decoding=\"async\" aria-describedby=\"caption-attachment-67604\" class=\"size-medium wp-image-67604\" src=\"https:\/\/vosgesinfo.fr\/app\/uploads\/sites\/4\/2024\/08\/christophe-chatel-dit-giraf-artiste-de-la-compagnie-des-3-tresor-recoit-un-tableau-en-signe-de-remerciement--225x300.jpg\" alt=\"\" width=\"225\" height=\"300\" srcset=\"https:\/\/vosgesinfo.fr\/app\/uploads\/sites\/4\/2024\/08\/christophe-chatel-dit-giraf-artiste-de-la-compagnie-des-3-tresor-recoit-un-tableau-en-signe-de-remerciement--225x300.jpg 225w, https:\/\/vosgesinfo.fr\/app\/uploads\/sites\/4\/2024\/08\/christophe-chatel-dit-giraf-artiste-de-la-compagnie-des-3-tresor-recoit-un-tableau-en-signe-de-remerciement-.jpg 512w\" sizes=\"(max-width: 225px) 100vw, 225px\" \/><\/a><p id=\"caption-attachment-67604\" class=\"wp-caption-text\">Christophe Chatel dit Giraf artiste de la compagnie des 3 Tr\u00e9sor re\u00e7oit un tableau en signe de remerciements.<\/p><\/div>\n<p><span style=\"font-size: large;\">Clap de fin pour les lundis de Saint-Roch avec un <\/span><span style=\"font-size: large;\">9e et dernier \u00e9pisode de la saison 2024, \u00e0 l&rsquo;EHPAD les Charmes. <\/span><\/div>\n<div dir=\"auto\"><span style=\"font-size: large;\">A cette occasion, pour remercier les artistes intervenants, les r\u00e9sidents accompagn\u00e9s des b\u00e9n\u00e9voles VMEH (Visite de Malades en \u00c9tablissement Hospitalier) ont r\u00e9alis\u00e9 un tableau qui a \u00e9t\u00e9 remis par \u00c9velyne Fleurentdidier, responsable des b\u00e9n\u00e9voles VMEH de l&rsquo;\u00e9tablissement, \u00e0 Giraf alias Christophe Chatel, artiste r\u00e9f\u00e9rent de la compagnie des 3 Tr\u00e9sors. Pour conclure la saison en musique, la chanteuse Anne Marie AMA et le guitariste CentVingt ont anim\u00e9 la fin de journ\u00e9e par des chansons fran\u00e7aises devant les r\u00e9sidents.<\/span><\/div>\n<div dir=\"auto\"><\/div>\n<div dir=\"auto\"><a href=\"https:\/\/vosgesinfo.fr\/app\/uploads\/sites\/4\/2024\/08\/dsc9204.jpg\"><img decoding=\"async\" class=\"aligncenter wp-image-67603 size-full\" src=\"https:\/\/vosgesinfo.fr\/app\/uploads\/sites\/4\/2024\/08\/dsc9204.jpg\" alt=\"\" width=\"1024\" height=\"683\" srcset=\"https:\/\/vosgesinfo.fr\/app\/uploads\/sites\/4\/2024\/08\/dsc9204.jpg 1024w, https:\/\/vosgesinfo.fr\/app\/uploads\/sites\/4\/2024\/08\/dsc9204-300x200.jpg 300w, https:\/\/vosgesinfo.fr\/app\/uploads\/sites\/4\/2024\/08\/dsc9204-768x512.jpg 768w\" sizes=\"(max-width: 1024px) 100vw, 1024px\" \/><\/a><\/div>\n<div dir=\"auto\"><\/div>\n","protected":false},"excerpt":{"rendered":"<p>Clap de fin pour les lundis de Saint-Roch avec un 9e et dernier \u00e9pisode de la saison 2024, \u00e0 l&rsquo;EHPAD [&hellip;]<\/p>\n","protected":false},"author":391,"featured_media":67602,"comment_status":"open","ping_status":"open","sticky":false,"template":"","format":"standard","meta":{"footnotes":""},"categories":[460,8003,4152],"tags":[3804],"class_list":["post-67601","post","type-post","status-publish","format-standard","has-post-thumbnail","hentry","category-a-la-une","category-concert-culture","category-sante","tag-ehpad-les-charmes"],"acf":[],"yoast_head":"<!-- This site is optimized with the Yoast SEO plugin v22.5 - https:\/\/yoast.com\/wordpress\/plugins\/seo\/ -->\n<title>Clap de fin pour les lundis de Saint Roch \u00e0 l&#039;Ehpad les Charmes - Saint Die Info<\/title>\n<meta name=\"robots\" content=\"index, follow, max-snippet:-1, max-image-preview:large, max-video-preview:-1\" \/>\n<link rel=\"canonical\" href=\"https:\/\/vosgesinfo.fr\/saintdieinfo\/2024\/08\/clap-de-fin-pour-les-lundis-de-saint-roch-a-lehpad-les-charmes\/\" \/>\n<meta name=\"twitter:card\" content=\"summary_large_image\" \/>\n<meta name=\"twitter:title\" content=\"Clap de fin pour les lundis de Saint Roch \u00e0 l&#039;Ehpad les Charmes - Saint Die Info\" \/>\n<meta name=\"twitter:description\" content=\"Clap de fin pour les lundis de Saint-Roch avec un 9e et dernier \u00e9pisode de la saison 2024, \u00e0 l&rsquo;EHPAD [&hellip;]\" \/>\n<meta name=\"twitter:image\" content=\"https:\/\/vosgesinfo.fr\/app\/uploads\/sites\/4\/2024\/08\/dsc9200-300x200.jpg\" \/>\n<meta name=\"twitter:creator\" content=\"@VosgesInfo88\" \/>\n<meta name=\"twitter:site\" content=\"@VosgesInfo88\" \/>\n<meta name=\"twitter:label1\" content=\"\u00c9crit par\" \/>\n\t<meta name=\"twitter:data1\" content=\"La redaction\" \/>\n\t<meta name=\"twitter:label2\" content=\"Dur\u00e9e de lecture estim\u00e9e\" \/>\n\t<meta name=\"twitter:data2\" content=\"1 minute\" \/>\n<script type=\"application\/ld+json\" class=\"yoast-schema-graph\">{\"@context\":\"https:\/\/schema.org\",\"@graph\":[{\"@type\":\"Article\",\"@id\":\"https:\/\/vosgesinfo.fr\/saintdieinfo\/2024\/08\/clap-de-fin-pour-les-lundis-de-saint-roch-a-lehpad-les-charmes\/#article\",\"isPartOf\":{\"@id\":\"https:\/\/vosgesinfo.fr\/saintdieinfo\/2024\/08\/clap-de-fin-pour-les-lundis-de-saint-roch-a-lehpad-les-charmes\/\"},\"author\":{\"name\":\"La redaction\",\"@id\":\"https:\/\/vosgesinfo.fr\/saintdieinfo\/#\/schema\/person\/27a3695b06db98895b354c0765cdfc31\"},\"headline\":\"Clap de fin pour les lundis de Saint Roch \u00e0 l&rsquo;Ehpad les Charmes\",\"datePublished\":\"2024-08-27T06:43:21+00:00\",\"dateModified\":\"2024-08-27T06:43:21+00:00\",\"mainEntityOfPage\":{\"@id\":\"https:\/\/vosgesinfo.fr\/saintdieinfo\/2024\/08\/clap-de-fin-pour-les-lundis-de-saint-roch-a-lehpad-les-charmes\/\"},\"wordCount\":150,\"commentCount\":0,\"publisher\":{\"@id\":\"https:\/\/vosgesinfo.fr\/saintdieinfo\/#organization\"},\"image\":{\"@id\":\"https:\/\/vosgesinfo.fr\/saintdieinfo\/2024\/08\/clap-de-fin-pour-les-lundis-de-saint-roch-a-lehpad-les-charmes\/#primaryimage\"},\"thumbnailUrl\":\"https:\/\/vosgesinfo.fr\/app\/uploads\/sites\/4\/2024\/08\/dsc9200.jpg\",\"keywords\":[\"EHPAD Les Charmes\"],\"articleSection\":[\"A la Une\",\"Concert\",\"Sant\u00e9\"],\"inLanguage\":\"fr-FR\",\"potentialAction\":[{\"@type\":\"CommentAction\",\"name\":\"Comment\",\"target\":[\"https:\/\/vosgesinfo.fr\/saintdieinfo\/2024\/08\/clap-de-fin-pour-les-lundis-de-saint-roch-a-lehpad-les-charmes\/#respond\"]}]},{\"@type\":\"WebPage\",\"@id\":\"https:\/\/vosgesinfo.fr\/saintdieinfo\/2024\/08\/clap-de-fin-pour-les-lundis-de-saint-roch-a-lehpad-les-charmes\/\",\"url\":\"https:\/\/vosgesinfo.fr\/saintdieinfo\/2024\/08\/clap-de-fin-pour-les-lundis-de-saint-roch-a-lehpad-les-charmes\/\",\"name\":\"Clap de fin pour les lundis de Saint Roch \u00e0 l'Ehpad les Charmes - Saint Die Info\",\"isPartOf\":{\"@id\":\"https:\/\/vosgesinfo.fr\/saintdieinfo\/#website\"},\"primaryImageOfPage\":{\"@id\":\"https:\/\/vosgesinfo.fr\/saintdieinfo\/2024\/08\/clap-de-fin-pour-les-lundis-de-saint-roch-a-lehpad-les-charmes\/#primaryimage\"},\"image\":{\"@id\":\"https:\/\/vosgesinfo.fr\/saintdieinfo\/2024\/08\/clap-de-fin-pour-les-lundis-de-saint-roch-a-lehpad-les-charmes\/#primaryimage\"},\"thumbnailUrl\":\"https:\/\/vosgesinfo.fr\/app\/uploads\/sites\/4\/2024\/08\/dsc9200.jpg\",\"datePublished\":\"2024-08-27T06:43:21+00:00\",\"dateModified\":\"2024-08-27T06:43:21+00:00\",\"breadcrumb\":{\"@id\":\"https:\/\/vosgesinfo.fr\/saintdieinfo\/2024\/08\/clap-de-fin-pour-les-lundis-de-saint-roch-a-lehpad-les-charmes\/#breadcrumb\"},\"inLanguage\":\"fr-FR\",\"potentialAction\":[{\"@type\":\"ReadAction\",\"target\":[\"https:\/\/vosgesinfo.fr\/saintdieinfo\/2024\/08\/clap-de-fin-pour-les-lundis-de-saint-roch-a-lehpad-les-charmes\/\"]}]},{\"@type\":\"ImageObject\",\"inLanguage\":\"fr-FR\",\"@id\":\"https:\/\/vosgesinfo.fr\/saintdieinfo\/2024\/08\/clap-de-fin-pour-les-lundis-de-saint-roch-a-lehpad-les-charmes\/#primaryimage\",\"url\":\"https:\/\/vosgesinfo.fr\/app\/uploads\/sites\/4\/2024\/08\/dsc9200.jpg\",\"contentUrl\":\"https:\/\/vosgesinfo.fr\/app\/uploads\/sites\/4\/2024\/08\/dsc9200.jpg\",\"width\":1024,\"height\":683},{\"@type\":\"BreadcrumbList\",\"@id\":\"https:\/\/vosgesinfo.fr\/saintdieinfo\/2024\/08\/clap-de-fin-pour-les-lundis-de-saint-roch-a-lehpad-les-charmes\/#breadcrumb\",\"itemListElement\":[{\"@type\":\"ListItem\",\"position\":1,\"name\":\"Home\",\"item\":\"https:\/\/vosgesinfo.fr\/saintdieinfo\/\"},{\"@type\":\"ListItem\",\"position\":2,\"name\":\"Clap de fin pour les lundis de Saint Roch \u00e0 l&#8217;Ehpad les Charmes\"}]},{\"@type\":\"WebSite\",\"@id\":\"https:\/\/vosgesinfo.fr\/saintdieinfo\/#website\",\"url\":\"https:\/\/vosgesinfo.fr\/saintdieinfo\/\",\"name\":\"Saint Die Info\",\"description\":\"Toute l&#039;actualit\u00e9 de Saint-Di\u00e9-Des-Vosges\",\"publisher\":{\"@id\":\"https:\/\/vosgesinfo.fr\/saintdieinfo\/#organization\"},\"alternateName\":\"Toute l'actualit\u00e9 de Saint-Di\u00e9-Des-Vosges\",\"potentialAction\":[{\"@type\":\"SearchAction\",\"target\":{\"@type\":\"EntryPoint\",\"urlTemplate\":\"https:\/\/vosgesinfo.fr\/saintdieinfo\/?s={search_term_string}\"},\"query-input\":\"required name=search_term_string\"}],\"inLanguage\":\"fr-FR\"},{\"@type\":\"Organization\",\"@id\":\"https:\/\/vosgesinfo.fr\/saintdieinfo\/#organization\",\"name\":\"Saint Die Info\",\"url\":\"https:\/\/vosgesinfo.fr\/saintdieinfo\/\",\"logo\":{\"@type\":\"ImageObject\",\"inLanguage\":\"fr-FR\",\"@id\":\"https:\/\/vosgesinfo.fr\/saintdieinfo\/#\/schema\/logo\/image\/\",\"url\":\"https:\/\/vosgesinfo.fr\/app\/uploads\/sites\/4\/2024\/02\/logo-sdi.jpg\",\"contentUrl\":\"https:\/\/vosgesinfo.fr\/app\/uploads\/sites\/4\/2024\/02\/logo-sdi.jpg\",\"width\":600,\"height\":600,\"caption\":\"Saint Die Info\"},\"image\":{\"@id\":\"https:\/\/vosgesinfo.fr\/saintdieinfo\/#\/schema\/logo\/image\/\"},\"sameAs\":[\"https:\/\/www.facebook.com\/Saintdieinfofr\",\"https:\/\/x.com\/VosgesInfo88\",\"https:\/\/www.youtube.com\/@vosgesinfo\"]},{\"@type\":\"Person\",\"@id\":\"https:\/\/vosgesinfo.fr\/saintdieinfo\/#\/schema\/person\/27a3695b06db98895b354c0765cdfc31\",\"name\":\"La redaction\",\"image\":{\"@type\":\"ImageObject\",\"inLanguage\":\"fr-FR\",\"@id\":\"https:\/\/vosgesinfo.fr\/saintdieinfo\/#\/schema\/person\/image\/\",\"url\":\"https:\/\/secure.gravatar.com\/avatar\/64c76a78e501cedee55736f43f332df901e1896ae9cd8fad269ae2236dd0e8b6?s=96&d=mm&r=g\",\"contentUrl\":\"https:\/\/secure.gravatar.com\/avatar\/64c76a78e501cedee55736f43f332df901e1896ae9cd8fad269ae2236dd0e8b6?s=96&d=mm&r=g\",\"caption\":\"La redaction\"},\"url\":\"https:\/\/vosgesinfo.fr\/saintdieinfo\/author\/la-redaction\/\"}]}<\/script>\n<!-- \/ Yoast SEO plugin. -->","yoast_head_json":{"title":"Clap de fin pour les lundis de Saint Roch \u00e0 l'Ehpad les Charmes - Saint Die Info","robots":{"index":"index","follow":"follow","max-snippet":"max-snippet:-1","max-image-preview":"max-image-preview:large","max-video-preview":"max-video-preview:-1"},"canonical":"https:\/\/vosgesinfo.fr\/saintdieinfo\/2024\/08\/clap-de-fin-pour-les-lundis-de-saint-roch-a-lehpad-les-charmes\/","twitter_card":"summary_large_image","twitter_title":"Clap de fin pour les lundis de Saint Roch \u00e0 l'Ehpad les Charmes - Saint Die Info","twitter_description":"Clap de fin pour les lundis de Saint-Roch avec un 9e et dernier \u00e9pisode de la saison 2024, \u00e0 l&rsquo;EHPAD [&hellip;]","twitter_image":"https:\/\/vosgesinfo.fr\/app\/uploads\/sites\/4\/2024\/08\/dsc9200-300x200.jpg","twitter_creator":"@VosgesInfo88","twitter_site":"@VosgesInfo88","twitter_misc":{"\u00c9crit par":"La redaction","Dur\u00e9e de lecture estim\u00e9e":"1 minute"},"schema":{"@context":"https:\/\/schema.org","@graph":[{"@type":"Article","@id":"https:\/\/vosgesinfo.fr\/saintdieinfo\/2024\/08\/clap-de-fin-pour-les-lundis-de-saint-roch-a-lehpad-les-charmes\/#article","isPartOf":{"@id":"https:\/\/vosgesinfo.fr\/saintdieinfo\/2024\/08\/clap-de-fin-pour-les-lundis-de-saint-roch-a-lehpad-les-charmes\/"},"author":{"name":"La redaction","@id":"https:\/\/vosgesinfo.fr\/saintdieinfo\/#\/schema\/person\/27a3695b06db98895b354c0765cdfc31"},"headline":"Clap de fin pour les lundis de Saint Roch \u00e0 l&rsquo;Ehpad les Charmes","datePublished":"2024-08-27T06:43:21+00:00","dateModified":"2024-08-27T06:43:21+00:00","mainEntityOfPage":{"@id":"https:\/\/vosgesinfo.fr\/saintdieinfo\/2024\/08\/clap-de-fin-pour-les-lundis-de-saint-roch-a-lehpad-les-charmes\/"},"wordCount":150,"commentCount":0,"publisher":{"@id":"https:\/\/vosgesinfo.fr\/saintdieinfo\/#organization"},"image":{"@id":"https:\/\/vosgesinfo.fr\/saintdieinfo\/2024\/08\/clap-de-fin-pour-les-lundis-de-saint-roch-a-lehpad-les-charmes\/#primaryimage"},"thumbnailUrl":"https:\/\/vosgesinfo.fr\/app\/uploads\/sites\/4\/2024\/08\/dsc9200.jpg","keywords":["EHPAD Les Charmes"],"articleSection":["A la Une","Concert","Sant\u00e9"],"inLanguage":"fr-FR","potentialAction":[{"@type":"CommentAction","name":"Comment","target":["https:\/\/vosgesinfo.fr\/saintdieinfo\/2024\/08\/clap-de-fin-pour-les-lundis-de-saint-roch-a-lehpad-les-charmes\/#respond"]}]},{"@type":"WebPage","@id":"https:\/\/vosgesinfo.fr\/saintdieinfo\/2024\/08\/clap-de-fin-pour-les-lundis-de-saint-roch-a-lehpad-les-charmes\/","url":"https:\/\/vosgesinfo.fr\/saintdieinfo\/2024\/08\/clap-de-fin-pour-les-lundis-de-saint-roch-a-lehpad-les-charmes\/","name":"Clap de fin pour les lundis de Saint Roch \u00e0 l'Ehpad les Charmes - Saint Die Info","isPartOf":{"@id":"https:\/\/vosgesinfo.fr\/saintdieinfo\/#website"},"primaryImageOfPage":{"@id":"https:\/\/vosgesinfo.fr\/saintdieinfo\/2024\/08\/clap-de-fin-pour-les-lundis-de-saint-roch-a-lehpad-les-charmes\/#primaryimage"},"image":{"@id":"https:\/\/vosgesinfo.fr\/saintdieinfo\/2024\/08\/clap-de-fin-pour-les-lundis-de-saint-roch-a-lehpad-les-charmes\/#primaryimage"},"thumbnailUrl":"https:\/\/vosgesinfo.fr\/app\/uploads\/sites\/4\/2024\/08\/dsc9200.jpg","datePublished":"2024-08-27T06:43:21+00:00","dateModified":"2024-08-27T06:43:21+00:00","breadcrumb":{"@id":"https:\/\/vosgesinfo.fr\/saintdieinfo\/2024\/08\/clap-de-fin-pour-les-lundis-de-saint-roch-a-lehpad-les-charmes\/#breadcrumb"},"inLanguage":"fr-FR","potentialAction":[{"@type":"ReadAction","target":["https:\/\/vosgesinfo.fr\/saintdieinfo\/2024\/08\/clap-de-fin-pour-les-lundis-de-saint-roch-a-lehpad-les-charmes\/"]}]},{"@type":"ImageObject","inLanguage":"fr-FR","@id":"https:\/\/vosgesinfo.fr\/saintdieinfo\/2024\/08\/clap-de-fin-pour-les-lundis-de-saint-roch-a-lehpad-les-charmes\/#primaryimage","url":"https:\/\/vosgesinfo.fr\/app\/uploads\/sites\/4\/2024\/08\/dsc9200.jpg","contentUrl":"https:\/\/vosgesinfo.fr\/app\/uploads\/sites\/4\/2024\/08\/dsc9200.jpg","width":1024,"height":683},{"@type":"BreadcrumbList","@id":"https:\/\/vosgesinfo.fr\/saintdieinfo\/2024\/08\/clap-de-fin-pour-les-lundis-de-saint-roch-a-lehpad-les-charmes\/#breadcrumb","itemListElement":[{"@type":"ListItem","position":1,"name":"Home","item":"https:\/\/vosgesinfo.fr\/saintdieinfo\/"},{"@type":"ListItem","position":2,"name":"Clap de fin pour les lundis de Saint Roch \u00e0 l&#8217;Ehpad les Charmes"}]},{"@type":"WebSite","@id":"https:\/\/vosgesinfo.fr\/saintdieinfo\/#website","url":"https:\/\/vosgesinfo.fr\/saintdieinfo\/","name":"Saint Die Info","description":"Toute l&#039;actualit\u00e9 de Saint-Di\u00e9-Des-Vosges","publisher":{"@id":"https:\/\/vosgesinfo.fr\/saintdieinfo\/#organization"},"alternateName":"Toute l'actualit\u00e9 de Saint-Di\u00e9-Des-Vosges","potentialAction":[{"@type":"SearchAction","target":{"@type":"EntryPoint","urlTemplate":"https:\/\/vosgesinfo.fr\/saintdieinfo\/?s={search_term_string}"},"query-input":"required name=search_term_string"}],"inLanguage":"fr-FR"},{"@type":"Organization","@id":"https:\/\/vosgesinfo.fr\/saintdieinfo\/#organization","name":"Saint Die Info","url":"https:\/\/vosgesinfo.fr\/saintdieinfo\/","logo":{"@type":"ImageObject","inLanguage":"fr-FR","@id":"https:\/\/vosgesinfo.fr\/saintdieinfo\/#\/schema\/logo\/image\/","url":"https:\/\/vosgesinfo.fr\/app\/uploads\/sites\/4\/2024\/02\/logo-sdi.jpg","contentUrl":"https:\/\/vosgesinfo.fr\/app\/uploads\/sites\/4\/2024\/02\/logo-sdi.jpg","width":600,"height":600,"caption":"Saint Die Info"},"image":{"@id":"https:\/\/vosgesinfo.fr\/saintdieinfo\/#\/schema\/logo\/image\/"},"sameAs":["https:\/\/www.facebook.com\/Saintdieinfofr","https:\/\/x.com\/VosgesInfo88","https:\/\/www.youtube.com\/@vosgesinfo"]},{"@type":"Person","@id":"https:\/\/vosgesinfo.fr\/saintdieinfo\/#\/schema\/person\/27a3695b06db98895b354c0765cdfc31","name":"La redaction","image":{"@type":"ImageObject","inLanguage":"fr-FR","@id":"https:\/\/vosgesinfo.fr\/saintdieinfo\/#\/schema\/person\/image\/","url":"https:\/\/secure.gravatar.com\/avatar\/64c76a78e501cedee55736f43f332df901e1896ae9cd8fad269ae2236dd0e8b6?s=96&d=mm&r=g","contentUrl":"https:\/\/secure.gravatar.com\/avatar\/64c76a78e501cedee55736f43f332df901e1896ae9cd8fad269ae2236dd0e8b6?s=96&d=mm&r=g","caption":"La redaction"},"url":"https:\/\/vosgesinfo.fr\/saintdieinfo\/author\/la-redaction\/"}]}},"_links":{"self":[{"href":"https:\/\/vosgesinfo.fr\/saintdieinfo\/wp-json\/wp\/v2\/posts\/67601","targetHints":{"allow":["GET"]}}],"collection":[{"href":"https:\/\/vosgesinfo.fr\/saintdieinfo\/wp-json\/wp\/v2\/posts"}],"about":[{"href":"https:\/\/vosgesinfo.fr\/saintdieinfo\/wp-json\/wp\/v2\/types\/post"}],"author":[{"embeddable":true,"href":"https:\/\/vosgesinfo.fr\/saintdieinfo\/wp-json\/wp\/v2\/users\/391"}],"replies":[{"embeddable":true,"href":"https:\/\/vosgesinfo.fr\/saintdieinfo\/wp-json\/wp\/v2\/comments?post=67601"}],"version-history":[{"count":1,"href":"https:\/\/vosgesinfo.fr\/saintdieinfo\/wp-json\/wp\/v2\/posts\/67601\/revisions"}],"predecessor-version":[{"id":67605,"href":"https:\/\/vosgesinfo.fr\/saintdieinfo\/wp-json\/wp\/v2\/posts\/67601\/revisions\/67605"}],"wp:featuredmedia":[{"embeddable":true,"href":"https:\/\/vosgesinfo.fr\/saintdieinfo\/wp-json\/wp\/v2\/media\/67602"}],"wp:attachment":[{"href":"https:\/\/vosgesinfo.fr\/saintdieinfo\/wp-json\/wp\/v2\/media?parent=67601"}],"wp:term":[{"taxonomy":"category","embeddable":true,"href":"https:\/\/vosgesinfo.fr\/saintdieinfo\/wp-json\/wp\/v2\/categories?post=67601"},{"taxonomy":"post_tag","embeddable":true,"href":"https:\/\/vosgesinfo.fr\/saintdieinfo\/wp-json\/wp\/v2\/tags?post=67601"}],"curies":[{"name":"wp","href":"https:\/\/api.w.org\/{rel}","templated":true}]}}