{"id":67606,"date":"2024-08-27T16:15:48","date_gmt":"2024-08-27T14:15:48","guid":{"rendered":"https:\/\/vosgesinfo.fr\/saintdieinfo\/?p=67606"},"modified":"2024-08-27T16:15:48","modified_gmt":"2024-08-27T14:15:48","slug":"fig-le-jury-sest-reuni-pour-decerner-les-prix-litteraires","status":"publish","type":"post","link":"https:\/\/vosgesinfo.fr\/saintdieinfo\/2024\/08\/fig-le-jury-sest-reuni-pour-decerner-les-prix-litteraires\/","title":{"rendered":"FIG : le jury s&rsquo;est r\u00e9uni pour d\u00e9cerner les prix litt\u00e9raires"},"content":{"rendered":"<p><a href=\"https:\/\/vosgesinfo.fr\/app\/uploads\/sites\/4\/2024\/08\/dsc9232.jpg\"><img decoding=\"async\" class=\"aligncenter size-full wp-image-67608\" src=\"https:\/\/vosgesinfo.fr\/app\/uploads\/sites\/4\/2024\/08\/dsc9232.jpg\" alt=\"\" width=\"1024\" height=\"683\" srcset=\"https:\/\/vosgesinfo.fr\/app\/uploads\/sites\/4\/2024\/08\/dsc9232.jpg 1024w, https:\/\/vosgesinfo.fr\/app\/uploads\/sites\/4\/2024\/08\/dsc9232-300x200.jpg 300w, https:\/\/vosgesinfo.fr\/app\/uploads\/sites\/4\/2024\/08\/dsc9232-768x512.jpg 768w\" sizes=\"(max-width: 1024px) 100vw, 1024px\" \/><\/a><\/p>\n<p>&nbsp;<\/p>\n<p><strong>A un peu plus de 1 mois de l\u2019ouverture du 35e, Festival International de G\u00e9ographie (FIG) les membres du jury du prix Amerigo-Vespucci, compos\u00e9 de journalistes, \u00e9crivains, libraires et biblioth\u00e9caires, se sont r\u00e9uni ce mardi 27 ao\u00fbt, en fin de matin\u00e9e \u00e0 la salle Carbonnar afin de d\u00e9cerner :<\/strong><\/p>\n<ul>\n<li>le Prix Amerigo Vespucci 2024,<\/li>\n<li>le Prix Amerigo Vespucci Jeunesse 2024,<\/li>\n<li>le Prix de la BD G\u00e9ographique 2024.<\/li>\n<\/ul>\n<p>&nbsp;<\/p>\n<p><strong>Le prix Am\u00e9rigo Vespucci <\/strong>r\u00e9compense le ou les auteurs d\u2019un roman ou d\u2019un r\u00e9cit de voyage ou d\u2019aventure destin\u00e9 \u00e0 un public adulte. Ce prix dot\u00e9 de 1500 euros est financ\u00e9 par le Cr\u00e9dit Mutuel.<\/p>\n<p>Parmi les 13 ouvrages s\u00e9lectionn\u00e9s, c\u2019est le roman de Anne-Solange Muis \u00ab Une \u00eele pour elle \u00bb aux \u00e9ditions Ph\u00e9bus qui est retenu par le jury.<\/p>\n<p>&nbsp;<\/p>\n<p><strong><a href=\"https:\/\/vosgesinfo.fr\/app\/uploads\/sites\/4\/2024\/08\/dsc9223.jpg\"><img decoding=\"async\" class=\"size-medium wp-image-67607 alignright\" src=\"https:\/\/vosgesinfo.fr\/app\/uploads\/sites\/4\/2024\/08\/dsc9223-225x300.jpg\" alt=\"\" width=\"225\" height=\"300\" srcset=\"https:\/\/vosgesinfo.fr\/app\/uploads\/sites\/4\/2024\/08\/dsc9223-225x300.jpg 225w, https:\/\/vosgesinfo.fr\/app\/uploads\/sites\/4\/2024\/08\/dsc9223.jpg 512w\" sizes=\"(max-width: 225px) 100vw, 225px\" \/><\/a>Le Prix Amerigo Vespucci Jeunesse<\/strong> r\u00e9compense le ou les auteurs d\u2019un ouvrage documentaire destin\u00e9 aux jeunes lecteurs traitant les th\u00e9matiques de l\u2019aventure, du voyage ou des ailleurs.<\/p>\n<p>Son jury, compos\u00e9 d\u2019\u00e9crivains, de journalistes, de libraires, de biblioth\u00e9caires et d\u2019une classe d&rsquo;\u00e9l\u00e8ves. Ce Prix, dot\u00e9 de 1500 euros est financ\u00e9 par la MAE<\/p>\n<p>Parmi les 8 ouvrages s\u00e9lectionn\u00e9s : \u00ab\u00a0Quelqu&rsquo;un quelque part \u00bb de Tony Durand aux \u00e9ditions Motus \u2013 Janvier 2024 est retenu par le jury.<\/p>\n<p><strong>Le Prix de la BD G\u00e9ographique<\/strong> r\u00e9compense le ou les auteurs d\u2019un roman graphique ou d\u2019une bande dessin\u00e9e de voyage, d\u2019aventure, de d\u00e9couverte\u2026 et de tout th\u00e8me en lien avec la g\u00e9ographie.<\/p>\n<p>Son jury, compos\u00e9 de professionnels de la BD, du livre et du monde du voyage. Ce Prix est dot\u00e9 de 1500 euros. \u00ab\u00a0Au c\u0153ur des solitudes\u00a0\u00bb de Lomig aux \u00e9ditions Sarbacane \u2013 06\/09\/2023 remporte le choix du jury.<\/p>\n<p>Ces prix dot\u00e9s de 1500 euros seront remis lors du Festival International de G\u00e9ographie\u00a0, le samedi 5 octobre \u00e0 11h00 \u00e0 l\u2019H\u00f4tel de Ville.<\/p>\n<p><a href=\"https:\/\/vosgesinfo.fr\/app\/uploads\/sites\/4\/2024\/08\/dsc9220.jpg\"><img decoding=\"async\" class=\"aligncenter size-medium wp-image-67609\" src=\"https:\/\/vosgesinfo.fr\/app\/uploads\/sites\/4\/2024\/08\/dsc9220-300x200.jpg\" alt=\"\" width=\"300\" height=\"200\" srcset=\"https:\/\/vosgesinfo.fr\/app\/uploads\/sites\/4\/2024\/08\/dsc9220-300x200.jpg 300w, https:\/\/vosgesinfo.fr\/app\/uploads\/sites\/4\/2024\/08\/dsc9220-768x512.jpg 768w, https:\/\/vosgesinfo.fr\/app\/uploads\/sites\/4\/2024\/08\/dsc9220.jpg 1024w\" sizes=\"(max-width: 300px) 100vw, 300px\" \/><\/a><\/p>\n","protected":false},"excerpt":{"rendered":"<p>&nbsp; A un peu plus de 1 mois de l\u2019ouverture du 35e, Festival International de G\u00e9ographie (FIG) les membres du [&hellip;]<\/p>\n","protected":false},"author":391,"featured_media":67608,"comment_status":"open","ping_status":"open","sticky":false,"template":"","format":"standard","meta":{"footnotes":""},"categories":[460,8090],"tags":[4474,3082,3133],"class_list":["post-67606","post","type-post","status-publish","format-standard","has-post-thumbnail","hentry","category-a-la-une","category-litterature","tag-35e-festival-international-de-geographie-de-saint-die-des-vosges","tag-fig","tag-prix-amerigo-vespucci"],"acf":[],"yoast_head":"<!-- This site is optimized with the Yoast SEO plugin v22.5 - https:\/\/yoast.com\/wordpress\/plugins\/seo\/ -->\n<title>FIG : le jury s&#039;est r\u00e9uni pour d\u00e9cerner les prix litt\u00e9raires - Saint Die Info<\/title>\n<meta name=\"robots\" content=\"index, follow, max-snippet:-1, max-image-preview:large, max-video-preview:-1\" \/>\n<link rel=\"canonical\" href=\"https:\/\/vosgesinfo.fr\/saintdieinfo\/2024\/08\/fig-le-jury-sest-reuni-pour-decerner-les-prix-litteraires\/\" \/>\n<meta name=\"twitter:card\" content=\"summary_large_image\" \/>\n<meta name=\"twitter:title\" content=\"FIG : le jury s&#039;est r\u00e9uni pour d\u00e9cerner les prix litt\u00e9raires - Saint Die Info\" \/>\n<meta name=\"twitter:description\" content=\"&nbsp; A un peu plus de 1 mois de l\u2019ouverture du 35e, Festival International de G\u00e9ographie (FIG) les membres du [&hellip;]\" \/>\n<meta name=\"twitter:image\" content=\"https:\/\/vosgesinfo.fr\/app\/uploads\/sites\/4\/2024\/08\/dsc9232.jpg\" \/>\n<meta name=\"twitter:creator\" content=\"@VosgesInfo88\" \/>\n<meta name=\"twitter:site\" content=\"@VosgesInfo88\" \/>\n<meta name=\"twitter:label1\" content=\"\u00c9crit par\" \/>\n\t<meta name=\"twitter:data1\" content=\"La redaction\" \/>\n\t<meta name=\"twitter:label2\" content=\"Dur\u00e9e de lecture estim\u00e9e\" \/>\n\t<meta name=\"twitter:data2\" content=\"2 minutes\" \/>\n<script type=\"application\/ld+json\" class=\"yoast-schema-graph\">{\"@context\":\"https:\/\/schema.org\",\"@graph\":[{\"@type\":\"Article\",\"@id\":\"https:\/\/vosgesinfo.fr\/saintdieinfo\/2024\/08\/fig-le-jury-sest-reuni-pour-decerner-les-prix-litteraires\/#article\",\"isPartOf\":{\"@id\":\"https:\/\/vosgesinfo.fr\/saintdieinfo\/2024\/08\/fig-le-jury-sest-reuni-pour-decerner-les-prix-litteraires\/\"},\"author\":{\"name\":\"La redaction\",\"@id\":\"https:\/\/vosgesinfo.fr\/saintdieinfo\/#\/schema\/person\/27a3695b06db98895b354c0765cdfc31\"},\"headline\":\"FIG : le jury s&rsquo;est r\u00e9uni pour d\u00e9cerner les prix litt\u00e9raires\",\"datePublished\":\"2024-08-27T14:15:48+00:00\",\"dateModified\":\"2024-08-27T14:15:48+00:00\",\"mainEntityOfPage\":{\"@id\":\"https:\/\/vosgesinfo.fr\/saintdieinfo\/2024\/08\/fig-le-jury-sest-reuni-pour-decerner-les-prix-litteraires\/\"},\"wordCount\":335,\"commentCount\":0,\"publisher\":{\"@id\":\"https:\/\/vosgesinfo.fr\/saintdieinfo\/#organization\"},\"image\":{\"@id\":\"https:\/\/vosgesinfo.fr\/saintdieinfo\/2024\/08\/fig-le-jury-sest-reuni-pour-decerner-les-prix-litteraires\/#primaryimage\"},\"thumbnailUrl\":\"https:\/\/vosgesinfo.fr\/app\/uploads\/sites\/4\/2024\/08\/dsc9232.jpg\",\"keywords\":[\"35e Festival International de G\u00e9ographie de Saint-Di\u00e9-des-Vosges\",\"FIG\",\"Prix Amerigo-Vespucci\"],\"articleSection\":[\"A la Une\",\"Litt\u00e9rature\"],\"inLanguage\":\"fr-FR\",\"potentialAction\":[{\"@type\":\"CommentAction\",\"name\":\"Comment\",\"target\":[\"https:\/\/vosgesinfo.fr\/saintdieinfo\/2024\/08\/fig-le-jury-sest-reuni-pour-decerner-les-prix-litteraires\/#respond\"]}]},{\"@type\":\"WebPage\",\"@id\":\"https:\/\/vosgesinfo.fr\/saintdieinfo\/2024\/08\/fig-le-jury-sest-reuni-pour-decerner-les-prix-litteraires\/\",\"url\":\"https:\/\/vosgesinfo.fr\/saintdieinfo\/2024\/08\/fig-le-jury-sest-reuni-pour-decerner-les-prix-litteraires\/\",\"name\":\"FIG : le jury s'est r\u00e9uni pour d\u00e9cerner les prix litt\u00e9raires - Saint Die Info\",\"isPartOf\":{\"@id\":\"https:\/\/vosgesinfo.fr\/saintdieinfo\/#website\"},\"primaryImageOfPage\":{\"@id\":\"https:\/\/vosgesinfo.fr\/saintdieinfo\/2024\/08\/fig-le-jury-sest-reuni-pour-decerner-les-prix-litteraires\/#primaryimage\"},\"image\":{\"@id\":\"https:\/\/vosgesinfo.fr\/saintdieinfo\/2024\/08\/fig-le-jury-sest-reuni-pour-decerner-les-prix-litteraires\/#primaryimage\"},\"thumbnailUrl\":\"https:\/\/vosgesinfo.fr\/app\/uploads\/sites\/4\/2024\/08\/dsc9232.jpg\",\"datePublished\":\"2024-08-27T14:15:48+00:00\",\"dateModified\":\"2024-08-27T14:15:48+00:00\",\"breadcrumb\":{\"@id\":\"https:\/\/vosgesinfo.fr\/saintdieinfo\/2024\/08\/fig-le-jury-sest-reuni-pour-decerner-les-prix-litteraires\/#breadcrumb\"},\"inLanguage\":\"fr-FR\",\"potentialAction\":[{\"@type\":\"ReadAction\",\"target\":[\"https:\/\/vosgesinfo.fr\/saintdieinfo\/2024\/08\/fig-le-jury-sest-reuni-pour-decerner-les-prix-litteraires\/\"]}]},{\"@type\":\"ImageObject\",\"inLanguage\":\"fr-FR\",\"@id\":\"https:\/\/vosgesinfo.fr\/saintdieinfo\/2024\/08\/fig-le-jury-sest-reuni-pour-decerner-les-prix-litteraires\/#primaryimage\",\"url\":\"https:\/\/vosgesinfo.fr\/app\/uploads\/sites\/4\/2024\/08\/dsc9232.jpg\",\"contentUrl\":\"https:\/\/vosgesinfo.fr\/app\/uploads\/sites\/4\/2024\/08\/dsc9232.jpg\",\"width\":1024,\"height\":683},{\"@type\":\"BreadcrumbList\",\"@id\":\"https:\/\/vosgesinfo.fr\/saintdieinfo\/2024\/08\/fig-le-jury-sest-reuni-pour-decerner-les-prix-litteraires\/#breadcrumb\",\"itemListElement\":[{\"@type\":\"ListItem\",\"position\":1,\"name\":\"Home\",\"item\":\"https:\/\/vosgesinfo.fr\/saintdieinfo\/\"},{\"@type\":\"ListItem\",\"position\":2,\"name\":\"FIG : le jury s&#8217;est r\u00e9uni pour d\u00e9cerner les prix litt\u00e9raires\"}]},{\"@type\":\"WebSite\",\"@id\":\"https:\/\/vosgesinfo.fr\/saintdieinfo\/#website\",\"url\":\"https:\/\/vosgesinfo.fr\/saintdieinfo\/\",\"name\":\"Saint Die Info\",\"description\":\"Toute l&#039;actualit\u00e9 de Saint-Di\u00e9-Des-Vosges\",\"publisher\":{\"@id\":\"https:\/\/vosgesinfo.fr\/saintdieinfo\/#organization\"},\"alternateName\":\"Toute l'actualit\u00e9 de Saint-Di\u00e9-Des-Vosges\",\"potentialAction\":[{\"@type\":\"SearchAction\",\"target\":{\"@type\":\"EntryPoint\",\"urlTemplate\":\"https:\/\/vosgesinfo.fr\/saintdieinfo\/?s={search_term_string}\"},\"query-input\":\"required name=search_term_string\"}],\"inLanguage\":\"fr-FR\"},{\"@type\":\"Organization\",\"@id\":\"https:\/\/vosgesinfo.fr\/saintdieinfo\/#organization\",\"name\":\"Saint Die Info\",\"url\":\"https:\/\/vosgesinfo.fr\/saintdieinfo\/\",\"logo\":{\"@type\":\"ImageObject\",\"inLanguage\":\"fr-FR\",\"@id\":\"https:\/\/vosgesinfo.fr\/saintdieinfo\/#\/schema\/logo\/image\/\",\"url\":\"https:\/\/vosgesinfo.fr\/app\/uploads\/sites\/4\/2024\/02\/logo-sdi.jpg\",\"contentUrl\":\"https:\/\/vosgesinfo.fr\/app\/uploads\/sites\/4\/2024\/02\/logo-sdi.jpg\",\"width\":600,\"height\":600,\"caption\":\"Saint Die Info\"},\"image\":{\"@id\":\"https:\/\/vosgesinfo.fr\/saintdieinfo\/#\/schema\/logo\/image\/\"},\"sameAs\":[\"https:\/\/www.facebook.com\/Saintdieinfofr\",\"https:\/\/x.com\/VosgesInfo88\",\"https:\/\/www.youtube.com\/@vosgesinfo\"]},{\"@type\":\"Person\",\"@id\":\"https:\/\/vosgesinfo.fr\/saintdieinfo\/#\/schema\/person\/27a3695b06db98895b354c0765cdfc31\",\"name\":\"La redaction\",\"image\":{\"@type\":\"ImageObject\",\"inLanguage\":\"fr-FR\",\"@id\":\"https:\/\/vosgesinfo.fr\/saintdieinfo\/#\/schema\/person\/image\/\",\"url\":\"https:\/\/secure.gravatar.com\/avatar\/64c76a78e501cedee55736f43f332df901e1896ae9cd8fad269ae2236dd0e8b6?s=96&d=mm&r=g\",\"contentUrl\":\"https:\/\/secure.gravatar.com\/avatar\/64c76a78e501cedee55736f43f332df901e1896ae9cd8fad269ae2236dd0e8b6?s=96&d=mm&r=g\",\"caption\":\"La redaction\"},\"url\":\"https:\/\/vosgesinfo.fr\/saintdieinfo\/author\/la-redaction\/\"}]}<\/script>\n<!-- \/ Yoast SEO plugin. -->","yoast_head_json":{"title":"FIG : le jury s'est r\u00e9uni pour d\u00e9cerner les prix litt\u00e9raires - Saint Die Info","robots":{"index":"index","follow":"follow","max-snippet":"max-snippet:-1","max-image-preview":"max-image-preview:large","max-video-preview":"max-video-preview:-1"},"canonical":"https:\/\/vosgesinfo.fr\/saintdieinfo\/2024\/08\/fig-le-jury-sest-reuni-pour-decerner-les-prix-litteraires\/","twitter_card":"summary_large_image","twitter_title":"FIG : le jury s'est r\u00e9uni pour d\u00e9cerner les prix litt\u00e9raires - Saint Die Info","twitter_description":"&nbsp; A un peu plus de 1 mois de l\u2019ouverture du 35e, Festival International de G\u00e9ographie (FIG) les membres du [&hellip;]","twitter_image":"https:\/\/vosgesinfo.fr\/app\/uploads\/sites\/4\/2024\/08\/dsc9232.jpg","twitter_creator":"@VosgesInfo88","twitter_site":"@VosgesInfo88","twitter_misc":{"\u00c9crit par":"La redaction","Dur\u00e9e de lecture estim\u00e9e":"2 minutes"},"schema":{"@context":"https:\/\/schema.org","@graph":[{"@type":"Article","@id":"https:\/\/vosgesinfo.fr\/saintdieinfo\/2024\/08\/fig-le-jury-sest-reuni-pour-decerner-les-prix-litteraires\/#article","isPartOf":{"@id":"https:\/\/vosgesinfo.fr\/saintdieinfo\/2024\/08\/fig-le-jury-sest-reuni-pour-decerner-les-prix-litteraires\/"},"author":{"name":"La redaction","@id":"https:\/\/vosgesinfo.fr\/saintdieinfo\/#\/schema\/person\/27a3695b06db98895b354c0765cdfc31"},"headline":"FIG : le jury s&rsquo;est r\u00e9uni pour d\u00e9cerner les prix litt\u00e9raires","datePublished":"2024-08-27T14:15:48+00:00","dateModified":"2024-08-27T14:15:48+00:00","mainEntityOfPage":{"@id":"https:\/\/vosgesinfo.fr\/saintdieinfo\/2024\/08\/fig-le-jury-sest-reuni-pour-decerner-les-prix-litteraires\/"},"wordCount":335,"commentCount":0,"publisher":{"@id":"https:\/\/vosgesinfo.fr\/saintdieinfo\/#organization"},"image":{"@id":"https:\/\/vosgesinfo.fr\/saintdieinfo\/2024\/08\/fig-le-jury-sest-reuni-pour-decerner-les-prix-litteraires\/#primaryimage"},"thumbnailUrl":"https:\/\/vosgesinfo.fr\/app\/uploads\/sites\/4\/2024\/08\/dsc9232.jpg","keywords":["35e Festival International de G\u00e9ographie de Saint-Di\u00e9-des-Vosges","FIG","Prix Amerigo-Vespucci"],"articleSection":["A la Une","Litt\u00e9rature"],"inLanguage":"fr-FR","potentialAction":[{"@type":"CommentAction","name":"Comment","target":["https:\/\/vosgesinfo.fr\/saintdieinfo\/2024\/08\/fig-le-jury-sest-reuni-pour-decerner-les-prix-litteraires\/#respond"]}]},{"@type":"WebPage","@id":"https:\/\/vosgesinfo.fr\/saintdieinfo\/2024\/08\/fig-le-jury-sest-reuni-pour-decerner-les-prix-litteraires\/","url":"https:\/\/vosgesinfo.fr\/saintdieinfo\/2024\/08\/fig-le-jury-sest-reuni-pour-decerner-les-prix-litteraires\/","name":"FIG : le jury s'est r\u00e9uni pour d\u00e9cerner les prix litt\u00e9raires - Saint Die Info","isPartOf":{"@id":"https:\/\/vosgesinfo.fr\/saintdieinfo\/#website"},"primaryImageOfPage":{"@id":"https:\/\/vosgesinfo.fr\/saintdieinfo\/2024\/08\/fig-le-jury-sest-reuni-pour-decerner-les-prix-litteraires\/#primaryimage"},"image":{"@id":"https:\/\/vosgesinfo.fr\/saintdieinfo\/2024\/08\/fig-le-jury-sest-reuni-pour-decerner-les-prix-litteraires\/#primaryimage"},"thumbnailUrl":"https:\/\/vosgesinfo.fr\/app\/uploads\/sites\/4\/2024\/08\/dsc9232.jpg","datePublished":"2024-08-27T14:15:48+00:00","dateModified":"2024-08-27T14:15:48+00:00","breadcrumb":{"@id":"https:\/\/vosgesinfo.fr\/saintdieinfo\/2024\/08\/fig-le-jury-sest-reuni-pour-decerner-les-prix-litteraires\/#breadcrumb"},"inLanguage":"fr-FR","potentialAction":[{"@type":"ReadAction","target":["https:\/\/vosgesinfo.fr\/saintdieinfo\/2024\/08\/fig-le-jury-sest-reuni-pour-decerner-les-prix-litteraires\/"]}]},{"@type":"ImageObject","inLanguage":"fr-FR","@id":"https:\/\/vosgesinfo.fr\/saintdieinfo\/2024\/08\/fig-le-jury-sest-reuni-pour-decerner-les-prix-litteraires\/#primaryimage","url":"https:\/\/vosgesinfo.fr\/app\/uploads\/sites\/4\/2024\/08\/dsc9232.jpg","contentUrl":"https:\/\/vosgesinfo.fr\/app\/uploads\/sites\/4\/2024\/08\/dsc9232.jpg","width":1024,"height":683},{"@type":"BreadcrumbList","@id":"https:\/\/vosgesinfo.fr\/saintdieinfo\/2024\/08\/fig-le-jury-sest-reuni-pour-decerner-les-prix-litteraires\/#breadcrumb","itemListElement":[{"@type":"ListItem","position":1,"name":"Home","item":"https:\/\/vosgesinfo.fr\/saintdieinfo\/"},{"@type":"ListItem","position":2,"name":"FIG : le jury s&#8217;est r\u00e9uni pour d\u00e9cerner les prix litt\u00e9raires"}]},{"@type":"WebSite","@id":"https:\/\/vosgesinfo.fr\/saintdieinfo\/#website","url":"https:\/\/vosgesinfo.fr\/saintdieinfo\/","name":"Saint Die Info","description":"Toute l&#039;actualit\u00e9 de Saint-Di\u00e9-Des-Vosges","publisher":{"@id":"https:\/\/vosgesinfo.fr\/saintdieinfo\/#organization"},"alternateName":"Toute l'actualit\u00e9 de Saint-Di\u00e9-Des-Vosges","potentialAction":[{"@type":"SearchAction","target":{"@type":"EntryPoint","urlTemplate":"https:\/\/vosgesinfo.fr\/saintdieinfo\/?s={search_term_string}"},"query-input":"required name=search_term_string"}],"inLanguage":"fr-FR"},{"@type":"Organization","@id":"https:\/\/vosgesinfo.fr\/saintdieinfo\/#organization","name":"Saint Die Info","url":"https:\/\/vosgesinfo.fr\/saintdieinfo\/","logo":{"@type":"ImageObject","inLanguage":"fr-FR","@id":"https:\/\/vosgesinfo.fr\/saintdieinfo\/#\/schema\/logo\/image\/","url":"https:\/\/vosgesinfo.fr\/app\/uploads\/sites\/4\/2024\/02\/logo-sdi.jpg","contentUrl":"https:\/\/vosgesinfo.fr\/app\/uploads\/sites\/4\/2024\/02\/logo-sdi.jpg","width":600,"height":600,"caption":"Saint Die Info"},"image":{"@id":"https:\/\/vosgesinfo.fr\/saintdieinfo\/#\/schema\/logo\/image\/"},"sameAs":["https:\/\/www.facebook.com\/Saintdieinfofr","https:\/\/x.com\/VosgesInfo88","https:\/\/www.youtube.com\/@vosgesinfo"]},{"@type":"Person","@id":"https:\/\/vosgesinfo.fr\/saintdieinfo\/#\/schema\/person\/27a3695b06db98895b354c0765cdfc31","name":"La redaction","image":{"@type":"ImageObject","inLanguage":"fr-FR","@id":"https:\/\/vosgesinfo.fr\/saintdieinfo\/#\/schema\/person\/image\/","url":"https:\/\/secure.gravatar.com\/avatar\/64c76a78e501cedee55736f43f332df901e1896ae9cd8fad269ae2236dd0e8b6?s=96&d=mm&r=g","contentUrl":"https:\/\/secure.gravatar.com\/avatar\/64c76a78e501cedee55736f43f332df901e1896ae9cd8fad269ae2236dd0e8b6?s=96&d=mm&r=g","caption":"La redaction"},"url":"https:\/\/vosgesinfo.fr\/saintdieinfo\/author\/la-redaction\/"}]}},"_links":{"self":[{"href":"https:\/\/vosgesinfo.fr\/saintdieinfo\/wp-json\/wp\/v2\/posts\/67606","targetHints":{"allow":["GET"]}}],"collection":[{"href":"https:\/\/vosgesinfo.fr\/saintdieinfo\/wp-json\/wp\/v2\/posts"}],"about":[{"href":"https:\/\/vosgesinfo.fr\/saintdieinfo\/wp-json\/wp\/v2\/types\/post"}],"author":[{"embeddable":true,"href":"https:\/\/vosgesinfo.fr\/saintdieinfo\/wp-json\/wp\/v2\/users\/391"}],"replies":[{"embeddable":true,"href":"https:\/\/vosgesinfo.fr\/saintdieinfo\/wp-json\/wp\/v2\/comments?post=67606"}],"version-history":[{"count":1,"href":"https:\/\/vosgesinfo.fr\/saintdieinfo\/wp-json\/wp\/v2\/posts\/67606\/revisions"}],"predecessor-version":[{"id":67610,"href":"https:\/\/vosgesinfo.fr\/saintdieinfo\/wp-json\/wp\/v2\/posts\/67606\/revisions\/67610"}],"wp:featuredmedia":[{"embeddable":true,"href":"https:\/\/vosgesinfo.fr\/saintdieinfo\/wp-json\/wp\/v2\/media\/67608"}],"wp:attachment":[{"href":"https:\/\/vosgesinfo.fr\/saintdieinfo\/wp-json\/wp\/v2\/media?parent=67606"}],"wp:term":[{"taxonomy":"category","embeddable":true,"href":"https:\/\/vosgesinfo.fr\/saintdieinfo\/wp-json\/wp\/v2\/categories?post=67606"},{"taxonomy":"post_tag","embeddable":true,"href":"https:\/\/vosgesinfo.fr\/saintdieinfo\/wp-json\/wp\/v2\/tags?post=67606"}],"curies":[{"name":"wp","href":"https:\/\/api.w.org\/{rel}","templated":true}]}}