{"id":67613,"date":"2024-08-28T11:41:12","date_gmt":"2024-08-28T09:41:12","guid":{"rendered":"https:\/\/vosgesinfo.fr\/saintdieinfo\/?p=67613"},"modified":"2024-08-28T11:41:12","modified_gmt":"2024-08-28T09:41:12","slug":"%f0%9d%90%8f%f0%9d%90%8b%f0%9d%90%80%f0%9d%90%88%f0%9d%90%8d%f0%9d%90%85%f0%9d%90%80%f0%9d%90%88%f0%9d%90%8d%f0%9d%90%86-%f0%9d%90%a9%f0%9d%90%ab%f0%9d%90%a8%f0%9d%90%a3%f0%9d%90%9e%f0%9d%90%9c","status":"publish","type":"post","link":"https:\/\/vosgesinfo.fr\/saintdieinfo\/2024\/08\/%f0%9d%90%8f%f0%9d%90%8b%f0%9d%90%80%f0%9d%90%88%f0%9d%90%8d%f0%9d%90%85%f0%9d%90%80%f0%9d%90%88%f0%9d%90%8d%f0%9d%90%86-%f0%9d%90%a9%f0%9d%90%ab%f0%9d%90%a8%f0%9d%90%a3%f0%9d%90%9e%f0%9d%90%9c\/","title":{"rendered":"\ud835\udc0f\ud835\udc0b\ud835\udc00\ud835\udc08\ud835\udc0d\ud835\udc05\ud835\udc00\ud835\udc08\ud835\udc0d\ud835\udc06 : \ud835\udc29\ud835\udc2b\ud835\udc28\ud835\udc23\ud835\udc1e\ud835\udc1c\ud835\udc2d\ud835\udc22\ud835\udc28\ud835\udc27 \ud835\udc1d\ud835\udc2e \ud835\udc1f\ud835\udc22\ud835\udc25\ud835\udc26 \u00ab\u00a0\ud835\udc03\ud835\udc2e \ud835\udc2d\ud835\udc1e\ud835\udc26\ud835\udc29\ud835\udc2c \ud835\udc1d\ud835\udc1e \ud835\udc25\ud835\udc1a \ud835\udc20\ud835\udc2e\ud835\udc1e\ud835\udc2b\ud835\udc2b\ud835\udc1e\u00a0\u00bb"},"content":{"rendered":"<p><strong> Cin\u00e9-rencontre<br \/>\n<\/strong><\/p>\n<p><a href=\"https:\/\/vosgesinfo.fr\/app\/uploads\/sites\/4\/2024\/08\/600px.jpg\"><img decoding=\"async\" class=\"alignright size-medium wp-image-67614\" src=\"https:\/\/vosgesinfo.fr\/app\/uploads\/sites\/4\/2024\/08\/600px-178x300.jpg\" alt=\"\" width=\"178\" height=\"300\" srcset=\"https:\/\/vosgesinfo.fr\/app\/uploads\/sites\/4\/2024\/08\/600px-178x300.jpg 178w, https:\/\/vosgesinfo.fr\/app\/uploads\/sites\/4\/2024\/08\/600px.jpg 600w\" sizes=\"(max-width: 178px) 100vw, 178px\" \/><\/a>\u00c0 l\u2019invitation de la commune de <strong>Plainfaing<\/strong>, dans le cadre des manifestations pour le 80\u00e8me anniversaire\u00a0 des \u00e9v\u00e8nements de La Planchette \u00e0 Fouchifol, Jacques Cuny pr\u00e9sentera le <strong>samedi 31 ao\u00fbt 2024 \u00e0 20h30 au Cin\u00e9ma de Plainfaing<\/strong> son film \u00ab<strong>\u00a0Du temps de la guerre<\/strong>\u00a0\u00bb r\u00e9alis\u00e9 en 2004.<\/p>\n<p><strong>Durant 72 mn<\/strong>, au travers d\u2019un remarquable r\u00e9cit illustr\u00e9 d\u2019images d\u2019\u00e9poque et de documents exceptionnels,<strong> 45 t\u00e9moins<\/strong> se succ\u00e8dent pour \u00e9voquer leurs souvenirs de jeunesse, de Saint-Di\u00e9 au Valtin, de Plainfaing \u00e0 Entre-Deux-Eaux, voire \u00e0 Lapoutroie, sur le versant alsacien du Bonhomme, annex\u00e9 par les Allemands.<\/p>\n<p>\u00a0\u00bb Je pense que c\u2019est indispensable d\u2019en parler \u00ab\u00a0, t\u00e9moigne notamment Marcel Thomas, qui fut d\u00e9port\u00e9. \u00a0\u00bb On \u00e9prouve le besoin de signaler aux jeunes g\u00e9n\u00e9rations que la paix que nous avons regagn\u00e9e en 1945 n\u2019est pas assur\u00e9e pour toujours.\u00a0\u00bb A ce titre, le film de Jacques Cuny fait incontestablement valeur d\u2019\u0153uvre p\u00e9dagogique, de document pr\u00e9cieux \u00e0 soumettre \u00e0 la post\u00e9rit\u00e9.<\/p>\n<p>Voir la bande-annonce du film \u00ab\u00a0Du temps de la guerre\u00a0\u00bb : <a href=\"https:\/\/www.youtube.com\/watch?v=gkmqhXyg7n8\" data-saferedirecturl=\"https:\/\/www.google.com\/url?q=https:\/\/www.youtube.com\/watch?v%3DgkmqhXyg7n8&amp;source=gmail&amp;ust=1724922876527000&amp;usg=AOvVaw0Uvp9kWCjIGzWSb1XvnDsk\">https:\/\/www.youtube.com\/watch?v=gkmqhXyg7n8<\/a><\/p>\n","protected":false},"excerpt":{"rendered":"<p>Cin\u00e9-rencontre \u00c0 l\u2019invitation de la commune de Plainfaing, dans le cadre des manifestations pour le 80\u00e8me anniversaire\u00a0 des \u00e9v\u00e8nements de [&hellip;]<\/p>\n","protected":false},"author":391,"featured_media":67614,"comment_status":"open","ping_status":"open","sticky":false,"template":"","format":"standard","meta":{"footnotes":""},"categories":[460,5391],"tags":[],"class_list":["post-67613","post","type-post","status-publish","format-standard","has-post-thumbnail","hentry","category-a-la-une","category-gerardmer"],"acf":[],"yoast_head":"<!-- This site is optimized with the Yoast SEO plugin v22.5 - https:\/\/yoast.com\/wordpress\/plugins\/seo\/ -->\n<title>\ud835\udc0f\ud835\udc0b\ud835\udc00\ud835\udc08\ud835\udc0d\ud835\udc05\ud835\udc00\ud835\udc08\ud835\udc0d\ud835\udc06 : \ud835\udc29\ud835\udc2b\ud835\udc28\ud835\udc23\ud835\udc1e\ud835\udc1c\ud835\udc2d\ud835\udc22\ud835\udc28\ud835\udc27 \ud835\udc1d\ud835\udc2e \ud835\udc1f\ud835\udc22\ud835\udc25\ud835\udc26 &quot;\ud835\udc03\ud835\udc2e \ud835\udc2d\ud835\udc1e\ud835\udc26\ud835\udc29\ud835\udc2c \ud835\udc1d\ud835\udc1e \ud835\udc25\ud835\udc1a \ud835\udc20\ud835\udc2e\ud835\udc1e\ud835\udc2b\ud835\udc2b\ud835\udc1e&quot; - Saint Die Info<\/title>\n<meta name=\"robots\" content=\"index, follow, max-snippet:-1, max-image-preview:large, max-video-preview:-1\" \/>\n<link rel=\"canonical\" href=\"https:\/\/vosgesinfo.fr\/saintdieinfo\/?p=67613\" \/>\n<meta name=\"twitter:card\" content=\"summary_large_image\" \/>\n<meta name=\"twitter:title\" content=\"\ud835\udc0f\ud835\udc0b\ud835\udc00\ud835\udc08\ud835\udc0d\ud835\udc05\ud835\udc00\ud835\udc08\ud835\udc0d\ud835\udc06 : \ud835\udc29\ud835\udc2b\ud835\udc28\ud835\udc23\ud835\udc1e\ud835\udc1c\ud835\udc2d\ud835\udc22\ud835\udc28\ud835\udc27 \ud835\udc1d\ud835\udc2e \ud835\udc1f\ud835\udc22\ud835\udc25\ud835\udc26 &quot;\ud835\udc03\ud835\udc2e \ud835\udc2d\ud835\udc1e\ud835\udc26\ud835\udc29\ud835\udc2c \ud835\udc1d\ud835\udc1e \ud835\udc25\ud835\udc1a \ud835\udc20\ud835\udc2e\ud835\udc1e\ud835\udc2b\ud835\udc2b\ud835\udc1e&quot; - Saint Die Info\" \/>\n<meta name=\"twitter:description\" content=\"Cin\u00e9-rencontre \u00c0 l\u2019invitation de la commune de Plainfaing, dans le cadre des manifestations pour le 80\u00e8me anniversaire\u00a0 des \u00e9v\u00e8nements de [&hellip;]\" \/>\n<meta name=\"twitter:creator\" content=\"@VosgesInfo88\" \/>\n<meta name=\"twitter:site\" content=\"@VosgesInfo88\" \/>\n<meta name=\"twitter:label1\" content=\"\u00c9crit par\" \/>\n\t<meta name=\"twitter:data1\" content=\"La redaction\" \/>\n\t<meta name=\"twitter:label2\" content=\"Dur\u00e9e de lecture estim\u00e9e\" \/>\n\t<meta name=\"twitter:data2\" content=\"1 minute\" \/>\n<script type=\"application\/ld+json\" class=\"yoast-schema-graph\">{\"@context\":\"https:\/\/schema.org\",\"@graph\":[{\"@type\":\"Article\",\"@id\":\"https:\/\/vosgesinfo.fr\/saintdieinfo\/?p=67613#article\",\"isPartOf\":{\"@id\":\"https:\/\/vosgesinfo.fr\/saintdieinfo\/?p=67613\"},\"author\":{\"name\":\"La redaction\",\"@id\":\"https:\/\/vosgesinfo.fr\/saintdieinfo\/#\/schema\/person\/27a3695b06db98895b354c0765cdfc31\"},\"headline\":\"\ud835\udc0f\ud835\udc0b\ud835\udc00\ud835\udc08\ud835\udc0d\ud835\udc05\ud835\udc00\ud835\udc08\ud835\udc0d\ud835\udc06 : \ud835\udc29\ud835\udc2b\ud835\udc28\ud835\udc23\ud835\udc1e\ud835\udc1c\ud835\udc2d\ud835\udc22\ud835\udc28\ud835\udc27 \ud835\udc1d\ud835\udc2e \ud835\udc1f\ud835\udc22\ud835\udc25\ud835\udc26 \u00ab\u00a0\ud835\udc03\ud835\udc2e \ud835\udc2d\ud835\udc1e\ud835\udc26\ud835\udc29\ud835\udc2c \ud835\udc1d\ud835\udc1e \ud835\udc25\ud835\udc1a \ud835\udc20\ud835\udc2e\ud835\udc1e\ud835\udc2b\ud835\udc2b\ud835\udc1e\u00a0\u00bb\",\"datePublished\":\"2024-08-28T09:41:12+00:00\",\"dateModified\":\"2024-08-28T09:41:12+00:00\",\"mainEntityOfPage\":{\"@id\":\"https:\/\/vosgesinfo.fr\/saintdieinfo\/?p=67613\"},\"wordCount\":183,\"commentCount\":0,\"publisher\":{\"@id\":\"https:\/\/vosgesinfo.fr\/saintdieinfo\/#organization\"},\"image\":{\"@id\":\"https:\/\/vosgesinfo.fr\/saintdieinfo\/?p=67613#primaryimage\"},\"thumbnailUrl\":\"https:\/\/vosgesinfo.fr\/app\/uploads\/sites\/4\/2024\/08\/600px.jpg\",\"articleSection\":[\"A la Une\",\"Gerardmer\"],\"inLanguage\":\"fr-FR\",\"potentialAction\":[{\"@type\":\"CommentAction\",\"name\":\"Comment\",\"target\":[\"https:\/\/vosgesinfo.fr\/saintdieinfo\/?p=67613#respond\"]}]},{\"@type\":\"WebPage\",\"@id\":\"https:\/\/vosgesinfo.fr\/saintdieinfo\/?p=67613\",\"url\":\"https:\/\/vosgesinfo.fr\/saintdieinfo\/?p=67613\",\"name\":\"\ud835\udc0f\ud835\udc0b\ud835\udc00\ud835\udc08\ud835\udc0d\ud835\udc05\ud835\udc00\ud835\udc08\ud835\udc0d\ud835\udc06 : \ud835\udc29\ud835\udc2b\ud835\udc28\ud835\udc23\ud835\udc1e\ud835\udc1c\ud835\udc2d\ud835\udc22\ud835\udc28\ud835\udc27 \ud835\udc1d\ud835\udc2e \ud835\udc1f\ud835\udc22\ud835\udc25\ud835\udc26 \\\"\ud835\udc03\ud835\udc2e \ud835\udc2d\ud835\udc1e\ud835\udc26\ud835\udc29\ud835\udc2c \ud835\udc1d\ud835\udc1e \ud835\udc25\ud835\udc1a \ud835\udc20\ud835\udc2e\ud835\udc1e\ud835\udc2b\ud835\udc2b\ud835\udc1e\\\" - Saint Die Info\",\"isPartOf\":{\"@id\":\"https:\/\/vosgesinfo.fr\/saintdieinfo\/#website\"},\"primaryImageOfPage\":{\"@id\":\"https:\/\/vosgesinfo.fr\/saintdieinfo\/?p=67613#primaryimage\"},\"image\":{\"@id\":\"https:\/\/vosgesinfo.fr\/saintdieinfo\/?p=67613#primaryimage\"},\"thumbnailUrl\":\"https:\/\/vosgesinfo.fr\/app\/uploads\/sites\/4\/2024\/08\/600px.jpg\",\"datePublished\":\"2024-08-28T09:41:12+00:00\",\"dateModified\":\"2024-08-28T09:41:12+00:00\",\"breadcrumb\":{\"@id\":\"https:\/\/vosgesinfo.fr\/saintdieinfo\/?p=67613#breadcrumb\"},\"inLanguage\":\"fr-FR\",\"potentialAction\":[{\"@type\":\"ReadAction\",\"target\":[\"https:\/\/vosgesinfo.fr\/saintdieinfo\/?p=67613\"]}]},{\"@type\":\"ImageObject\",\"inLanguage\":\"fr-FR\",\"@id\":\"https:\/\/vosgesinfo.fr\/saintdieinfo\/?p=67613#primaryimage\",\"url\":\"https:\/\/vosgesinfo.fr\/app\/uploads\/sites\/4\/2024\/08\/600px.jpg\",\"contentUrl\":\"https:\/\/vosgesinfo.fr\/app\/uploads\/sites\/4\/2024\/08\/600px.jpg\",\"width\":600,\"height\":1014},{\"@type\":\"BreadcrumbList\",\"@id\":\"https:\/\/vosgesinfo.fr\/saintdieinfo\/?p=67613#breadcrumb\",\"itemListElement\":[{\"@type\":\"ListItem\",\"position\":1,\"name\":\"Home\",\"item\":\"https:\/\/vosgesinfo.fr\/saintdieinfo\/\"},{\"@type\":\"ListItem\",\"position\":2,\"name\":\"\ud835\udc0f\ud835\udc0b\ud835\udc00\ud835\udc08\ud835\udc0d\ud835\udc05\ud835\udc00\ud835\udc08\ud835\udc0d\ud835\udc06 : \ud835\udc29\ud835\udc2b\ud835\udc28\ud835\udc23\ud835\udc1e\ud835\udc1c\ud835\udc2d\ud835\udc22\ud835\udc28\ud835\udc27 \ud835\udc1d\ud835\udc2e \ud835\udc1f\ud835\udc22\ud835\udc25\ud835\udc26 &#8220;\ud835\udc03\ud835\udc2e \ud835\udc2d\ud835\udc1e\ud835\udc26\ud835\udc29\ud835\udc2c \ud835\udc1d\ud835\udc1e \ud835\udc25\ud835\udc1a \ud835\udc20\ud835\udc2e\ud835\udc1e\ud835\udc2b\ud835\udc2b\ud835\udc1e&#8221;\"}]},{\"@type\":\"WebSite\",\"@id\":\"https:\/\/vosgesinfo.fr\/saintdieinfo\/#website\",\"url\":\"https:\/\/vosgesinfo.fr\/saintdieinfo\/\",\"name\":\"Saint Die Info\",\"description\":\"Toute l&#039;actualit\u00e9 de Saint-Di\u00e9-Des-Vosges\",\"publisher\":{\"@id\":\"https:\/\/vosgesinfo.fr\/saintdieinfo\/#organization\"},\"alternateName\":\"Toute l'actualit\u00e9 de Saint-Di\u00e9-Des-Vosges\",\"potentialAction\":[{\"@type\":\"SearchAction\",\"target\":{\"@type\":\"EntryPoint\",\"urlTemplate\":\"https:\/\/vosgesinfo.fr\/saintdieinfo\/?s={search_term_string}\"},\"query-input\":\"required name=search_term_string\"}],\"inLanguage\":\"fr-FR\"},{\"@type\":\"Organization\",\"@id\":\"https:\/\/vosgesinfo.fr\/saintdieinfo\/#organization\",\"name\":\"Saint Die Info\",\"url\":\"https:\/\/vosgesinfo.fr\/saintdieinfo\/\",\"logo\":{\"@type\":\"ImageObject\",\"inLanguage\":\"fr-FR\",\"@id\":\"https:\/\/vosgesinfo.fr\/saintdieinfo\/#\/schema\/logo\/image\/\",\"url\":\"https:\/\/vosgesinfo.fr\/app\/uploads\/sites\/4\/2024\/02\/logo-sdi.jpg\",\"contentUrl\":\"https:\/\/vosgesinfo.fr\/app\/uploads\/sites\/4\/2024\/02\/logo-sdi.jpg\",\"width\":600,\"height\":600,\"caption\":\"Saint Die Info\"},\"image\":{\"@id\":\"https:\/\/vosgesinfo.fr\/saintdieinfo\/#\/schema\/logo\/image\/\"},\"sameAs\":[\"https:\/\/www.facebook.com\/Saintdieinfofr\",\"https:\/\/x.com\/VosgesInfo88\",\"https:\/\/www.youtube.com\/@vosgesinfo\"]},{\"@type\":\"Person\",\"@id\":\"https:\/\/vosgesinfo.fr\/saintdieinfo\/#\/schema\/person\/27a3695b06db98895b354c0765cdfc31\",\"name\":\"La redaction\",\"image\":{\"@type\":\"ImageObject\",\"inLanguage\":\"fr-FR\",\"@id\":\"https:\/\/vosgesinfo.fr\/saintdieinfo\/#\/schema\/person\/image\/\",\"url\":\"https:\/\/secure.gravatar.com\/avatar\/64c76a78e501cedee55736f43f332df901e1896ae9cd8fad269ae2236dd0e8b6?s=96&d=mm&r=g\",\"contentUrl\":\"https:\/\/secure.gravatar.com\/avatar\/64c76a78e501cedee55736f43f332df901e1896ae9cd8fad269ae2236dd0e8b6?s=96&d=mm&r=g\",\"caption\":\"La redaction\"},\"url\":\"https:\/\/vosgesinfo.fr\/saintdieinfo\/author\/la-redaction\/\"}]}<\/script>\n<!-- \/ Yoast SEO plugin. -->","yoast_head_json":{"title":"\ud835\udc0f\ud835\udc0b\ud835\udc00\ud835\udc08\ud835\udc0d\ud835\udc05\ud835\udc00\ud835\udc08\ud835\udc0d\ud835\udc06 : \ud835\udc29\ud835\udc2b\ud835\udc28\ud835\udc23\ud835\udc1e\ud835\udc1c\ud835\udc2d\ud835\udc22\ud835\udc28\ud835\udc27 \ud835\udc1d\ud835\udc2e \ud835\udc1f\ud835\udc22\ud835\udc25\ud835\udc26 \"\ud835\udc03\ud835\udc2e \ud835\udc2d\ud835\udc1e\ud835\udc26\ud835\udc29\ud835\udc2c \ud835\udc1d\ud835\udc1e \ud835\udc25\ud835\udc1a \ud835\udc20\ud835\udc2e\ud835\udc1e\ud835\udc2b\ud835\udc2b\ud835\udc1e\" - Saint Die Info","robots":{"index":"index","follow":"follow","max-snippet":"max-snippet:-1","max-image-preview":"max-image-preview:large","max-video-preview":"max-video-preview:-1"},"canonical":"https:\/\/vosgesinfo.fr\/saintdieinfo\/?p=67613","twitter_card":"summary_large_image","twitter_title":"\ud835\udc0f\ud835\udc0b\ud835\udc00\ud835\udc08\ud835\udc0d\ud835\udc05\ud835\udc00\ud835\udc08\ud835\udc0d\ud835\udc06 : \ud835\udc29\ud835\udc2b\ud835\udc28\ud835\udc23\ud835\udc1e\ud835\udc1c\ud835\udc2d\ud835\udc22\ud835\udc28\ud835\udc27 \ud835\udc1d\ud835\udc2e \ud835\udc1f\ud835\udc22\ud835\udc25\ud835\udc26 \"\ud835\udc03\ud835\udc2e \ud835\udc2d\ud835\udc1e\ud835\udc26\ud835\udc29\ud835\udc2c \ud835\udc1d\ud835\udc1e \ud835\udc25\ud835\udc1a \ud835\udc20\ud835\udc2e\ud835\udc1e\ud835\udc2b\ud835\udc2b\ud835\udc1e\" - Saint Die Info","twitter_description":"Cin\u00e9-rencontre \u00c0 l\u2019invitation de la commune de Plainfaing, dans le cadre des manifestations pour le 80\u00e8me anniversaire\u00a0 des \u00e9v\u00e8nements de [&hellip;]","twitter_creator":"@VosgesInfo88","twitter_site":"@VosgesInfo88","twitter_misc":{"\u00c9crit par":"La redaction","Dur\u00e9e de lecture estim\u00e9e":"1 minute"},"schema":{"@context":"https:\/\/schema.org","@graph":[{"@type":"Article","@id":"https:\/\/vosgesinfo.fr\/saintdieinfo\/?p=67613#article","isPartOf":{"@id":"https:\/\/vosgesinfo.fr\/saintdieinfo\/?p=67613"},"author":{"name":"La redaction","@id":"https:\/\/vosgesinfo.fr\/saintdieinfo\/#\/schema\/person\/27a3695b06db98895b354c0765cdfc31"},"headline":"\ud835\udc0f\ud835\udc0b\ud835\udc00\ud835\udc08\ud835\udc0d\ud835\udc05\ud835\udc00\ud835\udc08\ud835\udc0d\ud835\udc06 : \ud835\udc29\ud835\udc2b\ud835\udc28\ud835\udc23\ud835\udc1e\ud835\udc1c\ud835\udc2d\ud835\udc22\ud835\udc28\ud835\udc27 \ud835\udc1d\ud835\udc2e \ud835\udc1f\ud835\udc22\ud835\udc25\ud835\udc26 \u00ab\u00a0\ud835\udc03\ud835\udc2e \ud835\udc2d\ud835\udc1e\ud835\udc26\ud835\udc29\ud835\udc2c \ud835\udc1d\ud835\udc1e \ud835\udc25\ud835\udc1a \ud835\udc20\ud835\udc2e\ud835\udc1e\ud835\udc2b\ud835\udc2b\ud835\udc1e\u00a0\u00bb","datePublished":"2024-08-28T09:41:12+00:00","dateModified":"2024-08-28T09:41:12+00:00","mainEntityOfPage":{"@id":"https:\/\/vosgesinfo.fr\/saintdieinfo\/?p=67613"},"wordCount":183,"commentCount":0,"publisher":{"@id":"https:\/\/vosgesinfo.fr\/saintdieinfo\/#organization"},"image":{"@id":"https:\/\/vosgesinfo.fr\/saintdieinfo\/?p=67613#primaryimage"},"thumbnailUrl":"https:\/\/vosgesinfo.fr\/app\/uploads\/sites\/4\/2024\/08\/600px.jpg","articleSection":["A la Une","Gerardmer"],"inLanguage":"fr-FR","potentialAction":[{"@type":"CommentAction","name":"Comment","target":["https:\/\/vosgesinfo.fr\/saintdieinfo\/?p=67613#respond"]}]},{"@type":"WebPage","@id":"https:\/\/vosgesinfo.fr\/saintdieinfo\/?p=67613","url":"https:\/\/vosgesinfo.fr\/saintdieinfo\/?p=67613","name":"\ud835\udc0f\ud835\udc0b\ud835\udc00\ud835\udc08\ud835\udc0d\ud835\udc05\ud835\udc00\ud835\udc08\ud835\udc0d\ud835\udc06 : \ud835\udc29\ud835\udc2b\ud835\udc28\ud835\udc23\ud835\udc1e\ud835\udc1c\ud835\udc2d\ud835\udc22\ud835\udc28\ud835\udc27 \ud835\udc1d\ud835\udc2e \ud835\udc1f\ud835\udc22\ud835\udc25\ud835\udc26 \"\ud835\udc03\ud835\udc2e \ud835\udc2d\ud835\udc1e\ud835\udc26\ud835\udc29\ud835\udc2c \ud835\udc1d\ud835\udc1e \ud835\udc25\ud835\udc1a \ud835\udc20\ud835\udc2e\ud835\udc1e\ud835\udc2b\ud835\udc2b\ud835\udc1e\" - Saint Die Info","isPartOf":{"@id":"https:\/\/vosgesinfo.fr\/saintdieinfo\/#website"},"primaryImageOfPage":{"@id":"https:\/\/vosgesinfo.fr\/saintdieinfo\/?p=67613#primaryimage"},"image":{"@id":"https:\/\/vosgesinfo.fr\/saintdieinfo\/?p=67613#primaryimage"},"thumbnailUrl":"https:\/\/vosgesinfo.fr\/app\/uploads\/sites\/4\/2024\/08\/600px.jpg","datePublished":"2024-08-28T09:41:12+00:00","dateModified":"2024-08-28T09:41:12+00:00","breadcrumb":{"@id":"https:\/\/vosgesinfo.fr\/saintdieinfo\/?p=67613#breadcrumb"},"inLanguage":"fr-FR","potentialAction":[{"@type":"ReadAction","target":["https:\/\/vosgesinfo.fr\/saintdieinfo\/?p=67613"]}]},{"@type":"ImageObject","inLanguage":"fr-FR","@id":"https:\/\/vosgesinfo.fr\/saintdieinfo\/?p=67613#primaryimage","url":"https:\/\/vosgesinfo.fr\/app\/uploads\/sites\/4\/2024\/08\/600px.jpg","contentUrl":"https:\/\/vosgesinfo.fr\/app\/uploads\/sites\/4\/2024\/08\/600px.jpg","width":600,"height":1014},{"@type":"BreadcrumbList","@id":"https:\/\/vosgesinfo.fr\/saintdieinfo\/?p=67613#breadcrumb","itemListElement":[{"@type":"ListItem","position":1,"name":"Home","item":"https:\/\/vosgesinfo.fr\/saintdieinfo\/"},{"@type":"ListItem","position":2,"name":"\ud835\udc0f\ud835\udc0b\ud835\udc00\ud835\udc08\ud835\udc0d\ud835\udc05\ud835\udc00\ud835\udc08\ud835\udc0d\ud835\udc06 : \ud835\udc29\ud835\udc2b\ud835\udc28\ud835\udc23\ud835\udc1e\ud835\udc1c\ud835\udc2d\ud835\udc22\ud835\udc28\ud835\udc27 \ud835\udc1d\ud835\udc2e \ud835\udc1f\ud835\udc22\ud835\udc25\ud835\udc26 &#8220;\ud835\udc03\ud835\udc2e \ud835\udc2d\ud835\udc1e\ud835\udc26\ud835\udc29\ud835\udc2c \ud835\udc1d\ud835\udc1e \ud835\udc25\ud835\udc1a \ud835\udc20\ud835\udc2e\ud835\udc1e\ud835\udc2b\ud835\udc2b\ud835\udc1e&#8221;"}]},{"@type":"WebSite","@id":"https:\/\/vosgesinfo.fr\/saintdieinfo\/#website","url":"https:\/\/vosgesinfo.fr\/saintdieinfo\/","name":"Saint Die Info","description":"Toute l&#039;actualit\u00e9 de Saint-Di\u00e9-Des-Vosges","publisher":{"@id":"https:\/\/vosgesinfo.fr\/saintdieinfo\/#organization"},"alternateName":"Toute l'actualit\u00e9 de Saint-Di\u00e9-Des-Vosges","potentialAction":[{"@type":"SearchAction","target":{"@type":"EntryPoint","urlTemplate":"https:\/\/vosgesinfo.fr\/saintdieinfo\/?s={search_term_string}"},"query-input":"required name=search_term_string"}],"inLanguage":"fr-FR"},{"@type":"Organization","@id":"https:\/\/vosgesinfo.fr\/saintdieinfo\/#organization","name":"Saint Die Info","url":"https:\/\/vosgesinfo.fr\/saintdieinfo\/","logo":{"@type":"ImageObject","inLanguage":"fr-FR","@id":"https:\/\/vosgesinfo.fr\/saintdieinfo\/#\/schema\/logo\/image\/","url":"https:\/\/vosgesinfo.fr\/app\/uploads\/sites\/4\/2024\/02\/logo-sdi.jpg","contentUrl":"https:\/\/vosgesinfo.fr\/app\/uploads\/sites\/4\/2024\/02\/logo-sdi.jpg","width":600,"height":600,"caption":"Saint Die Info"},"image":{"@id":"https:\/\/vosgesinfo.fr\/saintdieinfo\/#\/schema\/logo\/image\/"},"sameAs":["https:\/\/www.facebook.com\/Saintdieinfofr","https:\/\/x.com\/VosgesInfo88","https:\/\/www.youtube.com\/@vosgesinfo"]},{"@type":"Person","@id":"https:\/\/vosgesinfo.fr\/saintdieinfo\/#\/schema\/person\/27a3695b06db98895b354c0765cdfc31","name":"La redaction","image":{"@type":"ImageObject","inLanguage":"fr-FR","@id":"https:\/\/vosgesinfo.fr\/saintdieinfo\/#\/schema\/person\/image\/","url":"https:\/\/secure.gravatar.com\/avatar\/64c76a78e501cedee55736f43f332df901e1896ae9cd8fad269ae2236dd0e8b6?s=96&d=mm&r=g","contentUrl":"https:\/\/secure.gravatar.com\/avatar\/64c76a78e501cedee55736f43f332df901e1896ae9cd8fad269ae2236dd0e8b6?s=96&d=mm&r=g","caption":"La redaction"},"url":"https:\/\/vosgesinfo.fr\/saintdieinfo\/author\/la-redaction\/"}]}},"_links":{"self":[{"href":"https:\/\/vosgesinfo.fr\/saintdieinfo\/wp-json\/wp\/v2\/posts\/67613","targetHints":{"allow":["GET"]}}],"collection":[{"href":"https:\/\/vosgesinfo.fr\/saintdieinfo\/wp-json\/wp\/v2\/posts"}],"about":[{"href":"https:\/\/vosgesinfo.fr\/saintdieinfo\/wp-json\/wp\/v2\/types\/post"}],"author":[{"embeddable":true,"href":"https:\/\/vosgesinfo.fr\/saintdieinfo\/wp-json\/wp\/v2\/users\/391"}],"replies":[{"embeddable":true,"href":"https:\/\/vosgesinfo.fr\/saintdieinfo\/wp-json\/wp\/v2\/comments?post=67613"}],"version-history":[{"count":1,"href":"https:\/\/vosgesinfo.fr\/saintdieinfo\/wp-json\/wp\/v2\/posts\/67613\/revisions"}],"predecessor-version":[{"id":67615,"href":"https:\/\/vosgesinfo.fr\/saintdieinfo\/wp-json\/wp\/v2\/posts\/67613\/revisions\/67615"}],"wp:featuredmedia":[{"embeddable":true,"href":"https:\/\/vosgesinfo.fr\/saintdieinfo\/wp-json\/wp\/v2\/media\/67614"}],"wp:attachment":[{"href":"https:\/\/vosgesinfo.fr\/saintdieinfo\/wp-json\/wp\/v2\/media?parent=67613"}],"wp:term":[{"taxonomy":"category","embeddable":true,"href":"https:\/\/vosgesinfo.fr\/saintdieinfo\/wp-json\/wp\/v2\/categories?post=67613"},{"taxonomy":"post_tag","embeddable":true,"href":"https:\/\/vosgesinfo.fr\/saintdieinfo\/wp-json\/wp\/v2\/tags?post=67613"}],"curies":[{"name":"wp","href":"https:\/\/api.w.org\/{rel}","templated":true}]}}